{"id":31938,"date":"2021-11-06T18:44:54","date_gmt":"2021-11-06T18:44:54","guid":{"rendered":"http:\/\/www.lapluma.net\/?p=31938"},"modified":"2021-11-06T18:49:12","modified_gmt":"2021-11-06T18:49:12","slug":"la-interpretacion-de-los-movimientos","status":"publish","type":"post","link":"https:\/\/www.lapluma.net\/fr\/2021\/11\/06\/la-interpretacion-de-los-movimientos\/","title":{"rendered":"La interpretaci\u00f3n de los movimientos"},"content":{"rendered":"\n<p style=\"text-align: justify;\">Los y las delegadas son gente de base, campesinos y campesinas, ind\u00edgenas, pastores y pescadores artesanales, con una diversidad cultural y ling\u00fc\u00edstica enorme. Toma la palabra una campesina de India y habla en tamil, le pasa el micr\u00f3fono a un campesino polaco que habla en su idioma y se lo entrega a una apicultora chilena que sigue el debate en castellano y lo devuelve a un campesino de Mozambique que responde en portugu\u00e9s.<\/p>\n<p style=\"text-align: justify;\">Casi todos los participantes siguen escuchando en sus idiomas, parece m\u00e1gico. En esta conferencia la interpretaci\u00f3n simult\u00e1nea cubri\u00f3 entre 10 y 17 idiomas a la vez, seg\u00fan la sesi\u00f3n: castellano, euskara, franc\u00e9s, portugu\u00e9s, \u00e1rabe, ruso, coreano, chino, japon\u00e9s, bahasa Indonesia, vietnamita, turco, thai, tamil, hindi y bimbi. Tambi\u00e9n hab\u00edan previsto singal\u00e1 de Sri Lanka, pero los delegados no pudieron llegar porque no obtuvieron visa.<\/p>\n<p style=\"text-align: justify;\">No se trata solo de interpretaci\u00f3n en las sesiones plenarias: tambi\u00e9n en los grupos de trabajo por temas, en reuniones regionales y de coordinaci\u00f3n. En todas las instancias se contin\u00faa con la interpretaci\u00f3n simult\u00e1nea, abriendo compuertas de expresi\u00f3n y participaci\u00f3n inusitadas.<\/p>\n<p style=\"text-align: justify;\">Por detr\u00e1s de este malabarismo ling\u00fc\u00edstico hay m\u00e1s de 50 int\u00e9rpretes y traductores voluntarios, coordinados por el colectivo COATI : Colectivo para la Autogesti\u00f3n de las Tecnolog\u00edas de la Interpretaci\u00f3n.<\/p>\n<p style=\"text-align: justify;\">\u201cNuestro objetivo es que no seamos necesarios\u201d dicen Germ\u00e1n y Kate de Coati, ambos fundadores del colectivo, cuando consigo que se sienten un momento a tomar un caf\u00e9 y contarme su experiencia. Se refieren al rol de Coati, no a la necesidad de interpretaci\u00f3n. A la posibilidad de que los movimientos puedan autogestionar la organizaci\u00f3n de la interpretaci\u00f3n y traducci\u00f3n, sin que ellos como coordinadores tengan que estar presentes.<\/p>\n<p style=\"text-align: justify;\">La interpretaci\u00f3n es fundamental para que la participaci\u00f3n sea real y desde las bases, no intermediada por alguno de los idiomas coloniales que predominan, lo cual inhibe a las y los delegados a tomar la palabra, a\u00fan siendo l\u00edderes de sus movimientos. Por ello La V\u00eda Campesina (LVC) ha cultivado esta construcci\u00f3n desde sus inicios y muchos de los int\u00e9rpretes que estaban en la conferencia han estado presentes en otras conferencias globales y regionales. En LVC es una regla que todos los documentos a discutir o publicar por La V\u00eda Campesina deben estar en castellano, ingl\u00e9s y franc\u00e9s, as\u00ed como garantizar esta interpretaci\u00f3n en las reuniones de su coordinaci\u00f3n internacional, en las reuniones de las regiones d\u00f3nde se requiera, y en las conferencias internacionales globales, que es la instancia m\u00e1s importante de decisi\u00f3n pol\u00edtica, organizativa y estrat\u00e9gica del movimiento y ocurre cada cuatro a\u00f1os. A esos tres idiomas, siempre han agregado la interpretaci\u00f3n al idioma local de los anfitriones.<\/p>\n<p><img loading=\"lazy\" decoding=\"async\" class=\" wp-image-31940 aligncenter\" src=\"http:\/\/www.lapluma.net\/wp-content\/uploads\/2021\/11\/424-300x200.jpg\" alt=\"\" width=\"550\" height=\"366\" srcset=\"https:\/\/www.lapluma.net\/wp-content\/uploads\/2021\/11\/424-300x200.jpg 300w, https:\/\/www.lapluma.net\/wp-content\/uploads\/2021\/11\/424-1024x683.jpg 1024w, https:\/\/www.lapluma.net\/wp-content\/uploads\/2021\/11\/424-768x512.jpg 768w, https:\/\/www.lapluma.net\/wp-content\/uploads\/2021\/11\/424-1536x1024.jpg 1536w, https:\/\/www.lapluma.net\/wp-content\/uploads\/2021\/11\/424-2048x1366.jpg 2048w, https:\/\/www.lapluma.net\/wp-content\/uploads\/2021\/11\/424-435x290.jpg 435w, https:\/\/www.lapluma.net\/wp-content\/uploads\/2021\/11\/424-150x100.jpg 150w, https:\/\/www.lapluma.net\/wp-content\/uploads\/2021\/11\/424-370x247.jpg 370w\" sizes=\"auto, (max-width: 550px) 100vw, 550px\" \/><\/p>\n<p style=\"text-align: justify;\">Llegar a la situaci\u00f3n de diversidad que se logr\u00f3 en la VII conferencia ha sido un largo camino, junto a COATI y basado en la firme decisi\u00f3n pol\u00edtica de construirlo.<\/p>\n<p style=\"text-align: justify;\">Germ\u00e1n y Kate cuentan que la interpretaci\u00f3n simult\u00e1nea, que est\u00e1 disponible en Naciones Unidas (en los 6 idiomas oficiales de esas negociaciones) y en eventos privados, es una estructura comercial, cara y t\u00e9cnicamente complicada, en general prohibitiva a los movimientos, con equipos y organizaci\u00f3n muy costosa. En algunos encuentros de organizaciones internacionales, se contrata esa infraestructura comercial cuando pueden, lo cual come una parte importante de los recursos y adem\u00e1s, luego del evento, no queda nada y hay que volver a contratar la pr\u00f3xima vez. Esto no depende solamente de que sea un negocio comercial, tambi\u00e9n de que las organizaciones no le dan atenci\u00f3n suficiente, en general es apenas un escollo a superar al momento de tenerlo delante, sin pensar en el tema durante el resto del tiempo.<\/p>\n<p style=\"text-align: justify;\">Un punto de quiebre en esta din\u00e1mica fue la iniciativa de un colectivo griego, que para el Foro Social Europeo que se realiz\u00f3 en Atenas en 2006, luego de aprender de las dificultades en otros \u00e1mbitos, dedic\u00f3 un buen tiempo para dise\u00f1ar una matriz tecnol\u00f3gica que facilitara la interpretaci\u00f3n, es decir, para autogestionar la organizaci\u00f3n tecnol\u00f3gica de comunicaci\u00f3n para la interpretaci\u00f3n y pensar formas de trasmisi\u00f3n que fueran m\u00e1s accesibles y apropiables.<\/p>\n<p style=\"text-align: justify;\">A\u00fan hoy, dice Germ\u00e1n, esa es la matriz tecnol\u00f3gica en que nos basamos nosotros y otros colectivos que se est\u00e1n formando. En el Foro Social de Mumbai, otro colectivo hab\u00eda propuesto que en lugar de receptores especiales para interpretaci\u00f3n, usaran radios FM, lo cual fue la base para popularizar esa parte del equipamiento necesario: puede ser cualquier radio FM y hasta tel\u00e9fonos para recibir la se\u00f1al, con los auriculares que siempre se usan. El colectivo griego tambi\u00e9n pens\u00f3 en modelos de consolas para que se sienten los interpr\u00e9tes. COATI ha avanzado mucho en todo esto durante los a\u00f1os siguientes: han dise\u00f1ado su propia \u201c Spider\u201d, un equipo portable para reuniones m\u00e1s peque\u00f1as, y cabinas ligeras que se pueden plegar y colocar sobre una mesa, en lugar de una estructura completa, dif\u00edcil de trasladar.<\/p>\n<p style=\"text-align: justify;\">El trabajo del int\u00e9rprete es fundamental, pero igualmente esencial es pensar en la estructura tecnol\u00f3gica que hace posible la comunicaci\u00f3n entre lenguas, para que cualquiera pueda hablar en un idioma y eso se trasmita a todas las cabinas y finalmente llegue a los que est\u00e1n escuchando.<\/p>\n<p style=\"text-align: justify;\">Pensar esa estructura y c\u00f3mo coordinar a los interpr\u00e9tes lo hace COATI, mientras que los int\u00e9rpretes y traductores, que en el caso de LCV son voluntarios, llegan al momento de las conferencias. COATI necesita cobrar por su trabajo, porque la previsi\u00f3n, organizaci\u00f3n y las soluciones tecnol\u00f3gicas, son tarea de muchos meses, no s\u00f3lo en el momento del evento.<\/p>\n<p style=\"text-align: justify;\">La gran diferencia de la colaboraci\u00f3n con V\u00eda Campesina, dice Germ\u00e1n, es que LVC le da una gran importancia a que sus miembros puedan expresarse desde la diversidad y comunicarse con los dem\u00e1s, por lo que nos hemos ido desarrollando juntos. V\u00eda Campesina mantiene comunicaci\u00f3n con la redes de int\u00e9rpretes y traductores todo el a\u00f1o, asigna personas encargadas de este tema y han adquirido los equipos, que van pasando entre reuniones, o cuando se puede, se quedan en el sitio, para que est\u00e9n ya disponibles en la regi\u00f3n, como ha sucedido en \u00c1frica, Asia, Am\u00e9rica Latina, Europa, Norteam\u00e9rica.<\/p>\n<p style=\"text-align: justify;\">En otras organizaciones, a veces compran los equipos, pero al no darle seguimiento al tema, se quedan bajo una mesa juntando polvo. Por eso, cuando no hay un nivel de organizaci\u00f3n como el de LVC, COATI previ\u00f3 un lugar almacenamiento de los equipos y consolas, para poder enviarlos a los eventos que lo necesitan.<\/p>\n<p style=\"text-align: justify;\">\u201cPero lo mejor\u201d, agrega Kate, \u201cser\u00eda que cada movimiento cuide de esto, y nuestro papel podr\u00eda reducirse a la organizaci\u00f3n de la comunicaci\u00f3n en el sitio y organizar a los int\u00e9rpretes\u201d. Adem\u00e1s, COATI, que est\u00e1 basado en Barcelona y alrededores \u2013adem\u00e1s de un miembro en Praga y otro en Polonia\u2013 han ido formando a otras personas, que van formando colectivos parecidos al suyo, como BLA y otros en construcci\u00f3n en varios pa\u00edses de Europa.<\/p>\n<p style=\"text-align: justify;\">Porque la parte t\u00e9cnica es s\u00f3lo un aspecto. \u201cTrabajar con movimientos\u201d, sigue Germ\u00e1n, \u201cimplica generar respeto y confianza mutua, porque la interpretaci\u00f3n es un tema delicado, ha ocurrido que int\u00e9rpretes que llegan incorporan cosas de su propia cosecha, generando conflictos. Nosotros tenemos nuestras propias ideas y actividades y aunque somos afines a las propuesta de LVC; entendemos que nuestro rol aqu\u00ed es proveer lo que necesite La V\u00eda Campesina\u201d.<\/p>\n<p style=\"text-align: justify;\">\u201cHay una relaci\u00f3n mutua muy buena pero al mismo tiempo, est\u00e1 claro que no somos parte de la organizaci\u00f3n, ni campesinos. A veces gente que colabora solidariamente cree que por ello es parte de LVC, lo cual tambi\u00e9n genera conflictos, pero es claro que ese no es nuestro rol. Somos una especie de aliados de LVC y eso genera mucha satisfacci\u00f3n, tanto por el trabajo, pero porque vemos que con esa disposici\u00f3n se pueden crear muchas posibilidades, aqu\u00ed y para otros movimientos\u201d, explica Kate.<\/p>\n<p style=\"text-align: justify;\">LVC tiene un enorme poder de convocatoria, por eso tambi\u00e9n llegan muchos int\u00e9rpretes voluntarios. Pero se trata de trabajo duro, de muchos a\u00f1os de construcci\u00f3n.<\/p>\n<p style=\"text-align: justify;\">\u201cLa V\u00eda Campesina lo ha hecho, porque realmente valoran la participaci\u00f3n democr\u00e1tica y de base, porque sin esto no pueden cumplir con los objetivos pol\u00edticos de la organizaci\u00f3n, saben que sin la base, lo dem\u00e1s no tendr\u00e1 fuerza\u201d, dice Kate.<\/p>\n<p style=\"text-align: justify;\">\u201cLa V\u00eda Campesina va por delante de todos en muchos temas, y en este tambi\u00e9n\u201d, agrega Germ\u00e1n.<\/p>\n<p style=\"text-align: justify;\">Los integrantes de COATI vienen de movimientos ligados a la alimentaci\u00f3n y soberan\u00eda alimentaria, entre otros \u201cReclaim the fields\u201d, una organizaci\u00f3n de j\u00f3venes a nivel europeo que reclaman tierras para poder ser campesinos. Tambi\u00e9n recogen su experiencia e identidad de los movimientos por la autogesti\u00f3n y por software libre.<\/p>\n<p style=\"text-align: justify;\">Ahora est\u00e1n trabajando sobre el concepto de \u201csoberan\u00eda tecnol\u00f3gica\u201d, basado en las mismas ideas base que el de soberan\u00eda alimentaria. \u201cEstamos rodeados de tecnolog\u00edas, las usamos permanentemente y est\u00e1n tan o incluso m\u00e1s monopolizadas por transnacionales, como la comida. Por eso todo lo que hacemos, desde los equipos a las formas de organizaci\u00f3n, son de c\u00f3digo abierto, as\u00ed otros pueden tomar esas ideas y adaptarlas a sus entornos y necesidades\u201d explican.<\/p>\n<p style=\"text-align: justify;\">\u201cPor ello decimos que nuestro objetivo es ser prescindibles, difundir esas capacidades para que los movimientos se puedan organizar y potenciar la participaci\u00f3n desde las realidades diversas y la comunicaci\u00f3n desde abajo\u201d.<\/p>\n<p style=\"text-align: justify;\">Visto desde la s\u00e9ptima conferencia de LVC, la construcci\u00f3n es extraordinaria y emocionante y aunque en muchas oportunidades todos los asistentes aplauden a los int\u00e9rpretes expresando un agradecimiento muy sentido por su trabajo, es en realidad un hilo invisible que nos une a todas y todos.<\/p>\n<h4>Silvia Ribeiro<\/h4>\n<h4>Editado por <a href=\"http:\/\/www.lapluma.net\/nosotros\/editora\/\">Mar\u00eda Piedad Ossaba<\/a><\/h4>\n<h4>Publicado en <a href=\"https:\/\/territoriodeideas.com\/2021\/11\/03\/la-interpretacion-de-los-movimientos\/\">BiodiversidadLA<\/a>, fotograf\u00edas BiodiversidadLA<\/h4>\n<p>Fuente: <span class=\"byline\"><span class=\"author vcard\"><a class=\"url fn n\" href=\"https:\/\/territoriodeideas.com\/author\/nptrad\/\">Territoriodeideas<\/a><\/span><\/span><\/p>\n<p><strong>Art\u00edculos relacionados:<\/strong><\/p>\n<div class=\"jp-relatedposts-items jp-relatedposts-items-minimal jp-relatedposts-grid \">\n<p class=\"jp-relatedposts-post jp-relatedposts-post0\" data-post-id=\"1104\" data-post-format=\"false\"><span class=\"jp-relatedposts-post-title\"><a class=\"jp-relatedposts-post-a\" title=\"Traducci\u00f3n e interpretaci\u00f3n en la Convenci\u00f3n Constitucional de\u00a0Chile\" href=\"https:\/\/territoriodeideas.com\/2021\/07\/12\/traduccion-e-interpretacion-en-la-convencion-constitucional-de-chile\/?relatedposts_hit=1&amp;relatedposts_origin=1271&amp;relatedposts_position=0\" data-origin=\"1271\" data-position=\"0\">Traducci\u00f3n e interpretaci\u00f3n en la Convenci\u00f3n Constitucional de\u00a0Chile<\/a><\/span><time class=\"jp-relatedposts-post-date\" datetime=\"12 julio, 2021\">, 12 de julio, 2021.<\/time><\/p>\n<p data-post-id=\"1104\" data-post-format=\"false\"><span class=\"jp-relatedposts-post-title\"><a class=\"jp-relatedposts-post-a\" title=\"Ventana a la traducci\u00f3n: un acto mucho m\u00e1s\u00a0grande\" href=\"https:\/\/territoriodeideas.com\/2021\/08\/12\/ventana-a-la-traduccion-un-acto-mucho-mas-grande\/?relatedposts_hit=1&amp;relatedposts_origin=1271&amp;relatedposts_position=2&amp;relatedposts_hit=1&amp;relatedposts_origin=1271&amp;relatedposts_position=2\" data-origin=\"1271\" data-position=\"2\">Ventana a la traducci\u00f3n: un acto mucho m\u00e1s\u00a0grande<\/a><\/span><time class=\"jp-relatedposts-post-date\" datetime=\"12 agosto, 2021\">, 12 de agosto, 2021.<\/time><\/p>\n<p data-post-id=\"1104\" data-post-format=\"false\"><span class=\"jp-relatedposts-post-title\"><a class=\"jp-relatedposts-post-a\" title=\"Algunos apuntes acerca de Roki\u00f1. Provisiones para el viaje, de Liliana Ancalao\u00a0Meli\" href=\"https:\/\/territoriodeideas.com\/2021\/09\/16\/algunos-apuntes-acerca-de-rokin-provisiones-para-el-viaje-de-liliana-ancalao-meli\/?relatedposts_hit=1&amp;relatedposts_origin=1271&amp;relatedposts_position=1&amp;relatedposts_hit=1&amp;relatedposts_origin=1271&amp;relatedposts_position=1\" data-origin=\"1271\" data-position=\"1\">Algunos apuntes acerca de Roki\u00f1. Provisiones para el viaje, de Liliana Ancalao\u00a0Meli<\/a><\/span><time class=\"jp-relatedposts-post-date\" datetime=\"16 septiembre, 2021\">, 16 de septiembre, 2021<\/time><\/p>\n<\/div>\n","protected":false},"excerpt":{"rendered":"<p>Silvia Ribeiro recoge la experiencia de traducci\u00f3n pol\u00edtica que hizo posible uno de los grandes encuentros internacionales de La V\u00eda Campesina.<\/p>\n","protected":false},"author":570,"featured_media":31939,"comment_status":"open","ping_status":"open","sticky":false,"template":"","format":"standard","meta":{"_uf_show_specific_survey":0,"_uf_disable_surveys":false,"footnotes":""},"categories":[9],"tags":[15844,15847,15849,15850,15845,15852,15851,15846,15848,346,10845],"coauthors":[8152],"class_list":["post-31938","post","type-post","status-publish","format-standard","has-post-thumbnail","hentry","category-economia-de-la-naturaleza","tag-campesinos-indigenas-pastores-y-pescadores-artesanales","tag-colectivo-coati","tag-desicion-poltica-organizativa-y-estrategica","tag-desicion-politica-organizativa-y-estrategica-del-movimiento","tag-diversidad-cultural-y-linguistica","tag-encuentro-internacional","tag-interpretacion-de-los-movimientos","tag-interpretacion-simultanea","tag-la-via-campesina-lvc","tag-movimientos-sociales","tag-silvia-ribeiro"],"translation":{"provider":"WPGlobus","version":"2.12.2","language":"fr","enabled_languages":["es","fr"],"languages":{"es":{"title":true,"content":true,"excerpt":true},"fr":{"title":false,"content":false,"excerpt":false}}},"_links":{"self":[{"href":"https:\/\/www.lapluma.net\/fr\/wp-json\/wp\/v2\/posts\/31938","targetHints":{"allow":["GET"]}}],"collection":[{"href":"https:\/\/www.lapluma.net\/fr\/wp-json\/wp\/v2\/posts"}],"about":[{"href":"https:\/\/www.lapluma.net\/fr\/wp-json\/wp\/v2\/types\/post"}],"author":[{"embeddable":true,"href":"https:\/\/www.lapluma.net\/fr\/wp-json\/wp\/v2\/users\/570"}],"replies":[{"embeddable":true,"href":"https:\/\/www.lapluma.net\/fr\/wp-json\/wp\/v2\/comments?post=31938"}],"version-history":[{"count":2,"href":"https:\/\/www.lapluma.net\/fr\/wp-json\/wp\/v2\/posts\/31938\/revisions"}],"predecessor-version":[{"id":31943,"href":"https:\/\/www.lapluma.net\/fr\/wp-json\/wp\/v2\/posts\/31938\/revisions\/31943"}],"wp:featuredmedia":[{"embeddable":true,"href":"https:\/\/www.lapluma.net\/fr\/wp-json\/wp\/v2\/media\/31939"}],"wp:attachment":[{"href":"https:\/\/www.lapluma.net\/fr\/wp-json\/wp\/v2\/media?parent=31938"}],"wp:term":[{"taxonomy":"category","embeddable":true,"href":"https:\/\/www.lapluma.net\/fr\/wp-json\/wp\/v2\/categories?post=31938"},{"taxonomy":"post_tag","embeddable":true,"href":"https:\/\/www.lapluma.net\/fr\/wp-json\/wp\/v2\/tags?post=31938"},{"taxonomy":"author","embeddable":true,"href":"https:\/\/www.lapluma.net\/fr\/wp-json\/wp\/v2\/coauthors?post=31938"}],"curies":[{"name":"wp","href":"https:\/\/api.w.org\/{rel}","templated":true}]}}