{"id":31914,"date":"2021-11-05T14:55:56","date_gmt":"2021-11-05T14:55:56","guid":{"rendered":"http:\/\/www.lapluma.net\/?p=31914"},"modified":"2021-11-05T19:02:52","modified_gmt":"2021-11-05T19:02:52","slug":"una-mirada-somera-al-mexico-de-la-cuarta-transformacion","status":"publish","type":"post","link":"https:\/\/www.lapluma.net\/fr\/2021\/11\/05\/una-mirada-somera-al-mexico-de-la-cuarta-transformacion\/","title":{"rendered":"Una mirada somera al M\u00e9xico de la Cuarta Transformaci\u00f3n"},"content":{"rendered":"\n<p style=\"text-align: justify;\">La segunda escala de mi reciente viaje internacional fue M\u00e9xico. All\u00e1 llegu\u00e9 como investigador del Instituto Samuel Robinson para el Pensamiento Original invitado a participar en el Seminario Internacional \u201cLos partidos y una nueva sociedad\u201d organizado por el Partido del Trabajo en su vigesimoquinta edici\u00f3n. En este evento present\u00e9 la ponencia \u201cEl conflicto estrat\u00e9gico global del siglo XXI y sus efectos en Am\u00e9rica Latina y el Caribe\u201d.<\/p>\n<h6 style=\"text-align: center;\"><img loading=\"lazy\" decoding=\"async\" class=\" wp-image-31917 aligncenter\" src=\"http:\/\/www.lapluma.net\/wp-content\/uploads\/2021\/11\/plll11.jpg_1718483347-300x169.jpg\" alt=\"\" width=\"430\" height=\"242\" srcset=\"https:\/\/www.lapluma.net\/wp-content\/uploads\/2021\/11\/plll11.jpg_1718483347-300x169.jpg 300w, https:\/\/www.lapluma.net\/wp-content\/uploads\/2021\/11\/plll11.jpg_1718483347.jpg 600w\" sizes=\"auto, (max-width: 430px) 100vw, 430px\" \/>La apuesta por la unidad de la izquierda latinoamericana y caribe\u00f1a fue el llamado fundamental en la inauguraci\u00f3n del evento. | Foto: Prensa Latina<\/h6>\n<p style=\"text-align: justify;\">Esta reuni\u00f3n congrega una gran cantidad de partidos democr\u00e1ticos, progresistas y de izquierda (130 en esta ocasi\u00f3n) de casi toda Am\u00e9rica Latina y otras regiones del planeta a fin de intercambiar experiencias para el combate al imperialismo, el colonialismo y el neoliberalismo y coordinar esfuerzos en la lucha por la construcci\u00f3n de una nueva sociedad.<\/p>\n<p><blockquote class=\"twitter-tweet\" data-width=\"550\" data-dnt=\"true\"><p lang=\"es\" dir=\"ltr\">Agradecemos la presencia y participaci\u00f3n de nuestro colega Evo Morales Ayma como ponente en nuestro <a href=\"https:\/\/twitter.com\/hashtag\/SeminarioPT?src=hash&amp;ref_src=twsrc%5Etfw\">#SeminarioPT<\/a> &#39;&#39;Los Partidos y una Nueva Sociedad&#39;&#39;.<a href=\"https:\/\/twitter.com\/evoespueblo?ref_src=twsrc%5Etfw\">@evoespueblo<\/a> <a href=\"https:\/\/twitter.com\/hashtag\/SeminarioPT?src=hash&amp;ref_src=twsrc%5Etfw\">#SeminarioPT<\/a> <a href=\"https:\/\/twitter.com\/hashtag\/ElPTEst%C3%A1DeTuLado?src=hash&amp;ref_src=twsrc%5Etfw\">#ElPTEst\u00e1DeTuLado<\/a> <a href=\"https:\/\/t.co\/Zl9a0RZHpv\">pic.twitter.com\/Zl9a0RZHpv<\/a><\/p>&mdash; Partido del Trabajo M\u00e9xico (@PTnacionalMX) <a href=\"https:\/\/twitter.com\/PTnacionalMX\/status\/1451270892370243586?ref_src=twsrc%5Etfw\">October 21, 2021<\/a><\/blockquote><script async src=\"https:\/\/platform.twitter.com\/widgets.js\" charset=\"utf-8\"><\/script><\/p>\n<p style=\"text-align: justify;\">A diferencia de las primeras ediciones efectuadas durante los \u00faltimos a\u00f1os del siglo pasado cuando la mayor\u00eda de los participantes eran organizaciones de oposici\u00f3n, muchas de las cuales ven\u00edan saliendo de duros a\u00f1os de clandestinidad signados por la represi\u00f3n, la tortura y la muerte, hoy, se imbrican las pr\u00e1cticas de partidos en el poder con aquellos que libran grandes batallas en toda la geograf\u00eda continental a fin de impedir que las oligarqu\u00edas sigan haciendo uso de los gobiernos para expoliar los recursos naturales y humanos as\u00ed como reprimir a los trabajadores y a los pueblos en pro de seguir obteniendo beneficios para mezquinos intereses privados.<\/p>\n<p style=\"text-align: justify;\">La estad\u00eda en M\u00e9xico y la posibilidad de medir la temperatura pol\u00edtica <em>in situ<\/em> permite dirimir con mayor precisi\u00f3n, situaciones y tendencias que de otra manera solo pueden ser percibidas a trav\u00e9s de terceros o por intermediaci\u00f3n de empresas de comunicaci\u00f3n y redes sociales, que, est\u00e1 visto, en muchos casos construyen mentiras y falacias con total impudicia. En tiempos de <em>fake news<\/em> y de fantas\u00edas construidas y cre\u00eddas por intereses particulares de poderosos y opresores, nada mejor que palpar la realidad a partir del discernimiento y el contacto directo sin medianeros que confeccionan y modelan la informaci\u00f3n a partir de objetivos e ideas pre concebidas.<\/p>\n<p style=\"text-align: justify;\">Ya me hab\u00eda pasado en Per\u00fa y ahora se repet\u00eda en M\u00e9xico. Ante mis ojos se mostraba una creciente polarizaci\u00f3n de la sociedad, emanada del desarrollo de sendos proyectos progresistas y democr\u00e1ticos que buscan una mayor participaci\u00f3n social y una distribuci\u00f3n m\u00e1s equitativa de los recursos del Estado. En este contexto, hablar de proyecto comunista en Per\u00fa y de trasnochadas intenciones populistas y supuestos designios de perpetuaci\u00f3n en el poder por parte de Andr\u00e9s Manuel L\u00f3pez Obrador en M\u00e9xico no tiene cabida ni est\u00e1 en el \u00e1nimo ni en el esp\u00edritu de ninguno de los dos gobernantes.<\/p>\n<p><a href=\"http:\/\/www.lapluma.net\/wp-content\/uploads\/2021\/11\/cuarta-transformacion.webp\"><img loading=\"lazy\" decoding=\"async\" class=\" wp-image-31918 aligncenter\" src=\"http:\/\/www.lapluma.net\/wp-content\/uploads\/2021\/11\/cuarta-transformacion-300x180.webp\" alt=\"\" width=\"438\" height=\"263\" srcset=\"https:\/\/www.lapluma.net\/wp-content\/uploads\/2021\/11\/cuarta-transformacion-300x180.webp 300w, https:\/\/www.lapluma.net\/wp-content\/uploads\/2021\/11\/cuarta-transformacion.webp 640w\" sizes=\"auto, (max-width: 438px) 100vw, 438px\" \/><\/a>Eso si, hay diferencias ostensibles entre un proceso y otro, la principal de ellas es que en Per\u00fa es patente la fragilidad del gobierno de Pedro Castillo dada la composici\u00f3n de las fuerzas que lo apoyan y el acoso brutal al que est\u00e1 sometido el presidente por la derecha virreinal desplazada del poder. Mientras que en M\u00e9xico es manifiesto el liderazgo del presidente como eje de un proceso que, pase lo que pase, superara el tiempo de su gesti\u00f3n como presidente de la rep\u00fablica.<\/p>\n<p><img loading=\"lazy\" decoding=\"async\" class=\" wp-image-31690 aligncenter\" src=\"http:\/\/www.lapluma.net\/wp-content\/uploads\/2021\/10\/Pedro-Castillo2-300x177.jpg\" alt=\"\" width=\"415\" height=\"245\" srcset=\"https:\/\/www.lapluma.net\/wp-content\/uploads\/2021\/10\/Pedro-Castillo2-300x177.jpg 300w, https:\/\/www.lapluma.net\/wp-content\/uploads\/2021\/10\/Pedro-Castillo2.jpg 600w\" sizes=\"auto, (max-width: 415px) 100vw, 415px\" \/><\/p>\n<p style=\"text-align: justify;\">En este sentido, las cosas no parecen f\u00e1ciles habida cuenta las diferentes facciones que al interior del partido Morena se disputan la continuidad tras el sexenio que finaliza en 2024. Con esto quiero decir que el liderazgo de L\u00f3pez Obrador no es hereditario y Morena no parece gozar de la misma popularidad de su jefe. No obstante a eso, en mis particulares y poco cient\u00edficas encuestas de calle, los taxistas, vendedores de tacos y de peri\u00f3dicos en los kioscos esquineros, mesoneros de restaurantes populares y porteros en el hotel, al ser consultados, un\u00e1nimemente (ojo que no estoy siendo grandilocuente ni exagerado) me manifestaron apoyo y reconocimiento al presidente, al mismo tiempo que preocupaci\u00f3n de lo que pudiera ocurrir en el futuro.<\/p>\n<p style=\"text-align: justify;\">Por el contrario, algunos acad\u00e9micos, pol\u00edticos de la izquierda tradicional y profesionales tambi\u00e9n aquilatados, manifestaron rechazo o cuando menos dudas respecto a que en M\u00e9xico, L\u00f3pez Obrador est\u00e9 produciendo una verdadera transformaci\u00f3n. Aunque vale decir que, en muchos casos no tienen tal percepci\u00f3n porque duden del presidente y su proyecto, s\u00ed de su entorno y las verdaderas intenciones que pudiera tener.<\/p>\n<p style=\"text-align: justify;\">No obstante, en este punto me resulta imprescindible citar a un amigo, veterano y experimentado pol\u00edtico a quien suelo siempre escuchar por lo acertado de sus an\u00e1lisis y que hoy adversa al presidente quien me confes\u00f3 que le resultaba \u201cimposible descifrar a L\u00f3pez Obrador\u201d haciendo patente (por lo menos para m\u00ed) la incapacidad de una clase pol\u00edtica arraigada en el pasado que utiliza instrumentos anacr\u00f3nicos que no le permiten llegar a conclusiones acertadas respecto de lo que en Am\u00e9rica Latina y el Caribe ( en M\u00e9xico en este caso) est\u00e1 ocurriendo, con la particularidad de que cada pa\u00eds tiene caracter\u00edsticas propias que no permite generalizaciones.<\/p>\n<p style=\"text-align: justify;\">Desde mi perspectiva, uno de los aportes m\u00e1s extraordinarios que est\u00e1 haciendo L\u00f3pez Obrador es la realizaci\u00f3n de su rueda de prensa diaria casi en la madrugada cuando a veces ni siquiera las sombras de la nocturnidad han desaparecido por completo para dar paso a la aurora.<\/p>\n<p style=\"text-align: justify;\">Con ello, la eficiencia de los medios de comunicaci\u00f3n escritos de la derecha y los noticieros de radio y televisi\u00f3n de la ma\u00f1ana, elaborados durante la noche con informaci\u00f3n de la jornada anterior, quedan totalmente obsoletos. En M\u00e9xico pareciera que aquella canci\u00f3n que en una de sus partes se pregunta \u201c\u00bfY para qu\u00e9 leer, el peri\u00f3dico de ayer?\u201d se puso en vigencia, toda vez que todos los d\u00edas, muy temprano, el presidente pone sobre el tapete una nueva agenda informativa, \u201crob\u00e1ndosela\u201d a los medios del sistema frente a lo cual, a estos no le queda m\u00e1s que reaccionar y tratar de responderle, en la mayor\u00eda de los casos con balbuceos y lamentos que expresan su incapacidad de seguir imponiendo el rumbo de la pol\u00edtica al que est\u00e1n acostumbrados, utilizando para ello el poder que ostentan como instrumento de fuerza, chantaje y presi\u00f3n.<\/p>\n<p><img loading=\"lazy\" decoding=\"async\" class=\" wp-image-31919 aligncenter\" src=\"http:\/\/www.lapluma.net\/wp-content\/uploads\/2021\/11\/Periodico-de-ayer.jpg\" alt=\"\" width=\"333\" height=\"333\" srcset=\"https:\/\/www.lapluma.net\/wp-content\/uploads\/2021\/11\/Periodico-de-ayer.jpg 225w, https:\/\/www.lapluma.net\/wp-content\/uploads\/2021\/11\/Periodico-de-ayer-150x150.jpg 150w\" sizes=\"auto, (max-width: 333px) 100vw, 333px\" \/><\/p>\n<p style=\"text-align: justify;\">As\u00ed, una sociedad cada vez m\u00e1s polarizada y una informaci\u00f3n p\u00fablica un poco m\u00e1s equilibrada a partir de la acci\u00f3n cotidiana personal del presidente, signan la realidad del pa\u00eds para el visitante extranjero. Queda por ver c\u00f3mo se expresa esta situaci\u00f3n en t\u00e9rminos electorales en los pr\u00f3ximos comicios que se realizar\u00e1n en seis estados el pr\u00f3ximo a\u00f1o y en donde la oposici\u00f3n (PRI, PAN y PRD) buscan una variopinta alianza que es expresi\u00f3n de su propia descomposici\u00f3n como partidos pol\u00edticos.<\/p>\n<p style=\"text-align: justify;\">Esto es m\u00e1s pat\u00e9tico, si se considera que se produce con fundamento en la asunci\u00f3n cada vez m\u00e1s evidente de posiciones pol\u00edticas, valores y comportamientos de la derecha m\u00e1s desacreditada y fundamentalista que hoy lidera tal coalici\u00f3n llev\u00e1ndose por delante la tradici\u00f3n nacionalista proveniente de la revoluci\u00f3n mexicana que alguna vez sustent\u00f3 el PRI, as\u00ed como principios de izquierda que el PRD ostent\u00f3 como alternativa al sistema bipartidista en tiempos del liderazgo de Cuauht\u00e9moc C\u00e1rdenas.<\/p>\n<p style=\"text-align: justify;\">La polarizaci\u00f3n como medio de hacer pol\u00edtica contribuye a la construcci\u00f3n de un n\u00facleo duro que sirve de base para hacer transformaciones revolucionarias, pero en sistemas de democracia representativa en que las fuerzas no se miden en t\u00e9rminos de correlaci\u00f3n sino solamente a partir de la cantidad que emite su opini\u00f3n en elecciones, resultan insuficientes.<\/p>\n<p><img loading=\"lazy\" decoding=\"async\" class=\" wp-image-31915 aligncenter\" src=\"http:\/\/www.lapluma.net\/wp-content\/uploads\/2021\/11\/Mexico-Cuarta-Transformacion-300x225.jpg\" alt=\"\" width=\"459\" height=\"344\" srcset=\"https:\/\/www.lapluma.net\/wp-content\/uploads\/2021\/11\/Mexico-Cuarta-Transformacion-300x225.jpg 300w, https:\/\/www.lapluma.net\/wp-content\/uploads\/2021\/11\/Mexico-Cuarta-Transformacion-768x576.jpg 768w, https:\/\/www.lapluma.net\/wp-content\/uploads\/2021\/11\/Mexico-Cuarta-Transformacion.jpg 800w\" sizes=\"auto, (max-width: 459px) 100vw, 459px\" \/><\/p>\n<p style=\"text-align: justify;\">La ampliaci\u00f3n de la base social de apoyo de la Cuarta Transformaci\u00f3n que lidera el presidente L\u00f3pez Obrador ser\u00e1 clave para darle continuidad y solidez al proceso. Para ello, es b\u00e1sico construir espacios pol\u00edticos y sociales unitarios que incrementen la firmeza cualitativa y mejoren la dimensi\u00f3n cuantitativa que a todas luces ha llenado grandes expectativas para un importante sector de la poblaci\u00f3n, sobre todo de ese M\u00e9xico profundo y excluido que al igual que en el Per\u00fa, nadie le consulta su parecer ni le da posibilidades de transformarse en sujeto de las decisiones m\u00e1s trascendentes para el presente y el futuro del pa\u00eds.\u00a0 \u00a0\u00a0<\/p>\n<h4 style=\"text-align: justify;\">Sergio Rodr\u00edguez Gelfenstein para La Pluma, 4 de noviembre de 2021<\/h4>\n<h4><strong>Editado por <a href=\"http:\/\/www.lapluma.net\/nosotros\/\">Mar\u00eda Piedad Ossaba<\/a><\/strong><\/h4>\n<h4><strong>Lea tambi\u00e9n:<\/strong><\/h4>\n<h4><a href=\"https:\/\/www.proceso.com.mx\/reportajes\/2020\/1\/4\/el-cni-esboza-su-estrategia-contra-el-tren-maya-236626.html\"><strong>El CNI esboza su estrategia contra el Tren Maya\u00a0<\/strong> <\/a><\/h4>\n","protected":false},"excerpt":{"rendered":"<p>El presidente Andr\u00e9s Manuel L\u00f3pez Obrador recupera la tradici\u00f3n soberanista abandonada por las administraciones neoliberales.<\/p>\n","protected":false},"author":9,"featured_media":31916,"comment_status":"open","ping_status":"open","sticky":false,"template":"","format":"standard","meta":{"_uf_show_specific_survey":0,"_uf_disable_surveys":false,"footnotes":""},"categories":[5],"tags":[3427,2810,15817,7565,15823,15820,15398,15822,15821,15818,39],"coauthors":[266],"class_list":["post-31914","post","type-post","status-publish","format-standard","has-post-thumbnail","hentry","category-editoriales-y-opiniones","tag-america-latina-y-el-caribe","tag-fake-news","tag-mexico-america-latina_abya-yala","tag-mexico-gobierno-de-la-cuarta-transformacion","tag-partido-del-trabajo","tag-partidos-movimientos","tag-politica-abya-yala","tag-pri-pan-y-prd","tag-seminario-internacional-los-partidos-y-una-nueva-sociedad","tag-seminario-los-partidos-y-la-nueva-sociedad-partidos-movimientos-evo-morales","tag-sergio-rodriguez-gelfenstein"],"translation":{"provider":"WPGlobus","version":"2.12.2","language":"fr","enabled_languages":["es","fr"],"languages":{"es":{"title":true,"content":true,"excerpt":true},"fr":{"title":false,"content":false,"excerpt":false}}},"_links":{"self":[{"href":"https:\/\/www.lapluma.net\/fr\/wp-json\/wp\/v2\/posts\/31914","targetHints":{"allow":["GET"]}}],"collection":[{"href":"https:\/\/www.lapluma.net\/fr\/wp-json\/wp\/v2\/posts"}],"about":[{"href":"https:\/\/www.lapluma.net\/fr\/wp-json\/wp\/v2\/types\/post"}],"author":[{"embeddable":true,"href":"https:\/\/www.lapluma.net\/fr\/wp-json\/wp\/v2\/users\/9"}],"replies":[{"embeddable":true,"href":"https:\/\/www.lapluma.net\/fr\/wp-json\/wp\/v2\/comments?post=31914"}],"version-history":[{"count":4,"href":"https:\/\/www.lapluma.net\/fr\/wp-json\/wp\/v2\/posts\/31914\/revisions"}],"predecessor-version":[{"id":31926,"href":"https:\/\/www.lapluma.net\/fr\/wp-json\/wp\/v2\/posts\/31914\/revisions\/31926"}],"wp:featuredmedia":[{"embeddable":true,"href":"https:\/\/www.lapluma.net\/fr\/wp-json\/wp\/v2\/media\/31916"}],"wp:attachment":[{"href":"https:\/\/www.lapluma.net\/fr\/wp-json\/wp\/v2\/media?parent=31914"}],"wp:term":[{"taxonomy":"category","embeddable":true,"href":"https:\/\/www.lapluma.net\/fr\/wp-json\/wp\/v2\/categories?post=31914"},{"taxonomy":"post_tag","embeddable":true,"href":"https:\/\/www.lapluma.net\/fr\/wp-json\/wp\/v2\/tags?post=31914"},{"taxonomy":"author","embeddable":true,"href":"https:\/\/www.lapluma.net\/fr\/wp-json\/wp\/v2\/coauthors?post=31914"}],"curies":[{"name":"wp","href":"https:\/\/api.w.org\/{rel}","templated":true}]}}