{"id":318,"date":"2018-09-05T19:54:28","date_gmt":"2018-09-05T19:54:28","guid":{"rendered":"http:\/\/www.lapluma.net\/?p=318"},"modified":"2018-09-07T02:36:30","modified_gmt":"2018-09-07T02:36:30","slug":"la-huella-invisible-de-la-restauracion-conservadora","status":"publish","type":"post","link":"https:\/\/www.lapluma.net\/fr\/2018\/09\/05\/la-huella-invisible-de-la-restauracion-conservadora\/","title":{"rendered":"La huella invisible de la restauraci\u00f3n conservadora"},"content":{"rendered":"<div class=\"article-content\">\n<p style=\"text-align: justify;\"><img loading=\"lazy\" decoding=\"async\" class=\"alignleft\" src=\"http:\/\/www.es.lapluma.net\/images\/stories\/celap\/Alfredo%20Serrano%20MancillaBis.jpg\" alt=\"Alfredo Serrano MancillaBis\" width=\"86\" height=\"60\" \/><span style=\"font-size: 12pt;\">Dos presidentes no electos: Temer en Brasil y Vizcarra en Per\u00fa. Una vicepresidenta no electa en Ecuador. Persecuci\u00f3n pol\u00edtica-judicial contra dos ex presidentes, Rafael Correa y Cristina Fern\u00e1ndez de Kirchner, en Ecuador y Argentina. Lula metido en la c\u00e1rcel injustamente para evitar que sea el pr\u00f3ximo presidente de Brasil. Intento de atentado contra Maduro en Venezuela para matarlo en pleno acto p\u00fablico. Planean abiertamente terminar con UNASUR. Las giras de los altos funcionarios de Estados Unidos cada vez son m\u00e1s bienvenidas por algunos gobernantes latinoamericanos.<\/span><\/p>\n<p><img loading=\"lazy\" decoding=\"async\" class=\"aligncenter\" src=\"http:\/\/www.es.lapluma.net\/images\/stories\/celap\/Amrique-Latine-invisible.jpg\" alt=\"Amrique-Latine-invisible\" width=\"575\" height=\"288\" \/><\/p>\n<p style=\"text-align: justify;\"><span style=\"font-size: 12pt;\">Estos son algunos de los acontecimientos pol\u00edticos m\u00e1s emblem\u00e1ticos que caracterizan la nueva fase de la ofensiva conservadora en la regi\u00f3n que viene produci\u00e9ndose en estos \u00faltimos a\u00f1os. Aunque estos hechos no son del todo novedosos, lo verdaderamente distintivo es la intensidad de la arremetida. Desde que la correlaci\u00f3n de fuerzas pol\u00edticas en la regi\u00f3n es cada vez menos favorable al campo conservador, se fueron aplicando m\u00e9todos no democr\u00e1ticos para ganar el terreno que se iba perdiendo por la v\u00eda electoral. Nadie olvida en Paraguay y Honduras la destituci\u00f3n golpista a presidentes electos, al igual que ocurriera con Dilma en Brasil. O el intento de acabar con la revoluci\u00f3n venezolana por cielo, mar y tierra. O el golpe contra Correa para sacarlo del poder. O la desestabilizaci\u00f3n permanente contra Evo Morales y la Asamblea Constituyente en Bolivia.<\/span><\/p>\n<p style=\"text-align: justify;\"><span style=\"font-size: 12pt;\">Todos estos hechos ponen de manifiesto que desde el inicio se actu\u00f3 as\u00ed en aras de interrumpir un ciclo progresista que ven\u00eda ampli\u00e1ndose. Pero ahora, aprovechando el propio desgaste de los gobiernos que llevan muchos a\u00f1os en la gesti\u00f3n, m\u00e1s una restricci\u00f3n econ\u00f3mica externa que aprieta hasta la asfixia, la restauraci\u00f3n conservadora ha decidido pisar el acelerador llev\u00e1ndose por encima a qui\u00e9n sea y c\u00f3mo sea. Se dieron cuenta que el poder comunicacional y el econ\u00f3mico, por muy potentes que fuesen, eran insuficientes para la tarea destituyente y, entonces, tuvieron que retomar en algunos casos el poder militar, as\u00ed como el poder judicial, en los casos que pudieron hacerlo.<\/span><\/p>\n<p style=\"text-align: justify;\"><span style=\"font-size: 12pt;\">De esta forma, adem\u00e1s del objetivo en s\u00ed (alterar el orden democr\u00e1tico en lo coyuntural para lograr capacidad de mando), procuran normalizar aquello que no es normal, a partir de una estrategia de insistencia y repetici\u00f3n, orquestada desde casi todos los poderes f\u00e1cticos, incluido eso que llaman \u201ccomunidad internacional\u201d que, si no la tiene a favor, se inventa (como es el Grupo de Lima, para el caso venezolano). He aqu\u00ed la huella conservadora de mayor calado en t\u00e9rminos estructurales: conseguir que se naturalicen pr\u00e1cticas que hace pocos a\u00f1os eran rechazadas, mayoritariamente, por la ciudadan\u00eda. Y, seguidamente, lograr imponer una suerte de retorno del mito del \u201cno hay alternativa\u201d, que tambi\u00e9n pudiera permear entre la gente, incluso entre alguna dirigencia pol\u00edtica del campo progresista.<\/span><\/p>\n<p style=\"text-align: justify;\"><span style=\"font-size: 12pt;\">Son cuestiones \u00e9stas que van m\u00e1s all\u00e1 del ahora, y que la restauraci\u00f3n conservadora est\u00e1 planificando hacia delante, de cara a construir un campo mucho m\u00e1s f\u00e9rtil para poder ganar elecciones sin necesidad de tener que regresar a estos instrumentos tan rudimentarios. El objetivo de mediano plazo es arrebatar cualquier atisbo de esperanza, creando un clima de resignaci\u00f3n y sacrificio; demostrando que si lo intentas y lo logras luego acabar\u00e1s perseguido o en la c\u00e1rcel; y que lo mejor es volver al \u201cno te metas en pol\u00edtica\u201d. De ah\u00ed deriva la estrategia, a veces comprada incluso por parte del bloque progresista, de inducirnos a la supremac\u00eda de algunos \u201cestados de moda\u201d: la no confrontaci\u00f3n, la despolitizaci\u00f3n, la l\u00f3gica aspiracional, la clase media, los valores posmateriales, etc. Nadie puede negar que todo ello existe, pero el riesgo reside en que sean resignificados, como la restauraci\u00f3n conservadora pretende.<\/span><\/p>\n<p style=\"text-align: justify;\"><span style=\"font-size: 12pt;\">Y esta es seguramente la nueva dimensi\u00f3n, a veces invisible, que gravita en la gran disputa de Am\u00e9rica Latina para los pr\u00f3ximos a\u00f1os.<\/span><\/p>\n<p style=\"text-align: justify;\"><span style=\"font-size: 12pt;\"><strong>Alfredo Serrano Mancilla<\/strong><\/span><\/p>\n<p style=\"text-align: justify;\"><span style=\"font-size: 12pt;\"><strong>Editado por <\/strong><strong><a href=\"http:\/\/tlaxcala-int.org\/biographie.asp?ref_aut=1729&amp;lg_pp=es\">Mar\u00eda Piedad Ossaba <\/a><\/strong><\/span><\/p>\n<p style=\"text-align: justify;\"><span style=\"font-size: 12pt;\"><strong>Fuente\u00a0: <a href=\"http:\/\/www.celag.org\/huella-invisible-restauracion-conservadora\/\">CELAG<\/a>, 21 de agosto de 2018<\/strong><\/span><\/p>\n<\/div>\n","protected":false},"excerpt":{"rendered":"<p>Dos presidentes no electos: Temer en Brasil y Vizcarra en Per&uacute;. Una vicepresidenta no electa en Ecuador. Persecuci&oacute;n pol&iacute;tica-judicial contra dos ex presidentes, Rafael Correa y Cristina Fern&aacute;ndez de Kirchner, en Ecuador y Argentina. Lula metido en la c&aacute;rcel injustamente para evitar que sea el pr&oacute;ximo presidente de Brasil. Intento de atentado contra Maduro en&#8230;<\/p>\n","protected":false},"author":17,"featured_media":426,"comment_status":"open","ping_status":"open","sticky":false,"template":"","format":"standard","meta":{"_uf_show_specific_survey":0,"_uf_disable_surveys":false,"footnotes":""},"categories":[10,5],"tags":[109,138,150,128,153,151,29],"coauthors":[24207],"class_list":["post-318","post","type-post","status-publish","format-standard","has-post-thumbnail","hentry","category-articles","category-editoriales-y-opiniones","tag-america-latina","tag-analisis","tag-ciclo-progresista","tag-militar","tag-orden","tag-poder","tag-usa"],"translation":{"provider":"WPGlobus","version":"2.12.2","language":"fr","enabled_languages":["es","fr"],"languages":{"es":{"title":true,"content":true,"excerpt":false},"fr":{"title":false,"content":false,"excerpt":false}}},"_links":{"self":[{"href":"https:\/\/www.lapluma.net\/fr\/wp-json\/wp\/v2\/posts\/318","targetHints":{"allow":["GET"]}}],"collection":[{"href":"https:\/\/www.lapluma.net\/fr\/wp-json\/wp\/v2\/posts"}],"about":[{"href":"https:\/\/www.lapluma.net\/fr\/wp-json\/wp\/v2\/types\/post"}],"author":[{"embeddable":true,"href":"https:\/\/www.lapluma.net\/fr\/wp-json\/wp\/v2\/users\/17"}],"replies":[{"embeddable":true,"href":"https:\/\/www.lapluma.net\/fr\/wp-json\/wp\/v2\/comments?post=318"}],"version-history":[{"count":4,"href":"https:\/\/www.lapluma.net\/fr\/wp-json\/wp\/v2\/posts\/318\/revisions"}],"predecessor-version":[{"id":520,"href":"https:\/\/www.lapluma.net\/fr\/wp-json\/wp\/v2\/posts\/318\/revisions\/520"}],"wp:featuredmedia":[{"embeddable":true,"href":"https:\/\/www.lapluma.net\/fr\/wp-json\/wp\/v2\/media\/426"}],"wp:attachment":[{"href":"https:\/\/www.lapluma.net\/fr\/wp-json\/wp\/v2\/media?parent=318"}],"wp:term":[{"taxonomy":"category","embeddable":true,"href":"https:\/\/www.lapluma.net\/fr\/wp-json\/wp\/v2\/categories?post=318"},{"taxonomy":"post_tag","embeddable":true,"href":"https:\/\/www.lapluma.net\/fr\/wp-json\/wp\/v2\/tags?post=318"},{"taxonomy":"author","embeddable":true,"href":"https:\/\/www.lapluma.net\/fr\/wp-json\/wp\/v2\/coauthors?post=318"}],"curies":[{"name":"wp","href":"https:\/\/api.w.org\/{rel}","templated":true}]}}