{"id":31246,"date":"2021-10-12T21:55:58","date_gmt":"2021-10-12T21:55:58","guid":{"rendered":"http:\/\/www.lapluma.net\/?p=31246"},"modified":"2021-10-12T22:10:56","modified_gmt":"2021-10-12T22:10:56","slug":"historia-de-america-la-invasion-de-abia-yala","status":"publish","type":"post","link":"https:\/\/www.lapluma.net\/fr\/2021\/10\/12\/historia-de-america-la-invasion-de-abia-yala\/","title":{"rendered":"Historia de Am\u00e9rica: La invasi\u00f3n de Abia Yala"},"content":{"rendered":"\n<p style=\"text-align: justify;\"><em>La Mentalidad Imperialista de los Poderosos, es el origen de las Invasiones Expansionistas cometidas en pa\u00edses \u201cEcon\u00f3micamente pobres\u201d, situados en territorios \u201cGeol\u00f3gicamente ricos\u201d.<\/em><\/p>\n<p><img loading=\"lazy\" decoding=\"async\" class=\" wp-image-31255 aligncenter\" src=\"http:\/\/www.lapluma.net\/wp-content\/uploads\/2021\/10\/12-de-octubre-dia-de-la-resistencia-indigena-300x167.jpg\" alt=\"\" width=\"516\" height=\"287\" srcset=\"https:\/\/www.lapluma.net\/wp-content\/uploads\/2021\/10\/12-de-octubre-dia-de-la-resistencia-indigena-300x167.jpg 300w, https:\/\/www.lapluma.net\/wp-content\/uploads\/2021\/10\/12-de-octubre-dia-de-la-resistencia-indigena.jpg 702w\" sizes=\"auto, (max-width: 516px) 100vw, 516px\" \/><\/p>\n<p style=\"text-align: justify;\">El 12 de octubre de 1492, miembros de la Realeza y la Curia Eclesi\u00e1stica de los mayores Imperios Europeos de la \u00e9poca, junto a altos funcionarios de las FFAA, y una tropa, compuesta por sectores marginales del viejo continente, invadieron Abia Yala*, \u201cen nombre de Dios\u201d. Con esta log\u00edstica, obligaron a nuestros ancestros, a \u201casimilar la Cultura Blanca Occidental\u201d, confisc\u00e1ndoles sus ritos, sus liturgias sagradas, sus costumbres, sus leyes at\u00e1vicas, ligadas a sus Derechos Consuetudinarios\u2026 \u00bfFueron conscientes \u00a0los invasores, de que en este Nuevo Mundo, \u201challado\u201d, que no descubierto, exist\u00edan (y existen\u2026) Civilizaciones Milenarias, con entendimientos en m\u00faltiples materias ignoradas por ellos?\u2026muy por el contrario, negaron este hecho, ocultando su valor geopol\u00edtico y cient\u00edfico al resto de la Comunidad Internacional, pero sin duda, lo aprovecharon para satisfacer sus voraces ambiciones\u2026 La intenci\u00f3n fundamental de los wincas conquistadores, era \u201cextraer\u201d las riquezas naturales de nuestro suelo,\u00a0 \u201capoderarse\u201d de ellas, y adem\u00e1s,\u201d hurtar\u201d, descaradamente, los invaluables conocimientos de los Pueblos Originarios, en todos los \u00e1mbitos del \u201c<em>Saber Vivir<\/em>\u201d\u2026<\/p>\n<p style=\"text-align: justify;\">Los espa\u00f1oles conquistaron y colonizaron gran parte del sur y el centro de Abia Yala, mientras los portugueses se adue\u00f1aban del Brasil, y los franceses invad\u00edan Hait\u00ed, esclavizando y robando las tierras de los abor\u00edgenes de una de las Antillas mayores. Cercanos en el tiempo, los ingleses conquistaban el norte de Am\u00e9rica, expoliando a los Apaches y a todos los pueblos del origen, de lo que hoy es USA, incluido M\u00e9xico, arrebat\u00e1ndoles sus tierras, reduci\u00e9ndoles a una marginaci\u00f3n conocida en tiempos posteriores como \u201capartheid\u201d\u2026<\/p>\n<h6><img loading=\"lazy\" decoding=\"async\" class=\" wp-image-31249 aligncenter\" src=\"http:\/\/www.lapluma.net\/wp-content\/uploads\/2021\/10\/FERDIN1-300x257.jpg\" alt=\"\" width=\"530\" height=\"454\" srcset=\"https:\/\/www.lapluma.net\/wp-content\/uploads\/2021\/10\/FERDIN1-300x257.jpg 300w, https:\/\/www.lapluma.net\/wp-content\/uploads\/2021\/10\/FERDIN1-1024x878.jpg 1024w, https:\/\/www.lapluma.net\/wp-content\/uploads\/2021\/10\/FERDIN1-768x659.jpg 768w, https:\/\/www.lapluma.net\/wp-content\/uploads\/2021\/10\/FERDIN1.jpg 1300w\" sizes=\"auto, (max-width: 530px) 100vw, 530px\" \/>El conquistador espa\u00f1ol Hernandez Soto(c1496-1542) y sus hombres torturando a los nativos de Florida para que les confiesen donde se encuentra el oro. Grabado coloreado a mano. Coleccion Memorial John Judkyn, Freshford Manor, Bath.<\/h6>\n<p style=\"text-align: justify;\">El Modelo Econ\u00f3mico de los imperialistas, estaba basado en la Trata de Personas, la compra\/venta de seres humanos, tanto abor\u00edgenes, como gentes arrancadas brutalmente del \u00c1frica Negra. Gentes que con el tiempo, se mezclaron, \u00a0principalmente en el norte y en la Mesoam\u00e9rica, en las Antillas y en el Caribe, pero tambi\u00e9n en el sur; principalmente en Per\u00fa, Ecuador, Colombia, Venezuela, Brasil, Argentina, Uruguay\u2026<\/p>\n<p style=\"text-align: justify;\">Junto a los espa\u00f1oles, algunos invasores brit\u00e1nicos, cruzaron la Cordillera de Los Andes, y entraron en nuestra geograf\u00eda, participando en la conquista de la tierra m\u00e1s austral del planeta, en la que viv\u00edan, entre otros pueblos originarios, los \u201cMapuche\u201d, la Gente de la Tierra, que el imperio inc\u00e1sico hab\u00eda intentado dominar, sin conseguirlo\u2026 (Tampoco lo consiguieron los conquistadores, entonces, ni hoy lo consiguen los gobiernos chilenos, por m\u00e1s que utilicen la fuerza y la sinraz\u00f3n\u2026)<\/p>\n<p style=\"text-align: justify;\">Todos estos hechos se sucedieron, en un largo proceso \/c\u00edvico militar \/pol\u00edtico econ\u00f3mico\/ \/imperialista\/ \/ideol\u00f3gico cristiano\/, que redujo a las culturas originarias, \u00a0imponi\u00e9ndoles el dominio de la espada con empu\u00f1adura en forma de cruz, s\u00edmbolo de la \u201ccultura cristiana blanca\u201d, y \u201clas leyes de encomienda\u201d, incluido el \u201cderecho a pernada\u201d, que permit\u00eda a los se\u00f1ores feudales, violar a las mujeres ind\u00edgenas y someterlas a su lascivia. Esta antigua ley del Patriarcado Imperialista Europeo, marc\u00f3 con sangre, el Mestizaje Machista, el crimen de\u00a0 \u201cViolencia de G\u00e9nero\u201d, perpetrado contra nuestras abuelas, impuesto por los se\u00f1ores feudales, y asumido por la Curia Eclesi\u00e1stica. Crimen, que adentrado el siglo XX, continuaron cometiendo los \u201cPatrones de Fundo\u201d, herederos del Feudalismo Europeo, amparados por los Gobiernos Criollos Americanos, en los cuatro puntos cardinales de Am\u00e9rica \u2026Sin embargo, la mayor\u00eda de las gentes de Abia Yala, somos gentes morenas, nuestro origen es entreverado, pero en nuestros rasgos, se destacan los genes dominantes de la mixtura afro amerindia\u2026<\/p>\n<p>En el \u00faltimo tercio del siglo XIX, por decisi\u00f3n de los gobiernos criollos, de ese momento, fueron llamados a entrar en la geograf\u00eda chilena, entre otros, alemanes, holandeses, ingleses, italianos\u2026 a quienes se les otorgaron las tierras expoliadas, robadas a los Mapuche, tierras que la Casta Pol\u00edtica denomin\u00f3, \u201csobrantes\u201d, incluyendo la \u201cRegi\u00f3n de los Lagos\u201d. As\u00ed nacieron \u201cLos colonos\u201d, hasta hoy, due\u00f1os y se\u00f1ores del Wallmapu\u2026\u00a0<\/p>\n<p>El mal llamado \u201cConflicto Mapuche\u201d, es un eufemismo, que difumina la verdadera Cuesti\u00f3n de Estado, tapada por la Clase Pol\u00edtica, que corri\u00f3 un est\u00fapido velo, ante la evidencia de la realidad de los hechos, oculta para la mayor\u00eda del Pueblo de Chile: la cruel y sangrienta certeza, del \u201cApartheid\u201d contra el Pueblo Mapuche, impuesto por el Poder Econ\u00f3mico, regido por los due\u00f1os de las finanzas, con el silencio c\u00f3mplice de los pol\u00edticos y los gobiernos chilenos de turno.<\/p>\n<p style=\"text-align: justify;\">La usurpaci\u00f3n de los DDHH y territoriales del Pueblo Mapuche, es una de las peores injusticias, cometida contra una de las naciones originarias de Abia Yala, un crimen que viene arrastr\u00e1ndose desde hace 300 a\u00f1os, e \u00a0involucra a toda la Clase Pol\u00edtica de este pa\u00eds, no solo a la Casta\u2026<\/p>\n<p style=\"text-align: justify;\">Los Dominios Territoriales del Pueblo Mapuche, se remontan a 11.000 a\u00f1os de historia en este pa\u00eds llamado Chile, que seg\u00fan la lengua aimara, es El Fin del Mundo\u2026<\/p>\n<p style=\"text-align: justify;\">Un Pueblo arrinconado, maltratado, asesinado, puesto en prisi\u00f3n, reducido y despojado de sus DDHH y de sus bienes territoriales, pero que resiste, sin someterse a la insidia arrogante del Poder de los Poderosos, jam\u00e1s es vencido.<\/p>\n<h6 style=\"text-align: center;\"><img loading=\"lazy\" decoding=\"async\" class=\" wp-image-31250 aligncenter\" src=\"http:\/\/www.lapluma.net\/wp-content\/uploads\/2021\/10\/5321b8910fbff6269884bd17aa37cc5a-300x247.jpg\" alt=\"\" width=\"495\" height=\"408\" srcset=\"https:\/\/www.lapluma.net\/wp-content\/uploads\/2021\/10\/5321b8910fbff6269884bd17aa37cc5a-300x247.jpg 300w, https:\/\/www.lapluma.net\/wp-content\/uploads\/2021\/10\/5321b8910fbff6269884bd17aa37cc5a.jpg 600w\" sizes=\"auto, (max-width: 495px) 100vw, 495px\" \/>Theodore de Bry ilustr\u00f3 la antiespa\u00f1ola Leyenda Negra (Perros Indios)<\/h6>\n<p style=\"text-align: justify;\">\u00a1Marrichehueu!: \u00a1Por diez veces venceremos! , el antiguo grito Mapuche, de la \u201cGuerra de Arauco\u201d, en la actualidad est\u00e1 ligado a las diez generaciones de mujeres y hombres Mapuche que han nacido en este pa\u00eds, desde el siglo XVIII, hasta ahora. Mujeres y hombres que jam\u00e1s han renunciado al honor que significa pertenecer a\u00a0 una de las estirpes originarias, de las \u201cNaciones\u201d de Abia Yala\u2026 \u00a0A pesar de las diferentes maneras que, hoy tienen, las Gentes de la Tierra, para concebir el mundo actual, y el de nuestros antepasados, su sentimiento intr\u00ednseco, proclama, \u00a1Marrichehuehu! \u00a1Por diez veces, m\u00e1s, seguiremos resistiendo, porque somos, quienes somos!\u00a0 \u00a1Somos Mapuche!\u2026<\/p>\n<h3 style=\"text-align: justify;\">Corolario<\/h3>\n<p style=\"text-align: justify;\">A partir del siglo XVI el mundo occidental antiguo, asiste al nacimiento de la Am\u00e9rica latina y africana, la Afroamerindia, la Am\u00e9rica Morena, se\u00f1alada por el mestizaje de sus gentes. Esta realidad plural, crea un ethos particular, nacido de la mezcla de las singularidades que all\u00ed se encuentran\u2026 El Mestizaje de Civilizaciones y Culturas, a trav\u00e9s del cruce de las diferentes etnias, durante la conquista y la colonizaci\u00f3n de Am\u00e9rica, produjo un Idioma Universal, plagado de las semejanzas y las diferencias entre sujetos humanos diversos. Toda esta extraordinaria mezcla, cre\u00f3 una nueva cultura, cuyo lenguaje, desde entonces, llega a toda la gente de este planeta, como acervo cultural de la Amerindia, latina y africana, con matices europeos: pensamiento plural, m\u00fasica, poes\u00eda, pintura, artesan\u00eda, cocina, arte en general\u2026. Palabras, cantos, rituales, vestimentas de la espiritualidad, manifestaciones del arte; son los colores, los olores y los sabores de la diferencia\u2026 a partir de 1492 comienza\u00a0 en Abia Yala, el surgimiento\u00a0 de una cultura pluri\u00e9tnica, cuyo principal baluarte es la diferencia y la diversidad, se\u00f1ales at\u00e1vicas de nuestra Amerindia, nuestra Am\u00e9rica Morena, aborigen, latina y africana\u2026<\/p>\n<p><img loading=\"lazy\" decoding=\"async\" class=\" wp-image-31253 aligncenter\" src=\"http:\/\/www.lapluma.net\/wp-content\/uploads\/2021\/10\/dia-de-la-resistencia-indigena-300x225.jpg\" alt=\"\" width=\"431\" height=\"323\" srcset=\"https:\/\/www.lapluma.net\/wp-content\/uploads\/2021\/10\/dia-de-la-resistencia-indigena-300x225.jpg 300w, https:\/\/www.lapluma.net\/wp-content\/uploads\/2021\/10\/dia-de-la-resistencia-indigena.jpg 640w\" sizes=\"auto, (max-width: 431px) 100vw, 431px\" \/><\/p>\n<p style=\"text-align: justify;\">Han pasado 5 siglos, y jam\u00e1s, los comisionados, portavoces de los actuales gobiernos del \u201cViejo Mundo Occidental\u201d, heredero de los arcaicos imperios que conquistaron Am\u00e9rica, han reconocido el significado hist\u00f3rico, que tuvo, y tiene, para las Gentes Europeas, el hallazgo extraordinario, de los Valores cient\u00edficos, antropol\u00f3gicos, sociales y culturales, de las Antiguas Civilizaciones de Abia Yala.<\/p>\n<p style=\"text-align: justify;\">La civilizaci\u00f3n del siglo XXI es Mestiza, el mundo actual es Diverso, Pluri\u00e9tnico, y Plurinacional, por m\u00e1s que los Mandamases, quieran reducirlo, para seguir manteniendo el statuquo, servidor del Poder Econ\u00f3mico. Las gentes sencillas del mundo, ya despertaron y cada vez m\u00e1s, luchan con valor y dignidad, contra el desequilibrio, y las injusticias de la arrogancia de los Poderosos.<\/p>\n<h6 style=\"text-align: justify;\"><img loading=\"lazy\" decoding=\"async\" class=\" wp-image-31251 aligncenter\" src=\"http:\/\/www.lapluma.net\/wp-content\/uploads\/2021\/10\/Colonizacion-o-Llegada-de-Hernan-Cortes-a-Veracruz-Diego-Rivera-300x244.jpg\" alt=\"\" width=\"505\" height=\"411\" srcset=\"https:\/\/www.lapluma.net\/wp-content\/uploads\/2021\/10\/Colonizacion-o-Llegada-de-Hernan-Cortes-a-Veracruz-Diego-Rivera-300x244.jpg 300w, https:\/\/www.lapluma.net\/wp-content\/uploads\/2021\/10\/Colonizacion-o-Llegada-de-Hernan-Cortes-a-Veracruz-Diego-Rivera-124x100.jpg 124w, https:\/\/www.lapluma.net\/wp-content\/uploads\/2021\/10\/Colonizacion-o-Llegada-de-Hernan-Cortes-a-Veracruz-Diego-Rivera.jpg 590w\" sizes=\"auto, (max-width: 505px) 100vw, 505px\" \/>Diego Rivera, \u00ab Colonizacion o Llegada de Hern\u00e1n Cort\u00e9s a Veracruz \u00bb, pintura mural (1951). Dimensiones: 4,92 m x 5,27 m. Superficie pintada: 25,92 m2 sobre bastidor met\u00e1lico (no de madera, para soportar el peso del enorme lienzo). T\u00e9cnica: al fresco, una t\u00e9cnica antigua que utiliza combinaciones qu\u00edmicas de pigmentos, agua, arena y cal. Palacio Nacional, Mexico<\/h6>\n<p style=\"text-align: justify;\">El mestizaje cultural, fruto de la mezcla entre las distintas culturas \u00e9tnicas del planeta, es la clave del Lenguaje Universal y del Entendimiento entre los Pueblos\u2026<\/p>\n<p style=\"text-align: justify;\"><em>Entender la Diversidad Humana, en todo orden de cosas, es asumir el Sentido que nos define como Humanidad, el Sentido de los sentidos, que nos libera del Sinsentido\u2026<\/em><\/p>\n<p><strong>Nota de la Editora:<\/strong><\/p>\n<p style=\"text-align: justify;\"><span id=\"page278R_mcid242\" class=\"markedContent\"><span dir=\"ltr\" role=\"presentation\">*<strong>Abya Yala<\/strong>,<\/span><\/span><span id=\"page278R_mcid243\" class=\"markedContent\"><span dir=\"ltr\" role=\"presentation\"> que significa <\/span><\/span><span id=\"page278R_mcid244\" class=\"markedContent\"><span dir=\"ltr\" role=\"presentation\">Tierra Madura<\/span><\/span><span id=\"page278R_mcid245\" class=\"markedContent\"><span dir=\"ltr\" role=\"presentation\">, <\/span><\/span><span id=\"page278R_mcid246\" class=\"markedContent\"> <span dir=\"ltr\" role=\"presentation\">Tierra Viva<\/span><\/span><span id=\"page278R_mcid247\" class=\"markedContent\"><span dir=\"ltr\" role=\"presentation\"> o <\/span><\/span><span id=\"page278R_mcid248\" class=\"markedContent\"><span dir=\"ltr\" role=\"presentation\">Tierra en <\/span><\/span><span id=\"page278R_mcid249\" class=\"markedContent\"><span dir=\"ltr\" role=\"presentation\">Florecimiento<\/span><\/span><span id=\"page278R_mcid250\" class=\"markedContent\"><span dir=\"ltr\" role=\"presentation\">, fue el t\u00e9rmino utilizado por los Kuna, pueblo origi<\/span><\/span><span id=\"page278R_mcid252\" class=\"markedContent\"><span dir=\"ltr\" role=\"presentation\">nario que habita en Colombia y Panam\u00e1, para designar al territorio <\/span><\/span><span id=\"page278R_mcid253\" class=\"markedContent\"><span dir=\"ltr\" role=\"presentation\">comprendido por el Continente Americano. De acuerdo con el <\/span><\/span><span id=\"page278R_mcid254\" class=\"markedContent\"><span dir=\"ltr\" role=\"presentation\">momento hist\u00f3rico vivido, se refer\u00edan a este territorio de diferen<\/span><\/span><span id=\"page278R_mcid256\" class=\"markedContent\"><span dir=\"ltr\" role=\"presentation\">te forma: <\/span><\/span><span id=\"page278R_mcid257\" class=\"markedContent\"><span dir=\"ltr\" role=\"presentation\">Kualagum Yala, Tagargun Yala, Tinya Yala, <\/span><\/span><span id=\"page278R_mcid258\" class=\"markedContent\"><span dir=\"ltr\" role=\"presentation\">y<\/span><\/span><span id=\"page278R_mcid259\" class=\"markedContent\"><span dir=\"ltr\" role=\"presentation\"> Abya Yala<\/span><\/span><span id=\"page278R_mcid260\" class=\"markedContent\"><span dir=\"ltr\" role=\"presentation\">, <\/span><\/span><span id=\"page278R_mcid261\" class=\"markedContent\"><span dir=\"ltr\" role=\"presentation\">siendo este \u00faltimo el que coincidi\u00f3 con la llegada de los espa\u00f1oles. <\/span><\/span><span id=\"page278R_mcid262\" class=\"markedContent\"><br role=\"presentation\" \/><span dir=\"ltr\" role=\"presentation\">El t\u00e9rmino <\/span><\/span><span id=\"page278R_mcid263\" class=\"markedContent\"><span dir=\"ltr\" role=\"presentation\">Abya Yala<\/span><\/span><span id=\"page278R_mcid264\" class=\"markedContent\"><span dir=\"ltr\" role=\"presentation\"> es en s\u00ed mismo un s\u00edmbolo de identidad y <\/span><\/span><span id=\"page278R_mcid265\" class=\"markedContent\"><span dir=\"ltr\" role=\"presentation\">respeto hacia las ra\u00edces de los pueblos originarios; y en ese sentido, <\/span><\/span><span id=\"page278R_mcid266\" class=\"markedContent\"><span dir=\"ltr\" role=\"presentation\">el poema <\/span><\/span><span id=\"page278R_mcid267\" class=\"markedContent\"><span dir=\"ltr\" role=\"presentation\">Abya Yala Wawgeykuna (Hermanos Americanos)<\/span><\/span><span id=\"page278R_mcid268\" class=\"markedContent\"><span dir=\"ltr\" role=\"presentation\">, originario <\/span><\/span><span id=\"page278R_mcid269\" class=\"markedContent\"><span dir=\"ltr\" role=\"presentation\">del pueblo Quechua de Argentina, hace un llamado a la unidad de <\/span><\/span><span id=\"page278R_mcid270\" class=\"markedContent\"><br role=\"presentation\" \/><span dir=\"ltr\" role=\"presentation\">los pueblos a mantener presente su origen y a continuar su camino <\/span><\/span><span id=\"page278R_mcid271\" class=\"markedContent\"><span dir=\"ltr\" role=\"presentation\">siguiendo las huellas de sus ancestros. <\/span><\/span><\/p>\n<p><strong>Gloria Clavero Aranda<\/strong>. Quillota, octubre de 2021.<\/p>\n<p><strong>Editado por <a href=\"http:\/\/www.lapluma.net\/nosotros\/\">Mar\u00eda Piedad Ossaba<\/a><\/strong><\/p>\n<p class=\"western\" align=\"justify\"><strong>Publicado por<\/strong> <a href=\"https:\/\/madmimi.com\/p\/178bf21?pact=257635-165069777-4158025400-f08df78ae876d0116e83f0d06a85158fbcbc034e\">Politika<\/a><\/p>\n<p>\u00a0<\/p>\n","protected":false},"excerpt":{"rendered":"<p>Entender la Diversidad Humana, en todo orden de cosas, es asumir el Sentido que nos define como Humanidad, el Sentido de los sentidos, que nos libera del Sinsentido\u2026<\/p>\n","protected":false},"author":969,"featured_media":31263,"comment_status":"open","ping_status":"open","sticky":false,"template":"","format":"standard","meta":{"_uf_show_specific_survey":0,"_uf_disable_surveys":false,"footnotes":""},"categories":[217],"tags":[10515,15518,15517,15515,15516,15522,12816],"coauthors":[15523],"class_list":["post-31246","post","type-post","status-publish","format-standard","has-post-thumbnail","hentry","category-abya-yala","tag-america-latina-abya-yala","tag-cultura-blanca-occidental","tag-invasion-de-abia-yala-en-nombre-de-dios","tag-invasiones-expansionistas","tag-mentalidad-imperialista-de-los-poderoso","tag-patriarcado-imperialista-europeo","tag-violaciones-ddhh-dih"],"translation":{"provider":"WPGlobus","version":"2.12.2","language":"fr","enabled_languages":["es","fr"],"languages":{"es":{"title":true,"content":true,"excerpt":true},"fr":{"title":false,"content":false,"excerpt":false}}},"_links":{"self":[{"href":"https:\/\/www.lapluma.net\/fr\/wp-json\/wp\/v2\/posts\/31246","targetHints":{"allow":["GET"]}}],"collection":[{"href":"https:\/\/www.lapluma.net\/fr\/wp-json\/wp\/v2\/posts"}],"about":[{"href":"https:\/\/www.lapluma.net\/fr\/wp-json\/wp\/v2\/types\/post"}],"author":[{"embeddable":true,"href":"https:\/\/www.lapluma.net\/fr\/wp-json\/wp\/v2\/users\/969"}],"replies":[{"embeddable":true,"href":"https:\/\/www.lapluma.net\/fr\/wp-json\/wp\/v2\/comments?post=31246"}],"version-history":[{"count":2,"href":"https:\/\/www.lapluma.net\/fr\/wp-json\/wp\/v2\/posts\/31246\/revisions"}],"predecessor-version":[{"id":31260,"href":"https:\/\/www.lapluma.net\/fr\/wp-json\/wp\/v2\/posts\/31246\/revisions\/31260"}],"wp:featuredmedia":[{"embeddable":true,"href":"https:\/\/www.lapluma.net\/fr\/wp-json\/wp\/v2\/media\/31263"}],"wp:attachment":[{"href":"https:\/\/www.lapluma.net\/fr\/wp-json\/wp\/v2\/media?parent=31246"}],"wp:term":[{"taxonomy":"category","embeddable":true,"href":"https:\/\/www.lapluma.net\/fr\/wp-json\/wp\/v2\/categories?post=31246"},{"taxonomy":"post_tag","embeddable":true,"href":"https:\/\/www.lapluma.net\/fr\/wp-json\/wp\/v2\/tags?post=31246"},{"taxonomy":"author","embeddable":true,"href":"https:\/\/www.lapluma.net\/fr\/wp-json\/wp\/v2\/coauthors?post=31246"}],"curies":[{"name":"wp","href":"https:\/\/api.w.org\/{rel}","templated":true}]}}