{"id":31026,"date":"2021-10-03T12:24:43","date_gmt":"2021-10-03T12:24:43","guid":{"rendered":"http:\/\/www.lapluma.net\/?p=31026"},"modified":"2021-10-03T12:24:45","modified_gmt":"2021-10-03T12:24:45","slug":"chile-el-papel-de-australia-en-el-golpe-de-estado-de-1973-y-el-caso-de-la-agente-dina-adriana-rivas","status":"publish","type":"post","link":"https:\/\/www.lapluma.net\/fr\/2021\/10\/03\/chile-el-papel-de-australia-en-el-golpe-de-estado-de-1973-y-el-caso-de-la-agente-dina-adriana-rivas\/","title":{"rendered":"Chile: El papel de Australia en el golpe de Estado de 1973 y el caso de la agente DINA Adriana Rivas"},"content":{"rendered":"\n<h3 style=\"text-align: justify;\"><em>Entrevista con el period\u00edsta chileno australiano Rodr\u00edgo Acu\u00f1a<\/em><\/h3>\n<p><img loading=\"lazy\" decoding=\"async\" class=\" wp-image-31038 aligncenter\" src=\"http:\/\/www.lapluma.net\/wp-content\/uploads\/2021\/10\/ch-allende-ejecutado-300x177.jpg\" alt=\"\" width=\"385\" height=\"227\" srcset=\"https:\/\/www.lapluma.net\/wp-content\/uploads\/2021\/10\/ch-allende-ejecutado-300x177.jpg 300w, https:\/\/www.lapluma.net\/wp-content\/uploads\/2021\/10\/ch-allende-ejecutado.jpg 600w\" sizes=\"auto, (max-width: 385px) 100vw, 385px\" \/><\/p>\n<p style=\"text-align: justify;\"><strong>Mediante una carta dirigida al Gobierno de Australia cifrada el pasado 17 de septiembre de 2021, un grupo de miembros de la comunidad chilena en ese pa\u00eds dieron cuenta de su preocupaci\u00f3n en materia de derechos humanos a causa de la publicaci\u00f3n por el Archivo de Seguridad Nacional de la Universidad George Washington, Estados Unidos, de registros del Gobierno australiano recientemente desclasificados que confirman la participaci\u00f3n de agentes del Servicio Secreto de Inteligencia Australiano, ASIS, en Santiago de Chile, desde 1971 hasta aparentemente principios de 1974. Esto quiere decir, durante el Gobierno popular de Salvador Allende, durante y despu\u00e9s del golpe de Estado del 11 de septiembre de 1973, en la g\u00e9nesis de la criminal Direcci\u00f3n de Inteligencia Nacional, DINA, la polic\u00eda pol\u00edtica de la tiran\u00eda de Pinochet, comandada por el militar \u201cMamo\u201d Manuel Contreras.<\/strong><\/p>\n<h6 style=\"text-align: center;\"><img loading=\"lazy\" decoding=\"async\" class=\" wp-image-31035 aligncenter\" src=\"http:\/\/www.lapluma.net\/wp-content\/uploads\/2021\/10\/Mamo-manuel_contreras_624x351_afp-300x169.jpg\" alt=\"\" width=\"414\" height=\"233\" srcset=\"https:\/\/www.lapluma.net\/wp-content\/uploads\/2021\/10\/Mamo-manuel_contreras_624x351_afp-300x169.jpg 300w, https:\/\/www.lapluma.net\/wp-content\/uploads\/2021\/10\/Mamo-manuel_contreras_624x351_afp.jpg 624w\" sizes=\"auto, (max-width: 414px) 100vw, 414px\" \/><strong>\u201cMamo\u201d Manuel Contreras<\/strong><\/h6>\n<p style=\"text-align: justify;\"><strong>Al respecto, el periodista independiente chileno-australiano Rodrigo Acu\u00f1a[1] afirm\u00f3 que, <\/strong>\u201cen junio del 2021 el Gobierno de Australia confirm\u00f3 oficialmente que el Servicio Secreto de Inteligencia Australiano (ASIS) trabaj\u00f3 con la Agencia Central de Inteligencia (CIA). En 1977 el ex primer ministro Laborista de Australia Geogh Whitlam revel\u00f3 al parlamento que, \u201cSe ha escrito, y no puedo negarlo, que cuando mi Gobierno asumi\u00f3 el cargo, el personal de inteligencia australiano estaba obrando como representantes de la CIA para desestabilizar al Gobierno de Chile\u201d. Eso ocurri\u00f3 en el marco de una investigaci\u00f3n parlamentaria sobre las actividades de los servicios de inteligencia en Australia y desde entonces algunos periodistas serios han tratado de investigar el caso, pero han sido amenazados a trav\u00e9s del sistema judicial por el Gobierno australiano\u201d.<img loading=\"lazy\" decoding=\"async\" class=\" wp-image-31030 aligncenter\" src=\"http:\/\/www.lapluma.net\/wp-content\/uploads\/2021\/10\/Entrevista-Chile-Australia-3-224x300.jpg\" alt=\"\" width=\"354\" height=\"474\" srcset=\"https:\/\/www.lapluma.net\/wp-content\/uploads\/2021\/10\/Entrevista-Chile-Australia-3-224x300.jpg 224w, https:\/\/www.lapluma.net\/wp-content\/uploads\/2021\/10\/Entrevista-Chile-Australia-3.jpg 408w\" sizes=\"auto, (max-width: 354px) 100vw, 354px\" \/><\/p>\n<p><img loading=\"lazy\" decoding=\"async\" class=\" wp-image-31029 aligncenter\" src=\"http:\/\/www.lapluma.net\/wp-content\/uploads\/2021\/10\/Entrevista-Chile-Australia-4-225x300.jpg\" alt=\"\" width=\"359\" height=\"479\" srcset=\"https:\/\/www.lapluma.net\/wp-content\/uploads\/2021\/10\/Entrevista-Chile-Australia-4-225x300.jpg 225w, https:\/\/www.lapluma.net\/wp-content\/uploads\/2021\/10\/Entrevista-Chile-Australia-4.jpg 411w\" sizes=\"auto, (max-width: 359px) 100vw, 359px\" \/><\/p>\n<h3 style=\"text-align: justify;\"><strong>El Pacto de Adriana<\/strong><\/h3>\n<p style=\"text-align: justify;\"><strong>-En ese sentido, existe una tr\u00e1gica coincidencia con el caso de Adriana Rivas, quien fue la secretaria personal de \u201cMamo\u201d Contreras cuando el responsable directo de cr\u00edmenes de lesa humanidad conduc\u00eda la DINA de la dictadura. Ella recibi\u00f3 asilo y refugio del Estado de Australia. Y actualmente est\u00e1 en proceso su eventual extradici\u00f3n a Chile.<\/strong><\/p>\n<p style=\"text-align: justify;\">Adriana Rivas, tambi\u00e9n conocida por su sobrenombre de \u2018la Chany\u2019, fue arrestada por la polic\u00eda en Sydney, Australia, en febrero de 2019. En el 2013, Rivas le dio una <a href=\"https:\/\/www.sbs.com.au\/language\/spanish\/audio\/el-otro-11-de-septiembre-entrevista-con-adriana-rivas\">entrevista<\/a> a la periodista Florencia Melgar del canal estatal SBS donde admiti\u00f3 que hab\u00eda trabajado con la DINA y que hab\u00eda sido secretaria personal de Manuel Contreras, su m\u00e1xima autoridad entre 1973-1977. Mientras ella declar\u00f3 que su labor se limitaba a usar sus capacidades como traductora y secretaria, tambi\u00e9n coment\u00f3 que la tortura era la \u00fanica manera de quebrar a las personas: \u201cde la misma manera que lo hicieron los nazis, era necesario\u201d. De acuerdo a su filosof\u00eda, \u201ces la \u00fanica manera de romper a la gente\u201d.<\/p>\n<h4 class=\"audiotrack__title\">El otro 11 de Septiembre: Entrevista con Adriana Rivas<\/h4>\n<div class=\"audiotrack__actions\">\n<div class=\"audiotrack__action--download\"><a class=\"label\" href=\"https:\/\/audiomedia-sbs.akamaized.net\/spanish_130913_288819.mp3\" download=\"\"> DOWNLOAD 7.9 MB <\/a><\/div>\n<div class=\"audiotrack__action--subscribe\">\n<div id=\"mod-dropdown_module-2\" class=\"podcast-subscribe dropdown\" data-module=\"dropdown_module\">\n<div class=\"podcast-subscribe__label dropdown__button label\">\u00a0<\/div>\n<\/div>\n<\/div>\n<\/div>\n<div class=\"audiotrack__image audiotrack__image--hero\" data-type=\"audio-player-play-pause\">\n<div class=\"media-image media-image--16-9 preview__image\"><picture class=\"media-image__picture\" data-has-init-lazy-load=\"true\"> <source srcset=\"https:\/\/sl.sbs.com.au\/public\/image\/file\/08c078f6-ade8-4366-b76a-f012574983d6\/crop\/16x9\" media=\"(min-width: 1023px)\" \/><source srcset=\"https:\/\/sl.sbs.com.au\/public\/image\/file\/08c078f6-ade8-4366-b76a-f012574983d6\/crop\/16x9\" media=\"(min-width: 767px)\" \/><img decoding=\"async\" class=\"is-faded-in\" src=\"https:\/\/sl.sbs.com.au\/public\/image\/file\/08c078f6-ade8-4366-b76a-f012574983d6\/crop\/16x9_medium\" srcset=\"https:\/\/sl.sbs.com.au\/public\/image\/file\/08c078f6-ade8-4366-b76a-f012574983d6\/crop\/16x9_medium\" alt=\"\" \/><\/picture><\/div>\n<div>\n<div class=\"audiotrack__body\" data-component=\"text-body\">\n<div class=\"article__container container\">\n<div class=\"row\">\n<div class=\"article__abstract column\">\n<div class=\"text-abstract\">\n<h6 class=\"text-abstract__content\" style=\"text-align: justify;\">Adriana Rivas y Manuel Contreras Fuente: Adriana Rivas trabaj\u00f3 para la Direcci\u00f3n Nacional de Inteligencia de Chile, m\u00e1s conocida como DINA de 1973 a 1977. Dentro de ese per\u00edodo fue secretaria de Alejandro Burgos, ayudante de Manuel Contreras. Tambi\u00e9n recibi\u00f3 entrenamiento como agente de inteligencia e integr\u00f3 la brigada Lautaro. <time datetime=\"2013-09-13T14:40:33+10:00\">Updated 05\/09\/2019. By Florencia Melgar. <a href=\"https:\/\/www.sbs.com.au\/language\/spanish\/audio\/el-otro-11-de-septiembre-entrevista-con-adriana-rivas\">CBS Espa\u00f1ol<\/a>, 5\/09\/2019<\/time><\/h6>\n<\/div>\n<\/div>\n<\/div>\n<div class=\"row\">\n<div class=\"meta article__meta\">\n<div class=\"article__meta__byline\">\n<div class=\"meta__item article__meta-date\"><span class=\"sr-only\">Updated<\/span><\/div>\n<\/div>\n<\/div>\n<\/div>\n<\/div>\n<\/div>\n<div class=\"audio-player__progress-time is-faded-in\">\n<div class=\"article__abstract column\">\n<div class=\"text-abstract\">\n<p class=\"text-abstract__content\" style=\"text-align: justify;\"><img loading=\"lazy\" decoding=\"async\" class=\"size-medium wp-image-31039 alignleft\" src=\"http:\/\/www.lapluma.net\/wp-content\/uploads\/2021\/10\/Adriana-Rivas-identidad-300x147.jpg\" alt=\"\" width=\"300\" height=\"147\" srcset=\"https:\/\/www.lapluma.net\/wp-content\/uploads\/2021\/10\/Adriana-Rivas-identidad-300x147.jpg 300w, https:\/\/www.lapluma.net\/wp-content\/uploads\/2021\/10\/Adriana-Rivas-identidad-1024x502.jpg 1024w, https:\/\/www.lapluma.net\/wp-content\/uploads\/2021\/10\/Adriana-Rivas-identidad-768x377.jpg 768w, https:\/\/www.lapluma.net\/wp-content\/uploads\/2021\/10\/Adriana-Rivas-identidad.jpg 1091w\" sizes=\"auto, (max-width: 300px) 100vw, 300px\" \/>Justificando el r\u00e9gimen fascista del dictador Augusto Pinochet, sus comentarios provocaron muchas quejas en un sector de la comunidad chilena-australiana, la cual se moviliz\u00f3 y reuni\u00f3 firmas para que fuera arrestada ya que se hab\u00eda fugado de Chile donde ya hab\u00eda sido detenida y estaba esperando ir a los tribunales por el secuestro y desaparici\u00f3n de siete miembros del Partido Comunista, incluyendo a Reinalda Pereira, una joven embarazada de cinco meses.<\/p>\n<p class=\"text-abstract__content\" style=\"text-align: justify;\"><img loading=\"lazy\" decoding=\"async\" class=\" wp-image-31033 aligncenter\" src=\"http:\/\/www.lapluma.net\/wp-content\/uploads\/2021\/10\/rodrigo_cropped_106-300x225.jpg\" alt=\"\" width=\"384\" height=\"288\" srcset=\"https:\/\/www.lapluma.net\/wp-content\/uploads\/2021\/10\/rodrigo_cropped_106-300x225.jpg 300w, https:\/\/www.lapluma.net\/wp-content\/uploads\/2021\/10\/rodrigo_cropped_106-768x576.jpg 768w, https:\/\/www.lapluma.net\/wp-content\/uploads\/2021\/10\/rodrigo_cropped_106.jpg 819w\" sizes=\"auto, (max-width: 384px) 100vw, 384px\" \/><a href=\"https:\/\/alborada.net\/pinochet-adriana-rivas-australia-chile-dina-espanol\/\">Australia: \u00bfSantuario Para Los Torturadores De Pinochet?<\/a> Adriana Rivas sirvi\u00f3 en la agencia de inteligencia chilena bajo el dictador Augusto Pinochet. Este mes, un tribunal australiano decidir\u00e1 si ser\u00e1 extraditada a Chile.<\/p>\n<p class=\"text-abstract__content\" style=\"text-align: justify;\">Eventualmente se reunieron <a href=\"https:\/\/alborada.net\/pinochet-adriana-rivas-australia-chile-dina-espanol\/\">m\u00e1s de 600 firmas<\/a> en contra de Rivas, incluyendo a la gente que viv\u00eda en su suburbio, miembros de su club de f\u00fatbol y hasta un ex esposo de ella. Despu\u00e9s, algunos miembros del Parlamento de Australia emitieron declaraciones para que las autoridades de Australia colaboraran con la orden de arresto internacional de Rivas por la Interpol. Tambi\u00e9n, durante esta \u00e9poca ac\u00e1 se exhibi\u00f3 una pel\u00edcula sobre ella titulada \u2018<a href=\"https:\/\/www.youtube.com\/watch?v=WC7_GsFckB4\">El Pacto de Adriana<\/a>\u2019 (2017) que fue hecha por Lissette Orozco, una sobrina de Rivas en Chile. Intentando dar a conocer la verdad de su t\u00eda a la que ella hab\u00eda admirado mucho, Orozco realiz\u00f3 un excelente trabajo de investigaci\u00f3n para demostrar que su familiar hab\u00eda sido una agente de la polic\u00eda pol\u00edtica de Pinochet durante los inicios y m\u00e1s duros a\u00f1os de la dictadura, adem\u00e1s de una de las peores torturadoras de la DINA.<\/p>\n<p><img loading=\"lazy\" decoding=\"async\" class=\" wp-image-31034 aligncenter\" src=\"http:\/\/www.lapluma.net\/wp-content\/uploads\/2021\/10\/resena-el-pacto-de-adriana-exitoso-documental-chileno-que-se-estrena-en-colombia_opt2_-210x300.jpg\" alt=\"\" width=\"363\" height=\"519\" srcset=\"https:\/\/www.lapluma.net\/wp-content\/uploads\/2021\/10\/resena-el-pacto-de-adriana-exitoso-documental-chileno-que-se-estrena-en-colombia_opt2_-210x300.jpg 210w, https:\/\/www.lapluma.net\/wp-content\/uploads\/2021\/10\/resena-el-pacto-de-adriana-exitoso-documental-chileno-que-se-estrena-en-colombia_opt2_.jpg 600w\" sizes=\"auto, (max-width: 363px) 100vw, 363px\" \/><\/p>\n<\/div>\n<\/div>\n<\/div>\n<\/div>\n<\/div>\n<h3 style=\"text-align: justify;\"><strong>-\u00bfQu\u00e9 ocurre hoy con Adriana Rivas?<\/strong><\/h3>\n<p style=\"text-align: justify;\">Actualmente est\u00e1 en una c\u00e1rcel de mujeres en Sydney, Australia. Ya ha perdido dos apelaciones para no ser extraditada a Chile y su caso est\u00e1 alojado en la Corte Federal de Australia. Para una persona que resid\u00eda en una vivienda p\u00fablica del Gobierno, y supuestamente trabajaba como ni\u00f1era, es bastante inusual en t\u00e9rminos econ\u00f3micos que pueda defenderse legalmente a ese nivel.<\/p>\n<h6 style=\"text-align: center;\"><img loading=\"lazy\" decoding=\"async\" class=\" wp-image-31042 aligncenter\" src=\"http:\/\/www.lapluma.net\/wp-content\/uploads\/2021\/10\/Adriana-Rivas-detenida-en-Sydney-300x200.jpg\" alt=\"\" width=\"416\" height=\"277\" srcset=\"https:\/\/www.lapluma.net\/wp-content\/uploads\/2021\/10\/Adriana-Rivas-detenida-en-Sydney-300x200.jpg 300w, https:\/\/www.lapluma.net\/wp-content\/uploads\/2021\/10\/Adriana-Rivas-detenida-en-Sydney-768x512.jpg 768w, https:\/\/www.lapluma.net\/wp-content\/uploads\/2021\/10\/Adriana-Rivas-detenida-en-Sydney-435x290.jpg 435w, https:\/\/www.lapluma.net\/wp-content\/uploads\/2021\/10\/Adriana-Rivas-detenida-en-Sydney-150x100.jpg 150w, https:\/\/www.lapluma.net\/wp-content\/uploads\/2021\/10\/Adriana-Rivas-detenida-en-Sydney-370x247.jpg 370w, https:\/\/www.lapluma.net\/wp-content\/uploads\/2021\/10\/Adriana-Rivas-detenida-en-Sydney.jpg 960w\" sizes=\"auto, (max-width: 416px) 100vw, 416px\" \/>Adriana Rivas, de 68 a\u00f1os est\u00e1 detenida en Sydney desde febrero de 2019.<\/h6>\n<p style=\"text-align: justify;\"><strong>-\u00bfPueden existir otros ex miembros de la DINA, CNI o militares viviendo en Australia y que cometieron cr\u00edmenes durante la tiran\u00eda pinochetista? <\/strong><\/p>\n<p style=\"text-align: justify;\">No me sorprender\u00eda para nada. Por\u00a0 muchos a\u00f1os los servicios de inteligencia de Australia han trabajado con sus organizaciones equivalentes de los EE.UU. porque Australia es parte de la alianza \u2018Five Eyes\u2019 (Cinco Ojos), entidad creada despu\u00e9s de la Segunda Guerra Mundial. Esta alianza est\u00e1 compuesta por los EE.UU., Gran Breta\u00f1a, Canad\u00e1, Nueva Zelanda y Australia. Basado en eso, cuando los EE.UU. han colaborado con los servicios de inteligencia de otros pa\u00edses, en este caso con la dictadura militar en Chile, los aliados de Washington han terminado tomando una postura similar.<\/p>\n<p><img loading=\"lazy\" decoding=\"async\" class=\" wp-image-31036 aligncenter\" src=\"http:\/\/www.lapluma.net\/wp-content\/uploads\/2021\/10\/alianza-\u2018Five-Eyes-Cinco-Ojos-300x188.jpg\" alt=\"\" width=\"436\" height=\"273\" srcset=\"https:\/\/www.lapluma.net\/wp-content\/uploads\/2021\/10\/alianza-\u2018Five-Eyes-Cinco-Ojos-300x188.jpg 300w, https:\/\/www.lapluma.net\/wp-content\/uploads\/2021\/10\/alianza-\u2018Five-Eyes-Cinco-Ojos-768x480.jpg 768w, https:\/\/www.lapluma.net\/wp-content\/uploads\/2021\/10\/alianza-\u2018Five-Eyes-Cinco-Ojos.jpg 800w\" sizes=\"auto, (max-width: 436px) 100vw, 436px\" \/><\/p>\n<p style=\"text-align: justify;\"><strong>-\u00bfY es posible que a la inteligencia australiana se le \u00ab\u00a0haya colado\u00a0\u00bb el \u201cprontuario\u201d de Adriana Rivas?<\/strong><\/p>\n<p style=\"text-align: justify;\">Yo no acepto para nada que los servicios de inteligencia de Australia desconocieran qui\u00e9n era Adriana Rivas antes de entrar a Australia. Si no lo sab\u00edan, ser\u00edan unos incompetentes y dudo que lo sean. La que s\u00ed manifest\u00f3 una incompetencia fue la propia Rivas al ofrecer una entrevista tan reveladora, y que la muestra muy prepotente, como protegida por la impunidad, con el resto de la comunidad chilena en Australia. Se ve que se consideraba intocable y tal vez por mucho tiempo lo fue. En el caso de otras y otros individuos como Rivas, sospecho que fueron m\u00e1s h\u00e1biles y, por tanto, hace a\u00f1os que han cambiado sus nombres y creado nuevas identidades.<\/p>\n<p style=\"text-align: justify;\"><strong>La prestaci\u00f3n de servicios de la inteligencia australiana a la CIA<\/strong><\/p>\n<p style=\"text-align: justify;\"><strong>-Conocemos la Escuela Francesa originada en las fuerzas coloniales galas contra el Frente de Liberaci\u00f3n Nacional de Argelia, y su impacto determinante en Estados Unidos, Brasil y en la fatal Operaci\u00f3n C\u00f3ndor en las dictaduras que asolaron a Latinoam\u00e9rica entre los 50 y 70 del siglo XX, bajo la entonces nueva doctrina del enemigo interno. Sin embargo, la participaci\u00f3n de la inteligencia de Australia es una grav\u00edsima novedad. \u00bfA qu\u00e9 se deber\u00eda el involucramiento del Estado de Australia en el gobierno de Salvador Allende y luego en los a\u00f1os m\u00e1s duros de la tiran\u00eda pinochetista?<\/strong><\/p>\n<p style=\"text-align: justify;\">De acuerdo al periodista de investigaci\u00f3n norteamericano Seymour Hersh, que denunci\u00f3 la masacre de My Lai en Vietnam en 1969, los servicios de inteligencia de Allende ten\u00edan a la CIA en Chile muy bien vigilada, al punto que afect\u00f3 la capacidad de hacer su trabajo eficientemente. Basado en eso, la misma CIA le pidi\u00f3 al ministro de Relaciones Exteriores de Australia el env\u00edo de agentes de ASIS a Chile. Aparentemente, ni el director ni el subdirector del mismo ASIS estaban muy entusiasmados con la idea, y hasta declararon en un informe que Chile y el Gobierno de Allende no se presentaban como una amenaza para los intereses australianos. Pero siendo el Gobierno de Australia una buena mascota de Washington, Canberra acept\u00f3 el pedido estadounidense y mand\u00f3 a sus agentes.<\/p>\n<p style=\"text-align: justify;\"><strong>-\u00bfC\u00f3mo se desarroll\u00f3 la desclasificaci\u00f3n de los expedientes que implican al Estado australiano con la Unidad Popular y luego con la dictadura militar en Chile?<\/strong><\/p>\n<p style=\"text-align: justify;\">La desclasificaci\u00f3n de los archivos sobre la ASIS se logr\u00f3 gracias al profesor Clinton Fernandes de la Universidad de Nueva Gales del Sur. \u00c9l es un ex militar australiano (ninguna relaci\u00f3n con Am\u00e9rica Latina por su apellido) que trabaj\u00f3 en inteligencia. Aproximadamente 20 a\u00f1os atr\u00e1s fue acusado de revelar informaci\u00f3n sensible del \u00e1mbito militar de Australia y East Timor. En ese momento, Australia apoyaba un r\u00e9gimen militar en Indonesia mientras el pueblo de East Timor luchaba por su independencia. Fernandes fue disciplinado por el ej\u00e9rcito y eventualmente, cuando no se pudo comprobar que fue \u00e9l quien revel\u00f3 la informaci\u00f3n, se retir\u00f3 de las fuerzas armadas e ingres\u00f3 al mundo acad\u00e9mico. Desde entonces ha escrito varios libros muy valiosos sobre la pol\u00edtica exterior de Australia, y ha denunciado c\u00f3mo este pa\u00eds no solo es un aliado de los EE.UU., sino que tambi\u00e9n tiene su peque\u00f1o imperio en esta parte del mundo.<\/p>\n<p style=\"text-align: justify;\">Dentro de sus investigaciones, en b\u00fasqueda de las actividades del diplom\u00e1tico australiano No\u00ebl Deschamps, Fernandes pidi\u00f3 los archivos de Australia en Chile. Deschamps fue el representante m\u00e1ximo de Australia en Chile durante el Gobierno de Allende. De acuerdo a Fernandes, Australia y ASIS probablemente estuvieron seriamente involucrados en el golpe de Estado en Chile en 1973 y en el de Camboya en 1970.<\/p>\n<p style=\"text-align: justify;\"><strong>-\u00bfQu\u00e9 busca el grupo humano de chilenos en Australia que suscriben la carta del 17 de septiembre \u00faltimo? <\/strong><\/p>\n<p style=\"text-align: justify;\">La iniciativa fue tomada por la abogada Adriana Navarro que tambi\u00e9n es activista de derechos humanos, y por m\u00ed. Una vez que escribimos la carta abierta fue r\u00e1pidamente apoyada por 70 chileno-australianos. En la carta declaramos que somos una peque\u00f1a muestra de muchos chilenos que vivimos en Australia y que fuimos perseguidos por la dictadura. Por ahora, solicitamos una disculpa oficial del Gobierno de Australia por haber trabajado con la CIA y colaborado con la creaci\u00f3n de las condiciones para el golpe militar del 11 de septiembre de 1973. Asimismo, pedimos la desclasificaci\u00f3n de todos los archivos del Gobierno de Australia en relaci\u00f3n a las actividades de ASIS en Chile. Este proceso ser\u00e1 muy extenso, pero como v\u00edctimas de una brutal dictadura, carecer\u00edamos de dignidad si no lo hici\u00e9ramos.\u00a0\u00a0<\/p>\n<p><strong>Nota<\/strong><\/p>\n<p style=\"text-align: justify;\"><strong>[1] El entrevistado Rodrigo Acu\u00f1a es un periodista independiente que escribe sobre pol\u00edtica latinoamericana y es locutor de <\/strong><a href=\"https:\/\/alborada.net\/indestructible\/\" data-saferedirecturl=\"https:\/\/www.google.com\/url?q=https:\/\/alborada.net\/indestructible\/&amp;source=gmail&amp;ust=1632931907241000&amp;usg=AFQjCNH5eSQEs5Ux5lDmvr_p5erSfR-gAA\"><strong>Indestructible Podcast<\/strong><\/a><strong>\u00a0de\u00a0<\/strong><a href=\"https:\/\/alborada.net\/\" data-saferedirecturl=\"https:\/\/www.google.com\/url?q=https:\/\/alborada.net\/&amp;source=gmail&amp;ust=1632931907241000&amp;usg=AFQjCNF5yANd8mhFZGu3sgbxZWs55a0WQQ\"><strong>Alborada<\/strong><\/a><strong>. Tiene un doctorado de la Universidad de Macquarie, Sydney, Australia.\u00a0<\/strong><strong>Puedes seguirlo en Twitter en @rodrigoac7.<\/strong><\/p>\n<h4><strong><span class=\"post-author-name\">Andr\u00e9s Figueroa Cornejo para La Pluma, 29 de septiembre de 2021<\/span><\/strong><\/h4>\n<h4>Editado por <a href=\"http:\/\/www.lapluma.net\/nosotros\/editora\/\">Mar\u00eda Piedad Ossaba<\/a><\/h4>\n<p>\u00a0<\/p>\n<p style=\"text-align: justify;\">\u00a0<\/p>\n","protected":false},"excerpt":{"rendered":"<p>Entrevista con el period&iacute;sta chileno australiano Rodr&iacute;go Acu&ntilde;a Mediante una carta dirigida al Gobierno de Australia cifrada el pasado 17 de septiembre de 2021, un grupo de miembros de la comunidad chilena en ese pa&iacute;s dieron cuenta de su preocupaci&oacute;n en materia de derechos humanos a causa de la publicaci&oacute;n por el Archivo de Seguridad&#8230;<\/p>\n","protected":false},"author":286,"featured_media":31037,"comment_status":"open","ping_status":"open","sticky":false,"template":"","format":"standard","meta":{"_uf_show_specific_survey":0,"_uf_disable_surveys":false,"footnotes":""},"categories":[218],"tags":[15346,6181,15345,6780,15344,15347,208,15348,12816],"coauthors":[2520],"class_list":["post-31026","post","type-post","status-publish","format-standard","has-post-thumbnail","hentry","category-monde","tag-adriana-rivas","tag-andres-figueroa-cornejo","tag-caso-agente-dina","tag-chile-abya-yala","tag-golpe-de-estado-de-1973","tag-rodrigo-acuna","tag-salvador-allende","tag-servicio-secreto-de-inteligencia-australiano","tag-violaciones-ddhh-dih"],"translation":{"provider":"WPGlobus","version":"2.12.2","language":"fr","enabled_languages":["es","fr"],"languages":{"es":{"title":true,"content":true,"excerpt":false},"fr":{"title":false,"content":false,"excerpt":false}}},"_links":{"self":[{"href":"https:\/\/www.lapluma.net\/fr\/wp-json\/wp\/v2\/posts\/31026","targetHints":{"allow":["GET"]}}],"collection":[{"href":"https:\/\/www.lapluma.net\/fr\/wp-json\/wp\/v2\/posts"}],"about":[{"href":"https:\/\/www.lapluma.net\/fr\/wp-json\/wp\/v2\/types\/post"}],"author":[{"embeddable":true,"href":"https:\/\/www.lapluma.net\/fr\/wp-json\/wp\/v2\/users\/286"}],"replies":[{"embeddable":true,"href":"https:\/\/www.lapluma.net\/fr\/wp-json\/wp\/v2\/comments?post=31026"}],"version-history":[{"count":4,"href":"https:\/\/www.lapluma.net\/fr\/wp-json\/wp\/v2\/posts\/31026\/revisions"}],"predecessor-version":[{"id":31044,"href":"https:\/\/www.lapluma.net\/fr\/wp-json\/wp\/v2\/posts\/31026\/revisions\/31044"}],"wp:featuredmedia":[{"embeddable":true,"href":"https:\/\/www.lapluma.net\/fr\/wp-json\/wp\/v2\/media\/31037"}],"wp:attachment":[{"href":"https:\/\/www.lapluma.net\/fr\/wp-json\/wp\/v2\/media?parent=31026"}],"wp:term":[{"taxonomy":"category","embeddable":true,"href":"https:\/\/www.lapluma.net\/fr\/wp-json\/wp\/v2\/categories?post=31026"},{"taxonomy":"post_tag","embeddable":true,"href":"https:\/\/www.lapluma.net\/fr\/wp-json\/wp\/v2\/tags?post=31026"},{"taxonomy":"author","embeddable":true,"href":"https:\/\/www.lapluma.net\/fr\/wp-json\/wp\/v2\/coauthors?post=31026"}],"curies":[{"name":"wp","href":"https:\/\/api.w.org\/{rel}","templated":true}]}}