{"id":30937,"date":"2021-09-29T15:11:32","date_gmt":"2021-09-29T15:11:32","guid":{"rendered":"http:\/\/www.lapluma.net\/?p=30937"},"modified":"2021-09-29T15:11:33","modified_gmt":"2021-09-29T15:11:33","slug":"estados-unidos-reflexiones-dramaticas-en-voz-alta","status":"publish","type":"post","link":"https:\/\/www.lapluma.net\/fr\/2021\/09\/29\/estados-unidos-reflexiones-dramaticas-en-voz-alta\/","title":{"rendered":"Estados Unidos: reflexiones dram\u00e1ticas en voz alta"},"content":{"rendered":"\n<p style=\"text-align: justify;\">En Estados Unidos est\u00e1n ocurriendo algunas cosas sorprendentes, la presidenta de la c\u00e1mara de representantes Nancy Pelosi durante un evento en Londres ha admitido que el capitalismo \u201cno ha servido a nuestra econom\u00eda tan bien como deber\u00eda\u201d. Asumiendo la diferencia entre la econom\u00eda especulativa que hoy domina el pa\u00eds y la econom\u00eda productiva que le dio esplendor en el siglo XIX, cuando tras la guerra de secesi\u00f3n pudieron unificarse en torno al capitalismo, Pelosi ha afirmado que \u201cel cambio econ\u00f3mico de las \u00faltimas d\u00e9cadas ha favorecido al &lsquo;capitalismo de accionistas&rsquo;\u201d.<\/p>\n<p><img loading=\"lazy\" decoding=\"async\" class=\" wp-image-30938 aligncenter\" src=\"http:\/\/www.lapluma.net\/wp-content\/uploads\/2021\/09\/Nancy-Pelosi-300x300.jpg\" alt=\"\" width=\"379\" height=\"379\" srcset=\"https:\/\/www.lapluma.net\/wp-content\/uploads\/2021\/09\/Nancy-Pelosi-300x300.jpg 300w, https:\/\/www.lapluma.net\/wp-content\/uploads\/2021\/09\/Nancy-Pelosi-150x150.jpg 150w, https:\/\/www.lapluma.net\/wp-content\/uploads\/2021\/09\/Nancy-Pelosi.jpg 680w\" sizes=\"auto, (max-width: 379px) 100vw, 379px\" \/><\/p>\n<p style=\"text-align: justify;\">Aunque parezca ins\u00f3lito, la influyente dirigente dem\u00f3crata, lleg\u00f3 a decir que: \u00ab\u00a0No se puede tener un sistema en el que el \u00e9xito de algunos emana de la explotaci\u00f3n de los trabajadores y brota de la explotaci\u00f3n del medioambiente y el resto, y tenemos que corregirlo\u201d. Ella cree que el sector privado se ha dado cuenta de esta situaci\u00f3n y comprende la necesidad de hacer cambios.<\/p>\n<p style=\"text-align: justify;\">No obstante, cuando el gobierno chino hace unas semanas se propuso incrementar el aporte que los ricos deb\u00edan entregar a la sociedad a fin de avanzar hacia la prosperidad com\u00fan, en Estados Unidos y Occidente pusieron el grito en el cielo.<\/p>\n<p><img loading=\"lazy\" decoding=\"async\" class=\" wp-image-30462 aligncenter\" src=\"http:\/\/www.lapluma.net\/wp-content\/uploads\/2021\/09\/economia_china_0-300x173.jpg\" sizes=\"auto, (max-width: 517px) 100vw, 517px\" srcset=\"http:\/\/www.lapluma.net\/wp-content\/uploads\/2021\/09\/economia_china_0-300x173.jpg 300w, http:\/\/www.lapluma.net\/wp-content\/uploads\/2021\/09\/economia_china_0.jpg 500w\" alt=\"\" width=\"517\" height=\"298\" \/><\/p>\n<p style=\"text-align: justify;\">Sin embargo, el propio presidente Biden se ha quejado de que desde el inicio de la pandemia, la fortuna de los multimillonarios haya aumentado en\u00a01,8 billones de d\u00f3lares, y que\u00a055 de las corporaciones m\u00e1s grandes\u00a0del pa\u00eds no pagan\u00a0ni un c\u00e9ntimo en impuestos federales sobre la renta. Biden calific\u00f3 tal situaci\u00f3n de \u201csimplemente injusta\u201d. Entonces, uno podr\u00eda preguntarse, \u00bfpor qu\u00e9 es injusta en Estados Unidos y no en China?<\/p>\n<h6 style=\"text-align: center;\"><img loading=\"lazy\" decoding=\"async\" class=\" wp-image-30939 aligncenter\" src=\"http:\/\/www.lapluma.net\/wp-content\/uploads\/2021\/09\/biden-injusticia-300x198.jpg\" alt=\"\" width=\"395\" height=\"261\" srcset=\"https:\/\/www.lapluma.net\/wp-content\/uploads\/2021\/09\/biden-injusticia-300x198.jpg 300w, https:\/\/www.lapluma.net\/wp-content\/uploads\/2021\/09\/biden-injusticia-1024x677.jpg 1024w, https:\/\/www.lapluma.net\/wp-content\/uploads\/2021\/09\/biden-injusticia-768x508.jpg 768w, https:\/\/www.lapluma.net\/wp-content\/uploads\/2021\/09\/biden-injusticia-150x100.jpg 150w, https:\/\/www.lapluma.net\/wp-content\/uploads\/2021\/09\/biden-injusticia.jpg 1210w\" sizes=\"auto, (max-width: 395px) 100vw, 395px\" \/><a href=\"https:\/\/www.latimes.com\/espanol\/eeuu\/articulo\/2021-04-28\/biden-es-hora-de-que-grandes-empresas-y-los-ricos-paguen-de-forma-justa\">Biden: Es hora de que grandes empresas y los ricos paguen de forma justa<\/a><\/h6>\n<p style=\"text-align: justify;\">En Estados Unidos, la C\u00e1mara de Representantes se propone discutir una ley que aumentar\u00eda los impuestos sobre la renta a los ricos y a algunas corporaciones a fin de financiar la mayor parte del proyecto de ley de gastos p\u00fablicos valuado en 3,5 billones de d\u00f3lares elaborado por el presidente Biden. La medida impositiva elevar\u00eda las tasas de impuestos corporativos del 21 al 26,5%. La tasa m\u00e1xima de ganancias de capital aumentar\u00eda a solo el 25%, lo que est\u00e1 muy por debajo de la tasa impositiva sobre las ganancias de capital de casi 40% propuesta por Biden.<\/p>\n<p><img loading=\"lazy\" decoding=\"async\" class=\" wp-image-30942 aligncenter\" src=\"http:\/\/www.lapluma.net\/wp-content\/uploads\/2021\/09\/USA-impuestos-grandes-corporaciones-300x164.jpg\" alt=\"\" width=\"333\" height=\"182\" srcset=\"https:\/\/www.lapluma.net\/wp-content\/uploads\/2021\/09\/USA-impuestos-grandes-corporaciones-300x164.jpg 300w, https:\/\/www.lapluma.net\/wp-content\/uploads\/2021\/09\/USA-impuestos-grandes-corporaciones-768x419.jpg 768w, https:\/\/www.lapluma.net\/wp-content\/uploads\/2021\/09\/USA-impuestos-grandes-corporaciones-203x110.jpg 203w, https:\/\/www.lapluma.net\/wp-content\/uploads\/2021\/09\/USA-impuestos-grandes-corporaciones.jpg 770w\" sizes=\"auto, (max-width: 333px) 100vw, 333px\" \/><\/p>\n<p style=\"text-align: justify;\">El trasfondo de la preocupaci\u00f3n viene dada, entre otras cosas, porque un informe de la ONU ha constatado que en Estados Unidos, una de cada tres familias con hijos pas\u00f3 hambre.\u00a0Incluso antes de la pandemia, en 2019, las estad\u00edsticas oficiales del Departamento de Agricultura de Estados Unidos (USDA) detallaban que 35 millones de personas pasaban hambre y 10 millones de ellas eran ni\u00f1os.<\/p>\n<p><img loading=\"lazy\" decoding=\"async\" class=\" wp-image-30940 aligncenter\" src=\"http:\/\/www.lapluma.net\/wp-content\/uploads\/2021\/09\/pobreza-USA-300x172.jpg\" alt=\"\" width=\"392\" height=\"225\" srcset=\"https:\/\/www.lapluma.net\/wp-content\/uploads\/2021\/09\/pobreza-USA-300x172.jpg 300w, https:\/\/www.lapluma.net\/wp-content\/uploads\/2021\/09\/pobreza-USA.jpg 640w\" sizes=\"auto, (max-width: 392px) 100vw, 392px\" \/><\/p>\n<p style=\"text-align: justify;\">De hecho, a mediados de este a\u00f1o, 63 millones de personas en Estados Unidos dijeron a los investigadores del gobierno que no pod\u00edan pagar los gastos habituales de su hogar, en particular, el equilibrio entre la comida y el alquiler, pero que tambi\u00e9n inclu\u00eda los pr\u00e9stamos estudiantiles y los medicamentos. Seg\u00fan el informe, la cifra tambi\u00e9n es muy desigual entre negros, latinos y blancos en t\u00e9rminos de la insuficiencia alimentaria.<\/p>\n<p style=\"text-align: justify;\">Por eso y no porque se haya vuelto socialista, Biden ha insistido en que: USA the american drean is over agregando que: \u201cHace mucho que esto deber\u00eda haberse hecho\u201d.<\/p>\n<p><img loading=\"lazy\" decoding=\"async\" class=\" wp-image-30941 aligncenter\" src=\"http:\/\/www.lapluma.net\/wp-content\/uploads\/2021\/09\/USA-the-american-drean-is-over-300x200.jpg\" alt=\"\" width=\"393\" height=\"262\" srcset=\"https:\/\/www.lapluma.net\/wp-content\/uploads\/2021\/09\/USA-the-american-drean-is-over-300x200.jpg 300w, https:\/\/www.lapluma.net\/wp-content\/uploads\/2021\/09\/USA-the-american-drean-is-over-435x290.jpg 435w, https:\/\/www.lapluma.net\/wp-content\/uploads\/2021\/09\/USA-the-american-drean-is-over-150x100.jpg 150w, https:\/\/www.lapluma.net\/wp-content\/uploads\/2021\/09\/USA-the-american-drean-is-over-370x247.jpg 370w, https:\/\/www.lapluma.net\/wp-content\/uploads\/2021\/09\/USA-the-american-drean-is-over.jpg 600w\" sizes=\"auto, (max-width: 393px) 100vw, 393px\" \/><\/p>\n<p>\u00a0<\/p>\n<p style=\"text-align: justify;\">\u00a1Biden hablando de equidad! Algo raro est\u00e1 pasando en Estados Unidos, tal vez sea que no saben como manejar la crisis porque ya no es solo de car\u00e1cter coyuntural, sino que pareciera apuntar a las bases mismas del sistema capitalista.<\/p>\n<h4 style=\"text-align: justify;\">Sergio Rodr\u00edguez Gelfenstein para La Pluma, 27 de septiembre de 2021.<\/h4>\n<h4 style=\"text-align: justify;\"><strong>Editado por <a href=\"http:\/\/www.lapluma.net\/nosotros\/editora\/\">Mar\u00eda Piedad Ossaba<\/a><\/strong><\/h4>\n","protected":false},"excerpt":{"rendered":"<p>USA the american drean is over agregando que: \u201cHace mucho que esto deber\u00eda haberse hecho\u201d.<\/p>\n","protected":false},"author":9,"featured_media":30941,"comment_status":"open","ping_status":"open","sticky":false,"template":"","format":"standard","meta":{"_uf_show_specific_survey":0,"_uf_disable_surveys":false,"footnotes":""},"categories":[5],"tags":[15300,15303,15301,15302,15305,14745,39,15307,379],"coauthors":[266],"class_list":["post-30937","post","type-post","status-publish","format-standard","has-post-thumbnail","hentry","category-editoriales-y-opiniones","tag-biden-pelosi","tag-cambio-economico","tag-economia-especulativa","tag-economia-productiva","tag-impuestos-sobre-la-renta-a-los-ricos-coroporaciones","tag-justicia-social","tag-sergio-rodriguez-gelfenstein","tag-usa-the-american-drean-is-over","tag-usa-china"],"translation":{"provider":"WPGlobus","version":"2.12.2","language":"fr","enabled_languages":["es","fr"],"languages":{"es":{"title":true,"content":true,"excerpt":true},"fr":{"title":false,"content":false,"excerpt":false}}},"_links":{"self":[{"href":"https:\/\/www.lapluma.net\/fr\/wp-json\/wp\/v2\/posts\/30937","targetHints":{"allow":["GET"]}}],"collection":[{"href":"https:\/\/www.lapluma.net\/fr\/wp-json\/wp\/v2\/posts"}],"about":[{"href":"https:\/\/www.lapluma.net\/fr\/wp-json\/wp\/v2\/types\/post"}],"author":[{"embeddable":true,"href":"https:\/\/www.lapluma.net\/fr\/wp-json\/wp\/v2\/users\/9"}],"replies":[{"embeddable":true,"href":"https:\/\/www.lapluma.net\/fr\/wp-json\/wp\/v2\/comments?post=30937"}],"version-history":[{"count":1,"href":"https:\/\/www.lapluma.net\/fr\/wp-json\/wp\/v2\/posts\/30937\/revisions"}],"predecessor-version":[{"id":30943,"href":"https:\/\/www.lapluma.net\/fr\/wp-json\/wp\/v2\/posts\/30937\/revisions\/30943"}],"wp:featuredmedia":[{"embeddable":true,"href":"https:\/\/www.lapluma.net\/fr\/wp-json\/wp\/v2\/media\/30941"}],"wp:attachment":[{"href":"https:\/\/www.lapluma.net\/fr\/wp-json\/wp\/v2\/media?parent=30937"}],"wp:term":[{"taxonomy":"category","embeddable":true,"href":"https:\/\/www.lapluma.net\/fr\/wp-json\/wp\/v2\/categories?post=30937"},{"taxonomy":"post_tag","embeddable":true,"href":"https:\/\/www.lapluma.net\/fr\/wp-json\/wp\/v2\/tags?post=30937"},{"taxonomy":"author","embeddable":true,"href":"https:\/\/www.lapluma.net\/fr\/wp-json\/wp\/v2\/coauthors?post=30937"}],"curies":[{"name":"wp","href":"https:\/\/api.w.org\/{rel}","templated":true}]}}