{"id":30913,"date":"2021-09-29T10:10:58","date_gmt":"2021-09-29T10:10:58","guid":{"rendered":"http:\/\/www.lapluma.net\/?p=30913"},"modified":"2021-09-29T10:40:41","modified_gmt":"2021-09-29T10:40:41","slug":"tulio-febres-cordero-el-perro-nevado","status":"publish","type":"post","link":"https:\/\/www.lapluma.net\/fr\/2021\/09\/29\/tulio-febres-cordero-el-perro-nevado\/","title":{"rendered":"Tulio Febres-Cordero: El perro Nevado. Libro libre"},"content":{"rendered":"\n<p style=\"text-align: justify;\"><span class=\"css-901oao css-16my406 r-poiln3 r-bcqeeo r-qvutc0\">Don Tulio Febres Cordero \u00a0(M\u00e9rida, Venezuela; 31 de mayo de 1860-<i>Ibidem<\/i>, 3 de junio de 1938) . Escritor, historiador, profesor universitario y periodista, considerado uno de los m\u00e1s fecundos eruditos que ha parido nuestra tierra. Su obra abarca diversas ramas del saber como la sociolog\u00eda, la antropolog\u00eda, la historia, la geograf\u00eda, el derecho, la literatura y la educaci\u00f3n; escritas a su vez en diversos g\u00e9neros period\u00edsticos y literarios. Con un lenguaje sencillo se encarg\u00f3 de rescatar y convertir la oralidad en lengua escrita, con el objetivo de que las costumbres y saberes de su estado natal, no se perdieran en el tiempo.<br \/><\/span><\/p>\n<h5><span dir=\"ltr\" role=\"presentation\"><img loading=\"lazy\" decoding=\"async\" class=\"wp-image-30921 aligncenter\" src=\"http:\/\/www.lapluma.net\/wp-content\/uploads\/2021\/09\/Tulio-Febres-C-300x156.jpg\" alt=\"\" width=\"431\" height=\"224\" srcset=\"https:\/\/www.lapluma.net\/wp-content\/uploads\/2021\/09\/Tulio-Febres-C-300x156.jpg 300w, https:\/\/www.lapluma.net\/wp-content\/uploads\/2021\/09\/Tulio-Febres-C.jpg 600w\" sizes=\"auto, (max-width: 431px) 100vw, 431px\" \/><\/span><\/h5>\n<p><img loading=\"lazy\" decoding=\"async\" class=\" wp-image-30919 aligncenter\" src=\"http:\/\/www.lapluma.net\/wp-content\/uploads\/2021\/09\/Capture-El-perro-Nevado-1-199x300.jpg\" alt=\"\" width=\"357\" height=\"538\" srcset=\"https:\/\/www.lapluma.net\/wp-content\/uploads\/2021\/09\/Capture-El-perro-Nevado-1-199x300.jpg 199w, https:\/\/www.lapluma.net\/wp-content\/uploads\/2021\/09\/Capture-El-perro-Nevado-1.jpg 359w\" sizes=\"auto, (max-width: 357px) 100vw, 357px\" \/><\/p>\n<h1 style=\"text-align: center;\"><a href=\"http:\/\/www.lapluma.net\/wp-content\/uploads\/2021\/09\/el_perro_nevado.pdf\">El perro Nevado libro completo formato PDF<\/a><\/h1>\n<p style=\"text-align: justify;\">El silencio de los p\u00e1ramos es completo. No hay aves que canten, ni \u00e1rboles que luchen con el viento, ni r\u00edos estrepitosos que atruenen el espacio. Es una naturaleza grandiosa, pero llena de gravedad y de tristeza. Aquellos cerros desnudos y alt\u00edsimos, acumulados al capricho, parecen las ruinas de un mundo en otro tiempo habitado por c\u00edclopes y gigantes. Lo que pasa en alta mar, lo que pasa en la llanura inmensa, eso mismo sucede en los p\u00e1ramos andinos. El hombre se siente humillado ante la naturaleza y se recoge en s\u00ed mismo. Por eso la ascensi\u00f3n a las alturas de la cordillera venezolana no solamente es fatigosa para el cuerpo, sino abrumadora y triste para el esp\u00edritu. Bajo las mantas y abrigos que son necesarios al viajero para soportar un fr\u00edo que acalambra los miembros, el alma tambi\u00e9n se recoge y busca el calor de los recuerdos, de los pensamientos y de los afectos que le son m\u00e1s caros en la vida.<\/p>\n<p style=\"text-align: justify;\">En una brumosa tarde de junio del a\u00f1o de 1813, se detuvo una escolta de caballer\u00eda frente a la casa de moconoque, sitio distante a una legua de la villa de mucuch\u00edes, para entonces el lugar m\u00e1s elevado de Venezuela. La casa parec\u00eda desierta, pero apenas habr\u00edan dado dos o tres toques en la puerta, cuando instintivamente los caballos que estaban m\u00e1s cerca retrocedieron espantados. Un enorme perro salt\u00f3 a la mitad del camino, dando furiosos aullidos. Era un animal corpulento y lanudo como un carnero, de la raza especial de los p\u00e1ramos andinos, que en nada cede a la muy afamada de los perros del monte de San Bernardo.<\/p>\n<p>Edici\u00f3n:<br \/>Elis Labrador \/ Carla Ricciardelli<br \/>Correcci\u00f3n:<br \/>Vanessa Chapman<br \/>Jos\u00e9 Jenaro Rueda<br \/>Ilustraciones:<br \/>Estefany L\u00f3pez Arria <br \/>Dise\u00f1o y Diagramaci\u00f3n: <br \/>Ennio Tucci <br \/>Hecho el Dep\u00f3sito de Ley<br \/>ISBN: 978-980-14-4752-8<br \/>Dep\u00f3sito Legal: DC2021000165<\/p>\n<p><strong>Tulio Febres-Cordero<\/strong><\/p>\n<p style=\"text-align: justify;\"><strong>Editado por <a href=\"http:\/\/www.lapluma.net\/nosotros\/editora\/\">Mar\u00eda Piedad Ossaba<\/a><\/strong><\/p>\n<p>\u00a0<\/p>\n","protected":false},"excerpt":{"rendered":"<p>Don Tulio Febres Cordero el patriarca de las letras<\/p>\n","protected":false},"author":959,"featured_media":30918,"comment_status":"open","ping_status":"open","sticky":false,"template":"","format":"standard","meta":{"_uf_show_specific_survey":0,"_uf_disable_surveys":false,"footnotes":""},"categories":[19],"tags":[15292,5413,15293,15291,13849],"coauthors":[15294],"class_list":["post-30913","post","type-post","status-publish","format-standard","has-post-thumbnail","hentry","category-literatura","tag-el-perro-nevado","tag-libros-libres","tag-literatura-latinoamericana","tag-tulio-febres-cordero","tag-venezuela-abya-yala-2"],"translation":{"provider":"WPGlobus","version":"2.12.2","language":"fr","enabled_languages":["es","fr"],"languages":{"es":{"title":true,"content":true,"excerpt":true},"fr":{"title":false,"content":false,"excerpt":false}}},"_links":{"self":[{"href":"https:\/\/www.lapluma.net\/fr\/wp-json\/wp\/v2\/posts\/30913","targetHints":{"allow":["GET"]}}],"collection":[{"href":"https:\/\/www.lapluma.net\/fr\/wp-json\/wp\/v2\/posts"}],"about":[{"href":"https:\/\/www.lapluma.net\/fr\/wp-json\/wp\/v2\/types\/post"}],"author":[{"embeddable":true,"href":"https:\/\/www.lapluma.net\/fr\/wp-json\/wp\/v2\/users\/959"}],"replies":[{"embeddable":true,"href":"https:\/\/www.lapluma.net\/fr\/wp-json\/wp\/v2\/comments?post=30913"}],"version-history":[{"count":5,"href":"https:\/\/www.lapluma.net\/fr\/wp-json\/wp\/v2\/posts\/30913\/revisions"}],"predecessor-version":[{"id":30929,"href":"https:\/\/www.lapluma.net\/fr\/wp-json\/wp\/v2\/posts\/30913\/revisions\/30929"}],"wp:featuredmedia":[{"embeddable":true,"href":"https:\/\/www.lapluma.net\/fr\/wp-json\/wp\/v2\/media\/30918"}],"wp:attachment":[{"href":"https:\/\/www.lapluma.net\/fr\/wp-json\/wp\/v2\/media?parent=30913"}],"wp:term":[{"taxonomy":"category","embeddable":true,"href":"https:\/\/www.lapluma.net\/fr\/wp-json\/wp\/v2\/categories?post=30913"},{"taxonomy":"post_tag","embeddable":true,"href":"https:\/\/www.lapluma.net\/fr\/wp-json\/wp\/v2\/tags?post=30913"},{"taxonomy":"author","embeddable":true,"href":"https:\/\/www.lapluma.net\/fr\/wp-json\/wp\/v2\/coauthors?post=30913"}],"curies":[{"name":"wp","href":"https:\/\/api.w.org\/{rel}","templated":true}]}}