{"id":30622,"date":"2021-09-17T21:26:44","date_gmt":"2021-09-17T21:26:44","guid":{"rendered":"http:\/\/www.lapluma.net\/?p=30622"},"modified":"2021-09-17T21:29:38","modified_gmt":"2021-09-17T21:29:38","slug":"quien-es-quien-en-el-conflicto-de-afganistan","status":"publish","type":"post","link":"https:\/\/www.lapluma.net\/fr\/2021\/09\/17\/quien-es-quien-en-el-conflicto-de-afganistan\/","title":{"rendered":"Qui\u00e9n es qui\u00e9n en el conflicto de Afganist\u00e1n"},"content":{"rendered":"\n<h3 style=\"text-align: justify;\">Conquista talib\u00e1n, crisis de Kabul y Gobierno del Emirato<\/h3>\n<p style=\"text-align: justify;\"><b>Presentaci\u00f3n<\/b><br \/>Con este documento, CIDOB realiza un estudio de los acontecimientos pol\u00edticos vividos en Afganist\u00e1n entre agosto y septiembre de 2021, abord\u00e1ndolos desde las perspectivas de 54 actores, personales y estatales, implicados en los mismos. A trav\u00e9s de estos protagonistas en contexto, se establecen los antecedentes de la crisis y se estudia la secuencia de los acontecimientos: la retirada de las tropas de Estados Unidos y la OTAN; la ofensiva rel\u00e1mpago de los talibanes, los colapsos del Ej\u00e9rcito Nacional Afgano y el Gobierno de la Rep\u00fablica Isl\u00e1mica, y la conquista de la pr\u00e1ctica totalidad del pa\u00eds por los fundamentalistas; los puentes a\u00e9reos internacionales de emergencia para la evacuaci\u00f3n de extranjeros y ciudadanos afganos; la situaci\u00f3n de inseguridad y violencia en el aeropuerto de Kabul; las consultas pol\u00edticas en la capital y la resistencia antitalib\u00e1n en Panjshir; y la constituci\u00f3n del Gobierno interino del Emirato Isl\u00e1mico de Afganist\u00e1n, as\u00ed como las primeras disposiciones de los talibanes y los primeros movimientos diplom\u00e1ticos en torno al nuevo r\u00e9gimen. <i>(Este documento tiene cobertura informativa hasta el 16 de septiembre de 2021. Para m\u00e1s informaci\u00f3n sobre la actualidad en Afganist\u00e1n, pueden consultarse otros documentos y materiales de los investigadores de CIDOB que se enlazan al <a href=\"https:\/\/www.cidob.org\/en\/biografias_lideres_politicos_only_in_spanish\/asia\/afganistan\/quien_es_quien_en_el_conflicto_de_afganistan#final\">final de esta p\u00e1gina<\/a>)<\/i>.\u00a0\u00a0<\/p>\n<p><img loading=\"lazy\" decoding=\"async\" class=\"wp-image-30624 alignleft\" src=\"http:\/\/www.lapluma.net\/wp-content\/uploads\/2021\/09\/quien_es_quien_en_el_conflicto_de_afganistan-227x300.gif\" alt=\"\" width=\"185\" height=\"244\" \/><\/p>\n<p>\u00a0<\/p>\n<p>\u00a0<\/p>\n<p style=\"text-align: left;\"><a href=\"https:\/\/www.cidob.org\/en\/biografias_lideres_politicos_only_in_spanish\/asia\/afganistan\/quien_es_quien_en_el_conflicto_de_afganistan\" target=\"_blank\" rel=\"noopener\"><b>Leer en l\u00ednea<\/b><\/a><\/p>\n<p><b><a href=\"https:\/\/www.cidob.org\/en\/profileexportpdf\/75535\" target=\"_blank\" rel=\"noopener\">Descargar pdf <\/a><\/b><\/p>\n<p>\u00a0<\/p>\n<p>\u00a0<\/p>\n<h4><b>Editado por <a href=\"mailto:biografias@cidob.org\">Roberto Ortiz de Z\u00e1rate<\/a><\/b><\/h4>\n<h4>Fuente: <a href=\"https:\/\/www.cidob.org\/en\/biografias_lideres_politicos_only_in_spanish\/asia\/afganistan\/quien_es_quien_en_el_conflicto_de_afganistan\">CIDOB<\/a>, 16 de septiembre de 2021<\/h4>\n<p>\u00a0<\/p>\n","protected":false},"excerpt":{"rendered":"<p>A trav\u00e9s de estos protagonistas en contexto, se establecen los antecedentes de la crisis y se estudia la secuencia de los acontecimientos&#8230;<\/p>\n","protected":false},"author":950,"featured_media":30629,"comment_status":"open","ping_status":"open","sticky":false,"template":"","format":"standard","meta":{"_uf_show_specific_survey":0,"_uf_disable_surveys":false,"footnotes":""},"categories":[218],"tags":[14619,15099,14616,14641,5159],"coauthors":[15100],"class_list":["post-30622","post","type-post","status-publish","format-standard","has-post-thumbnail","hentry","category-monde","tag-afganistan","tag-cidob","tag-talibanes","tag-usa-afganistan-retirada","tag-usa-otan"],"translation":{"provider":"WPGlobus","version":"2.12.2","language":"fr","enabled_languages":["es","fr"],"languages":{"es":{"title":true,"content":true,"excerpt":true},"fr":{"title":false,"content":false,"excerpt":false}}},"_links":{"self":[{"href":"https:\/\/www.lapluma.net\/fr\/wp-json\/wp\/v2\/posts\/30622","targetHints":{"allow":["GET"]}}],"collection":[{"href":"https:\/\/www.lapluma.net\/fr\/wp-json\/wp\/v2\/posts"}],"about":[{"href":"https:\/\/www.lapluma.net\/fr\/wp-json\/wp\/v2\/types\/post"}],"author":[{"embeddable":true,"href":"https:\/\/www.lapluma.net\/fr\/wp-json\/wp\/v2\/users\/950"}],"replies":[{"embeddable":true,"href":"https:\/\/www.lapluma.net\/fr\/wp-json\/wp\/v2\/comments?post=30622"}],"version-history":[{"count":4,"href":"https:\/\/www.lapluma.net\/fr\/wp-json\/wp\/v2\/posts\/30622\/revisions"}],"predecessor-version":[{"id":30632,"href":"https:\/\/www.lapluma.net\/fr\/wp-json\/wp\/v2\/posts\/30622\/revisions\/30632"}],"wp:featuredmedia":[{"embeddable":true,"href":"https:\/\/www.lapluma.net\/fr\/wp-json\/wp\/v2\/media\/30629"}],"wp:attachment":[{"href":"https:\/\/www.lapluma.net\/fr\/wp-json\/wp\/v2\/media?parent=30622"}],"wp:term":[{"taxonomy":"category","embeddable":true,"href":"https:\/\/www.lapluma.net\/fr\/wp-json\/wp\/v2\/categories?post=30622"},{"taxonomy":"post_tag","embeddable":true,"href":"https:\/\/www.lapluma.net\/fr\/wp-json\/wp\/v2\/tags?post=30622"},{"taxonomy":"author","embeddable":true,"href":"https:\/\/www.lapluma.net\/fr\/wp-json\/wp\/v2\/coauthors?post=30622"}],"curies":[{"name":"wp","href":"https:\/\/api.w.org\/{rel}","templated":true}]}}