{"id":3046,"date":"2018-11-14T02:52:01","date_gmt":"2018-11-14T02:52:01","guid":{"rendered":"http:\/\/www.lapluma.net\/?p=3046"},"modified":"2018-11-14T02:53:41","modified_gmt":"2018-11-14T02:53:41","slug":"petain-le-role-meconnu-du-marechal-dans-la-guerre-du-rif","status":"publish","type":"post","link":"https:\/\/www.lapluma.net\/fr\/2018\/11\/14\/petain-le-role-meconnu-du-marechal-dans-la-guerre-du-rif\/","title":{"rendered":"P\u00e9tain: le r\u00f4le m\u00e9connu du mar\u00e9chal dans la Guerre du Rif"},"content":{"rendered":"<p style=\"text-align: justify;\"><span style=\"font-size: 12pt;\"><em><img loading=\"lazy\" decoding=\"async\" class=\"alignnone size-full wp-image-3044 alignleft\" src=\"http:\/\/www.lapluma.net\/wp-content\/uploads\/2018\/11\/aut_6356Bis.jpg\" alt=\"\" width=\"70\" height=\"70\" \/>Alors qu\u2019Emmanuel Macron et des personnalit\u00e9s politiques fran\u00e7aises s\u2019appr\u00eataient \u00e0 rendre hommage au Mar\u00e9chal P\u00e9tain pour son action lors de la Premi\u00e8re guerre mondiale avant de faire volte-face, son passage au Maroc dans les ann\u00e9es 20 demeure m\u00e9connu. Pourtant, il joua un r\u00f4le d\u00e9terminant dans l\u2019\u00e9crasement de la r\u00e9bellion du Rif men\u00e9e par Abdelkrim<\/em><\/span><\/p>\n<p style=\"text-align: justify;\"><span style=\"font-size: 12pt;\"><em>\u00ab\u00a0Le mar\u00e9chal P\u00e9tain a \u00e9t\u00e9 pendant la Premi\u00e8re guerre mondiale, aussi, un grand soldat\u00a0\u00bb.<\/em> En d\u00e9placement dans les Ardennes pour comm\u00e9morer les 100 ans de la fin de la Grande guerre, c\u2019est par ces mots que le Pr\u00e9sident fran\u00e7ais a d\u00e9clench\u00e9 en France et \u00e0 l\u2019\u00e9tranger une vive pol\u00e9mique.<\/span><\/p>\n<p style=\"text-align: justify;\"><span style=\"font-size: 12pt;\">Le Mar\u00e9chal P\u00e9tain, qui a \u00e9t\u00e9 consid\u00e9r\u00e9 les ann\u00e9es suivant la fin du conflit comme le \u00ab\u00a0h\u00e9ros de Verdun\u00a0\u00bb, a par la suite pris la t\u00eate du r\u00e9gime de Vichy et a \u00e9t\u00e9 le principal collaborateur de l\u2019Allemagne nazie en France, mettant en place des lois antis\u00e9mites et abolissant un bon nombre de libert\u00e9s fondamentales. Si son r\u00f4le dans ces deux guerres est expliqu\u00e9 en long et en large dans les livres d\u2019Histoire, son implication directe dans les combats au nord du Maroc et les contacts cordiaux, voire amicaux qu\u2019il y a tiss\u00e9s avec Francisco Franco en sont en revanche absents.<\/span><\/p>\n<p style=\"text-align: justify;\"><span style=\"font-size: 12pt;\">Alors que l\u2019arm\u00e9e espagnole est victime de plusieurs d\u00e9faites face aux r\u00e9sistants rifains \u00e0 partir de 1921, la France sent que la R\u00e9publique mise en place par Abdelkrim El Khattabi menace ses projets coloniaux en Afrique du Nord et d\u00e9cide d\u2019intervenir dans la Guerre du Rif. La principale d\u00e9route espagnole, celle de juillet 1921 \u00e0 Anoual, pose les bases de la f\u00e9roce contre-offensive franco-espagnole qui interviendra quelques ann\u00e9es plus tard. Le G\u00e9n\u00e9ral espagnol Sylvestre y perd quelques 20 000 hommes et se suicide sur le champ de bataille. A la t\u00eate du Protectorat fran\u00e7ais, le Mar\u00e9chal Lyautey s\u2019inqui\u00e8te dans une directive du 20 d\u00e9cembre 1924 d\u2019un \u00e9ventuel retrait des troupes espagnoles et pr\u00e9conise alors une action de l\u2019arm\u00e9e fran\u00e7aise pour asseoir de nouveau le pouvoir des arm\u00e9es coloniales dans la r\u00e9gion.<\/span><\/p>\n<p style=\"text-align: justify;\" align=\"justify\"><span style=\"font-size: 12pt;\"><strong>Quand P\u00e9tain remplace Lyautey<\/strong><\/span><\/p>\n<p style=\"text-align: justify;\"><span style=\"font-size: 12pt;\">Pour Lyautey le R\u00e9sident G\u00e9n\u00e9ral, la situation au nord du Maroc est <em>\u00ab\u00a0s\u00e9rieuse et compliqu\u00e9e\u00a0\u00bb. <\/em>Il n\u2019en faudra pas plus pour que se tienne \u00e0 Madrid, en juillet 1925, une conf\u00e9rence franco-espagnole pour d\u00e9cider des actions \u00e0 mener contre Abdelkrim El Katthabi et ses hommes. Malade, le Mar\u00e9chal Lyautey demande depuis longtemps \u00e0 ce qu\u2019un g\u00e9n\u00e9ral vienne le seconder dans sa mission au Maroc et puisse le remplacer en cas de besoin. Dans <a href=\"https:\/\/www.jstor.org\/stable\/25732307?newaccount=true&amp;read-now=1&amp;seq=7#page_scan_tab_contents\">de nombreuses lettres<\/a>, il s\u2019alarme apr\u00e8s ses lourdes op\u00e9rations de ne pas pouvoir continuer sa mission si il venait \u00e0 \u00eatre immobilis\u00e9 une nouvelle fois. En haut lieu, on <a href=\"http:\/\/www.cheminsdememoire.gouv.fr\/sites\/default\/files\/editeur\/Guerre%20du%20Rif.pdf\">lui r\u00e9pond<\/a> s\u00e8chement, <em>\u00ab\u00a0un chef tel que vous, charg\u00e9 d\u2019un tel pass\u00e9, un mar\u00e9chal de France, n\u2019abandonne pas son poste \u00e0 l\u2019heure o\u00f9 le danger menace encore\u00a0\u00bb.<\/em> Dans les couloirs du gouvernement Painlev\u00e9, un seul nom circule\u00a0: celui du vainqueur de Verdun, le Mar\u00e9chal P\u00e9tain.<\/span><\/p>\n<p style=\"text-align: justify;\"><span style=\"font-size: 12pt;\"><a href=\"https:\/\/ledesk.ma\/culture\/petain-le-role-meconnu-du-marechal-dans-la-guerre-du-rif\/\"><strong>Lire la suite<\/strong><\/a><\/span><\/p>\n<p style=\"text-align: center;\" align=\"center\"><a class=\"lg-entry\" href=\"https:\/\/ledesk.ma\/wp-content\/uploads\/2018\/11\/Petain-Lyautey.jpg?x31069\" target=\"_blank\" rel=\"noopener\"><img loading=\"lazy\" decoding=\"async\" class=\"attachment-mobile size-mobile\" src=\"https:\/\/ledesk.ma\/wp-content\/uploads\/2018\/11\/Petain-Lyautey.jpg?x31069\" alt=\"\" width=\"640\" height=\"434\" \/><\/a><span class=\"legend\"><br \/>\n<strong>P\u00e9tain et Lyautey dans le Rif<\/strong><\/span><\/p>\n<p style=\"text-align: left;\" align=\"center\"><strong>Louis Witter<\/strong><\/p>\n<p><span style=\"font-size: 12pt;\"><strong>Source:<a href=\"http:\/\/www.tlaxcala-int.org\/article.asp?reference=24628\">Tlaxcala<\/a>, le 13 novembre 2018<\/strong><\/span><\/p>\n<p><span style=\"font-size: 12pt;\"><strong>Publi\u00e9 par :<a href=\"https:\/\/ledesk.ma\/culture\/petain-le-role-meconnu-du-marechal-dans-la-guerre-du-rif\/\">Le Desk<\/a><\/strong><\/span><\/p>\n","protected":false},"excerpt":{"rendered":"<p>Si son r\u00f4le dans ces deux guerres est expliqu\u00e9 en long et en large dans les livres d\u2019Histoire, son implication directe dans les combats au nord du Maroc et les contacts cordiaux, voire amicaux qu\u2019il y a tiss\u00e9s avec Francisco Franco en sont en revanche absents.<\/p>\n","protected":false},"author":171,"featured_media":0,"comment_status":"open","ping_status":"open","sticky":false,"template":"","format":"standard","meta":{"_uf_show_specific_survey":0,"_uf_disable_surveys":false,"footnotes":""},"categories":[218],"tags":[1471,1470,1472,1473],"coauthors":[1469],"class_list":["post-3046","post","type-post","status-publish","format-standard","hentry","category-monde","tag-marechal-petain","tag-memoire-historique","tag-premiere-guerre-mondial","tag-regime-de-vichy"],"translation":{"provider":"WPGlobus","version":"2.12.2","language":"fr","enabled_languages":["es","fr"],"languages":{"es":{"title":true,"content":false,"excerpt":false},"fr":{"title":true,"content":true,"excerpt":true}}},"_links":{"self":[{"href":"https:\/\/www.lapluma.net\/fr\/wp-json\/wp\/v2\/posts\/3046","targetHints":{"allow":["GET"]}}],"collection":[{"href":"https:\/\/www.lapluma.net\/fr\/wp-json\/wp\/v2\/posts"}],"about":[{"href":"https:\/\/www.lapluma.net\/fr\/wp-json\/wp\/v2\/types\/post"}],"author":[{"embeddable":true,"href":"https:\/\/www.lapluma.net\/fr\/wp-json\/wp\/v2\/users\/171"}],"replies":[{"embeddable":true,"href":"https:\/\/www.lapluma.net\/fr\/wp-json\/wp\/v2\/comments?post=3046"}],"version-history":[{"count":3,"href":"https:\/\/www.lapluma.net\/fr\/wp-json\/wp\/v2\/posts\/3046\/revisions"}],"predecessor-version":[{"id":3050,"href":"https:\/\/www.lapluma.net\/fr\/wp-json\/wp\/v2\/posts\/3046\/revisions\/3050"}],"wp:attachment":[{"href":"https:\/\/www.lapluma.net\/fr\/wp-json\/wp\/v2\/media?parent=3046"}],"wp:term":[{"taxonomy":"category","embeddable":true,"href":"https:\/\/www.lapluma.net\/fr\/wp-json\/wp\/v2\/categories?post=3046"},{"taxonomy":"post_tag","embeddable":true,"href":"https:\/\/www.lapluma.net\/fr\/wp-json\/wp\/v2\/tags?post=3046"},{"taxonomy":"author","embeddable":true,"href":"https:\/\/www.lapluma.net\/fr\/wp-json\/wp\/v2\/coauthors?post=3046"}],"curies":[{"name":"wp","href":"https:\/\/api.w.org\/{rel}","templated":true}]}}