{"id":29816,"date":"2021-08-22T18:24:45","date_gmt":"2021-08-22T18:24:45","guid":{"rendered":"http:\/\/www.lapluma.net\/?p=29816"},"modified":"2021-08-22T18:52:26","modified_gmt":"2021-08-22T18:52:26","slug":"aquiles-nazoa-poemas-populares-libro-libre","status":"publish","type":"post","link":"https:\/\/www.lapluma.net\/fr\/2021\/08\/22\/aquiles-nazoa-poemas-populares-libro-libre\/","title":{"rendered":"Aquiles Nazoa: Poemas Populares. Libro libre"},"content":{"rendered":"\n<p style=\"text-align: left;\">\u00a0<\/p>\n<p><img loading=\"lazy\" decoding=\"async\" class=\" wp-image-29819 aligncenter\" src=\"http:\/\/www.lapluma.net\/wp-content\/uploads\/2021\/08\/Capture-caratula-libro-Aquiles-Nazoa-Poemas-populares-202x300.jpg\" alt=\"\" width=\"443\" height=\"658\" srcset=\"https:\/\/www.lapluma.net\/wp-content\/uploads\/2021\/08\/Capture-caratula-libro-Aquiles-Nazoa-Poemas-populares-202x300.jpg 202w, https:\/\/www.lapluma.net\/wp-content\/uploads\/2021\/08\/Capture-caratula-libro-Aquiles-Nazoa-Poemas-populares.jpg 322w\" sizes=\"auto, (max-width: 443px) 100vw, 443px\" \/><\/p>\n<h3 style=\"text-align: center;\"><a href=\"http:\/\/www.lapluma.net\/wp-content\/uploads\/2021\/08\/FERIA_DEL_LIBRO_CCS-2020_POEMAS_POPULARES-AQUILES_NAZOA.pdf\">Aquiles Nazoa_POEMAS_POPULARES <\/a>Libro completo formato PDF<\/h3>\n<p>\u00a0<\/p>\n<p><img loading=\"lazy\" decoding=\"async\" class=\" wp-image-29817 aligncenter\" src=\"http:\/\/www.lapluma.net\/wp-content\/uploads\/2021\/08\/Capture-Aquiles-Nazoa-100-anos-de-Humor-y-amor-300x116.jpg\" alt=\"\" width=\"507\" height=\"196\" srcset=\"https:\/\/www.lapluma.net\/wp-content\/uploads\/2021\/08\/Capture-Aquiles-Nazoa-100-anos-de-Humor-y-amor-300x116.jpg 300w, https:\/\/www.lapluma.net\/wp-content\/uploads\/2021\/08\/Capture-Aquiles-Nazoa-100-anos-de-Humor-y-amor.jpg 304w\" sizes=\"auto, (max-width: 507px) 100vw, 507px\" \/><\/p>\n<p>Nicol\u00e1s Maduro Moros<br \/>Presidente de la Rep\u00fablica Bolivariana de Venezuela<\/p>\n<p>Delcy Rodr\u00edguez G\u00f3mez<br \/>Vicepresidenta Ejecutiva<\/p>\n<p>Jorge Rodr\u00edguez G\u00f3mez<br \/>Vicepresidente de Comunicaci\u00f3n, Turismo y Cultura<\/p>\n<p>Ernesto Villegas Poljak<br \/>Ministro del Poder Popular para la Cultura<\/p>\n<p>1a. edici\u00f3n, Monte \u00c1vila Editores Latinoamericana, 1987<br \/>5a. edici\u00f3n, Monte \u00c1vila Editores Latinoamericana, 2020<br \/><br \/>Poemas Populares<br \/>\u00a9 Aquiles Nazoa<\/p>\n<p>Centro Sim\u00f3n Bol\u00edvar, Torre Norte, piso 22, urb. El Silencio,<br \/>municipio Libertador, Caracas 1010, Venezuela.<br \/>Tel. 58 212 4828989<\/p>\n<p>Hecho el dep\u00f3sito de Ley<br \/>Dep\u00f3sito Legal DC2020000357<\/p>\n<p>ISBN 978-980-01-2110-8 <\/p>\n<h3 style=\"text-align: center;\">Aquiles Nazoa un poeta popular<\/h3>\n<p style=\"text-align: justify;\"><span id=\"page17R_mcid30\" class=\"markedContent\"><span dir=\"ltr\" role=\"presentation\">No es exagerado decir que el venezolano Aquiles Nazoa <\/span><\/span><span id=\"page17R_mcid31\" class=\"markedContent\"><span dir=\"ltr\" role=\"presentation\">fue uno de los m\u00e1s grandes \u2014si no el m\u00e1s grande\u2014 de <\/span><\/span><span id=\"page17R_mcid32\" class=\"markedContent\"><span dir=\"ltr\" role=\"presentation\">los poetas humor\u00edsticos de nuestra lengua. Sin duda, es el <\/span><\/span><span id=\"page17R_mcid33\" class=\"markedContent\"><span dir=\"ltr\" role=\"presentation\">poeta que en Venezuela goza de la m\u00e1s aut\u00e9ntica y dilatada <\/span><\/span><span id=\"page17R_mcid34\" class=\"markedContent\"><span dir=\"ltr\" role=\"presentation\">popularidad. Sus recitales en el Aula Magna de la Univer<\/span><\/span><span id=\"page17R_mcid35\" class=\"markedContent\"><\/span><span id=\"page17R_mcid36\" class=\"markedContent\"><span dir=\"ltr\" role=\"presentation\">sidad Central constituyeron acontecimientos de impresio<\/span><\/span><span id=\"page17R_mcid37\" class=\"markedContent\"><\/span><span id=\"page17R_mcid38\" class=\"markedContent\"><span dir=\"ltr\" role=\"presentation\">nante magnitud. Ha sido el \u00fanico poeta venezolano que <\/span><\/span><span id=\"page17R_mcid39\" class=\"markedContent\"><span dir=\"ltr\" role=\"presentation\">habl\u00f3 directamente a los desheredados, a los marginales, <\/span><\/span><span id=\"page17R_mcid40\" class=\"markedContent\"><span dir=\"ltr\" role=\"presentation\">a los miserables y tambi\u00e9n a esas clases medias que tienen <\/span><\/span><span id=\"page17R_mcid41\" class=\"markedContent\"><span dir=\"ltr\" role=\"presentation\">un pie en el barro y el otro en el primer pelda\u00f1o de la es<\/span><\/span><span id=\"page17R_mcid42\" class=\"markedContent\"><\/span><span id=\"page17R_mcid43\" class=\"markedContent\"><span dir=\"ltr\" role=\"presentation\">cala social. Sus versos, entre c\u00f3micos y sentimentales, son <\/span><\/span><span id=\"page17R_mcid44\" class=\"markedContent\"><span dir=\"ltr\" role=\"presentation\">la expresi\u00f3n m\u00e1s transparente y menos falsa que existe, en <\/span><\/span><span id=\"page17R_mcid45\" class=\"markedContent\"><span dir=\"ltr\" role=\"presentation\">el plano po\u00e9tico, no solo de las costumbres, gustos, de<\/span><\/span><span id=\"page17R_mcid46\" class=\"markedContent\"><span dir=\"ltr\" role=\"presentation\">&#8211;<\/span><\/span><span id=\"page17R_mcid47\" class=\"markedContent\"><span dir=\"ltr\" role=\"presentation\">cires, prejuicios, amores y dolores de los sectores venezo<\/span><span class=\"markedContent\"><span dir=\"ltr\" role=\"presentation\">&#8211;<\/span><\/span><\/span><span id=\"page17R_mcid48\" class=\"markedContent\"><span dir=\"ltr\" role=\"presentation\">lanos que sufren con mayor inclemencia la aberraci\u00f3n <\/span><\/span><span id=\"page17R_mcid49\" class=\"markedContent\"><span dir=\"ltr\" role=\"presentation\">hist\u00f3rica del subdesarrollo; sino lo que es m\u00e1s: expresan <\/span><\/span><span id=\"page17R_mcid50\" class=\"markedContent\"><span dir=\"ltr\" role=\"presentation\">con perfecta nitidez la lucha de clases en Venezuela, que <\/span><\/span><span id=\"page17R_mcid51\" class=\"markedContent\"><span dir=\"ltr\" role=\"presentation\">es muy semejante a la de otros pa\u00edses de Am\u00e9rica Latina&#8230;<\/span><\/span><\/p>\n<p>\u00a0<\/p>\n","protected":false},"excerpt":{"rendered":"<p>En Aquiles  la risa no es quimera es un r\u00edo m\u00e1s bien siempre crecido, como la flor que de brisa jardinera le da calor al p\u00e1jaro en su nido&#8230;<\/p>\n","protected":false},"author":934,"featured_media":29822,"comment_status":"open","ping_status":"open","sticky":false,"template":"","format":"standard","meta":{"_uf_show_specific_survey":0,"_uf_disable_surveys":false,"footnotes":""},"categories":[19,219],"tags":[12679,14698,14695,14697],"coauthors":[14696],"class_list":["post-29816","post","type-post","status-publish","format-standard","has-post-thumbnail","hentry","category-literatura","category-libros-libres","tag-aquiles-nazoa-gonzalez","tag-humorista-y-dramaturgo","tag-poemas-populares","tag-poeta-ensayista"],"translation":{"provider":"WPGlobus","version":"2.12.2","language":"fr","enabled_languages":["es","fr"],"languages":{"es":{"title":true,"content":true,"excerpt":true},"fr":{"title":false,"content":false,"excerpt":false}}},"_links":{"self":[{"href":"https:\/\/www.lapluma.net\/fr\/wp-json\/wp\/v2\/posts\/29816","targetHints":{"allow":["GET"]}}],"collection":[{"href":"https:\/\/www.lapluma.net\/fr\/wp-json\/wp\/v2\/posts"}],"about":[{"href":"https:\/\/www.lapluma.net\/fr\/wp-json\/wp\/v2\/types\/post"}],"author":[{"embeddable":true,"href":"https:\/\/www.lapluma.net\/fr\/wp-json\/wp\/v2\/users\/934"}],"replies":[{"embeddable":true,"href":"https:\/\/www.lapluma.net\/fr\/wp-json\/wp\/v2\/comments?post=29816"}],"version-history":[{"count":3,"href":"https:\/\/www.lapluma.net\/fr\/wp-json\/wp\/v2\/posts\/29816\/revisions"}],"predecessor-version":[{"id":29827,"href":"https:\/\/www.lapluma.net\/fr\/wp-json\/wp\/v2\/posts\/29816\/revisions\/29827"}],"wp:featuredmedia":[{"embeddable":true,"href":"https:\/\/www.lapluma.net\/fr\/wp-json\/wp\/v2\/media\/29822"}],"wp:attachment":[{"href":"https:\/\/www.lapluma.net\/fr\/wp-json\/wp\/v2\/media?parent=29816"}],"wp:term":[{"taxonomy":"category","embeddable":true,"href":"https:\/\/www.lapluma.net\/fr\/wp-json\/wp\/v2\/categories?post=29816"},{"taxonomy":"post_tag","embeddable":true,"href":"https:\/\/www.lapluma.net\/fr\/wp-json\/wp\/v2\/tags?post=29816"},{"taxonomy":"author","embeddable":true,"href":"https:\/\/www.lapluma.net\/fr\/wp-json\/wp\/v2\/coauthors?post=29816"}],"curies":[{"name":"wp","href":"https:\/\/api.w.org\/{rel}","templated":true}]}}