{"id":29600,"date":"2021-08-16T17:32:14","date_gmt":"2021-08-16T17:32:14","guid":{"rendered":"http:\/\/www.lapluma.net\/?p=29600"},"modified":"2021-08-16T23:23:38","modified_gmt":"2021-08-16T23:23:38","slug":"sin-salida-mientras-los-talibanes-se-apoderan-de-las-ciudades-los-desesperados-afganos-se-ven-atrapados-en-otro-fiasco-made-in-usa","status":"publish","type":"post","link":"https:\/\/www.lapluma.net\/fr\/2021\/08\/16\/sin-salida-mientras-los-talibanes-se-apoderan-de-las-ciudades-los-desesperados-afganos-se-ven-atrapados-en-otro-fiasco-made-in-usa\/","title":{"rendered":"<\/em><br>Sin salida: Mientras los talibanes se apoderan de las ciudades, los desesperados afganos se ven atrapados en otro fiasco <em>made in USA<\/em>"},"content":{"rendered":"\n<p style=\"text-align: justify;\"><strong>1.<\/strong><\/p>\n<p style=\"text-align: justify;\">Amigos y colegas afganos comenzaron a pedir ayuda para salir del pa\u00eds en junio. Las peticiones no eran nada nuevo, pero en el pasado lo hab\u00edan hecho casi siempre en broma. Ahora eran serias y urgentes. Las personas que las hac\u00edan no solo buscaban una vida mejor, sino un refugio.<\/p>\n<p><img loading=\"lazy\" decoding=\"async\" class=\" wp-image-29602 aligncenter\" src=\"http:\/\/www.lapluma.net\/wp-content\/uploads\/2021\/08\/Tjeer-Rojards-RIP-Afghanistan-300x193.jpg\" alt=\"\" width=\"579\" height=\"372\" srcset=\"https:\/\/www.lapluma.net\/wp-content\/uploads\/2021\/08\/Tjeer-Rojards-RIP-Afghanistan-300x193.jpg 300w, https:\/\/www.lapluma.net\/wp-content\/uploads\/2021\/08\/Tjeer-Rojards-RIP-Afghanistan.jpg 640w\" sizes=\"auto, (max-width: 579px) 100vw, 579px\" \/><\/p>\n<h5 style=\"text-align: center;\"><b><a href=\"https:\/\/cartoonmovement.com\/cartoonist\/95\">Tjeerd Royaards<\/a><i> <\/i><\/b><\/h5>\n<p style=\"text-align: justify;\">El hombre que administra la casa donde vivo en Kabul fue uno de los primeros en pedirlo. Hab\u00eda trabajado en tres ocasiones en la casa durante m\u00e1s de una d\u00e9cada, haciendo el mantenimiento y cuidando de la propiedad y de los hu\u00e9spedes cuando mi compa\u00f1ero de casa y yo est\u00e1bamos de viaje. Hab\u00eda empezado a trabajar mucho antes de que yo llegara y se hab\u00eda convertido en un elemento familiar en una de las pocas casas de Kabul donde los periodistas, cineastas e investigadores visitantes pod\u00edan alquilar una habitaci\u00f3n. Nos hab\u00edamos visto obligados a mudarnos dos veces: cuando nuestra primera casa fue destruida por un incendio en 2018, y un a\u00f1o despu\u00e9s, cuando se descubri\u00f3 que ocupaba el segundo lugar en una supuesta lista de objetivos del Estado Isl\u00e1mico. En ambas ocasiones, el administrador de la casa, al que llamar\u00e9 Wali para proteger su identidad, se mud\u00f3 con nosotros, junto con una limpiadora, un jardinero ocasional, media docena de patos y los dos perros que Wali hab\u00eda recogido de la calle cuando eran cachorros.<\/p>\n<p><img loading=\"lazy\" decoding=\"async\" class=\" wp-image-29603 aligncenter\" src=\"http:\/\/www.lapluma.net\/wp-content\/uploads\/2021\/08\/Image1-300x150.jpg\" alt=\"\" width=\"578\" height=\"289\" srcset=\"https:\/\/www.lapluma.net\/wp-content\/uploads\/2021\/08\/Image1-300x150.jpg 300w, https:\/\/www.lapluma.net\/wp-content\/uploads\/2021\/08\/Image1-1024x512.jpg 1024w, https:\/\/www.lapluma.net\/wp-content\/uploads\/2021\/08\/Image1-768x384.jpg 768w, https:\/\/www.lapluma.net\/wp-content\/uploads\/2021\/08\/Image1.jpg 1386w\" sizes=\"auto, (max-width: 578px) 100vw, 578px\" \/><\/p>\n<h5 style=\"text-align: center;\">Cientos de personas esperan en el interior de la \u00fanica oficina de pasaportes de <br \/>Afganist\u00e1n, en Kabul, el 17 de julio de 2021, con la esperanza de conseguir documentos <br \/>que puedan ayudarles a salir del pa\u00eds <br \/>(Foto: Andrew Quilty)<\/h5>\n<p style=\"text-align: justify;\">Pagar las facturas de la electricidad, reparar las goteras de los tejados y comprar le\u00f1a para un grupo de periodistas independientes dif\u00edcilmente podr\u00eda considerarse el trabajo de un \u201ct\u00edtere estadounidense\u201d, pero los combatientes talibanes de la aldea natal de Wali, en una zona rural al norte de la ciudad, estaban enfadados porque trabajaba con extranjeros. \u201cMi hermano me dijo que no deb\u00eda volver m\u00e1s a la aldea\u201d, me confi\u00f3 Wali en junio. Si los talibanes tomaran el control de Kabul, dijo, \u00e9l tampoco estar\u00eda seguro all\u00ed.<\/p>\n<p style=\"text-align: justify;\">Nuestra proximidad a la guerra determina lo profundamente que nos afecta. He vivido y trabajado como fot\u00f3grafo y escritor en Kabul durante casi una d\u00e9cada, pero mis conexiones con la ciudad son a trav\u00e9s de amigos y recuerdos m\u00e1s que de la familia o el patrimonio. Mientras haya compa\u00f1\u00edas a\u00e9reas, puedo subirme a un avi\u00f3n en cualquier momento y marcharme. Como todos los visitantes, he tenido el privilegio de vivir con un sentido de distanciamiento que siempre me ha permitido ver los acontecimientos de Afganist\u00e1n como historias, no como vida.<\/p>\n<p style=\"text-align: justify;\">El cambio en la din\u00e1mica de la guerra en los \u00faltimos meses -la salida de las tropas\u00a0 usamericanas, el avance de los talibanes hacia la capital mientras el gobierno se\u00a0 esfuerza por contenerlos- ha alterado la proximidad de muchos afganos a la guerra.\u00a0 Tambi\u00e9n ha alterado la m\u00eda. Alrededor de 230 de los aproximadamente 400 distritos\u00a0 del pa\u00eds est\u00e1n ahora en manos de los talibanes. La mayor\u00eda de las capitales de\u00a0 provincia, incluidas Kandahar en el sur y Mazar-i Sharif en el norte, est\u00e1n rodeadas.\u00a0 La primera en caer, el 6 de agosto, fue Zaranj, la capital de la provincia de Nimroz, en\u00a0 el remoto suroeste. El jueves, <a href=\"https:\/\/www.bbc.com\/news\/world-asia-58184202\">al menos 11<\/a> estaban bajo control de los talibanes,\u00a0 incluida Herat, una importante ciudad del oeste, cerca de la frontera de Afganist\u00e1n\u00a0 con Ir\u00e1n. El <a href=\"https:\/\/www.lawfareblog.com\/afghanistan-between-negotiations-how-doha-agreement-will-affect-intra-afghan-peace\">Acuerdo de Doha<\/a>, que estableci\u00f3 los t\u00e9rminos de la retirada de USA, me\u00a0 pareci\u00f3 un regalo de despedida de los usamericanos a los talibanes, que daba a los\u00a0 insurgentes pocos incentivos para detener su avance militar. Como me dijo un alto\u00a0 mando militar talib\u00e1n el a\u00f1o pasado, el fin de la violencia talib\u00e1n solo llegar\u00eda a\u00a0 cambio de una rendici\u00f3n total del gobierno.\u00a0<\/p>\n<p style=\"text-align: justify;\">Pero ni siquiera yo hab\u00eda previsto que iban a avanzar tan r\u00e1pidamente. Los riesgos asociados a una toma del poder por parte de los talibanes para gente como\u00a0 Wali son reales, se materialice o no. Describ\u00ed sus circunstancias a una fuente talib\u00e1n\u00a0 con la que charlo regularmente sobre temas que van desde contactos hasta cr\u00edmenes\u00a0 de guerra. \u201cEs una situaci\u00f3n muy triste\u201d, me dijo el miembro talib\u00e1n, y a\u00f1adi\u00f3 que\u00a0 Wali ten\u00eda raz\u00f3n en estar preocupado. Pero, dijo, \u201cdepende de la comisi\u00f3n local de\u00a0 inteligencia talib\u00e1n. Si no tienen ning\u00fan problema con \u00e9l, nadie le dir\u00e1 nada. Los\u00a0 talibanes no van a matar a todo el mundo\u201d.<\/p>\n<p><img loading=\"lazy\" decoding=\"async\" class=\" wp-image-29606 aligncenter\" src=\"http:\/\/www.lapluma.net\/wp-content\/uploads\/2021\/08\/20210712_AJQ_Kabul_Afg_246-Edit1-300x200.jpg\" alt=\"\" width=\"630\" height=\"420\" srcset=\"https:\/\/www.lapluma.net\/wp-content\/uploads\/2021\/08\/20210712_AJQ_Kabul_Afg_246-Edit1-300x200.jpg 300w, https:\/\/www.lapluma.net\/wp-content\/uploads\/2021\/08\/20210712_AJQ_Kabul_Afg_246-Edit1-1024x683.jpg 1024w, https:\/\/www.lapluma.net\/wp-content\/uploads\/2021\/08\/20210712_AJQ_Kabul_Afg_246-Edit1-768x512.jpg 768w, https:\/\/www.lapluma.net\/wp-content\/uploads\/2021\/08\/20210712_AJQ_Kabul_Afg_246-Edit1-1536x1024.jpg 1536w, https:\/\/www.lapluma.net\/wp-content\/uploads\/2021\/08\/20210712_AJQ_Kabul_Afg_246-Edit1-2048x1366.jpg 2048w, https:\/\/www.lapluma.net\/wp-content\/uploads\/2021\/08\/20210712_AJQ_Kabul_Afg_246-Edit1-435x290.jpg 435w, https:\/\/www.lapluma.net\/wp-content\/uploads\/2021\/08\/20210712_AJQ_Kabul_Afg_246-Edit1-150x100.jpg 150w, https:\/\/www.lapluma.net\/wp-content\/uploads\/2021\/08\/20210712_AJQ_Kabul_Afg_246-Edit1-370x247.jpg 370w\" sizes=\"auto, (max-width: 630px) 100vw, 630px\" \/><\/p>\n<h5 style=\"text-align: center;\">Los afganos hacen cola desde el amanecer para entrar en la \u00fanica oficina de pasaportes<br \/>en Kabul, 12 de julio de 2021.<br \/>(Foto: Andrew Quilty)<\/h5>\n<p style=\"text-align: justify;\">Antes del amanecer de un d\u00eda de julio, Wali, su esposa y sus tres hijos se unieron a\u00a0 las colas que serpentean por las callejuelas hasta la \u00fanica oficina de pasaportes de\u00a0 Afganist\u00e1n. Tras el medio d\u00eda que tardaron en presentar su solicitud, volvieron al\u00a0 amanecer una semana m\u00e1s tarde, hicieron cola en el exterior en medio de una\u00a0 tormenta de verano y se sometieron a la toma de huellas dactilares y al esc\u00e1ner de\u00a0 retina.\u00a0<\/p>\n<p style=\"text-align: justify;\">La obtenci\u00f3n de un pasaporte afgano est\u00e1 casi garantizada para quienes lo solicitan.\u00a0 Pero un pasaporte <a href=\"https:\/\/www.henleyglobal.com\/passport-index\/ranking\">solo sirve<\/a> seg\u00fan los visados que contenga, y las puertas de los\u00a0 pa\u00edses m\u00e1s deseados est\u00e1n ahora m\u00e1s vigiladas que nunca, con varios pa\u00edses europeos\u00a0 advirtiendo a los ejecutivos de la UE que no detengan la deportaci\u00f3n de afganos en\u00a0 medio de la crisis actual. Incluso un pasaporte sin visado, me dijeron varios\u00a0 solicitantes, proporciona una sensaci\u00f3n de progreso hacia la salida por los canales\u00a0 oficiales, independientemente de que sea o no una sensaci\u00f3n realista. Es probable\u00a0 que la mayor\u00eda acabe intentando tomar rutas traicioneras hacia el oeste, apil\u00e1ndose\u00a0 en camionetas abarrotadas para un largo viaje a trav\u00e9s de tierras fronterizas\u00a0 des\u00e9rticas, sobre puertos de monta\u00f1a, hacia Ir\u00e1n y hacia Turqu\u00eda y, si es posible, m\u00e1s\u00a0 all\u00e1. Muchos se arriesgar\u00e1n en \u00faltima instancia a emprender un peligroso viaje en\u00a0 barco hacia Europa. En julio, al menos 30.000 afganos sal\u00edan ya cada semana. Margo\u00a0 Baars, directora adjunta de la Organizaci\u00f3n Internacional para las Migraciones en\u00a0 Afganist\u00e1n, me dijo que esa cifra \u201cest\u00e1 presumiblemente aumentando\u201d, al igual que\u00a0 el <a href=\"https:\/\/www.iom.int\/news\/iom-director-general-statement-situation-afghanistan\">desplazamiento interno<\/a>. \u201cAntes, eran sobre todo hombres j\u00f3venes\u201d, dijo Baars.\u00a0 \u201cAhora son familias. Eso se debe a la desesperaci\u00f3n\u201d.\u00a0<\/p>\n<p style=\"text-align: justify;\">Con la ayuda de antiguos compa\u00f1eros de casa, hab\u00eda empezado ya a recopilar una\u00a0 peque\u00f1a pila de documentos que atestiguan el trabajo de Wali a lo largo de los a\u00f1os. Consult\u00e9 con dos amigos que fueron jueces en un tribunal europeo que resuelve las\u00a0 solicitudes de asilo. Coincidieron en que esas pruebas podr\u00edan ayudarle a conseguir\u00a0 el estatus de refugiado. Sin embargo, era poco probable que esas afiliaciones\u00a0informales con extranjeros convencieran a la embajada de un pa\u00eds occidental para\u00a0 que le concediera un visado.\u00a0<\/p>\n<p><img loading=\"lazy\" decoding=\"async\" class=\" wp-image-29607 aligncenter\" src=\"http:\/\/www.lapluma.net\/wp-content\/uploads\/2021\/08\/20180127_Quilty_Kbl_Afg_0206-Edit_es1-300x200.jpg\" alt=\"\" width=\"593\" height=\"395\" srcset=\"https:\/\/www.lapluma.net\/wp-content\/uploads\/2021\/08\/20180127_Quilty_Kbl_Afg_0206-Edit_es1-300x200.jpg 300w, https:\/\/www.lapluma.net\/wp-content\/uploads\/2021\/08\/20180127_Quilty_Kbl_Afg_0206-Edit_es1-1024x683.jpg 1024w, https:\/\/www.lapluma.net\/wp-content\/uploads\/2021\/08\/20180127_Quilty_Kbl_Afg_0206-Edit_es1-768x512.jpg 768w, https:\/\/www.lapluma.net\/wp-content\/uploads\/2021\/08\/20180127_Quilty_Kbl_Afg_0206-Edit_es1-1536x1024.jpg 1536w, https:\/\/www.lapluma.net\/wp-content\/uploads\/2021\/08\/20180127_Quilty_Kbl_Afg_0206-Edit_es1-2048x1366.jpg 2048w, https:\/\/www.lapluma.net\/wp-content\/uploads\/2021\/08\/20180127_Quilty_Kbl_Afg_0206-Edit_es1-435x290.jpg 435w, https:\/\/www.lapluma.net\/wp-content\/uploads\/2021\/08\/20180127_Quilty_Kbl_Afg_0206-Edit_es1-150x100.jpg 150w, https:\/\/www.lapluma.net\/wp-content\/uploads\/2021\/08\/20180127_Quilty_Kbl_Afg_0206-Edit_es1-370x247.jpg 370w\" sizes=\"auto, (max-width: 593px) 100vw, 593px\" \/><\/p>\n<h5 style=\"text-align: center;\">Supervivientes y personal de seguridad tras la explosi\u00f3n de una bomba en el centro de<br \/>Kabul, 27 de enero de 2018 <br \/>(Foto: Andrew Quilty)<\/h5>\n<p><strong>2.<\/strong><\/p>\n<p style=\"text-align: justify;\">Hace tiempo que perd\u00ed la cuenta del n\u00famero de atentados que he cubierto en Kabul.\u00a0 En esas espeluznantes escenas, encontr\u00e9 a fot\u00f3grafos y periodistas afganos que\u00a0 trabajaban para agencias de noticias internacionales y medios locales, algunos de los\u00a0 cuales se convirtieron en amigos y otros murieron o resultaron heridos m\u00e1s de una vez\u00a0 mientras cubr\u00edan esos atentados. Normalmente me enteraba al desplazarme por un\u00a0 grupo de wasap y encontrarme con una foto de sus rostros, que sobresal\u00edan de los\u00a0 cuellos de los chalecos antibalas azules, cubiertos de polvo gris, o mediante una\u00a0 llamada telef\u00f3nica asustada. Me relacionaba con ellos en su faceta profesional, igual\u00a0 que lo hac\u00eda con los fot\u00f3grafos que cubr\u00edan aburridas conferencias de prensa y eventos\u00a0 deportivos en mi casa de Sidney. Sin embargo, para los periodistas afganos, los\u00a0 bombardeos no eran solo historias, sino tambi\u00e9n la muerte de sus compatriotas, y a\u00a0 menudo de sus familiares y amigos. Yo estaba cerca cuando una bomba mat\u00f3 a m\u00e1s de\u00a0 100 personas en un fresco d\u00eda de invierno de 2018. Hab\u00eda atado torniquetes\u00a0 improvisados alrededor de las piernas destrozadas y sent\u00ed el cerebro expuesto de un\u00a0 hombre en mi palma mientras ayudaba a llevarlo a un hospital cercano. Despu\u00e9s, un\u00a0 vendedor ambulante me ech\u00f3 agua sobre las manos y vi c\u00f3mo la sangre acuosa se\u00a0 escurr\u00eda por el pavimento.\u00a0<\/p>\n<p style=\"text-align: justify;\">Durante 20 a\u00f1os la guerra ha afectado de forma desproporcionada a los afganos de las\u00a0 zonas rurales, que tienen menos probabilidades de tener conexiones formales con el\u00a0 gobierno y est\u00e1n, por lo general, menos educados y son m\u00e1s conservadores. Los civiles\u00a0 de estas zonas se han acostumbrado a navegar por las cambiantes l\u00edneas del frente y la\u00a0 compleja din\u00e1mica del campo de batalla, junto con los temores m\u00e1s existenciales de\u00a0 muerte y desplazamiento debido a las ofensivas terrestres, las campa\u00f1as de\u00a0 bombardeos a\u00e9reos y las incursiones nocturnas. En muchos casos, aparte de la\u00a0violencia inicial necesaria para que los talibanes tomaran el control e implementaran\u00a0 su dura interpretaci\u00f3n de la Sharia, o ley isl\u00e1mica, su llegada fue una mera formalidad.\u00a0 Los afganos de las zonas rurales tambi\u00e9n han sido los que menos beneficios han\u00a0 obtenido de la intervenci\u00f3n liderada por USA.<\/p>\n<p style=\"text-align: justify;\">Lo que ha cambiado con la precipitada salida de las fuerzas y el poder a\u00e9reo\u00a0 usamericanos es el <i>tipo <\/i>de afganos que se enfrentan a la violencia de los talibanes y del\u00a0 gobierno y las cuestiones existenciales que plantea la ausencia de protecci\u00f3n\u00a0 internacional. A medida que las l\u00edneas del frente convergen en torno a las capitales de\u00a0 provincia, aquellos que viv\u00edan bajo el control de los talibanes o cerca de las l\u00edneas del\u00a0 frente antes de que comenzara la ofensiva en todo el pa\u00eds en mayo, es casi seguro que\u00a0 viven m\u00e1s tranquilos que en cualquier otro momento desde 2001, porque sus pueblos\u00a0 ya no son campos de batalla. Para los afganos en las ciudades, y especialmente en\u00a0 Kabul, la guerra se ha sentido solo a trav\u00e9s de ataques aislados, aunque han sido\u00a0 grandes y sangrientos. En parte debido a la concentraci\u00f3n de los medios de\u00a0 comunicaci\u00f3n en la capital, la cobertura de las noticias puede hacer que Kabul parezca\u00a0 eternamente en llamas. En realidad, rara vez ha parecido una zona de guerra durante\u00a0 m\u00e1s de un par de horas seguidas. (La poblaci\u00f3n hazara de la ciudad es una excepci\u00f3n;\u00a0 esta minor\u00eda \u00e9tnica ha sido atacada sin piedad, aparentemente por el Estado Isl\u00e1mico,\u00a0 desde 2015).\u00a0<\/p>\n<p style=\"text-align: justify;\">Desde 2001, los afganos de las zonas urbanas han disfrutado de una recuperaci\u00f3n de\u00a0 las libertades ordinarias, de oportunidades para prosperar y, con la guerra a una\u00a0 distancia en gran medida manejable, de una apariencia de paz. Apoyaron el orden\u00a0 posterior a 2001 en gran medida por razones pragm\u00e1ticas: Les proporcionaba un\u00a0 salario fiable del gobierno, la polic\u00eda o el ej\u00e9rcito con el que construir un hogar o formar\u00a0 una familia. Los m\u00e1s c\u00ednicos utilizaron los fondos internacionales, blanqueados a\u00a0 trav\u00e9s de diversas entidades p\u00fablicas, no gubernamentales y empresariales, para crear\u00a0 fortunas y poder. Tambi\u00e9n hubo idealistas que vieron potencial y esperanza en un\u00a0 nuevo comienzo, y refugiados y exiliados que volvieron a casa, rechazando el fanatismo\u00a0 religioso, desafiando las normas culturales conservadoras y abrazando el progreso. Son\u00a0 ahora los que m\u00e1s tienen que perder.\u00a0<\/p>\n<p style=\"text-align: justify;\">Una parte de este grupo constituye tambi\u00e9n un bando en un choque de resentimiento\u00a0 rec\u00edproco con la clase trabajadora rural sin formaci\u00f3n, a la que los urbanitas tienden a\u00a0 considerar c\u00f3mplice en l\u00edneas generales de los combatientes talibanes que controlan\u00a0 sus zonas. A la inversa, muchos afganos de las zonas rurales est\u00e1n resentidos con los\u00a0 habitantes de las ciudades y los funcionarios del gobierno, a quienes perciben\u00a0 (correctamente) como beneficiarios desproporcionados del orden posterior a 2001.<\/p>\n<p><img loading=\"lazy\" decoding=\"async\" class=\" wp-image-29617 aligncenter\" src=\"http:\/\/www.lapluma.net\/wp-content\/uploads\/2021\/08\/Image11-1-300x200.jpg\" alt=\"\" width=\"595\" height=\"396\" srcset=\"https:\/\/www.lapluma.net\/wp-content\/uploads\/2021\/08\/Image11-1-300x200.jpg 300w, https:\/\/www.lapluma.net\/wp-content\/uploads\/2021\/08\/Image11-1-1024x683.jpg 1024w, https:\/\/www.lapluma.net\/wp-content\/uploads\/2021\/08\/Image11-1-768x512.jpg 768w, https:\/\/www.lapluma.net\/wp-content\/uploads\/2021\/08\/Image11-1-435x290.jpg 435w, https:\/\/www.lapluma.net\/wp-content\/uploads\/2021\/08\/Image11-1-150x100.jpg 150w, https:\/\/www.lapluma.net\/wp-content\/uploads\/2021\/08\/Image11-1-370x247.jpg 370w, https:\/\/www.lapluma.net\/wp-content\/uploads\/2021\/08\/Image11-1.jpg 1299w\" sizes=\"auto, (max-width: 595px) 100vw, 595px\" \/><\/p>\n<h5 style=\"text-align: center;\">Amigos y familiares en el entierro de Shah Marai Faizi, fot\u00f3grafo-jefe en Kabul de la <br \/>agencia France-Press, en un distrito de la ciudad de Gul Dara, 30 de abril de 2018 <br \/>(Foto: Andrew Quilty)<\/h5>\n<p style=\"text-align: justify;\">Aunque la mayor\u00eda de mis amigos y colegas proceden de ciudades de Afganist\u00e1n,\u00a0 siempre he empatizado con las comunidades rurales, que en general desprecian a\u00a0 ambos bandos de la guerra. Sin embargo, a principios de este verano, empec\u00e9 a sentir\u00a0 que mis simpat\u00edas se desplazaban hacia los afganos urbanos a medida que la guerra\u00a0 se acercaba inexorablemente. \u201cEsta es ahora un tipo de guerra diferente, que recuerda\u00a0 a la de Siria recientemente o a la de Sarajevo en un pasado no tan lejano\u201d, declar\u00f3 recientemente Deborah Lyons, la m\u00e1xima representante de las Naciones Unidas en\u00a0 Afganist\u00e1n, ante el Consejo de Seguridad de la ONU.\u00a0<\/p>\n<p style=\"text-align: justify;\">El ambiente ha cambiado r\u00e1pidamente en Kabul. Cuando el 1 de mayo, fecha en la\u00a0 que las fuerzas internacionales deb\u00edan haberse retirado en virtud del Acuerdo de\u00a0 Doha, lleg\u00f3 y pas\u00f3 sin la violencia prometida por los talibanes, sent\u00ed una extra\u00f1a\u00a0 sensaci\u00f3n de alivio. Pero sab\u00edamos que no pod\u00eda durar. Una broma con un amigo que\u00a0 no se hab\u00eda afeitado en unos d\u00edas porque estaba prepar\u00e1ndose para la inminente\u00a0 llegada de los talibanes, que a menudo exigen que los hombres lleven barba, ya no\u00a0 parece apropiada. Empec\u00e9 a sentirme m\u00e1s culpable de lo habitual al pedir a los\u00a0 amigos afganos en eventos sociales que hablaran en ingl\u00e9s. Felicit\u00e9 a un amigo\u00a0 despu\u00e9s de o\u00edr que se hab\u00eda enamorado, sabiendo que su pareja hab\u00eda decidido que\u00a0 se ir\u00eda del pa\u00eds, aunque \u00e9l no lo har\u00eda sin sus hermanos. Parpadeo para evitar las\u00a0 l\u00e1grimas al hablar con amigos locales en las veladas veraniegas, que sol\u00edan ser\u00a0 ocasiones despreocupadas, pero que han empezado a parecer m\u00e1s bien velorios\u00a0 perentorios para el pa\u00eds tal y como lo conoc\u00edamos. En una de las reuniones, me sent\u00e9\u00a0 con las piernas cruzadas sobre la hierba con dos mujeres, una que trabajaba en el\u00a0 campo de la educaci\u00f3n y la otra en la ONU, mientras describ\u00edan el conflicto entre su\u00a0 deseo de quedarse y seguir trabajando y el de sus padres, que hab\u00edan visto c\u00f3mo los\u00a0 talibanes se deshac\u00edan de las mujeres j\u00f3venes y con visi\u00f3n de futuro en las\u00a0 intersecciones de conflictos anteriores.<\/p>\n<p style=\"text-align: justify;\">Los colegas periodistas extranjeros que viven en Kabul y yo nos encogemos cuando\u00a0 los periodistas que han volado espec\u00edficamente para cubrir la salida de USA y la\u00a0 OTAN dicen que se sienten \u201cexcitados\u201d de estar aqu\u00ed. Miro a mi alrededor para\u00a0 asegurarme de que no hay amigos afganos al alcance de la mano.\u00a0<\/p>\n<p style=\"text-align: justify;\">Diariamente se producen conversaciones discretas sobre el \u00e9xito o el fracaso de las\u00a0 solicitudes de visado de los amigos afganos. Los gobiernos de USA y el Reino Unido\u00a0 anunciaron recientemente la ampliaci\u00f3n de los criterios de entrada para los afganos\u00a0 que trabajan junto a sus ciudadanos. La embajada francesa tambi\u00e9n ha facilitado\u00a0 visados a varios cientos de personas que han trabajado con organizaciones francesas,\u00a0 lo que ha desencadenado una carrera para solicitarlos. Para aquellos que no re\u00fanen\u00a0 los requisitos para estos programas, pero tienen decenas de miles de d\u00f3lares de sobra,\u00a0 hay permisos de residencia turcos turcos\u00a0 disponibles para quien est\u00e9 dispuesto a comprar\u00a0 una propiedad. Otros, cuyas costosas solicitudes de visado para el mismo pa\u00eds han\u00a0 sido rechazadas, est\u00e1n pagando a intermediarios especuladores varios miles de\u00a0 d\u00f3lares cada uno para conseguir un visado o recurriendo a amigos extranjeros para\u00a0 que hagan peticiones a las embajadas en su nombre.\u00a0<\/p>\n<p style=\"text-align: justify;\">Estas s\u00faplicas rara vez tienen \u00e9xito. Un representante de un pa\u00eds europeo en Kabul\u00a0 me dijo que estaban siendo \u201cextremadamente restrictivos\u201d. Incluso \u201cel personal y\u00a0 [sus] familiares\u201d de su delegaci\u00f3n en Kabul no estaban consiguiendo visados.\u00a0<\/p>\n<p><img loading=\"lazy\" decoding=\"async\" class=\" wp-image-29618 aligncenter\" src=\"http:\/\/www.lapluma.net\/wp-content\/uploads\/2021\/08\/Image12-1-300x200.jpg\" alt=\"\" width=\"565\" height=\"376\" srcset=\"https:\/\/www.lapluma.net\/wp-content\/uploads\/2021\/08\/Image12-1-300x200.jpg 300w, https:\/\/www.lapluma.net\/wp-content\/uploads\/2021\/08\/Image12-1-1024x683.jpg 1024w, https:\/\/www.lapluma.net\/wp-content\/uploads\/2021\/08\/Image12-1-768x512.jpg 768w, https:\/\/www.lapluma.net\/wp-content\/uploads\/2021\/08\/Image12-1-435x290.jpg 435w, https:\/\/www.lapluma.net\/wp-content\/uploads\/2021\/08\/Image12-1-150x100.jpg 150w, https:\/\/www.lapluma.net\/wp-content\/uploads\/2021\/08\/Image12-1-370x247.jpg 370w, https:\/\/www.lapluma.net\/wp-content\/uploads\/2021\/08\/Image12-1.jpg 1299w\" sizes=\"auto, (max-width: 565px) 100vw, 565px\" \/><\/p>\n<h5 style=\"text-align: center;\">Con el tel\u00f3n de fondo de un mural con un texto que ruega a los afganos que no se <br \/>arriesguen a emigrar con sus familias, una fila de hombres espera frente a la oficina de <br \/>pasaportes de Afganist\u00e1n en Kabul el 19 de febrero de 2018 <br \/>(Foto: Andrew Quilty)<\/h5>\n<p><strong>3.<\/strong><\/p>\n<p style=\"text-align: justify;\">Un mural en la pared de la oficina de pasaportes afgana muestra una fila de figuras\u00a0 encorvadas, cuya silueta se dibuja contra un cielo crepuscular, que camina hacia el\u00a0 borde de un acantilado. Junto a ellas, un mensaje en dari dice: \u201cNo arriesgues tu vida\u00a0 ni la de tu familia. La migraci\u00f3n no es la respuesta\u201d.\u00a0<\/p>\n<p style=\"text-align: justify;\">Cuando visit\u00e9 la oficina una ma\u00f1ana del mes pasado, un hombre llamado Habibullah\u00a0 me dijo que llevaba esperando en la cola con sus tres hijos peque\u00f1os desde las cinco de\u00a0la ma\u00f1ana. No ten\u00eda ning\u00fan motivo concreto para temer por su seguridad o la de su\u00a0 familia, pero quer\u00eda estar preparado por si ten\u00edan que marcharse. \u201cLa situaci\u00f3n est\u00e1\u00a0 empeorando\u201d, dijo. \u201cNo hay esperanza para el futuro. Si los talibanes toman el control,\u00a0 no sabemos qu\u00e9 tipo de sistema educativo permitir\u00e1n\u201d. Muchos funcionarios del\u00a0 gobierno tienen doble nacionalidad, dijo, y por ello no tienen ning\u00fan incentivo para\u00a0 arreglar los problemas del pa\u00eds. \u201cNo creemos en ellos\u201d, dijo. \u201cPor eso la gente de Kabul\u00a0 se est\u00e1 preparando para irse de alguna manera\u201d.\u00a0<\/p>\n<p style=\"text-align: justify;\">Otro hombre, Abdul Jamil, hizo un aparte conmigo. Me dijo que ten\u00eda cuatro hijos y\u00a0 present\u00f3 un documento que indicaba su \u201cconfirmaci\u00f3n de servicio\u201d como conductor de\u00a0 una empresa de log\u00edstica dentro del aer\u00f3dromo de Bagram, la mayor base militar de\u00a0 USA en Afganist\u00e1n, de la que las \u00faltimas tropas estadounidenses se retiraron al amparo\u00a0 de la oscuridad, sin avisar a sus compa\u00f1eros afganos, a principios de julio. \u201cHe estado\u00a0 recibiendo llamadas telef\u00f3nicas y mensajes de texto. No s\u00e9 qui\u00e9n est\u00e1 detr\u00e1s, pero me\u00a0 siguen enviando mensajes: \u2018Has trabajado con los usamericanos, voy a matarte\u2019\u201d.\u00a0<\/p>\n<p style=\"text-align: justify;\">La polic\u00eda me hab\u00eda advertido que no tomara fotograf\u00edas. Ped\u00ed que me dejaran entrar\u00a0 en la oficina de pasaportes para pedir permiso al director con una carta que hab\u00eda\u00a0 obtenido del Ministerio del Interior, pero la polic\u00eda no me dej\u00f3 pasar. Al cabo de dos\u00a0 horas, cuando los agentes que hab\u00edan impedido mi entrada me dieron la espalda, un\u00a0 par de hombres y yo nos apresuramos a pasar por debajo de la barrera y desaparecimos\u00a0 entre la multitud.\u00a0<\/p>\n<p style=\"text-align: justify;\">Las colas del exterior hab\u00edan sido pacientes y ordenadas, pero dentro era un caos.\u00a0 Encontr\u00e9 a la directora, Muslima Amini, flanqueada por algunos polic\u00edas, intentando\u00a0 en vano mantener a raya a los solicitantes de pasaportes. En el interior hab\u00eda lo que\u00a0 parec\u00edan miles de personas: esperando en una cola que atravesaba un cuadril\u00e1tero,\u00a0 sentadas con des\u00e1nimo bajo el calor sofocante, o esquivando las culatas de los rifles de\u00a0 los abrumados polic\u00edas con la esperanza de completar otro paso en el proceso.\u00a0<\/p>\n<p style=\"text-align: justify;\">M\u00e1s adentro, a las diez de la ma\u00f1ana, un joven me habl\u00f3 en ingl\u00e9s. \u201cLlegu\u00e9 sobre las\u00a0 3:30 de la madrugada, pero todav\u00eda estamos esperando\u201d, dijo por encima del clamor\u00a0 de voces que resonaba en el techo de acero. \u201cLos que tienen contactos entrar\u00e1n, dejar\u00e1n\u00a0 sus datos biom\u00e9tricos y obtendr\u00e1n sus pasaportes. Los que no los tienen esperar\u00e1n en\u00a0 la cola durante mucho tiempo. Ahora est\u00e1n diciendo ya que algunos deben irse a casa\u00a0 y volver despu\u00e9s del Eid\u201d.\u00a0<\/p>\n<p style=\"text-align: justify;\">Me encontr\u00e9 con un funcionario de pasaportes que me hab\u00eda ayudado durante a\u00f1os\u00a0 con mis propias solicitudes de visado. Me dijo que m\u00e1s de 5.000 personas estaban\u00a0 solicitando pasaportes cada d\u00eda. \u201cLa situaci\u00f3n est\u00e1 fuera de control\u201d, a\u00f1adi\u00f3 por encima\u00a0 de las voces que reclamaban su atenci\u00f3n.<\/p>\n<p><img loading=\"lazy\" decoding=\"async\" class=\" wp-image-29619 aligncenter\" src=\"http:\/\/www.lapluma.net\/wp-content\/uploads\/2021\/08\/Image13-300x200.jpg\" alt=\"\" width=\"627\" height=\"418\" srcset=\"https:\/\/www.lapluma.net\/wp-content\/uploads\/2021\/08\/Image13-300x200.jpg 300w, https:\/\/www.lapluma.net\/wp-content\/uploads\/2021\/08\/Image13-1024x683.jpg 1024w, https:\/\/www.lapluma.net\/wp-content\/uploads\/2021\/08\/Image13-768x512.jpg 768w, https:\/\/www.lapluma.net\/wp-content\/uploads\/2021\/08\/Image13-435x290.jpg 435w, https:\/\/www.lapluma.net\/wp-content\/uploads\/2021\/08\/Image13-150x100.jpg 150w, https:\/\/www.lapluma.net\/wp-content\/uploads\/2021\/08\/Image13-370x247.jpg 370w, https:\/\/www.lapluma.net\/wp-content\/uploads\/2021\/08\/Image13.jpg 1299w\" sizes=\"auto, (max-width: 627px) 100vw, 627px\" \/><\/p>\n<h5 style=\"text-align: center;\">La pista de aterrizaje del aeropuerto de Qala-i-Naw, que ahora solo utilizan los militares y <br \/>los transportistas humanitarios, el 20 de junio de 2021. La pista se ha convertido en un <br \/>lugar de reuni\u00f3n popular para hombres y ni\u00f1os a medida que la seguridad empeora en <br \/>las zonas cercanas (Foto: Andrew Quilty)<\/h5>\n<p><strong>4.<\/strong><\/p>\n<p style=\"text-align: justify;\">Pas\u00e9 el mes de junio volando de una provincia a otra para trabajar en tareas\u00a0 fotogr\u00e1ficas convenidas con semanas de antelaci\u00f3n y que poco ten\u00edan que ver con los\u00a0 r\u00e1pidos avances de los talibanes.\u00a0<\/p>\n<p style=\"text-align: justify;\">En la peque\u00f1a capital de Badghis, Qala-i-Naw, donde esperaba documentar la sequ\u00eda\u00a0 que azotaba el noroeste del pa\u00eds, trabaj\u00e9 con un periodista de la radio local cuya esposa\u00a0 y tres hijas hab\u00edan venido a visitarle desde Herat, a tres horas de distancia a trav\u00e9s del\u00a0 territorio talib\u00e1n hacia el sur, donde hab\u00edan vivido en una especie de exilio suave desde\u00a0 que la seguridad en su ciudad natal empeor\u00f3 un par de a\u00f1os antes. Un viernes -el\u00a0 primer d\u00eda del fin de semana isl\u00e1mico-, en lugar de ir en coche a un lugar favorito de\u00a0 picnic en las afueras de la ciudad que ya no era seguro, nos unimos a grupos de\u00a0 hombres y ni\u00f1os en bicicleta en la pista de aterrizaje de la ciudad, que raramente se\u00a0 utiliza.\u00a0<\/p>\n<p style=\"text-align: justify;\">A poca distancia, en la emisora de radio, dos mujeres j\u00f3venes se preparaban para una\u00a0 emisi\u00f3n. \u201cTengo 1.000 d\u00f3lares para mejorar el estudio\u201d, me dijo el periodista, que pidi\u00f3\u00a0 mantener el anonimato porque teme que su trabajo le convierta en objetivo de los\u00a0 talibanes. \u201cPero estoy esperando a ver qu\u00e9 pasa\u201d.\u00a0<\/p>\n<p style=\"text-align: justify;\">Dos semanas despu\u00e9s, los combatientes talibanes entraron en Qala-i-Naw en\u00a0 motocicletas, liberando a decenas de prisioneros de la c\u00e1rcel de la ciudad e\u00a0 intercambiando disparos con las fuerzas gubernamentales en las calles. El asalto se\u00a0 produjo con tan poco aviso que el periodista, con el que me comunicaba por tel\u00e9fono,\u00a0 solo pudo refugiarse en casa de un amigo con su familia, donde no resultar\u00eda\u00a0 sospechoso de esconderse si los talibanes tomaban la ciudad.<\/p>\n<p><img loading=\"lazy\" decoding=\"async\" class=\" wp-image-29620 aligncenter\" src=\"http:\/\/www.lapluma.net\/wp-content\/uploads\/2021\/08\/Image14-300x200.jpg\" alt=\"\" width=\"540\" height=\"360\" srcset=\"https:\/\/www.lapluma.net\/wp-content\/uploads\/2021\/08\/Image14-300x200.jpg 300w, https:\/\/www.lapluma.net\/wp-content\/uploads\/2021\/08\/Image14-1024x683.jpg 1024w, https:\/\/www.lapluma.net\/wp-content\/uploads\/2021\/08\/Image14-768x512.jpg 768w, https:\/\/www.lapluma.net\/wp-content\/uploads\/2021\/08\/Image14-435x290.jpg 435w, https:\/\/www.lapluma.net\/wp-content\/uploads\/2021\/08\/Image14-150x100.jpg 150w, https:\/\/www.lapluma.net\/wp-content\/uploads\/2021\/08\/Image14-370x247.jpg 370w, https:\/\/www.lapluma.net\/wp-content\/uploads\/2021\/08\/Image14.jpg 1299w\" sizes=\"auto, (max-width: 540px) 100vw, 540px\" \/><\/p>\n<h5 style=\"text-align: center;\">Locutoras en una emisora de radio en Qala-i-Naw, la capital de la provincia afgana de <br \/>Badghis, graban un programa el 17 de junio de 2021. <br \/>(Foto: Andrew Quilty)<\/h5>\n<p style=\"text-align: justify;\">A la ma\u00f1ana siguiente, las fuerzas gubernamentales hab\u00edan expulsado a los talibanes.\u00a0 No queriendo correr m\u00e1s riesgos, el periodista y su familia partieron por una remota\u00a0 carretera bajo control talib\u00e1n, con la esperanza de llegar a Herat. El estudio de Qala-i Naw estaba intacto, pero en el cercano distrito de Qadis, que los talibanes tambi\u00e9n\u00a0 hab\u00edan invadido, \u201cnos hab\u00edan roto la puerta y las ventanas y se llevaron algunos\u00a0 bienes\u201d, me dijo.\u00a0<\/p>\n<p style=\"text-align: justify;\">El 1 de agosto me envi\u00f3 un mensaje de texto desde Herat diciendo que \u201cla situaci\u00f3n\u00a0 empeora d\u00eda a d\u00eda. Afortunadamente, todav\u00eda estoy bien\u201d. Despu\u00e9s de que los talibanes\u00a0 tomaran Herat el jueves, me dijo que estaba a salvo, pero que \u201ctodos los medios de\u00a0 comunicaci\u00f3n cesaban su actividad\u201d, y que no sab\u00eda qu\u00e9 pasar\u00eda despu\u00e9s.\u00a0<\/p>\n<p style=\"text-align: justify;\">En Lashkar Gah, la capital de la provincia de Helmand, un amigo intentaba escapar de\u00a0 la ciudad con su familia el mismo d\u00eda en que un hospital privado qued\u00f3 parcialmente\u00a0 <a href=\"https:\/\/pajhwok.com\/2021\/08\/03\/helmand-ariana-hospital-bombed-based-on-wrong-coordinates\/\">destruido<\/a> cuando un avi\u00f3n de guerra afgano atac\u00f3 a unos combatientes talibanes que,\u00a0 seg\u00fan el gobierno, estaban dentro. (El personal del hospital neg\u00f3 que hubiera\u00a0 talibanes). \u201cEstoy bien\u201d, me dijo por wasap, pero \u201cla situaci\u00f3n es cr\u00edtica\u201d.\u00a0<\/p>\n<p style=\"text-align: justify;\">Mi amigo, que trabaja con una organizaci\u00f3n humanitaria internacional, confiaba en\u00a0 llegar hasta Kandahar, donde podr\u00eda tomar un vuelo a Kabul. Pero la pista de aterrizaje\u00a0 de Kandahar hab\u00eda sido da\u00f1ada por el fuego de los cohetes y estaba cerrada a los vuelos.\u00a0 Decidi\u00f3 dar la vuelta y conducir hacia el oeste a trav\u00e9s del desierto hasta la desolada\u00a0 provincia de Nimroz, azotada por el viento y con un calor de 44\u00baC. All\u00ed tambi\u00e9n hab\u00eda\u00a0 un aeropuerto. \u00c9l y su familia consiguieron un vuelo el 2 de agosto, d\u00edas antes de que\u00a0 los talibanes entraran y tomaran el control de la capital de la provincia, pr\u00e1cticamente\u00a0 sin oposici\u00f3n.<\/p>\n<p><img loading=\"lazy\" decoding=\"async\" class=\" wp-image-29621 aligncenter\" src=\"http:\/\/www.lapluma.net\/wp-content\/uploads\/2021\/08\/Image15-300x200.jpg\" alt=\"\" width=\"586\" height=\"390\" srcset=\"https:\/\/www.lapluma.net\/wp-content\/uploads\/2021\/08\/Image15-300x200.jpg 300w, https:\/\/www.lapluma.net\/wp-content\/uploads\/2021\/08\/Image15-1024x684.jpg 1024w, https:\/\/www.lapluma.net\/wp-content\/uploads\/2021\/08\/Image15-768x513.jpg 768w, https:\/\/www.lapluma.net\/wp-content\/uploads\/2021\/08\/Image15-435x290.jpg 435w, https:\/\/www.lapluma.net\/wp-content\/uploads\/2021\/08\/Image15-150x100.jpg 150w, https:\/\/www.lapluma.net\/wp-content\/uploads\/2021\/08\/Image15-370x247.jpg 370w, https:\/\/www.lapluma.net\/wp-content\/uploads\/2021\/08\/Image15.jpg 1297w\" sizes=\"auto, (max-width: 586px) 100vw, 586px\" \/><\/p>\n<h5 style=\"text-align: center;\">Una mujer lleva a un ni\u00f1o peque\u00f1o y utensilios de cocina hacia su pueblo cercano tras lavar <br \/>los platos en un manantial cerca de la ciudad de Bamiy\u00e1n, la capital de la provincia <br \/>central afgana de Bamiy\u00e1n, el 6 de junio de 2016. <br \/>(Foto: Andrew Quilty)<\/h5>\n<p><strong>5.<\/strong><\/p>\n<p style=\"text-align: justify;\">En otra misi\u00f3n durante el mes de junio, acompa\u00f1\u00e9 a una periodista francesa, Sol\u00e8ne\u00a0 Chalvon, a la provincia de Bamiy\u00e1n, en las tierras altas centrales de Afganist\u00e1n, para\u00a0 trabajar en un reportaje sobre arqueolog\u00eda. Bamiy\u00e1n es famosa por las imponentes\u00a0 estatuas de Buda de los siglos VI y VII que fueron destruidas por los talibanes antes de\u00a0 la invasi\u00f3n usamericana de 2001. Su poblaci\u00f3n est\u00e1 compuesta en su mayor\u00eda por\u00a0 hazaras, una minor\u00eda chi\u00ed <a href=\"https:\/\/www.ohchr.org\/Documents\/Issues\/Racism\/SR\/Call\/mhhasrat.pdf\">acosada<\/a> desde hace mucho tiempo por los talibanes, pero en\u00a0 los \u00faltimos 20 a\u00f1os, Bamiy\u00e1n ha sido siempre uno de los lugares m\u00e1s pac\u00edficos del pa\u00eds. Sin embargo, incluso all\u00ed, el ambiente hab\u00eda cambiado. Los talibanes a\u00fan no hab\u00edan\u00a0 invadido la provincia, pero controlaban todas las rutas de entrada y salida. Los\u00a0 residentes m\u00e1s veteranos -que recordaban su <a href=\"https:\/\/apnews.com\/article\/international-news-kabul-taliban-afghanistan-0536b2b075bf50ab7d1558e9bf63e677\">brutal intrusi\u00f3n<\/a> en el a\u00f1o 2000, las\u00a0 <a href=\"https:\/\/www.hrw.org\/reports\/2001\/afghanistan\/afghan101-03.htm\">masacres<\/a> y la destrucci\u00f3n de los Budas- estaban sopesando si tomar las armas o, como\u00a0 dicen en Afganist\u00e1n, \u201cirse a las monta\u00f1as\u201d para esconderse.\u00a0<\/p>\n<p style=\"text-align: justify;\">Un gu\u00eda tur\u00edstico de Bamiy\u00e1n que conoc\u00ed en 2015, y con el que hab\u00eda trabajado y\u00a0 trabado amistad desde entonces, desestim\u00f3 nuestra sugerencia de volver a Kabul con\u00a0 nosotros en avi\u00f3n. No pod\u00eda dejar atr\u00e1s a su madre, dijo. Hace 21 a\u00f1os, ella huy\u00f3 con\u00a0 otra gente hacia la monta\u00f1a Baba, uno de los picos m\u00e1s altos visibles desde el valle\u00a0 central de Bamiy\u00e1n, con el entonces ni\u00f1o gu\u00eda en brazos, cuando una bala talib\u00e1n le\u00a0 alcanz\u00f3 la pierna. No pudo encontrar tratamiento m\u00e9dico durante semanas; su pierna\u00a0 se gangren\u00f3 y finalmente, recuerda el gu\u00eda tur\u00edstico, la perdi\u00f3. Ahora, viuda, depende\u00a0 casi exclusivamente de su hijo para sobrevivir.\u00a0<\/p>\n<p style=\"text-align: justify;\">Una semana despu\u00e9s de que Chalvon y yo volvi\u00e9ramos a Kabul, los distritos lim\u00edtrofes\u00a0 con Bamiy\u00e1n empezaron a caer en manos de los talibanes. Nuestro amigo nos dijo\u00a0 que estaba empacando los enseres de la casa de la familia y planeando conducir hacia\u00a0 el oeste, al valle de Yakawlang, m\u00e1s f\u00e1cil de defender. El 10 de julio cayeron dos\u00a0 distritos en el norte de Bamiy\u00e1n. En mitad de la noche del 12 de julio me envi\u00f3 un\u00a0 mensaje para decirme que no pod\u00eda dormir. Un puesto de control a 50 kil\u00f3metros al\u00a0norte hab\u00eda ca\u00eddo en manos de los talibanes. Un d\u00eda despu\u00e9s, las llamadas y los\u00a0 mensajes de Chalvon y m\u00edos quedaron sin respuesta. Hab\u00eda corrido el riesgo de\u00a0 conducir a trav\u00e9s del territorio controlado por los talibanes, temiendo que, si los\u00a0 combatientes le identificaban en un puesto de control, no le dejaran pasar por su\u00a0 trabajo con los extranjeros. Por fin, lleg\u00f3 sano y salvo a Kabul con su madre, su esposa\u00a0 y sus dos hijos peque\u00f1os. Al d\u00eda siguiente hicieron cola en la oficina de pasaportes.\u00a0<\/p>\n<p style=\"text-align: justify;\">En las semanas siguientes, cuando parte del territorio invadido por los talibanes en\u00a0 Bamiy\u00e1n fue retomado por las fuerzas gubernamentales, y el gu\u00eda tur\u00edstico y su\u00a0 familia contemplaron la posibilidad de regresar a casa, su suegra y varios otros\u00a0 familiares solicitaron visados iran\u00edes. Ella le dijo a su hija -la esposa del gu\u00eda tur\u00edstico que sus visados hab\u00edan sido expedidos; pero no fue as\u00ed. El grupo viaj\u00f3 a Nimroz, en\u00a0 la frontera con Ir\u00e1n, donde admitieron por tel\u00e9fono que sus solicitudes hab\u00edan sido\u00a0 rechazadas. En su lugar, dijeron que hab\u00edan encontrado un contrabandista y\u00a0 planeaban cruzar a Ir\u00e1n sin documentos. \u201cMe han dicho: \u2018Todo est\u00e1 bien, aqu\u00ed hay\u00a0 mucha gente que va a Ir\u00e1n\u2019\u201d, dijo el gu\u00eda tur\u00edstico. \u201cPero no fue as\u00ed\u201d.\u00a0<\/p>\n<p style=\"text-align: justify;\">A primera hora de la ma\u00f1ana, llegaron hasta un muro que divide los dos pa\u00edses en la\u00a0 parte trasera de una camioneta atestada de otros solicitantes de asilo. El\u00a0 contrabandista parec\u00eda no sentirse muy seguro, pero le dijo al grupo que subiera. Otra\u00a0 persona los recoger\u00eda al otro lado y los llevar\u00eda al interior de Ir\u00e1n.\u00a0<\/p>\n<p style=\"text-align: justify;\">A pocos pasos de la frontera, las fuerzas de seguridad iran\u00edes dispararon contra el\u00a0 grupo. Muchas personas resultaron alcanzadas, incluida la suegra del gu\u00eda tur\u00edstico,\u00a0 al igual que le hab\u00eda ocurrido a su propia madre 20 a\u00f1os antes.\u00a0<\/p>\n<p style=\"text-align: justify;\">Media hora despu\u00e9s, estaba muerta.<\/p>\n<h2>Adrew Quilty<\/h2>\n<h2>Original: <a href=\"https:\/\/theintercept.com\/2021\/08\/12\/afghanistan-taliban-exit\/\">No exit<\/a>, The Intercept, 12 de agosto de 2021<\/h2>\n<h2><strong>Traducido por<a href=\"http:\/\/tlaxcala-int.blogspot.com\/search?q=sinfo+fern%C3%A1ndez\"> Sinfo Fern\u00e1ndez<\/a><\/strong><\/h2>\n<h2><strong><b>Editado por <a href=\"http:\/\/www.lapluma.net\/nosotros\/editora\/\">Mar\u00eda Piedad Ossaba<\/a><\/b><\/strong><\/h2>\n<h2>Fuente: <a href=\"http:\/\/tlaxcala-int.blogspot.com\/search\/label\/Espa%C3%B1ol\">Tlaxcala<\/a>, 16 de agosto de 2021<\/h2>\n<p>\u00a0<\/p>\n","protected":false},"excerpt":{"rendered":"<p>El cambio en la din\u00e1mica de la guerra en los \u00faltimos meses -la salida de las tropas\u00a0 usamericanas, el avance de los talibanes hacia la capital mientras el gobierno se\u00a0 esfuerza por contenerlos- ha alterado la proximidad de muchos afganos a la guerra.<\/p>\n","protected":false},"author":930,"featured_media":29623,"comment_status":"open","ping_status":"open","sticky":false,"template":"","format":"standard","meta":{"_uf_show_specific_survey":0,"_uf_disable_surveys":false,"footnotes":""},"categories":[218],"tags":[14614,14615,14613,14616,14618,14596],"coauthors":[14612],"class_list":["post-29600","post","type-post","status-publish","format-standard","has-post-thumbnail","hentry","category-mundo","tag-afganistan-usa","tag-andrew-quilty","tag-retirda-made-in-usa","tag-talibanes","tag-usa-acelera-la-retirda","tag-usa-la-guerra-mas-larga-20-anos"],"translation":{"provider":"WPGlobus","version":"2.12.2","language":"fr","enabled_languages":["es","fr"],"languages":{"es":{"title":true,"content":true,"excerpt":true},"fr":{"title":false,"content":false,"excerpt":false}}},"_links":{"self":[{"href":"https:\/\/www.lapluma.net\/fr\/wp-json\/wp\/v2\/posts\/29600","targetHints":{"allow":["GET"]}}],"collection":[{"href":"https:\/\/www.lapluma.net\/fr\/wp-json\/wp\/v2\/posts"}],"about":[{"href":"https:\/\/www.lapluma.net\/fr\/wp-json\/wp\/v2\/types\/post"}],"author":[{"embeddable":true,"href":"https:\/\/www.lapluma.net\/fr\/wp-json\/wp\/v2\/users\/930"}],"replies":[{"embeddable":true,"href":"https:\/\/www.lapluma.net\/fr\/wp-json\/wp\/v2\/comments?post=29600"}],"version-history":[{"count":7,"href":"https:\/\/www.lapluma.net\/fr\/wp-json\/wp\/v2\/posts\/29600\/revisions"}],"predecessor-version":[{"id":29637,"href":"https:\/\/www.lapluma.net\/fr\/wp-json\/wp\/v2\/posts\/29600\/revisions\/29637"}],"wp:featuredmedia":[{"embeddable":true,"href":"https:\/\/www.lapluma.net\/fr\/wp-json\/wp\/v2\/media\/29623"}],"wp:attachment":[{"href":"https:\/\/www.lapluma.net\/fr\/wp-json\/wp\/v2\/media?parent=29600"}],"wp:term":[{"taxonomy":"category","embeddable":true,"href":"https:\/\/www.lapluma.net\/fr\/wp-json\/wp\/v2\/categories?post=29600"},{"taxonomy":"post_tag","embeddable":true,"href":"https:\/\/www.lapluma.net\/fr\/wp-json\/wp\/v2\/tags?post=29600"},{"taxonomy":"author","embeddable":true,"href":"https:\/\/www.lapluma.net\/fr\/wp-json\/wp\/v2\/coauthors?post=29600"}],"curies":[{"name":"wp","href":"https:\/\/api.w.org\/{rel}","templated":true}]}}