{"id":28882,"date":"2021-07-24T11:08:28","date_gmt":"2021-07-24T11:08:28","guid":{"rendered":"http:\/\/www.lapluma.net\/?p=28882"},"modified":"2025-09-06T05:16:59","modified_gmt":"2025-09-06T05:16:59","slug":"evitemos-la-tentacion-del-odio","status":"publish","type":"post","link":"https:\/\/www.lapluma.net\/fr\/2021\/07\/24\/evitemos-la-tentacion-del-odio\/","title":{"rendered":"Evitemos la tentaci\u00f3n del odio"},"content":{"rendered":"\r\n<p style=\"text-align: justify;\"><strong>Ayer se estren\u00f3 en YouTube la canci\u00f3n <a href=\"https:\/\/www.youtube.com\/watch?v=Ra1amrTn2uU\">Todo por ti de Pavel Urquiza y Daym\u00e9 Arocena<\/a>. Insignificante como obra de arte, pretenden que funcione en t\u00e9rminos de propaganda pol\u00edtica.<\/strong> Usaron para el videoclip im\u00e1genes de \u201cel pueblo\u201d cuando arremete contra un auto patrullero y contra polic\u00edas que, la mayor\u00eda de las veces, retrocede ante las agresiones de la gente. Extra\u00f1a \u201cfuerza represiva\u201d que ha recibido evidentemente \u00f3rdenes de evitar derramamientos de sangre.<\/p>\r\n<p><img loading=\"lazy\" decoding=\"async\" class=\"wp-image-28883 aligncenter\" src=\"http:\/\/www.lapluma.net\/wp-content\/uploads\/2021\/07\/Cubadebate-300x200.jpg\" alt=\"\" width=\"564\" height=\"376\" srcset=\"https:\/\/www.lapluma.net\/wp-content\/uploads\/2021\/07\/Cubadebate-300x200.jpg 300w, https:\/\/www.lapluma.net\/wp-content\/uploads\/2021\/07\/Cubadebate-1024x682.jpg 1024w, https:\/\/www.lapluma.net\/wp-content\/uploads\/2021\/07\/Cubadebate-768x512.jpg 768w, https:\/\/www.lapluma.net\/wp-content\/uploads\/2021\/07\/Cubadebate-435x290.jpg 435w, https:\/\/www.lapluma.net\/wp-content\/uploads\/2021\/07\/Cubadebate-150x100.jpg 150w, https:\/\/www.lapluma.net\/wp-content\/uploads\/2021\/07\/Cubadebate-370x247.jpg 370w, https:\/\/www.lapluma.net\/wp-content\/uploads\/2021\/07\/Cubadebate.jpg 1280w\" sizes=\"auto, (max-width: 564px) 100vw, 564px\" \/><\/p>\r\n<p style=\"text-align: center;\">Tratemos de razonar con todo aquel que no sea \u201cincorregiblemente reaccionario, incorregiblemente contrarrevolucionario\u201d. Foto: Yusmilys Dubrosky<\/p>\r\n<p>La canci\u00f3n le habla a Cuba: \u201cLo que necesitas, Cuba, es que lo demos todo por ti.\u201d La convocan a que despierte: \u201cLlevas demasiado tiempo a ciegas\u201d, le dicen; pero, por fortuna, \u201cya tus hijos se adue\u00f1aron sin miedo de las calles\u201d. Estamos dispuestos, dicen, a \u201cempezar de nuevo por ti\u201d.<\/p>\r\n<blockquote>\r\n<p style=\"text-align: justify;\">\u00bfQu\u00e9 quieren decir con \u201cempezar de nuevo\u201d? \u00bfEchar por tierra la obra de la Revoluci\u00f3n Cubana, borrarla, suprimirla, y regresar a 1958? \u00bfNuestra patria ha vivido ciega durante m\u00e1s de sesenta a\u00f1os? \u00bfEs la turba violenta que aparece en el videoclip la destinada a abrirle los ojos y salvarla? \u00bfO ser\u00e1n las tropas yanquis protagonistas de la \u201cintervenci\u00f3n humanitaria\u201d que piden desde Miami? \u00bfEsa turba es realmente \u201cel pueblo\u201d? \u00bfAcaso los j\u00f3venes que apoyan la lucha contra la covid-19 en todo el pa\u00eds no forman parte de nuestro pueblo? \u00bfY los m\u00e9dicos, las enfermeras, los cient\u00edficos, los profesionales de todas las ramas, los periodistas, los escritores y artistas, los trabajadores manuales e intelectuales y los hombres y mujeres humildes que defienden d\u00eda a d\u00eda la tranquilidad ciudadana?<\/p>\r\n<\/blockquote>\r\n<p style=\"text-align: justify;\"><strong>La Cuba revolucionaria ha estado siempre dispuesta a rectificar sus errores y a \u201ccambiar todo lo que debe ser cambiado\u201d<\/strong>; pero, por supuesto, sobre las bases establecidas en nuestra Constituci\u00f3n, sobre los principios innegociables de la soberan\u00eda y el socialismo.<\/p>\r\n<p style=\"text-align: justify;\">Por otra parte, <strong>me llegan continuamente noticias de personas abrumadas por el torrente cotidiano de insultos, ataques y mentiras que reciben en las redes sociales.<\/strong> Muchas han decidido cerrar sus perfiles de Facebook o bloquear, no sin dolor, a familiares y amigos. Algunas de ellas se han enfermado literalmente. Me contaron de una compa\u00f1era que se encerr\u00f3 en su cuarto, horrorizada, como si el odio pudiera saltar de los m\u00f3viles e inundar su propia casa. Una cantante joven, comprometida con su patria, muy talentosa, ha sufrido un verdadero linchamiento en las redes y en los medios de la contrarrevoluci\u00f3n. Se ha sentido aislada, deprimida, sola. Esa sensaci\u00f3n irracional de que los revolucionarios estamos en minor\u00eda es lo que pretenden sembrar malignamente entre nosotros para desmoralizarnos.<\/p>\r\n<p style=\"text-align: justify;\">Tratemos de razonar con todo aquel que no sea \u201cincorregiblemente reaccionario, incorregiblemente contrarrevolucionario\u201d. Debemos escucharlo civilizadamente, darle la raz\u00f3n all\u00ed donde la tenga, ofrecerle toda la informaci\u00f3n y todos los argumentos y proponerle construir una comunicaci\u00f3n no contaminada por el t\u00f3xico predominante en las redes. <a href=\"http:\/\/www.cubadebate.cu\/opinion\/2021\/07\/15\/un-pais-de-amantes-no-de-odiantes\/\">Evitemos la tentaci\u00f3n del odio.<\/a> Es demasiado f\u00e1cil y demasiado degradante. \u00a0Pong\u00e1mosle coraz\u00f3n a este momento decisivo<u><b><\/b><\/u><\/p>\r\n<h3 class=\"western\"><strong><span style=\"font-family: Arial, sans-serif;\"><span style=\"font-size: large;\"><b>Abel Prieto Jim\u00e9nez<\/b><\/span><\/span><\/strong><\/h3>\r\n<h3 class=\"western\"><strong><span style=\"font-family: Arial, sans-serif;\"><span style=\"font-size: large;\"><b>Editado por <a href=\"http:\/\/www.lapluma.net\/fr\/nosotros\/editora\/\">Mar\u00eda Piedad Ossaba<\/a><\/b><\/span><\/span><\/strong><\/h3>\r\n<h3 class=\"western\"><strong><span style=\"font-family: Arial, sans-serif;\"><span style=\"font-size: large;\">Publicado por <a href=\"http:\/\/www.cubadebate.cu\/opinion\/2021\/07\/22\/evitemos-la-tentacion-del-odio\/\">Cubadebate<\/a>, el 22 de julio de 2021<\/span><\/span><\/strong><\/h3>\r\n","protected":false},"excerpt":{"rendered":"<p>Tratemos de razonar con todo aquel que no sea \u201cincorregiblemente reaccionario, incorregiblemente contrarrevolucionario\u201d.<\/p>\n","protected":false},"author":912,"featured_media":28891,"comment_status":"open","ping_status":"open","sticky":false,"template":"","format":"standard","meta":{"_uf_show_specific_survey":0,"_uf_disable_surveys":false,"footnotes":""},"categories":[5],"tags":[14084,14103,14081,14080,14085,14083],"coauthors":[14075],"class_list":["post-28882","post","type-post","status-publish","format-standard","has-post-thumbnail","hentry","category-editoriales-y-opiniones","tag-cuba-revolucionaria","tag-cuba-america-latina-y-el-caribe-4","tag-cultura-video-youtube","tag-discurso-de-odio-odio","tag-pongamosle-corazon","tag-propaganda-politica"],"translation":{"provider":"WPGlobus","version":"2.12.2","language":"fr","enabled_languages":["es","fr"],"languages":{"es":{"title":true,"content":true,"excerpt":true},"fr":{"title":false,"content":false,"excerpt":false}}},"_links":{"self":[{"href":"https:\/\/www.lapluma.net\/fr\/wp-json\/wp\/v2\/posts\/28882","targetHints":{"allow":["GET"]}}],"collection":[{"href":"https:\/\/www.lapluma.net\/fr\/wp-json\/wp\/v2\/posts"}],"about":[{"href":"https:\/\/www.lapluma.net\/fr\/wp-json\/wp\/v2\/types\/post"}],"author":[{"embeddable":true,"href":"https:\/\/www.lapluma.net\/fr\/wp-json\/wp\/v2\/users\/912"}],"replies":[{"embeddable":true,"href":"https:\/\/www.lapluma.net\/fr\/wp-json\/wp\/v2\/comments?post=28882"}],"version-history":[{"count":5,"href":"https:\/\/www.lapluma.net\/fr\/wp-json\/wp\/v2\/posts\/28882\/revisions"}],"predecessor-version":[{"id":81920,"href":"https:\/\/www.lapluma.net\/fr\/wp-json\/wp\/v2\/posts\/28882\/revisions\/81920"}],"wp:featuredmedia":[{"embeddable":true,"href":"https:\/\/www.lapluma.net\/fr\/wp-json\/wp\/v2\/media\/28891"}],"wp:attachment":[{"href":"https:\/\/www.lapluma.net\/fr\/wp-json\/wp\/v2\/media?parent=28882"}],"wp:term":[{"taxonomy":"category","embeddable":true,"href":"https:\/\/www.lapluma.net\/fr\/wp-json\/wp\/v2\/categories?post=28882"},{"taxonomy":"post_tag","embeddable":true,"href":"https:\/\/www.lapluma.net\/fr\/wp-json\/wp\/v2\/tags?post=28882"},{"taxonomy":"author","embeddable":true,"href":"https:\/\/www.lapluma.net\/fr\/wp-json\/wp\/v2\/coauthors?post=28882"}],"curies":[{"name":"wp","href":"https:\/\/api.w.org\/{rel}","templated":true}]}}