{"id":28499,"date":"2021-07-12T15:10:57","date_gmt":"2021-07-12T15:10:57","guid":{"rendered":"http:\/\/www.lapluma.net\/?p=28499"},"modified":"2021-07-12T15:16:25","modified_gmt":"2021-07-12T15:16:25","slug":"resumen-latinoamericano-radio-8-de-julio-de-2021haiti-chile-bolivia-y-info","status":"publish","type":"post","link":"https:\/\/www.lapluma.net\/fr\/2021\/07\/12\/resumen-latinoamericano-radio-8-de-julio-de-2021haiti-chile-bolivia-y-info\/","title":{"rendered":"Resumen Latinoamericano radio 8 de julio de 2021 (Hait\u00ed, Chile, Bolivia y +info)"},"content":{"rendered":"\n<p><iframe loading=\"lazy\" src=\"https:\/\/w.soundcloud.com\/player\/?url=https%3A\/\/api.soundcloud.com\/tracks\/1084193215&amp;color=%23ff5500&amp;auto_play=false&amp;hide_related=false&amp;show_comments=true&amp;show_user=true&amp;show_reposts=false&amp;show_teaser=true&amp;visual=true\" scrolling=\"no\" width=\"100%\" height=\"300\" frameborder=\"no\"> <div style=\"font-size: 10px; color: #cccccc; line-break: anywhere; word-break: normal; overflow: hidden; white-space: nowrap; text-overflow: ellipsis; font-family: Interstate,Lucida Grande,Lucida Sans Unicode,Lucida Sans,Garuda,Verdana,Tahoma,sans-serif; font-weight: 100;\"><a style=\"color: #cccccc; text-decoration: none;\" title=\"Resumen Latinoamericano\" rel=\"noopener\" href=\"https:\/\/soundcloud.com\/resumenlatinoamericano\" target=\"_blank\">Resumen Latinoamericano<\/a> \u00b7 <a style=\"color: #cccccc; text-decoration: none;\" title=\"RESUMEN LATINOAMERICANO RADIO 8 de julio de 2021\" rel=\"noopener\" href=\"https:\/\/soundcloud.com\/resumenlatinoamericano\/resumen-latinoamericano-radio-8-de-julio-de-2021\" target=\"_blank\">RESUMEN LATINOAMERICANO RADIO 8 de julio de 2021<\/a><\/div> <p>\u00a0<\/p><\/iframe><\/p>\n\n\n\n<p><span style=\"font-family: Arial, sans-serif;\"><strong>HAIT\u00cd<\/strong>: Despu\u00e9s de la ejecuci\u00f3n del presidente Jovenel Moise el panorama que se abre es de incertidumbre, varios peligros y una posibilidad no f\u00e1cil pero posible de esperanza para el movimiento popular (entrevista a Henry Boisrolin) <\/span><\/p>\n<p><span style=\"font-family: Arial, sans-serif;\"><strong>ARGENTINA<\/strong>: Nueva marcha y reclamos no cumplidios de la unidad piquetera <\/span><\/p>\n<p><span style=\"font-family: Arial, sans-serif;\"><strong>CHILE<\/strong>: La Constituyente y la calle, entrevista a Francisca \u00abPancha\u00bb Fern\u00e1ndez, de la Coordinadora 8M y del Movimiento por la Tierra, el Agua y los Territorios <\/span><\/p>\n<p><span style=\"font-family: Arial, sans-serif;\"><strong>HOMENAJE A LUISA TOLEDO<\/strong>, madre del pueblo chileno <\/span><\/p>\n<p><span style=\"font-family: Arial, sans-serif;\"><strong>BOLIVIA<\/strong>: Entrevista a Antonio Abal: los golpistas y sus \u00abolvidos\u00bb <\/span><\/p>\n<p><span style=\"font-family: Arial, sans-serif;\"><strong>PER\u00da<\/strong>: Sigue la lucha por el reconocimiento de Pedro Castillo <\/span><\/p>\n<p><span style=\"font-family: Arial, sans-serif;\"><strong>BRASIL<\/strong>: Las marchas multitudinarias contra Bolsonaro <\/span><\/p>\n<p><span style=\"font-family: Arial, sans-serif;\"><strong>COLOMBIA<\/strong>: Aniversario del ELN <\/span><\/p>\n<p><span style=\"font-family: Arial, sans-serif;\"><strong>NACION MAPUCHE<\/strong>: El hist\u00f3rico discurso de Elisa Lonc\u00f3n en la Convenci\u00f3n Constituyente <\/span><\/p>\n<p><span style=\"font-family: Arial, sans-serif;\"><strong>MUJERES Y RESISTENCIAS<\/strong>: El asesino de Berta C\u00e1ceres condenado.<\/span><\/p>\n<p align=\"justify\"><span style=\"font-family: Arial, sans-serif;\"><strong><span style=\"color: #505050;\"><span style=\"font-size: large;\"><b>Resumen Latinoamericano, 8 de julio de 2021.<\/b><\/span><\/span><\/strong><\/span><\/p>\n<p align=\"justify\"><span style=\"font-family: Arial, sans-serif;\"><span style=\"font-size: medium;\"><strong><span style=\"color: #505050;\"><span style=\"font-size: large;\"><b>Editado por <a href=\"http:\/\/www.lapluma.net\/nosotros\/\">Mar\u00eda Piedad Ossaba<\/a> <\/b><\/span><\/span><\/strong><\/span><\/span><\/p>\n\n\n","protected":false},"excerpt":{"rendered":"<p>Resumen Latinoamericano &middot; RESUMEN LATINOAMERICANO RADIO 8 de julio de 2021 &nbsp; HAIT&Iacute;: Despu&eacute;s de la ejecuci&oacute;n del presidente Jovenel Moise el panorama que se abre es de incertidumbre, varios peligros y una posibilidad no f&aacute;cil pero posible de esperanza para el movimiento popular (entrevista a Henry Boisrolin) ARGENTINA: Nueva marcha y reclamos no cumplidios&#8230;<\/p>\n","protected":false},"author":144,"featured_media":28500,"comment_status":"open","ping_status":"open","sticky":false,"template":"","format":"standard","meta":{"_uf_show_specific_survey":0,"_uf_disable_surveys":false,"footnotes":""},"categories":[15,217],"tags":[],"coauthors":[1277],"class_list":["post-28499","post","type-post","status-publish","format-standard","has-post-thumbnail","hentry","category-impunidad","category-abya-yala"],"translation":{"provider":"WPGlobus","version":"2.12.2","language":"fr","enabled_languages":["es","fr"],"languages":{"es":{"title":true,"content":true,"excerpt":false},"fr":{"title":false,"content":false,"excerpt":false}}},"_links":{"self":[{"href":"https:\/\/www.lapluma.net\/fr\/wp-json\/wp\/v2\/posts\/28499","targetHints":{"allow":["GET"]}}],"collection":[{"href":"https:\/\/www.lapluma.net\/fr\/wp-json\/wp\/v2\/posts"}],"about":[{"href":"https:\/\/www.lapluma.net\/fr\/wp-json\/wp\/v2\/types\/post"}],"author":[{"embeddable":true,"href":"https:\/\/www.lapluma.net\/fr\/wp-json\/wp\/v2\/users\/144"}],"replies":[{"embeddable":true,"href":"https:\/\/www.lapluma.net\/fr\/wp-json\/wp\/v2\/comments?post=28499"}],"version-history":[{"count":2,"href":"https:\/\/www.lapluma.net\/fr\/wp-json\/wp\/v2\/posts\/28499\/revisions"}],"predecessor-version":[{"id":28502,"href":"https:\/\/www.lapluma.net\/fr\/wp-json\/wp\/v2\/posts\/28499\/revisions\/28502"}],"wp:featuredmedia":[{"embeddable":true,"href":"https:\/\/www.lapluma.net\/fr\/wp-json\/wp\/v2\/media\/28500"}],"wp:attachment":[{"href":"https:\/\/www.lapluma.net\/fr\/wp-json\/wp\/v2\/media?parent=28499"}],"wp:term":[{"taxonomy":"category","embeddable":true,"href":"https:\/\/www.lapluma.net\/fr\/wp-json\/wp\/v2\/categories?post=28499"},{"taxonomy":"post_tag","embeddable":true,"href":"https:\/\/www.lapluma.net\/fr\/wp-json\/wp\/v2\/tags?post=28499"},{"taxonomy":"author","embeddable":true,"href":"https:\/\/www.lapluma.net\/fr\/wp-json\/wp\/v2\/coauthors?post=28499"}],"curies":[{"name":"wp","href":"https:\/\/api.w.org\/{rel}","templated":true}]}}