{"id":283,"date":"2018-09-05T04:30:14","date_gmt":"2018-09-05T04:30:14","guid":{"rendered":"http:\/\/www.lapluma.net\/?p=283"},"modified":"2018-12-02T17:36:04","modified_gmt":"2018-12-02T17:36:04","slug":"venezuela-la-intervencion-internacional-toma-posiciones","status":"publish","type":"post","link":"https:\/\/www.lapluma.net\/fr\/2018\/09\/05\/venezuela-la-intervencion-internacional-toma-posiciones\/","title":{"rendered":"Venezuela: La intervenci\u00f3n internacional toma posiciones"},"content":{"rendered":"<p style=\"text-align: justify;\"><span style=\"font-size: 12pt;\"><img loading=\"lazy\" decoding=\"async\" class=\"der alignleft\" src=\"http:\/\/www.odiario.info\/b2-img\/MarcoTeruggi1.jpg\" alt=\"\" width=\"132\" height=\"129\" \/>La construcci\u00f3n del escenario internacional contra Venezuela se ha acelerado. La decisi\u00f3n proviene desde la direcci\u00f3n estrat\u00e9gica del conflicto que se encuentra en Estados Unidos (EEUU). Nikki Haley, embajadora norteamericana ante la Organizaci\u00f3n de Naciones Unidas, y James Mattis, Secretario de Defensa, fueron los dos \u00faltimos en desplegarse en el continente, en particular en la base central: Colombia.<\/span><\/p>\n<p><img loading=\"lazy\" decoding=\"async\" class=\"aligncenter\" src=\"http:\/\/www.es.lapluma.net\/images\/stories\/celap\/Nikki_Haley_desde_la_frontera.jpg\" alt=\"Nikki_Haley_desde_la_frontera\" width=\"575\" height=\"323\" \/><\/p>\n<p style=\"text-align: center;\"><strong>La embajadora en un paso fronterizo entre Colombia y Venezuela, 8 de agosto de 2018. Foto Reuters<\/strong><\/p>\n<p><img loading=\"lazy\" decoding=\"async\" class=\"aligncenter\" src=\"http:\/\/www.es.lapluma.net\/images\/stories\/celap\/Nikki_Haley_y_Duque.jpg\" alt=\"Nikki_Haley_y_Duque\" width=\"575\" height=\"323\" \/><\/p>\n<p style=\"text-align: justify;\"><span style=\"font-size: 12pt;\">La primera estuvo en la asunci\u00f3n del reci\u00e9n electo presidente Iv\u00e1n Duque y\u00a0se desplaz\u00f3 a la frontera colombo-venezolana, desde donde declar\u00f3 que \u201cel mundo debe darse cuenta de que hay un dictador en Venezuela\u201d, y llam\u00f3 a los pa\u00edses de la regi\u00f3n a actuar. El segundo se reuni\u00f3 con el presidente luego de su gira por Brasil, Argentina, Chile y Colombia. La agenda se centr\u00f3 en Venezuela, la presi\u00f3n medi\u00e1tica, diplom\u00e1tica, el cerco econ\u00f3mico, los pr\u00f3ximos pasos en la escalada.<\/span><\/p>\n<p style=\"text-align: justify;\"><span style=\"font-size: 12pt;\">Mattis anunci\u00f3 luego de su visita el env\u00edo del buque-hospital USNS Comfort a las aguas colombianas cercanas a Venezuela. Argument\u00f3 que se trata de un apoyo ante los \u201crefugiados\u201d provocados por la \u201ccrisis humanitaria\u201d.<\/span><\/p>\n<p style=\"text-align: justify;\"><span style=\"font-size: 12pt;\">Quienes tomaron la delantera a los pocos d\u00edas fueron Sarah Sanders, portavoz de la Casa Blanca, quien afirm\u00f3 \u201cmantener todas las opciones sobre la mesa\u201d en el caso de Venezuela. Le sigui\u00f3 el senador Marco Rubio, operador central de la l\u00ednea intervencionista-golpista contra Venezuela, al afirmar que las circunstancias cambiaron, y una intervenci\u00f3n armada forma parte de las posibilidades. \u201cVenezuela y el r\u00e9gimen de Maduro se han convertido en una amenaza a la regi\u00f3n e incluso a EEUU\u201d, declar\u00f3. Lo hizo luego de reunirse John Bolton, miembro del Consejo de Seguridad Nacional.<\/span><\/p>\n<p><img loading=\"lazy\" decoding=\"async\" class=\"aligncenter\" src=\"http:\/\/www.es.lapluma.net\/images\/stories\/celap\/USNS_Comfort.jpg\" alt=\"USNS_Comfort\" width=\"550\" height=\"309\" \/><\/p>\n<p style=\"text-align: justify;\"><span style=\"font-size: 12pt;\">Sus palabras fueron dichas a pocos d\u00edas del inicio de los ejercicios militares UNITAS 2018 que se realizan en Cartagena, costa colombiana cercana a Venezuela, donde participan catorce pa\u00edses -entre los cuales est\u00e1 la Argentina- con buques, submarinos, aeronaves, todo bajo la direcci\u00f3n del Pent\u00e1gono.<\/span><\/p>\n<p style=\"text-align: justify;\"><span style=\"font-size: 12pt;\"><strong>Factor Colombia<\/strong><\/span><\/p>\n<p style=\"text-align: justify;\"><span style=\"font-size: 12pt;\">Iv\u00e1n Duque asumi\u00f3 la presidencia con un objetivo internacional en la mira: Venezuela. Hered\u00f3 de Juan Manuel Santos el no reconocimiento de Nicol\u00e1s Maduro como presidente, el ingreso a la OTAN como socio global, la construcci\u00f3n medi\u00e1tica-pol\u00edtica en ascenso de hostilidad hacia el gobierno de\u00a0Maduro y los venezolanos.<\/span><\/p>\n<p style=\"text-align: justify;\"><span style=\"font-size: 12pt;\">Duque profundiz\u00f3 la orientaci\u00f3n con la visita al Comando Sur, donde se entrevist\u00f3 con Kurd Tidd, seguido del anuncio del retiro de Colombia de la UNASUR, la protecci\u00f3n pol\u00edtica de Julio Borges -uno de los principales autores intelectuales del intento de asesinato de Maduro, pr\u00f3fugo en Colombia- y las condiciones para que el Tribunal Supremo de Justicia venezolano ilegal sesione en Bogot\u00e1. Este \u00faltimo declar\u00f3 culpable al presidente\u00a0Maduro y\u00a0pidi\u00f3 nuevamente a la Fuerza Armada Nacional Bolivariana (FANB) detenerlo. Ese supuesto Tribunal es parte de una de las cartas en desarrollo desde el 2017: la conformaci\u00f3n de un gobierno paralelo.<\/span><\/p>\n<p style=\"text-align: justify;\"><span style=\"font-size: 12pt;\">Un elemento m\u00e1s resulta clave en el factor Colombia: la frontera. M\u00e1s de dos mil kil\u00f3metros comunes donde en el lado colombiano operan grupos paramilitares, narcotraficantes, y se desarrolla el contrabando de extracci\u00f3n. El gobierno colombiano, desde \u00c1lvaro Uribe \u2013padre pol\u00edtico de Duque-, legaliz\u00f3 el contrabando, en particular de gasolina. Fue en zona de frontera colombiana, cercano a donde estuvo Nikki Haley, donde se entrenaron quienes intentaron el asesinato con drones, justamente por tratarse de un territorio con alto desarrollo paramilitar.\u00a0<\/span><\/p>\n<p style=\"text-align: justify;\"><span style=\"font-size: 12pt;\">Desde all\u00ed han ingresado fuerzas paramilitares que se han arraigado, propagado su forma de despliegue territorial bajo terror, y han actuado en la violencia de abril-julio del 2017. La hip\u00f3tesis de acciones violentas se relacionan directamente con ese desarrollo: fuerzas irregulares financiadas, entrenadas, dirigidas desde el uribismo y los EEUU.<\/span><\/p>\n<p style=\"text-align: justify;\"><span style=\"font-size: 12pt;\"><strong>Factor migraci\u00f3n<\/strong><\/span><\/p>\n<p style=\"text-align: justify;\"><span style=\"font-size: 12pt;\">Las c\u00e1maras, tapas de diarios y los discursos de gobiernos\u00a0se han orientado hasta la saturaci\u00f3n hacia lo que presentan como el \u201c\u00e9xodo\u201d y los \u201crefugiados\u201d venezolanos. No se trata de una repentina preocupaci\u00f3n sino una coordinaci\u00f3n para imponer esa idea, de manea de\u00a0generar en la opini\u00f3n p\u00fablica la convicci\u00f3n de que es necesario intervenir. Es el punto de apoyo para convocar a la comunidad internacional y justificar posibles acciones.<\/span><\/p>\n<p style=\"text-align: justify;\"><span style=\"font-size: 12pt;\">Algunos de esas acciones recientes han sido el env\u00edo de Cascos Blancos argentinos a la frontera colombo-venezolana, la declaraci\u00f3n de emergencia sanitaria por causa de la inmigraci\u00f3n venezolana realizada por el gobierno de Per\u00fa, la decisi\u00f3n del gobierno de Brasil de desplegar la Fuerza Armada en la frontera con Venezuela\u00a0y las declaraciones de preocupaci\u00f3n y entrega de dinero que realiza la Uni\u00f3n Europea.<\/span><\/p>\n<p style=\"text-align: justify;\"><span style=\"font-size: 12pt;\">El tratamiento dado a la situaci\u00f3n de la emigraci\u00f3n venezolana evidencia su utilizaci\u00f3n para construir un escenario de aislamiento y presi\u00f3n internacional. No es el primer caso en la historia. La emigraci\u00f3n es real, es parte de los efectos del cuadro econ\u00f3mico y otros elementos como las promesas de que afuera habr\u00e1 trabajo\/techo\/d\u00f3lares, pero no lo es en las dimensiones en las que se la construye medi\u00e1ticamente. La preocupaci\u00f3n por parte de las grandes cadenas de televisi\u00f3n y peri\u00f3dicos nunca estuvo, por ejemplo, con la emigraci\u00f3n colombiana que, tan solo en Venezuela, se eleva a cerca de 5 millones 600 mil personas.<\/span><\/p>\n<p style=\"text-align: justify;\"><span style=\"font-size: 12pt;\">El pr\u00f3ximo cinco de septiembre tendr\u00e1 lugar una reuni\u00f3n especial de la Organizaci\u00f3n de Estados Americanos para \u201cconsiderar la crisis migratoria originada por la situaci\u00f3n en Venezuela\u201d. Otra pieza en la construcci\u00f3n del tablero intervencionista.\u00a0\u00a0<\/span><\/p>\n<p style=\"text-align: justify;\"><span style=\"font-size: 12pt;\"><strong>Todas las cartas<\/strong><\/span><\/p>\n<p style=\"text-align: justify;\"><span style=\"font-size: 12pt;\">\u00bfHabr\u00e1 una intervenci\u00f3n internacional? Se puede afirmar que existe un escenario en construcci\u00f3n, una voluntad por parte de sectores pol\u00edticos nacionales e internacionales, una medici\u00f3n de c\u00f3mo podr\u00eda ser: v\u00edas, actores, pretextos, tiempos. Por el momento aumentan la presi\u00f3n, ampl\u00edan posiciones, rodean, buscan convencer. Los EEUU desarrollan todas las cartas, utilizan una u otra seg\u00fan el escenario que est\u00e9 ya conformado o busquen acelerar, y seg\u00fan los resultados. La apuesta por la oposici\u00f3n venezolana y las elecciones ha llevado a una sucesi\u00f3n de derrotas.<\/span><\/p>\n<p style=\"text-align: justify;\"><span style=\"font-size: 12pt;\">Lo que parece seguro es que anunciar\u00e1n nuevos ataques contra la econom\u00eda como parte del bloqueo ya declarado contra Venezuela. Es en la econom\u00eda donde se juega hoy una de las principales batallas: el gobierno de Maduro necesita a toda costa estabilizarla\u00a0y el bloque adverso har\u00e1 lo posible para que el cuadro empeore y eso genere condiciones para nuevas acciones.<\/span><\/p>\n<p style=\"text-align: justify;\"><span style=\"font-size: 12pt;\">Por \u00faltimo cabe se\u00f1alar que en septiembre tendr\u00e1 lugar un ejercicio militar de defensa a\u00e9rea conjunto entre Venezuela y Rusia en territorio venezolano. La influencia rusa, as\u00ed como china, no deben perderse de vista en este acomodo de posiciones. Son una amenaza para los intereses de los EEUU, as\u00ed lo han afirmado en varias oportunidades. El conflicto venezolano es mucho m\u00e1s que venezolano.<\/span><\/p>\n<p style=\"text-align: justify;\"><span style=\"font-size: 12pt;\"><b>Marco Teruggi desde Venezuela para La Pluma, 2 de septiembre de 2018<\/b><\/span><\/p>\n<p style=\"text-align: justify;\"><span style=\"font-size: 12pt;\"><b>Editado por <a href=\"http:\/\/tlaxcala-int.org\/biographie.asp?ref_aut=1729&amp;lg_pp=es\">Mar\u00eda Piedad Ossaba<\/a><\/b><\/span><\/p>\n<p style=\"text-align: justify;\"><span style=\"font-size: 12pt;\"><b>Fuente:<\/b><strong> <a href=\"https:\/\/www.pagina12.com.ar\/139359-la-intervencion-internacional-toma-posiciones\">Pagina 12<\/a><\/strong><b>, 1 de septiembre de 2018<\/b><\/span><\/p>\n<p style=\"text-align: justify;\"><span style=\"font-size: 12pt;\"><b>Lea en La Pluma: <\/b><\/span><\/p>\n<p style=\"text-align: justify;\"><b><a href=\"http:\/\/www.es.lapluma.net\/index.php?option=com_content&amp;view=article&amp;id=9874%3A-venezuela-la-palabra-al-poder-constituyente-originario-el-pueblo&amp;catid=76%3Aactualidad&amp;Itemid=182\"><span style=\"font-size: 12pt;\">Venezuela: la palabra al Poder constituyente originario \u00a1El Pueblo!<\/span> <\/a><\/b><\/p>\n","protected":false},"excerpt":{"rendered":"<p>La construcci&oacute;n del escenario internacional contra Venezuela se ha acelerado. La decisi&oacute;n proviene desde la direcci&oacute;n estrat&eacute;gica del conflicto que se encuentra en Estados Unidos (EEUU). Nikki Haley, embajadora norteamericana ante la Organizaci&oacute;n de Naciones Unidas, y James Mattis, Secretario de Defensa, fueron los dos &uacute;ltimos en desplegarse en el continente, en particular en la&#8230;<\/p>\n","protected":false},"author":13,"featured_media":0,"comment_status":"open","ping_status":"open","sticky":false,"template":"","format":"standard","meta":{"_uf_show_specific_survey":0,"_uf_disable_surveys":false,"footnotes":""},"categories":[10,5],"tags":[28,125,123,131,124,128,122,129,29,121],"coauthors":[261],"class_list":["post-283","post","type-post","status-publish","format-standard","hentry","category-articles","category-editoriales-y-opiniones","tag-colombia","tag-intervencion","tag-james-mattis","tag-marco-teruggi","tag-migracion","tag-militar","tag-nikki-haley","tag-rusia","tag-usa","tag-venezuela"],"translation":{"provider":"WPGlobus","version":"2.12.2","language":"fr","enabled_languages":["es","fr"],"languages":{"es":{"title":true,"content":true,"excerpt":false},"fr":{"title":false,"content":false,"excerpt":false}}},"_links":{"self":[{"href":"https:\/\/www.lapluma.net\/fr\/wp-json\/wp\/v2\/posts\/283","targetHints":{"allow":["GET"]}}],"collection":[{"href":"https:\/\/www.lapluma.net\/fr\/wp-json\/wp\/v2\/posts"}],"about":[{"href":"https:\/\/www.lapluma.net\/fr\/wp-json\/wp\/v2\/types\/post"}],"author":[{"embeddable":true,"href":"https:\/\/www.lapluma.net\/fr\/wp-json\/wp\/v2\/users\/13"}],"replies":[{"embeddable":true,"href":"https:\/\/www.lapluma.net\/fr\/wp-json\/wp\/v2\/comments?post=283"}],"version-history":[{"count":4,"href":"https:\/\/www.lapluma.net\/fr\/wp-json\/wp\/v2\/posts\/283\/revisions"}],"predecessor-version":[{"id":3831,"href":"https:\/\/www.lapluma.net\/fr\/wp-json\/wp\/v2\/posts\/283\/revisions\/3831"}],"wp:attachment":[{"href":"https:\/\/www.lapluma.net\/fr\/wp-json\/wp\/v2\/media?parent=283"}],"wp:term":[{"taxonomy":"category","embeddable":true,"href":"https:\/\/www.lapluma.net\/fr\/wp-json\/wp\/v2\/categories?post=283"},{"taxonomy":"post_tag","embeddable":true,"href":"https:\/\/www.lapluma.net\/fr\/wp-json\/wp\/v2\/tags?post=283"},{"taxonomy":"author","embeddable":true,"href":"https:\/\/www.lapluma.net\/fr\/wp-json\/wp\/v2\/coauthors?post=283"}],"curies":[{"name":"wp","href":"https:\/\/api.w.org\/{rel}","templated":true}]}}