{"id":28011,"date":"2021-06-24T11:55:30","date_gmt":"2021-06-24T11:55:30","guid":{"rendered":"http:\/\/www.lapluma.net\/?p=28011"},"modified":"2021-06-24T11:55:30","modified_gmt":"2021-06-24T11:55:30","slug":"balance-de-la-jornada-de-movilizacion-del-movimiento-rios-vivos-colombia","status":"publish","type":"post","link":"https:\/\/www.lapluma.net\/fr\/2021\/06\/24\/balance-de-la-jornada-de-movilizacion-del-movimiento-rios-vivos-colombia\/","title":{"rendered":"Balance de la Jornada de movilizaci\u00f3n del Movimiento R\u00edos Vivos Colombia"},"content":{"rendered":"<div class=\"wpb-content-wrapper\"><p style=\"text-align: justify;\"><span style=\"font-size: 12pt;\">El pasado 18 y 19 de junio celebramos nuestra jornada de concentraci\u00f3n y movilizaciones simult\u00e1neas en los municipios de Brice\u00f1o, Toledo, Sabanalarga, Ituango, San Andr\u00e9s de Cuerquia, Valdivia y Taraz\u00e1 en Antioquia. Nos movilizamos para exigir el cumplimiento de las medidas judiciales a favor del <strong>Movimiento R\u00edos Vivos<\/strong> a la <strong>Gobernaci\u00f3n de Antioquia<\/strong> y a las alcald\u00edas de los municipios afectados por el megaproyecto <strong>Hidroituango<\/strong>.<\/span><\/p>\n<figure id=\"attachment_28012\" aria-describedby=\"caption-attachment-28012\" style=\"width: 453px\" class=\"wp-caption aligncenter\"><img loading=\"lazy\" decoding=\"async\" class=\"wp-image-28012\" src=\"http:\/\/www.lapluma.net\/wp-content\/uploads\/2021\/06\/Sabanalarga-18-06-2021-e1624413301308-300x225.jpg\" alt=\"\" width=\"453\" height=\"340\" srcset=\"https:\/\/www.lapluma.net\/wp-content\/uploads\/2021\/06\/Sabanalarga-18-06-2021-e1624413301308-300x225.jpg 300w, https:\/\/www.lapluma.net\/wp-content\/uploads\/2021\/06\/Sabanalarga-18-06-2021-e1624413301308-768x576.jpg 768w, https:\/\/www.lapluma.net\/wp-content\/uploads\/2021\/06\/Sabanalarga-18-06-2021-e1624413301308.jpg 800w\" sizes=\"auto, (max-width: 453px) 100vw, 453px\" \/><figcaption id=\"caption-attachment-28012\" class=\"wp-caption-text\">Sabanalarga<\/figcaption><\/figure>\n<p style=\"text-align: justify;\"><span style=\"font-size: 12pt;\">Con alegr\u00eda reportamos una exitosa jornada que cont\u00f3 con la participaci\u00f3n de mujeres, adultos, j\u00f3venes y ni\u00f1os. Todo un carnaval de resistencia con marchas, plantones, ollas comunitarias, trovas, consignas y nuestra Asamblea Popular sesionando. Un encuentro para protestar, debatir, deliberar y rendir homenaje a nuestro patr\u00f3n mono, a nuestros muertos y desaparecidos. Uno de los resultados de la movilizaci\u00f3n fue lograr sentar compromisos concretos por parte de las administraciones de Sabanalarga, Ituango y Valdivia en el cumplimiento de las medidas cautelares y el fallo de tutela a favor del <a href=\"https:\/\/riosvivoscolombia.org\/etiquetas\/movimiento-rios-vivos\/\">Movimiento R\u00edos Vivos<\/a> y las dem\u00e1s v\u00edctimas de <a href=\"https:\/\/riosvivoscolombia.org\/etiquetas\/hidroituango\/\"><em>Hidroituango<\/em><\/a>.<\/span><\/p>\n<p style=\"text-align: justify;\"><span style=\"font-size: 12pt;\"><img loading=\"lazy\" decoding=\"async\" class=\"size-medium wp-image-28013 alignleft\" src=\"http:\/\/www.lapluma.net\/wp-content\/uploads\/2021\/06\/Los-ninos-defendemos-los-derechos-300x169.jpg\" alt=\"\" width=\"300\" height=\"169\" srcset=\"https:\/\/www.lapluma.net\/wp-content\/uploads\/2021\/06\/Los-ninos-defendemos-los-derechos-300x169.jpg 300w, https:\/\/www.lapluma.net\/wp-content\/uploads\/2021\/06\/Los-ninos-defendemos-los-derechos.jpg 611w\" sizes=\"auto, (max-width: 300px) 100vw, 300px\" \/>En el municipio de Sabanalarga la Asociaci\u00f3n de barequeros, pescadores y agricultores de Sabanalarga (Asominsab) se congreg\u00f3 en el parque principal. Cerca de 200 personas realizaron plant\u00f3n frente a las instalaciones de la Alcald\u00eda municipal, all\u00ed algunos concejales y el alcalde se reunieron en un debate de varias horas con la plenaria de la asamblea donde el alcalde asumi\u00f3 varios compromisos relacionados con la entrega de una tierra y una sede para realizar de forma segura las reuniones del Movimiento en el municipio.<\/span><\/p>\n<p style=\"text-align: justify;\"><span style=\"font-size: 12pt;\">En Brice\u00f1o, la Asociaci\u00f3n de V\u00edctimas y Afectados por Megaproyectos (ASVAM) Brice\u00f1o llev\u00f3 a cabo actividades desde las 6 de la ma\u00f1ana, con la preparaci\u00f3n de los alimentos del fest\u00edn comunitario, movilizaci\u00f3n a las 9 a.m. desde la vereda Las Auras hasta la cabecera municipal y culminar la jornada con una reuni\u00f3n de evaluaci\u00f3n. El alcalde previamente hab\u00eda asumido compromisos con la movilizaci\u00f3n.<\/span><\/p>\n<p><img loading=\"lazy\" decoding=\"async\" class=\" wp-image-28014 aligncenter\" src=\"http:\/\/www.lapluma.net\/wp-content\/uploads\/2021\/06\/Asvam-Briceno-19-06-2021-e1624417070988-300x165.png\" alt=\"\" width=\"444\" height=\"244\" srcset=\"https:\/\/www.lapluma.net\/wp-content\/uploads\/2021\/06\/Asvam-Briceno-19-06-2021-e1624417070988-300x165.png 300w, https:\/\/www.lapluma.net\/wp-content\/uploads\/2021\/06\/Asvam-Briceno-19-06-2021-e1624417070988.png 765w\" sizes=\"auto, (max-width: 444px) 100vw, 444px\" \/><\/p>\n<p style=\"text-align: justify;\"><span style=\"font-size: 12pt;\">Por su parte la asociaci\u00f3n de V\u00edctimas y Afectados por Megaproyectos (ASVAM) San Andr\u00e9s tambi\u00e9n march\u00f3 por las calles de San Andr\u00e9s de Cuerquia, culminando con un plant\u00f3n frente a las instalaciones de la Alcald\u00eda Municipal, sin la presencia del concejo municipal ni la alcald\u00eda quienes, al igual que en el resto de municipios, hab\u00edan sido invitados a participar de la Asamblea y conversar con las y los integrantes del Movimiento.<\/span><\/p>\n<p><img loading=\"lazy\" decoding=\"async\" class=\" wp-image-28015 aligncenter\" src=\"http:\/\/www.lapluma.net\/wp-content\/uploads\/2021\/06\/Asvam-San-Andres-18-06-2021-e1624417219886-300x225.jpg\" alt=\"\" width=\"469\" height=\"352\" srcset=\"https:\/\/www.lapluma.net\/wp-content\/uploads\/2021\/06\/Asvam-San-Andres-18-06-2021-e1624417219886-300x225.jpg 300w, https:\/\/www.lapluma.net\/wp-content\/uploads\/2021\/06\/Asvam-San-Andres-18-06-2021-e1624417219886-768x576.jpg 768w, https:\/\/www.lapluma.net\/wp-content\/uploads\/2021\/06\/Asvam-San-Andres-18-06-2021-e1624417219886.jpg 800w\" sizes=\"auto, (max-width: 469px) 100vw, 469px\" \/><\/p>\n<p style=\"text-align: justify;\"><span style=\"font-size: 12pt;\">En el municipio de Toledo la alcaldesa Astrid Elena Chavarr\u00eda se rehus\u00f3 a conversar con los cerca de 50 integrantes del Movimiento que salieron a manifestarse; cabe mencionar que esta funcionaria no s\u00f3lo se ha negado a dar cumplimiento a las decisiones de los jueces sino que su administraci\u00f3n ha estigmatizado a algunas de las integrantes de <em>R\u00edos Vivos<\/em> y en los casos de amenazas graves a la vida de l\u00edderes ha negado el apoyo institucional necesario, el Movimiento se siente perseguido, estigmatizado y se\u00f1alado por parte de esta administraci\u00f3n.<\/span><\/p>\n<p><img loading=\"lazy\" decoding=\"async\" class=\" wp-image-28016 aligncenter\" src=\"http:\/\/www.lapluma.net\/wp-content\/uploads\/2021\/06\/Asvam-Toledo-18-06-2021-e1624417345602-300x169.jpg\" alt=\"\" width=\"522\" height=\"294\" srcset=\"https:\/\/www.lapluma.net\/wp-content\/uploads\/2021\/06\/Asvam-Toledo-18-06-2021-e1624417345602-300x169.jpg 300w, https:\/\/www.lapluma.net\/wp-content\/uploads\/2021\/06\/Asvam-Toledo-18-06-2021-e1624417345602-768x432.jpg 768w, https:\/\/www.lapluma.net\/wp-content\/uploads\/2021\/06\/Asvam-Toledo-18-06-2021-e1624417345602.jpg 800w\" sizes=\"auto, (max-width: 522px) 100vw, 522px\" \/><\/p>\n<div class=\"vc_row wpb_row vc_row-fluid\" style=\"text-align: justify;\">\n<div class=\"wpb_column vc_column_container vc_col-sm-4\">\n<div class=\"vc_column-inner \">\n<div class=\"wpb_wrapper\">\n<div class=\"wpb_text_column wpb_content_element \">\n<div class=\"wpb_wrapper\">\n<p><span style=\"font-size: 12pt;\">En Ituango, la Asociaci\u00f3n de Defensores del Agua y el grupo de Defensores de las Playas se movilizaron desde la vereda La Georgia hasta la oficina del alcalde Edwin Mauricio Mira, en donde reclamaron no s\u00f3lo por el cumplimiento de las medidas judiciales sino tambi\u00e9n por los desalojos efectuados en contra de pescadores y barequeros en las playas de su jurisdicci\u00f3n; tras conversar con el alcalde se programaron pr\u00f3ximas reuniones para atender a la toma de medidas en el cumplimiento de las decisiones judiciales en favor de <em>R\u00edos Vivos<\/em>. Lamentablemente el alcalde no recordaba la comunicaci\u00f3n en respuesta al Movimiento en la que afirmaba que no cumplir\u00eda con las decisiones judiciales, menos a\u00fan su contenido en el sentido del llamado a no estigmatizar ni poner en riesgo con ello a l\u00edderes e integrantes de <em>R\u00edos Vivos<\/em>.<\/span><\/p>\n<p><span style=\"font-size: 12pt;\"><img loading=\"lazy\" decoding=\"async\" class=\"size-medium wp-image-28017 alignleft\" src=\"http:\/\/www.lapluma.net\/wp-content\/uploads\/2021\/06\/Asvam-ituango-18-06-2021-300x259.jpg\" alt=\"\" width=\"300\" height=\"259\" srcset=\"https:\/\/www.lapluma.net\/wp-content\/uploads\/2021\/06\/Asvam-ituango-18-06-2021-300x259.jpg 300w, https:\/\/www.lapluma.net\/wp-content\/uploads\/2021\/06\/Asvam-ituango-18-06-2021.jpg 638w\" sizes=\"auto, (max-width: 300px) 100vw, 300px\" \/>Las asociaciones Asociaci\u00f3n de Mineros y Pesqueros Artesanales de Puerto Valdivia (AMPA), la Asociaci\u00f3n de Pescadores, Barequeros y Agricultores (Bocachicos), la Asociaci\u00f3n de Mineros, Pescadores y Agricultores de Valdivia (Asomiaval), la Asociaci\u00f3n de V\u00edctimas y Afectados por Megaproyectos (ASVAM) Valdivia, y la Asociaci\u00f3n de Mujeres Defensoras del Agua y de la Vida (AMARU), articuladas al Movimiento con presencia en Valdivia, realizaron sus actividades de movilizaci\u00f3n por las calles principales del municipio. En el coliseo municipal, en donde permanecieron durante dos d\u00edas cerca de 100 miembros, se realiz\u00f3 la Asamblea Popular del <em>Movimiento R\u00edos Vivos<\/em> en la que tuvo <\/span>l<span style=\"font-size: 12pt;\">ugar el debate que cont\u00f3 con la participaci\u00f3n de varios concejales del municipio, la alcaldesa Olga Cecilia Arroyave, ciudadan\u00eda en general y miembros del concejo de Medell\u00edn: Alex Flores y Daniel Duque, este \u00faltimo hab\u00eda sido invitado de manera especial por sus ataques al <em>Movimiento R\u00edos Vivos<\/em>. Fue invitado a la Asamblea el candidato a la presidencia de la Rep\u00fablica el se\u00f1or Sergio Fajardo, pero este no asisti\u00f3. Tambi\u00e9n se realizaron actividades l\u00fadico recreativas y olla comunitaria. Una de las conclusiones del debate es que la empresa <strong>EPM<\/strong> a trav\u00e9s de su contratista, la empresa Desmarginalizar SAS, est\u00e1 realizando tareas que se pueden entender como incidencia en pol\u00edticaelectoral. Los integrantes del Movimiento invitaron a todas las personas que hab\u00edan firmado la carta promovida por esta empresa y dirigida hacia el concejal Duque, durante las invitaciones muchos de los firmantes expresaron no tener conocimiento exacto del objetivo de la carta y que s\u00f3lo se les indic\u00f3 que era para que nadie los representara como afectados.<\/span><\/p>\n<p style=\"text-align: justify;\"><span style=\"font-size: 12pt;\"><img loading=\"lazy\" decoding=\"async\" class=\"size-medium wp-image-28018 alignleft\" src=\"http:\/\/www.lapluma.net\/wp-content\/uploads\/2021\/06\/Coliseo-Valdivia-01-18-06-2021-300x225.jpg\" alt=\"\" width=\"300\" height=\"225\" srcset=\"https:\/\/www.lapluma.net\/wp-content\/uploads\/2021\/06\/Coliseo-Valdivia-01-18-06-2021-300x225.jpg 300w, https:\/\/www.lapluma.net\/wp-content\/uploads\/2021\/06\/Coliseo-Valdivia-01-18-06-2021.jpg 759w\" sizes=\"auto, (max-width: 300px) 100vw, 300px\" \/>En el municipio de Taraz\u00e1 se realiz\u00f3 una asamblea sobre las preocupaciones de la comunidad en relaci\u00f3n a las afectaciones que la Central Hidroel\u00e9ctrica TZ2 est\u00e1 causando en la poblaci\u00f3n.<\/span><\/p>\n<div class=\"vc_row wpb_row vc_row-fluid\">\n<div class=\"wpb_column vc_column_container vc_col-sm-12\">\n<div class=\"vc_column-inner \">\n<div class=\"wpb_wrapper\">\n<div class=\"wpb_text_column wpb_content_element \">\n<div class=\"wpb_wrapper\">\n<p style=\"text-align: justify;\"><span style=\"font-size: 12pt;\">En el Norte, Occidente y Bajo Cauca de Antioquia, en un acto de dignidad y resistencia, reivindicamos una vez m\u00e1s nuestro derecho a la protesta y a la movilizaci\u00f3n pac\u00edfica, nos reunimos alrededor del fuego popular y al fragor de nuestras voces unidas por la esperanza de libertad para el R\u00edo Cauca exigimos una vez m\u00e1s verdad y justicia para las v\u00edctimas de <em>Hidroituango<\/em>, refrescar la memoria a aquellos que intentan deslegitimar nuestra lucha y exhortar a los entes territoriales a otorgar las garant\u00edas necesarias para el ejercicio de nuestra labor como defensores de derechos humanos y ambientales.<\/span><\/p>\n<p><img loading=\"lazy\" decoding=\"async\" class=\" wp-image-28018 aligncenter\" src=\"http:\/\/www.lapluma.net\/wp-content\/uploads\/2021\/06\/Coliseo-Valdivia-01-18-06-2021-300x225.jpg\" alt=\"\" width=\"421\" height=\"316\" srcset=\"https:\/\/www.lapluma.net\/wp-content\/uploads\/2021\/06\/Coliseo-Valdivia-01-18-06-2021-300x225.jpg 300w, https:\/\/www.lapluma.net\/wp-content\/uploads\/2021\/06\/Coliseo-Valdivia-01-18-06-2021.jpg 759w\" sizes=\"auto, (max-width: 421px) 100vw, 421px\" \/><\/p>\n<h3 style=\"text-align: center;\">\u00a1R\u00edos para la Vida, No para la Muerte!<\/h3>\n<\/div>\n<\/div>\n<\/div>\n<\/div>\n<\/div>\n<\/div>\n<div class=\"vc_row wpb_row vc_row-fluid\">\n<div class=\"wpb_column vc_column_container vc_col-sm-6\">\n<div class=\"vc_column-inner \">\n<div class=\"wpb_wrapper\">\n<div class=\"wpb_single_image wpb_content_element vc_align_left\"><\/div>\n<\/div>\n<\/div>\n<\/div>\n<\/div>\n<p><strong><span style=\"font-size: 14pt;\">Movimientos Rios Vivos, para La Pluma, 23 de junio de 2021<br \/>\n<\/span><\/strong><\/p>\n<p><strong><span style=\"font-size: 14pt;\">Editado por <a href=\"http:\/\/www.lapluma.net\/nosotros\/editora\/\">Mar\u00eda Piedad Ossaba<\/a><\/span><\/strong><\/p>\n<p><strong><span style=\"font-size: 14pt;\">Fuente: <a href=\"https:\/\/riosvivoscolombia.org\/balance-jornada-movilizacion-movimiento-rios-vivos-colombia\/\">Rios Vivos Colombia<\/a>, 232 de junio de 2021<\/span><\/strong><\/p>\n<\/div>\n<\/div>\n<\/div>\n<\/div>\n<\/div>\n<\/div>\n<\/div>","protected":false},"excerpt":{"rendered":"<p>&#8230;nos reunimos alrededor del fuego popular y al fragor de nuestras voces unidas por la esperanza de libertad para el R\u00edo Cauca exigimos una vez m\u00e1s verdad y justicia para las v\u00edctimas de Hidroituango&#8230;<\/p>\n","protected":false},"author":895,"featured_media":28023,"comment_status":"open","ping_status":"open","sticky":false,"template":"","format":"standard","meta":{"_uf_show_specific_survey":0,"_uf_disable_surveys":false,"footnotes":""},"categories":[216,9,218],"tags":[13547,13557,13553,13556,13548,4506,13551,13552,13554],"coauthors":[13555],"class_list":["post-28011","post","type-post","status-publish","format-standard","has-post-thumbnail","hentry","category-colombia","category-economia-de-la-naturaleza","category-monde","tag-carnaval-de-resistencia","tag-ecocidio-violaciones-ddhh","tag-ictimas-y-afectados-megaproyecto","tag-ituango","tag-movimiento-rios-vivos-hidroituango","tag-rios-para-la-vida","tag-sabanalarga-briceno-san-andres","tag-san-andres-de-cuerquia","tag-toledo-astrid-elena-chavarria"],"translation":{"provider":"WPGlobus","version":"2.12.2","language":"fr","enabled_languages":["es","fr"],"languages":{"es":{"title":true,"content":true,"excerpt":true},"fr":{"title":false,"content":false,"excerpt":false}}},"_links":{"self":[{"href":"https:\/\/www.lapluma.net\/fr\/wp-json\/wp\/v2\/posts\/28011","targetHints":{"allow":["GET"]}}],"collection":[{"href":"https:\/\/www.lapluma.net\/fr\/wp-json\/wp\/v2\/posts"}],"about":[{"href":"https:\/\/www.lapluma.net\/fr\/wp-json\/wp\/v2\/types\/post"}],"author":[{"embeddable":true,"href":"https:\/\/www.lapluma.net\/fr\/wp-json\/wp\/v2\/users\/895"}],"replies":[{"embeddable":true,"href":"https:\/\/www.lapluma.net\/fr\/wp-json\/wp\/v2\/comments?post=28011"}],"version-history":[{"count":2,"href":"https:\/\/www.lapluma.net\/fr\/wp-json\/wp\/v2\/posts\/28011\/revisions"}],"predecessor-version":[{"id":28024,"href":"https:\/\/www.lapluma.net\/fr\/wp-json\/wp\/v2\/posts\/28011\/revisions\/28024"}],"wp:featuredmedia":[{"embeddable":true,"href":"https:\/\/www.lapluma.net\/fr\/wp-json\/wp\/v2\/media\/28023"}],"wp:attachment":[{"href":"https:\/\/www.lapluma.net\/fr\/wp-json\/wp\/v2\/media?parent=28011"}],"wp:term":[{"taxonomy":"category","embeddable":true,"href":"https:\/\/www.lapluma.net\/fr\/wp-json\/wp\/v2\/categories?post=28011"},{"taxonomy":"post_tag","embeddable":true,"href":"https:\/\/www.lapluma.net\/fr\/wp-json\/wp\/v2\/tags?post=28011"},{"taxonomy":"author","embeddable":true,"href":"https:\/\/www.lapluma.net\/fr\/wp-json\/wp\/v2\/coauthors?post=28011"}],"curies":[{"name":"wp","href":"https:\/\/api.w.org\/{rel}","templated":true}]}}