{"id":27570,"date":"2021-06-07T19:50:53","date_gmt":"2021-06-07T19:50:53","guid":{"rendered":"http:\/\/www.lapluma.net\/?p=27570"},"modified":"2021-06-07T19:50:53","modified_gmt":"2021-06-07T19:50:53","slug":"la-deuda-externa-de-la-gran-colombia","status":"publish","type":"post","link":"https:\/\/www.lapluma.net\/fr\/2021\/06\/07\/la-deuda-externa-de-la-gran-colombia\/","title":{"rendered":"La deuda externa de la Gran Colombia"},"content":{"rendered":"<div style=\"text-align: justify;\"><span style=\"font-size: 12pt;\">En 1818, dos comisionados: Jos\u00e9 Mar\u00eda del Real, por Colombia y Luis L\u00f3pez M\u00e9ndez, por Venezuela, llegaron a Londres para intentar conseguir recursos para las campa\u00f1as de la independencia. Por sobre las dificultades surgidas, ambos obraron a su antojo. Pero en 1820, lleg\u00f3 a Londres Francisco Antonio Zea, (Vicepresidente de la ya fundada Gran Colombia), como Enviado Extraordinario, Ministro Plenipotenciario y Agente Fiscal, con facultades ilimitadas para conseguir los recursos urgidos. A pesar de ello, L\u00f3pez M. desobedeci\u00f3 las expresas \u00f3rdenes para que regresara, desconoci\u00f3 a Zea, y, adem\u00e1s, continu\u00f3 negociando como si a\u00fan fuera representante del gobierno colombiano.<\/span><\/div>\n<div><\/div>\n<div><img loading=\"lazy\" decoding=\"async\" class=\"alignnone  wp-image-27585\" src=\"http:\/\/www.lapluma.net\/wp-content\/uploads\/2021\/06\/Los-empr\u00e9stitos-de-la-Gran-Colombia-300x128.jpg\" alt=\"\" width=\"609\" height=\"260\" srcset=\"https:\/\/www.lapluma.net\/wp-content\/uploads\/2021\/06\/Los-empr\u00e9stitos-de-la-Gran-Colombia-300x128.jpg 300w, https:\/\/www.lapluma.net\/wp-content\/uploads\/2021\/06\/Los-empr\u00e9stitos-de-la-Gran-Colombia.jpg 640w\" sizes=\"auto, (max-width: 609px) 100vw, 609px\" \/><\/div>\n<div><\/div>\n<div style=\"text-align: center;\"><strong>Fragmento de un bono del empr\u00e9stito de la Rep\u00fablica de Colombia por $500 libras esterlinas, marzo 13 de 1822. Colecci\u00f3n Museo Nacional de Colombia. Reg. 1793.3<\/strong><\/div>\n<div><\/div>\n<div style=\"text-align: justify;\"><span style=\"font-size: 12pt;\">El 27 de febrero de 1821, L\u00f3pez M. suscribi\u00f3 un oneroso contrato de compra-venta con Jaime Mackintosh para la provisi\u00f3n de buques, armamento, vestuario y equipos militares para 10.000 individuos de tropa. La factura ascendi\u00f3 a \u00a3.186.475 (libras esterlinas) contra la cual L\u00f3pez M. entreg\u00f3 vales (llamados \u201cdebentures\u201d), que el vendedor recibi\u00f3 con el 60% de descuento. Se fij\u00f3 en \u00a3.15 el precio de cada vestuario con su equipo correspondiente.<\/span><br \/>\n<span style=\"font-size: 12pt;\">\u00a0<\/span><br \/>\n<span style=\"font-size: 12pt;\">Cuando los materiales b\u00e9licos llegaron a Cartagena (abril, 1822) el Vicepresidente Francisco de Paula Santander se neg\u00f3 a recibirlos, por el sobreprecio que ten\u00edan. Entonces, se present\u00f3 en Bogot\u00e1 un Sr. Marshall, apoderado de Mackintosh y propuso al gobierno recibir el equipo a un precio tasado por peritos. Pero Mackintosh desaprob\u00f3 la transacci\u00f3n. En cambio, Sim\u00f3n Bol\u00edvar, bien por guardar el honor de Colombia, bien por su palabra empe\u00f1ada, pero requerido de recursos b\u00e9licos, tuvo que aceptar el que resultaba ruinoso y hasta ileg\u00edtimo contrato L\u00f3pez-Mackintosh. Tambi\u00e9n fue enviado a Londres el Ministro Jos\u00e9 L\u00f3pez Revenga, quien, al no acceder a las exigencias de Mackintosh, fue demandado y hasta reducido arbitrariamente a prisi\u00f3n.<\/span><\/div>\n<div style=\"text-align: justify;\"><span style=\"font-size: 12pt;\">\u00a0<\/span><br \/>\n<span style=\"font-size: 12pt;\">La de L\u00f3pez M\u00e9ndez fue as\u00ed la primera irresponsabilidad hist\u00f3rica relacionada con el origen de \u201cdeuda inglesa\u201d o \u201cdeuda de la Independencia\u201d. La segunda la cometi\u00f3 el propio Zea. Autorizado a contratar un empr\u00e9stito por el m\u00e1ximo de 5 millones de libras, Zea tambi\u00e9n actu\u00f3 como renegociador e inexplicablemente reconoci\u00f3 como acreedores a un sinn\u00famero de reclamantes de dudosos derechos, a quienes entreg\u00f3 vales. Adem\u00e1s, el 13 de marzo de 1822 negoci\u00f3 con Charles Herring, William Graham y John Ditto Powles un nuevo cr\u00e9dito por \u00a3.2 millones, con el 20% de descuento y el inter\u00e9s del 6%, pero reconociendo (\u201credimiendo\u201d), al mismo tiempo, los vales que con tanta \u201cligereza y facilidad\u201d hab\u00eda entregado antes, si bien ni extingui\u00f3 ni recibi\u00f3 los vales de la deuda Mackintosh.<\/span><\/div>\n<div><img loading=\"lazy\" decoding=\"async\" class=\" wp-image-27586 aligncenter\" src=\"http:\/\/www.lapluma.net\/wp-content\/uploads\/2021\/06\/deuda-300x169.png\" alt=\"\" width=\"554\" height=\"312\" srcset=\"https:\/\/www.lapluma.net\/wp-content\/uploads\/2021\/06\/deuda-300x169.png 300w, https:\/\/www.lapluma.net\/wp-content\/uploads\/2021\/06\/deuda.png 728w\" sizes=\"auto, (max-width: 554px) 100vw, 554px\" \/><\/div>\n<div style=\"text-align: center;\"><strong>\u201cDeuda inglesa\u201d o \u201cdeuda de la Independencia\u201d<\/strong><\/div>\n<div><\/div>\n<div style=\"text-align: justify;\"><span style=\"font-size: 12pt;\">La Asamblea de Colombia (1823), indignada por las actuaciones de L\u00f3pez M\u00e9ndez y de Zea, desconoci\u00f3 las negociaciones realizadas, sobre todo porque, al momento de efectuarlas, ninguno de los dos personajes manten\u00eda la representaci\u00f3n oficial del gobierno, pues la de L\u00f3pez M. ces\u00f3 legalmente con el nombramiento de Zea y la de \u00e9ste por disposici\u00f3n de Bol\u00edvar (octubre de 1821), que desgraciadamente no se conoci\u00f3 oportunamente. Al mismo tiempo, la Asamblea facult\u00f3 al Ejecutivo a obtener un nuevo pr\u00e9stamo hasta por 30 millones de pesos.<\/span><\/div>\n<div><\/div>\n<div style=\"text-align: justify;\"><img loading=\"lazy\" decoding=\"async\" class=\" wp-image-27571 aligncenter\" src=\"http:\/\/www.lapluma.net\/wp-content\/uploads\/2021\/06\/Capture-Bolivar-la-gran-Colombia-300x216.jpg\" alt=\"\" width=\"549\" height=\"395\" srcset=\"https:\/\/www.lapluma.net\/wp-content\/uploads\/2021\/06\/Capture-Bolivar-la-gran-Colombia-300x216.jpg 300w, https:\/\/www.lapluma.net\/wp-content\/uploads\/2021\/06\/Capture-Bolivar-la-gran-Colombia.jpg 653w\" sizes=\"auto, (max-width: 549px) 100vw, 549px\" \/><span style=\"font-size: 12pt;\">Acreditado por Colombia como Ministro Plenipotenciario, el nuevo enviado, Manuel Jos\u00e9 Hurtado, busc\u00f3 arreglar en Londres los embrollados y pendientes asuntos crediticios, logrando (1824) un canje de vales con Herring, Graham y Powles y al a\u00f1o siguiente con Mackintosh, de manera que fueron reconocidas deudas e intereses, aunque otra vez m\u00e1s en condiciones gravosas. Una comisi\u00f3n paralela, integrada por Manuel A. Arrublas y Francisco Montoya, adquiri\u00f3 un nuevo empr\u00e9stito de la casa B. A. Goldschmidt y C\u00eda, de Londres. En total se consiguieron \u00a3.4.750.000 (\u00a3.1 = $.5 pesos). La quiebra de B.A. Goldschmidt y C\u00eda. (1826) volvi\u00f3 a complicar los asuntos. Pero finalmente, en mayo del mismo a\u00f1o, el Congreso de la Gran Colombia reconoci\u00f3 las contrataciones de Zea y las negociadas por Arrublas y Montoya.<\/span><br \/>\n<span style=\"font-size: 12pt;\">\u00a0<\/span><br \/>\n<span style=\"font-size: 12pt;\">En 1830 la Gran Colombia so\u00f1ada por Bol\u00edvar se desintegr\u00f3. Surgi\u00f3, entonces, la necesidad de distribuir sus pasadas deudas. Coincidiendo con la iniciativa de Venezuela y Colombia, en 1832 el Congreso del nuevo Estado del Ecuador aprob\u00f3 la concurrencia de un delegado para resolver el problema. Pero el gobierno de Juan Jos\u00e9 Flores ten\u00eda otras prioridades de \u00edndole pol\u00edtica. En consecuencia, no envi\u00f3 delegado alguno al encuentro de Plenipotenciarios. El 23 de diciembre de 1834 y como \u00fanicos delegados asistentes a Bogot\u00e1, Lino de Pombo, por Colombia y Santos Michelena, por Venezuela, suscribieron la Convenci\u00f3n que distribuy\u00f3 la deuda granco<\/span>lombiana as\u00ed:<\/div>\n<div><\/div>\n<div><img loading=\"lazy\" decoding=\"async\" class=\" wp-image-27584 aligncenter\" src=\"http:\/\/www.lapluma.net\/wp-content\/uploads\/2021\/06\/Captura-de-pantalla-2021-06-06-a-las-21.43.12-300x220.png\" alt=\"\" width=\"604\" height=\"443\" srcset=\"https:\/\/www.lapluma.net\/wp-content\/uploads\/2021\/06\/Captura-de-pantalla-2021-06-06-a-las-21.43.12-300x220.png 300w, https:\/\/www.lapluma.net\/wp-content\/uploads\/2021\/06\/Captura-de-pantalla-2021-06-06-a-las-21.43.12-768x563.png 768w, https:\/\/www.lapluma.net\/wp-content\/uploads\/2021\/06\/Captura-de-pantalla-2021-06-06-a-las-21.43.12.png 773w\" sizes=\"auto, (max-width: 604px) 100vw, 604px\" \/><\/div>\n<div><\/div>\n<div style=\"text-align: justify;\"><span style=\"font-size: 12pt;\">La ausencia de delegado ecuatoriano fue la tercera y la mayor en la cadena de las irresponsabilidades hist\u00f3ricas. A consecuencia de ello, el Congreso del Ecuador, mediante Decreto del 13 de abril de 1837, reconoci\u00f3 y aprob\u00f3 (sin \u201cbeneficio de inventario\u201d) lo resuelto por la Convenci\u00f3n Pombo-Michelena.<\/span><br \/>\n<span style=\"font-size: 12pt;\">\u00a0<\/span><br \/>\n<span style=\"font-size: 12pt;\">Entre 1834 y 1854 el Ecuador nada pag\u00f3 por la \u201cdeuda de la Independencia\u201d. Lleg\u00f3, entonces, la cuarta irresponsabilidad. Por Decreto del 24 de noviembre de 1854 el Congreso reconoci\u00f3 \u00a3.1.824.000 a favor de los tenedores, en los nuevos \u201cBonos Ecuatorianos de la Deuda Extranjera Consolidada\u201d y en \u201cBonos Ecuatorianos Provisionales\u201d. El pago se garantiz\u00f3 con derechos aduaneros, patrimonios fiscales, terrenos bald\u00edos, rentas alternativas y hasta con la acreencia del pa\u00eds sobre parte de la antigua deuda del Per\u00fa. Esa \u201cdeuda de la independencia\u201d solo logr\u00f3 cancelarse \u00a1en 1974\u2026! Dos a\u00f1os despu\u00e9s se inici\u00f3 una nueva deuda externa.<\/span><\/div>\n<div><\/div>\n<div><strong><span style=\"font-size: 14pt;\">Juan J. Paz y Mi\u00f1o Cepeda para La Pluma, Ecuador 7 de junio de 2021<\/span><\/strong><\/div>\n<div><\/div>\n<div>\n<div>\n<p><span style=\"font-size: 14pt;\"><strong>Editado por <a href=\"http:\/\/www.lapluma.net\/nosotros\/\">Mar\u00eda Piedad Ossaba<\/a><\/strong><\/span><\/p>\n<p><strong><span style=\"font-size: 14pt;\">*Especial para Informe Fracto, M\u00e9xico\u00a0<\/span> <\/strong><\/p>\n<div>\n<div><span style=\"font-size: 14pt;\"><strong>Publicado por <a href=\"http:\/\/www.historiaypresente.com\/estado-eficiente-e-innovador\/\">Blog Historia y presente<\/a><\/strong><\/span><\/div>\n<div><\/div>\n<div><span style=\"font-size: 14pt;\"><strong>Visita la red del colectivo <a href=\"https:\/\/rutakritica.org\">Ruta Kr\u00edtica<\/a>, el nuevo blog de difusi\u00f3n del pensamiento y la comunicaci\u00f3n alternativa.<\/strong><\/span><\/div>\n<div style=\"text-align: center;\"><\/div>\n<\/div>\n<\/div>\n<div style=\"text-align: center;\"><\/div>\n<div>\n<p style=\"text-align: center;\"><strong><span style=\"font-size: 14pt;\">ATENCI\u00d3N: ahora puedes bajar este libro en pdf.<\/span><br \/>\n<span style=\"font-size: 14pt;\"><em>Pincha sobre la imagen<\/em><\/span>\u00a0<\/strong><\/p>\n<p><a href=\"http:\/\/www.historiaypresente.com\/marx-america-latina-ecuador\/\"><img loading=\"lazy\" decoding=\"async\" class=\"aligncenter\" src=\"https:\/\/ecp.yusercontent.com\/mail?url=https%3A%2F%2Fgallery.mailchimp.com%2Fc3e3bed0077c1d7adb5463ee7%2F_compresseds%2F4324c1c7-9568-4904-89b7-43cd2a84414a.jpg&amp;t=1620680022&amp;ymreqid=0966881b-9f0a-9229-2fc0-c9032c014f00&amp;sig=.MM5F8yyPpVk60zzB6uj6w--~D\" width=\"200\" height=\"282\" \/><\/a><\/p>\n<\/div>\n<\/div>\n","protected":false},"excerpt":{"rendered":"<p>Esa \u201cdeuda de la independencia\u201d solo logr\u00f3 cancelarse \u00a1en 1974\u2026! Dos a\u00f1os despu\u00e9s se inici\u00f3 una nueva deuda externa.<\/p>\n","protected":false},"author":8,"featured_media":27588,"comment_status":"open","ping_status":"open","sticky":false,"template":"","format":"standard","meta":{"_uf_show_specific_survey":0,"_uf_disable_surveys":false,"footnotes":""},"categories":[5,1],"tags":[13298,13294,13297,4138,869,13291,13293,3014,13296,13292,13290,58,432,12966],"coauthors":[257],"class_list":["post-27570","post","type-post","status-publish","format-standard","has-post-thumbnail","hentry","category-editoriales-y-opiniones","category-sin-categoria","tag-america-latina-historia-y-memoria","tag-contrato-lopez-mackintosh","tag-convencion-pombo-michelena","tag-deuda-externa","tag-deuda-ilegitima","tag-francisco-antonio-zea","tag-francisco-de-paula-santander","tag-gran-colombia","tag-irresponsabilidades-historicas","tag-jaime-mackintosh","tag-jose-maria-del-real-luis-lopez-mendez","tag-juan-j-paz-y-mino-cepeda","tag-simon-bolivar","tag-venezuela-colombia-abya-yala"],"translation":{"provider":"WPGlobus","version":"2.12.2","language":"fr","enabled_languages":["es","fr"],"languages":{"es":{"title":true,"content":true,"excerpt":true},"fr":{"title":false,"content":false,"excerpt":false}}},"_links":{"self":[{"href":"https:\/\/www.lapluma.net\/fr\/wp-json\/wp\/v2\/posts\/27570","targetHints":{"allow":["GET"]}}],"collection":[{"href":"https:\/\/www.lapluma.net\/fr\/wp-json\/wp\/v2\/posts"}],"about":[{"href":"https:\/\/www.lapluma.net\/fr\/wp-json\/wp\/v2\/types\/post"}],"author":[{"embeddable":true,"href":"https:\/\/www.lapluma.net\/fr\/wp-json\/wp\/v2\/users\/8"}],"replies":[{"embeddable":true,"href":"https:\/\/www.lapluma.net\/fr\/wp-json\/wp\/v2\/comments?post=27570"}],"version-history":[{"count":3,"href":"https:\/\/www.lapluma.net\/fr\/wp-json\/wp\/v2\/posts\/27570\/revisions"}],"predecessor-version":[{"id":27590,"href":"https:\/\/www.lapluma.net\/fr\/wp-json\/wp\/v2\/posts\/27570\/revisions\/27590"}],"wp:featuredmedia":[{"embeddable":true,"href":"https:\/\/www.lapluma.net\/fr\/wp-json\/wp\/v2\/media\/27588"}],"wp:attachment":[{"href":"https:\/\/www.lapluma.net\/fr\/wp-json\/wp\/v2\/media?parent=27570"}],"wp:term":[{"taxonomy":"category","embeddable":true,"href":"https:\/\/www.lapluma.net\/fr\/wp-json\/wp\/v2\/categories?post=27570"},{"taxonomy":"post_tag","embeddable":true,"href":"https:\/\/www.lapluma.net\/fr\/wp-json\/wp\/v2\/tags?post=27570"},{"taxonomy":"author","embeddable":true,"href":"https:\/\/www.lapluma.net\/fr\/wp-json\/wp\/v2\/coauthors?post=27570"}],"curies":[{"name":"wp","href":"https:\/\/api.w.org\/{rel}","templated":true}]}}