{"id":27327,"date":"2021-06-01T12:19:15","date_gmt":"2021-06-01T12:19:15","guid":{"rendered":"http:\/\/www.lapluma.net\/?p=27327"},"modified":"2021-06-01T12:24:11","modified_gmt":"2021-06-01T12:24:11","slug":"colombia-dificil-coyuntura","status":"publish","type":"post","link":"https:\/\/www.lapluma.net\/fr\/2021\/06\/01\/colombia-dificil-coyuntura\/","title":{"rendered":"Colombia: dif\u00edcil coyuntura"},"content":{"rendered":"<p style=\"text-align: justify;\"><span style=\"font-size: 12pt;\">La clase dominante en Colombia estar\u00e1 muy preocupada por las dimensiones que est\u00e1 alcanzando el movimiento de protesta que ya casi cumple un mes de duraci\u00f3n y no muestra se\u00f1ales de desfallecimiento. Su gobierno, del se\u00f1or Duque y la extrema derecha de Uribe V\u00e9lez, no ha hecho m\u00e1s que repetir la pol\u00edtica ya tradicional en Colombia de combinar una dura represi\u00f3n con aperturas formales a di\u00e1logos y negociaciones que solo buscan dilatar el tiempo y esperar a que el movimiento opositor pierda fuerza y termine aceptando promesas que, ya se sabe, jam\u00e1s se cumplen. Los partidos de la derecha menos extrema tampoco parecen encontrar f\u00f3rmulas diferentes y tan solo buscan sacar provecho electoral a su intervenci\u00f3n; las fuerzas pol\u00edticas del llamado centro tampoco ofrecen un panorama esperanzador.<\/span><\/p>\n<p style=\"text-align: justify;\"><span style=\"font-size: 12pt;\"><img loading=\"lazy\" decoding=\"async\" class=\" wp-image-26091 aligncenter\" src=\"http:\/\/www.lapluma.net\/wp-content\/uploads\/2021\/05\/El-que-no-apoya-el-paro-300x169.jpg\" alt=\"\" width=\"561\" height=\"316\" srcset=\"https:\/\/www.lapluma.net\/wp-content\/uploads\/2021\/05\/El-que-no-apoya-el-paro-300x169.jpg 300w, https:\/\/www.lapluma.net\/wp-content\/uploads\/2021\/05\/El-que-no-apoya-el-paro.jpg 710w\" sizes=\"auto, (max-width: 561px) 100vw, 561px\" \/><\/span><\/p>\n<p style=\"text-align: justify;\"><span style=\"font-size: 12pt;\">Pero, al menos hasta ahora y nada indica que vaya a suceder al contrario, esta vieja t\u00e1ctica no ha dado los resultados esperados y los c\u00edrculos que deciden (la gran burgues\u00eda) se debaten entre disminuir al m\u00e1ximo la t\u00e1ctica represiva (que ha desatado la condena nacional e internacional de amplios colectivos e instituciones) y al mismo tiempo ampliar los espacios del di\u00e1logo a fin de no perder el control. En un pa\u00eds civilizado, en una democracia moderna (como gusta calificar a la suya la clase dominante) lo normal ser\u00eda que Duque anticipase las elecciones previstas para el a\u00f1o entrante. Sin embargo, esta soluci\u00f3n podr\u00eda dar a las fuerzas de la izquierda y a los movimientos sociales la oportunidad de conseguir una bancada parlamentaria suficientemente amplia y sobre todo ganar las elecciones presidenciales. O sea, hacer aqu\u00ed lo que ser\u00eda normal en una verdadera democracia cuando se pierde la legitimidad del gobierno podr\u00eda desembocar en la p\u00e9rdida del poder o al menos de una parte significativa del mismo ya que la clase dominante conservar\u00eda lo esencial: los resortes principales de la econom\u00eda y el apoyo de los cuarteles.<\/span><\/p>\n<p style=\"text-align: justify;\"><span style=\"font-size: 12pt;\">Si la t\u00e1ctica que est\u00e1 siendo aplicada no da los resultados esperados y el movimiento de protesta tampoco consigue pronto sus principales objetivos pero mantiene su vigor, la situaci\u00f3n se prolongar\u00eda hasta el a\u00f1o venidero y ser\u00eda un muy arriesgado pre\u00e1mbulo de la campa\u00f1a electoral en la cual la izquierda estar\u00eda en claras condiciones de ganar. No debe entonces descartarse el magnicidio como ya se produjo en otras ocasiones en este pa\u00eds cuando \u201cmanos misteriosas\u201d asesinaron a candidatos progresistas de la oposici\u00f3n que ten\u00edan bastantes posibilidades de triunfo como sucedi\u00f3 con Jorge Eli\u00e9cer Gait\u00e1n y Luis Carlos Gal\u00e1n, ambos de extracci\u00f3n liberal y con programas reformistas, o con Pizarro Le\u00f3n G\u00f3mez, candidato del antiguo movimiento guerrillero m-19 con un programa de reformas radicales, o con dos candidatos a la presidencia de la Uni\u00f3n Patri\u00f3tica, frente electoral de la FARC-EP que entonces tambi\u00e9n se acogi\u00f3 a la legalidad vigente. <\/span><\/p>\n<p><img loading=\"lazy\" decoding=\"async\" class=\" wp-image-27210 aligncenter\" src=\"http:\/\/www.lapluma.net\/wp-content\/uploads\/2021\/05\/Duque-paro-Colombia-Anyelik-caricatura-300x169.jpg\" alt=\"\" width=\"462\" height=\"260\" srcset=\"https:\/\/www.lapluma.net\/wp-content\/uploads\/2021\/05\/Duque-paro-Colombia-Anyelik-caricatura-300x169.jpg 300w, https:\/\/www.lapluma.net\/wp-content\/uploads\/2021\/05\/Duque-paro-Colombia-Anyelik-caricatura-768x433.jpg 768w, https:\/\/www.lapluma.net\/wp-content\/uploads\/2021\/05\/Duque-paro-Colombia-Anyelik-caricatura-870x489.jpg 870w, https:\/\/www.lapluma.net\/wp-content\/uploads\/2021\/05\/Duque-paro-Colombia-Anyelik-caricatura.jpg 879w\" sizes=\"auto, (max-width: 462px) 100vw, 462px\" \/><\/p>\n<p style=\"text-align: justify;\"><span style=\"font-size: 12pt;\">Tampoco debe descartarse que se produzca un nuevo atropello a la victoria popular como sucedi\u00f3 cuando se rob\u00f3 la presidencia a Gustavo Rojas Pinilla, que gan\u00f3 claramente en las urnas al candidato del sistema. La cuesti\u00f3n ser\u00eda si en las actuales condiciones alguna de estas f\u00f3rmulas funcionar\u00eda o si por el contrario solo agravar\u00eda la situaci\u00f3n. Tampoco parece necesario el golpe militar tradicional pues en Colombia desde hace m\u00e1s de medio siglo los cuarteles ya hacen el rol represivo necesario en lo que interesa a la clase dominante dejando a los pol\u00edticos el manejo formal de la situaci\u00f3n. Eso es precisamente lo que acontece en estos momentos en que por un lado Duque llama a la calma y ofrece negociaciones mientras militares y polic\u00edas (adem\u00e1s de grupos paramilitares de \u201cpersonas de bien\u201d) reprimen de forma indiscriminada a los manifestantes arrojando un balance dram\u00e1tico de muertos, desaparecidos, mutilados, detenidos, heridos y mujeres violadas, tal como se practica en la guerra interna en este pa\u00eds desde hace d\u00e9cadas.<\/span><\/p>\n<p style=\"text-align: justify;\"><span style=\"font-size: 12pt;\">Dado el rol que juega Colombia en la estrategia de Estados Unidos y sus aliados, Washington solo har\u00e1 reconvenciones formales, llamados a la calma y hasta aprovechar\u00e1 la enorme debilidad de Bogot\u00e1 para ampliar su presencia en este pa\u00eds andino, convertido en la pr\u00e1ctica en el \u201cIsrael de los Andes\u201d, como se le denomina no sin fundamento.<\/span><\/p>\n<p><img loading=\"lazy\" decoding=\"async\" class=\" wp-image-27328 aligncenter\" src=\"http:\/\/www.lapluma.net\/wp-content\/uploads\/2021\/05\/Caricatura-Duque-300x128.jpg\" alt=\"\" width=\"471\" height=\"201\" srcset=\"https:\/\/www.lapluma.net\/wp-content\/uploads\/2021\/05\/Caricatura-Duque-300x128.jpg 300w, https:\/\/www.lapluma.net\/wp-content\/uploads\/2021\/05\/Caricatura-Duque.jpg 688w\" sizes=\"auto, (max-width: 471px) 100vw, 471px\" \/><\/p>\n<p style=\"text-align: center;\"><strong>Tratando de deshacerse de responsabilidades.<\/strong><\/p>\n<p style=\"text-align: justify;\"><span style=\"font-size: 12pt;\">Los retos que enfrenta el movimiento de protesta no son pocos. El primero es seguramente las dificultades de coordinar el Comit\u00e9 del Paro, que dio inicio al movimiento, con las m\u00faltiples expresiones de descontento popular que han ido surgiendo al calor de la lucha y que en este momento cubren pr\u00e1cticamente todo el territorio nacional. Constituyen, de hecho, varios millones de personas que han conseguido paralizar el pa\u00eds y obligado al gobierno de Duque a sentarse a negociar. Pero por ese mismo motivo las reivindicaciones son m\u00faltiples y quienes intentan dar direcci\u00f3n a ese movimiento tienen la tarea de establecer prioridades en las exigencias y sobre todo analizar la real correlaci\u00f3n de fuerzas que permita avances considerables ya que las mil reivindicaciones que ahora se levantan, todas ellas sin duda muy leg\u00edtimas, en muchas ocasiones requieren un cambio de sistema, casi una verdadera revoluci\u00f3n. <\/span><\/p>\n<p><img loading=\"lazy\" decoding=\"async\" class=\" wp-image-27336 aligncenter\" src=\"http:\/\/www.lapluma.net\/wp-content\/uploads\/2021\/06\/El-paro-cierra-la-calle-pero-abre-el-camino-300x169.jpg\" alt=\"\" width=\"533\" height=\"300\" srcset=\"https:\/\/www.lapluma.net\/wp-content\/uploads\/2021\/06\/El-paro-cierra-la-calle-pero-abre-el-camino-300x169.jpg 300w, https:\/\/www.lapluma.net\/wp-content\/uploads\/2021\/06\/El-paro-cierra-la-calle-pero-abre-el-camino.jpg 680w\" sizes=\"auto, (max-width: 533px) 100vw, 533px\" \/><\/p>\n<p style=\"text-align: justify;\"><span style=\"font-size: 12pt;\">En el fondo, exigen un gobierno diferente. Los participantes, tanto del Comit\u00e9 de Paro como de las dem\u00e1s organizaciones necesitan entonces generar mecanismos de di\u00e1logo interno, con el mayor grado posible de democracia a fin de elaborar esas prioridades y crear las instancias de organizaci\u00f3n indispensables. Colombia, hoy, revive tradicionales debates de la izquierda y de los movimientos populares que, casi siempre, se han visto abocados a combinar la democracia directa con la democracia delegada pues ni la primera por si sola garantiza la gesti\u00f3n adecuada del movimiento ni la segunda est\u00e1 exenta de los males del burocratismo, de la burocracia mal practicada.<\/span><\/p>\n<p style=\"text-align: justify;\"><span style=\"font-size: 12pt;\">Pero en toda batalla el ej\u00e9rcito combatiente debe tener siempre, tanto la decisi\u00f3n valiente y abnegada de sus tropas de base \u2013que llega hasta el sacrificio- como la inteligencia de sus cuadros dirigentes que propongan el momento preciso para el asalto final. Siempre son indispensables los generales que proponen -no que imponen- y sobre quienes recae la enorme responsabilidad de armonizar sus decisiones t\u00e1cticas con el deseo mayoritario de las bases, y que deciden el momento adecuado para asaltar los cielos.<\/span><\/p>\n<p><img loading=\"lazy\" decoding=\"async\" class=\" wp-image-27055 aligncenter\" src=\"http:\/\/www.lapluma.net\/wp-content\/uploads\/2021\/05\/Capture-muro-durante-el-paro-300x162.jpg\" alt=\"\" width=\"511\" height=\"276\" srcset=\"https:\/\/www.lapluma.net\/wp-content\/uploads\/2021\/05\/Capture-muro-durante-el-paro-300x162.jpg 300w, https:\/\/www.lapluma.net\/wp-content\/uploads\/2021\/05\/Capture-muro-durante-el-paro-768x415.jpg 768w, https:\/\/www.lapluma.net\/wp-content\/uploads\/2021\/05\/Capture-muro-durante-el-paro-203x110.jpg 203w, https:\/\/www.lapluma.net\/wp-content\/uploads\/2021\/05\/Capture-muro-durante-el-paro-895x486.jpg 895w, https:\/\/www.lapluma.net\/wp-content\/uploads\/2021\/05\/Capture-muro-durante-el-paro.jpg 899w\" sizes=\"auto, (max-width: 511px) 100vw, 511px\" \/><\/p>\n<p style=\"text-align: justify;\"><span style=\"font-size: 12pt;\">Este movimiento puede sin duda conseguir muchos objetivos; de hecho, ya los ha ganado. Puede adem\u00e1s ser el caldo de cultivo que genere un amplio frente de oposici\u00f3n que barra en las pr\u00f3ximas elecciones y permita que todas sus reivindicaciones actuales se conviertan en realidades tangibles. Tampoco entonces, desde el gobierno, la tarea ser\u00e1 f\u00e1cil pero al menos los sacrificios que la realidad imponga habr\u00e1n valido la pena.<\/span><\/p>\n<p><strong><span style=\"font-size: 14pt;\">Juan Diego Garc\u00eda para La Pluma, 24 de mayo de 2021<\/span><\/strong><\/p>\n<p><strong><span style=\"font-size: 14pt;\">Editado por <\/span><\/strong><a href=\"http:\/\/www.lapluma.net\/nosotros\/editora\/\"><strong><span style=\"font-size: 14pt;\">Mar\u00eda Piedad Ossaba<\/span><\/strong><\/a><\/p>\n","protected":false},"excerpt":{"rendered":"<p>Este movimiento puede ser el caldo de cultivo que genere un amplio frente de oposici\u00f3n que barra en las pr\u00f3ximas elecciones y permita que todas sus reivindicaciones actuales se conviertan en realidades tangibles.<\/p>\n","protected":false},"author":87,"featured_media":27340,"comment_status":"open","ping_status":"open","sticky":false,"template":"","format":"standard","meta":{"_uf_show_specific_survey":0,"_uf_disable_surveys":false,"footnotes":""},"categories":[216],"tags":[11010,13090,1255,13089,13088],"coauthors":[760],"class_list":["post-27327","post","type-post","status-publish","format-standard","has-post-thumbnail","hentry","category-colombia","tag-alvaro-uribe-ivan-duque","tag-escuadron-movil-antidisturbios-esmad","tag-juan-diego-garcia","tag-manifestaciones-protestas","tag-represion-estatal"],"translation":{"provider":"WPGlobus","version":"2.12.2","language":"fr","enabled_languages":["es","fr"],"languages":{"es":{"title":true,"content":true,"excerpt":true},"fr":{"title":false,"content":false,"excerpt":false}}},"_links":{"self":[{"href":"https:\/\/www.lapluma.net\/fr\/wp-json\/wp\/v2\/posts\/27327","targetHints":{"allow":["GET"]}}],"collection":[{"href":"https:\/\/www.lapluma.net\/fr\/wp-json\/wp\/v2\/posts"}],"about":[{"href":"https:\/\/www.lapluma.net\/fr\/wp-json\/wp\/v2\/types\/post"}],"author":[{"embeddable":true,"href":"https:\/\/www.lapluma.net\/fr\/wp-json\/wp\/v2\/users\/87"}],"replies":[{"embeddable":true,"href":"https:\/\/www.lapluma.net\/fr\/wp-json\/wp\/v2\/comments?post=27327"}],"version-history":[{"count":5,"href":"https:\/\/www.lapluma.net\/fr\/wp-json\/wp\/v2\/posts\/27327\/revisions"}],"predecessor-version":[{"id":27344,"href":"https:\/\/www.lapluma.net\/fr\/wp-json\/wp\/v2\/posts\/27327\/revisions\/27344"}],"wp:featuredmedia":[{"embeddable":true,"href":"https:\/\/www.lapluma.net\/fr\/wp-json\/wp\/v2\/media\/27340"}],"wp:attachment":[{"href":"https:\/\/www.lapluma.net\/fr\/wp-json\/wp\/v2\/media?parent=27327"}],"wp:term":[{"taxonomy":"category","embeddable":true,"href":"https:\/\/www.lapluma.net\/fr\/wp-json\/wp\/v2\/categories?post=27327"},{"taxonomy":"post_tag","embeddable":true,"href":"https:\/\/www.lapluma.net\/fr\/wp-json\/wp\/v2\/tags?post=27327"},{"taxonomy":"author","embeddable":true,"href":"https:\/\/www.lapluma.net\/fr\/wp-json\/wp\/v2\/coauthors?post=27327"}],"curies":[{"name":"wp","href":"https:\/\/api.w.org\/{rel}","templated":true}]}}