{"id":27065,"date":"2021-05-22T18:57:54","date_gmt":"2021-05-22T18:57:54","guid":{"rendered":"http:\/\/www.lapluma.net\/?p=27065"},"modified":"2021-05-22T18:57:54","modified_gmt":"2021-05-22T18:57:54","slug":"el-movimiento-continental-bolivariano-despide-al-comandante-jesus-santrich","status":"publish","type":"post","link":"https:\/\/www.lapluma.net\/fr\/2021\/05\/22\/el-movimiento-continental-bolivariano-despide-al-comandante-jesus-santrich\/","title":{"rendered":"El Movimiento Continental Bolivariano despide al Comandante Jes\u00fas Santrich"},"content":{"rendered":"<p style=\"text-align: justify;\"><span style=\"font-size: 14pt;\"><strong>\u00a1POR LA TRASCENDENCIA DEL COMANDANTE SANTRICH COMO S\u00cdMBOLO DE LA INSURGENCIA GLOBAL CONTRA EL IMPERIALISMO!<\/strong><\/span><\/p>\n<p><img loading=\"lazy\" decoding=\"async\" class=\" wp-image-27067 aligncenter\" src=\"http:\/\/www.lapluma.net\/wp-content\/uploads\/2021\/05\/cropped-mcbanner-300x63.jpg\" alt=\"\" width=\"571\" height=\"120\" srcset=\"https:\/\/www.lapluma.net\/wp-content\/uploads\/2021\/05\/cropped-mcbanner-300x63.jpg 300w, https:\/\/www.lapluma.net\/wp-content\/uploads\/2021\/05\/cropped-mcbanner-768x162.jpg 768w, https:\/\/www.lapluma.net\/wp-content\/uploads\/2021\/05\/cropped-mcbanner.jpg 940w\" sizes=\"auto, (max-width: 571px) 100vw, 571px\" \/><\/p>\n<p style=\"text-align: justify;\"><span style=\"font-size: 12pt;\">El Movimiento Continental Bolivariano (MCB) despide con grandes honores a uno de los m\u00e1s sobresalientes pensadores marxista-bolivariano, combatiente ejemplar por la liberaci\u00f3n de Colombia,\u00a0 de la Patria Grande y de toda la Humanidad.<\/span><\/p>\n<p style=\"text-align: justify;\"><span style=\"font-size: 12pt;\">En estas horas tr\u00e1gicas y dolorosas, en las que los pueblos del mundo hemos sido informados por sus camaradas de las FARC-EP Segunda Marquetalia, de la desaparici\u00f3n f\u00edsica del comandante Santrich, quisi\u00e9ramos rendir justo tributo\u00a0 a uno de los mejores hijos de Colombia.<\/span><\/p>\n<p style=\"text-align: justify;\"><span style=\"font-size: 12pt;\">Su lucidez y coherencia lo llevaron a denunciar el adulterado \u201cproceso de paz\u201d de La Habana, a iniciar una huelga de hambre solicitando la libertad de sus camaradas presos, renunciar a su curul en el Congreso y romper con la camarilla entreguista y traidora, volver a las verdes monta\u00f1as de su amado Perij\u00e1,\u00a0 retomando la lucha guerrillera en el refundado ej\u00e9rcito revolucionario, leal al ejemplo de\u00a0 Manuel Marulanda, Jacobo Arenas, Jorge Brice\u00f1o y Alfonso Cano.<\/span><\/p>\n<p style=\"text-align: justify;\"><span style=\"font-size: 12pt;\">No nos cabe duda que en\u00a0 su inmensa dimensi\u00f3n moral, su autoridad pol\u00edtica-militar, su talento multifac\u00e9tico, sus convicciones socialistas y su vocaci\u00f3n internacionalista \u2013junto a su audacia de romper el cerco infame del intento de extradici\u00f3n a EE.UU en su contra- est\u00e1 la verdadera causa de este horrendo crimen.<\/span><\/p>\n<p style=\"text-align: justify;\"><span style=\"font-size: 12pt;\">Con nuestros corazones desgarrados y el orgullo de haber sido sus camaradas y amigos\/as -conscientes de la trascendencia de su ejemplo a la\u00a0 Galer\u00eda de los H\u00e9roes y Hero\u00ednas de Nuestra Am\u00e9rica- despedimos al guerrillero intr\u00e9pido, internacionalista consecuente, estratega pol\u00edtico-militar, poeta, m\u00fasico, dibujante, amigo y camarada inolvidable.<\/span><\/p>\n<p style=\"text-align: justify;\"><span style=\"font-size: 12pt;\">Acusamos formalmente a los jefes de los Estados terroristas de Colombia, EEUU e Israel de esta vil masacre en el contexto actual de la org\u00eda de sangre y de las empobrecedoras pol\u00edticas neoliberales que motivan la justa, persistente y heroica rebeld\u00eda de la diversidad de pueblo y la juventud colombiana.<\/span><\/p>\n<p><img loading=\"lazy\" decoding=\"async\" class=\" wp-image-27066 aligncenter\" src=\"http:\/\/www.lapluma.net\/wp-content\/uploads\/2021\/05\/santrich2-kjf-620x349@abc-1-300x169.jpg\" alt=\"\" width=\"534\" height=\"301\" srcset=\"https:\/\/www.lapluma.net\/wp-content\/uploads\/2021\/05\/santrich2-kjf-620x349@abc-1-300x169.jpg 300w, https:\/\/www.lapluma.net\/wp-content\/uploads\/2021\/05\/santrich2-kjf-620x349@abc-1.jpg 620w\" sizes=\"auto, (max-width: 534px) 100vw, 534px\" \/><\/p>\n<p style=\"text-align: justify;\"><span style=\"font-size: 12pt;\">Que equivocados est\u00e1n aquellos que piensan que con el asesinato de Jes\u00fas Santrich desaparecer\u00e1 la lucha consecuente contra el r\u00e9gimen narcoterrorista de la devastadora oligarqu\u00eda colombiana. Hoy son millones los que inundando de dignidad y lucha, las calles de las grandes ciudades y los campos de Colombia, han dicho basta al Gobierno criminal de Duque y Uribe, mostrando estar dispuestos a dar la vida\u00a0 por conquistar un futuro de justicia social\u00a0 y conformar un nuevo gobierno al servicio de las inmensas mayor\u00edas.<\/span><\/p>\n<p style=\"text-align: justify;\"><span style=\"font-size: 12pt;\">En tan trascendente momento, la Presidencia del MCB ha decidido reconocer los valiosos aportes del Comandante Santrich y honrar su memoria declarando el 17 de mayo, fecha de este ominosa acci\u00f3n punitiva, <strong>D\u00cdA INTERNACIONAL DE LA INSURGENCIA GLOBAL CONTRA EL IMPERIALISMO DECADENTE Y CRIMINAL.<\/strong><\/span><\/p>\n<p style=\"text-align: justify;\"><span style=\"font-size: 12pt;\">El Movimiento Continental Bolivariano (MCB), de cuya direcci\u00f3n estrat\u00e9gica formaba parte Jes\u00fas Santrich, hace asimismo un llamamiento,\u00a0 a todas las organizaciones, fuerzas pol\u00edticas y sociales, movimientos populares del mundo, a denunciar el criminal y depredador r\u00e9gimen colombiano y\u00a0 a solidarizarse con los leg\u00edtimas reivindicaciones del inmenso torrente popular que sacude los cimientos de Colombia.<\/span><\/p>\n<p style=\"text-align: justify;\"><span style=\"font-size: 12pt;\"><strong>\u00a1PATRIA GRANDE Y SOCIALISMO!<\/strong><\/span><\/p>\n<p style=\"text-align: justify;\"><strong><span style=\"font-size: 12pt;\">\u00a1EN BOL\u00cdVAR, CH\u00c1VEZ, FIDEL, MANUEL, EL CHE Y SANTRICH NOS ENCONTRAMOS TODOS\/AS!<\/span> \u00a0 \u00a0 \u00a0 \u00a0 \u00a0<\/strong><\/p>\n<p style=\"text-align: justify;\"><strong><span style=\"font-size: 14pt;\">Movimiento Continental Bolivariano (MCB), 21 de mayo de 2021 \u00a0 <\/span><\/strong><\/p>\n<p style=\"text-align: justify;\"><strong><span style=\"font-size: 14pt;\">\u00a0 \u00a0<\/span> \u00a0 \u00a0 \u00a0 \u00a0 \u00a0 \u00a0 \u00a0 \u00a0 \u00a0 \u00a0 \u00a0 \u00a0 \u00a0 \u00a0 \u00a0 \u00a0 \u00a0 \u00a0 \u00a0 \u00a0 \u00a0 \u00a0 \u00a0 \u00a0 \u00a0 \u00a0 \u00a0 \u00a0 \u00a0 \u00a0 \u00a0 \u00a0 \u00a0 \u00a0 <\/strong><\/p>\n","protected":false},"excerpt":{"rendered":"<p>La Presidencia del MCB ha decidido reconocer los valiosos aportes del Comandante Santrich y honrar su memoria declarando el 17 de mayo, fecha de este ominosa acci\u00f3n punitiva, D\u00cdA INTERNACIONAL DE LA INSURGENCIA GLOBAL CONTRA EL IMPERIALISMO DECADENTE Y CRIMINAL.<\/p>\n","protected":false},"author":857,"featured_media":27069,"comment_status":"open","ping_status":"open","sticky":false,"template":"","format":"standard","meta":{"_uf_show_specific_survey":0,"_uf_disable_surveys":false,"footnotes":""},"categories":[217],"tags":[12947,9253,13017,13018],"coauthors":[13016],"class_list":["post-27065","post","type-post","status-publish","format-standard","has-post-thumbnail","hentry","category-abya-yala","tag-comandante-jesus-santrich","tag-farc-ep-segunda-marquetalia","tag-homenaje-a-jesus-santrich","tag-movimiento-continental-bolivariano-mcb"],"translation":{"provider":"WPGlobus","version":"2.12.2","language":"fr","enabled_languages":["es","fr"],"languages":{"es":{"title":true,"content":true,"excerpt":true},"fr":{"title":false,"content":false,"excerpt":false}}},"_links":{"self":[{"href":"https:\/\/www.lapluma.net\/fr\/wp-json\/wp\/v2\/posts\/27065","targetHints":{"allow":["GET"]}}],"collection":[{"href":"https:\/\/www.lapluma.net\/fr\/wp-json\/wp\/v2\/posts"}],"about":[{"href":"https:\/\/www.lapluma.net\/fr\/wp-json\/wp\/v2\/types\/post"}],"author":[{"embeddable":true,"href":"https:\/\/www.lapluma.net\/fr\/wp-json\/wp\/v2\/users\/857"}],"replies":[{"embeddable":true,"href":"https:\/\/www.lapluma.net\/fr\/wp-json\/wp\/v2\/comments?post=27065"}],"version-history":[{"count":3,"href":"https:\/\/www.lapluma.net\/fr\/wp-json\/wp\/v2\/posts\/27065\/revisions"}],"predecessor-version":[{"id":27072,"href":"https:\/\/www.lapluma.net\/fr\/wp-json\/wp\/v2\/posts\/27065\/revisions\/27072"}],"wp:featuredmedia":[{"embeddable":true,"href":"https:\/\/www.lapluma.net\/fr\/wp-json\/wp\/v2\/media\/27069"}],"wp:attachment":[{"href":"https:\/\/www.lapluma.net\/fr\/wp-json\/wp\/v2\/media?parent=27065"}],"wp:term":[{"taxonomy":"category","embeddable":true,"href":"https:\/\/www.lapluma.net\/fr\/wp-json\/wp\/v2\/categories?post=27065"},{"taxonomy":"post_tag","embeddable":true,"href":"https:\/\/www.lapluma.net\/fr\/wp-json\/wp\/v2\/tags?post=27065"},{"taxonomy":"author","embeddable":true,"href":"https:\/\/www.lapluma.net\/fr\/wp-json\/wp\/v2\/coauthors?post=27065"}],"curies":[{"name":"wp","href":"https:\/\/api.w.org\/{rel}","templated":true}]}}