{"id":26178,"date":"2021-05-07T23:47:19","date_gmt":"2021-05-07T23:47:19","guid":{"rendered":"http:\/\/www.lapluma.net\/?p=26178"},"modified":"2021-05-08T09:41:46","modified_gmt":"2021-05-08T09:41:46","slug":"colombia-neoliberalismo-a-sangre-y-fuego","status":"publish","type":"post","link":"https:\/\/www.lapluma.net\/fr\/2021\/05\/07\/colombia-neoliberalismo-a-sangre-y-fuego\/","title":{"rendered":"Colombia: Neoliberalismo a sangre y fuego (Video)"},"content":{"rendered":"<h3 class=\"title style-scope ytd-video-primary-info-renderer\" style=\"text-align: justify;\">Entrevista a H\u00e9ctor Bernardo &#8211; BoliviaTv &#8211; An\u00e1lisis del estallido social y la represi\u00f3n en Colombia<\/h3>\n<p style=\"text-align: center;\"><iframe loading=\"lazy\" title=\"YouTube video player\" src=\"https:\/\/www.youtube.com\/embed\/4TbpyaaUxbQ\" width=\"560\" height=\"315\" frameborder=\"0\" allowfullscreen=\"allowfullscreen\"><\/iframe><\/p>\n<p><strong><span style=\"font-size: 14pt;\">Hector Bernardo para La Pluma, 7 de mayo de 2021<\/span><\/strong><\/p>\n<p><strong><span style=\"font-size: 14pt;\">Editado por <\/span><a href=\"http:\/\/www.lapluma.net\/nosotros\/editora\/\"><strong><span style=\"font-size: 14pt;\">Mar\u00eda Piedad Ossaba<\/span><\/strong><\/a><\/strong><\/p>\n<h3 class=\"title style-scope ytd-video-primary-info-renderer\"><img loading=\"lazy\" decoding=\"async\" class=\" wp-image-26190 aligncenter\" src=\"http:\/\/www.lapluma.net\/wp-content\/uploads\/2021\/05\/colombia-asesina-300x147.jpeg\" alt=\"\" width=\"551\" height=\"270\" srcset=\"https:\/\/www.lapluma.net\/wp-content\/uploads\/2021\/05\/colombia-asesina-300x147.jpeg 300w, https:\/\/www.lapluma.net\/wp-content\/uploads\/2021\/05\/colombia-asesina-768x376.jpeg 768w, https:\/\/www.lapluma.net\/wp-content\/uploads\/2021\/05\/colombia-asesina-895x441.jpeg 895w, https:\/\/www.lapluma.net\/wp-content\/uploads\/2021\/05\/colombia-asesina.jpeg 900w\" sizes=\"auto, (max-width: 551px) 100vw, 551px\" \/><\/h3>\n<p><strong><span style=\"font-size: 12pt;\">Lea en La Pluma:<\/span><\/strong><\/p>\n<h3 class=\"entry-title\"><span style=\"font-size: 12pt;\"><a href=\"http:\/\/www.lapluma.net\/2021\/05\/07\/cesar-la-masacre-ya-sos-a-la-comunidad-internacional\/\" rel=\"bookmark\">\u00a1\u00a1Cesar la Masacre ya!!! SOS a la comunidad internacional<\/a><\/span><\/h3>\n<h3 class=\"entry-title\"><span style=\"font-size: 12pt;\"><a href=\"http:\/\/www.lapluma.net\/2021\/05\/07\/colombia-en-llamas-el-fin-del-neoliberalismo-sera-violento\/\" rel=\"bookmark\">Colombia en llamas: el fin del neoliberalismo ser\u00e1 violento<\/a><\/span><\/h3>\n<div class=\"article-content\">\n<div class=\"entry-header clearfix\">\n<header class=\"entry-header-title\">\n<h3 class=\"entry-title\"><span style=\"font-size: 12pt;\"><a href=\"http:\/\/www.lapluma.net\/2021\/05\/05\/los-lazos-conservadores-y-retardatarios-en-colombia-se-desboronan-mientras-se-gesta-una-nueva-esperanza\/\" rel=\"bookmark\">Los lazos conservadores y retardatarios en Colombia se desboronan mientras se gesta una nueva esperanza<\/a><\/span><\/h3>\n<\/header>\n<\/div>\n<\/div>\n<h3 class=\"entry-title\"><span style=\"font-size: 12pt;\"><a href=\"http:\/\/www.lapluma.net\/2021\/05\/04\/especial-el-salmon-colombiaresiste-hasta-que-la-dignidad-sea-costumbre\/\" rel=\"bookmark\">Especial El Salmon : #ColombiaResiste hasta que la dignidad sea costumbre<\/a><\/span><\/h3>\n","protected":false},"excerpt":{"rendered":"<p>Entrevista a H&eacute;ctor Bernardo &ndash; BoliviaTv &ndash; An&aacute;lisis del estallido social y la represi&oacute;n en Colombia Hector Bernardo para La Pluma, 7 de mayo de 2021 Editado por Mar&iacute;a Piedad Ossaba Lea en La Pluma: &iexcl;&iexcl;Cesar la Masacre ya!!! SOS a la comunidad internacional Colombia en llamas: el fin del neoliberalismo ser&aacute; violento Los lazos&#8230;<\/p>\n","protected":false},"author":90,"featured_media":26187,"comment_status":"open","ping_status":"open","sticky":false,"template":"","format":"standard","meta":{"_uf_show_specific_survey":0,"_uf_disable_surveys":false,"footnotes":""},"categories":[5],"tags":[1094,475],"coauthors":[778],"class_list":["post-26178","post","type-post","status-publish","format-standard","has-post-thumbnail","hentry","category-editoriales-y-opiniones","tag-hector-bernardo","tag-represion"],"translation":{"provider":"WPGlobus","version":"2.12.2","language":"fr","enabled_languages":["es","fr"],"languages":{"es":{"title":true,"content":true,"excerpt":false},"fr":{"title":false,"content":false,"excerpt":false}}},"_links":{"self":[{"href":"https:\/\/www.lapluma.net\/fr\/wp-json\/wp\/v2\/posts\/26178","targetHints":{"allow":["GET"]}}],"collection":[{"href":"https:\/\/www.lapluma.net\/fr\/wp-json\/wp\/v2\/posts"}],"about":[{"href":"https:\/\/www.lapluma.net\/fr\/wp-json\/wp\/v2\/types\/post"}],"author":[{"embeddable":true,"href":"https:\/\/www.lapluma.net\/fr\/wp-json\/wp\/v2\/users\/90"}],"replies":[{"embeddable":true,"href":"https:\/\/www.lapluma.net\/fr\/wp-json\/wp\/v2\/comments?post=26178"}],"version-history":[{"count":7,"href":"https:\/\/www.lapluma.net\/fr\/wp-json\/wp\/v2\/posts\/26178\/revisions"}],"predecessor-version":[{"id":26189,"href":"https:\/\/www.lapluma.net\/fr\/wp-json\/wp\/v2\/posts\/26178\/revisions\/26189"}],"wp:featuredmedia":[{"embeddable":true,"href":"https:\/\/www.lapluma.net\/fr\/wp-json\/wp\/v2\/media\/26187"}],"wp:attachment":[{"href":"https:\/\/www.lapluma.net\/fr\/wp-json\/wp\/v2\/media?parent=26178"}],"wp:term":[{"taxonomy":"category","embeddable":true,"href":"https:\/\/www.lapluma.net\/fr\/wp-json\/wp\/v2\/categories?post=26178"},{"taxonomy":"post_tag","embeddable":true,"href":"https:\/\/www.lapluma.net\/fr\/wp-json\/wp\/v2\/tags?post=26178"},{"taxonomy":"author","embeddable":true,"href":"https:\/\/www.lapluma.net\/fr\/wp-json\/wp\/v2\/coauthors?post=26178"}],"curies":[{"name":"wp","href":"https:\/\/api.w.org\/{rel}","templated":true}]}}