{"id":25986,"date":"2021-05-04T11:41:01","date_gmt":"2021-05-04T11:41:01","guid":{"rendered":"http:\/\/www.lapluma.net\/?p=25986"},"modified":"2021-05-04T15:19:10","modified_gmt":"2021-05-04T15:19:10","slug":"carta-desde-colombia-sobre-el-paro-nacional","status":"publish","type":"post","link":"https:\/\/www.lapluma.net\/fr\/2021\/05\/04\/carta-desde-colombia-sobre-el-paro-nacional\/","title":{"rendered":"Carta desde Colombia sobre el paro nacional"},"content":{"rendered":"<p style=\"text-align: justify;\"><span style=\"font-size: 12pt;\">Llevo tiempo sin escribirte, pero necesito un favor urgente: que te enteres de lo que est\u00e1 pasando en mi pa\u00eds, Colombia, y que le cuentes a tus vecinos. No s\u00e9 para qu\u00e9 pueda servir, pero, por favor, hazlo. Es sobre el <a href=\"https:\/\/victordecurrealugo.com\/28-de-abril-marcha-paro\/\" target=\"_blank\" rel=\"noopener noreferrer\">paro nacional<\/a>.<\/span><\/p>\n<figure id=\"attachment_25987\" aria-describedby=\"caption-attachment-25987\" style=\"width: 448px\" class=\"wp-caption aligncenter\"><img loading=\"lazy\" decoding=\"async\" class=\"wp-image-25987\" src=\"http:\/\/www.lapluma.net\/wp-content\/uploads\/2021\/05\/Colombia-Paro-Nacional-696x461-1-300x199.jpg\" alt=\"\" width=\"448\" height=\"297\" srcset=\"https:\/\/www.lapluma.net\/wp-content\/uploads\/2021\/05\/Colombia-Paro-Nacional-696x461-1-300x199.jpg 300w, https:\/\/www.lapluma.net\/wp-content\/uploads\/2021\/05\/Colombia-Paro-Nacional-696x461-1-150x100.jpg 150w, https:\/\/www.lapluma.net\/wp-content\/uploads\/2021\/05\/Colombia-Paro-Nacional-696x461-1.jpg 696w\" sizes=\"auto, (max-width: 448px) 100vw, 448px\" \/><figcaption id=\"caption-attachment-25987\" class=\"wp-caption-text\"><strong>Marcha del 1de mayo de 2021 en Bogot\u00e1. Foto: V\u00ecctor de Currea-Lugo<\/strong><\/figcaption><\/figure>\n<p style=\"text-align: justify;\"><span style=\"font-size: 12pt;\">Aqu\u00ed, en este lado del mar, todos los n\u00fameros malos se han disparado. Hay 21 millones de pobres; la pandemia ha sido atendida de la peor manera; y la paz, esa que t\u00fa apoyaste, se encuentra herida de muerte, de hecho, m\u00e1s de 270 de los firmantes han sido asesinados.<\/span><\/p>\n<p style=\"text-align: justify;\"><span style=\"font-size: 12pt;\">Los temas de ese acuerdo incumplido siguen siendo nuestro dolor de cada d\u00eda: la pol\u00edtica agraria, la falta de participaci\u00f3n pol\u00edtica, la violencia contra millones de personas, la ausencia de justicia social y el narcotr\u00e1fico, que es por lo que m\u00e1s nos conocen all\u00e1 afuera y lo que alimenta una clase corrupta que se mantiene en el poder.<\/span><\/p>\n<p style=\"text-align: justify;\"><span style=\"font-size: 12pt;\">Creo que te acuerdas, Colombia lleva d\u00e9cadas de guerra, es uno de los conflictos armados m\u00e1s largo del mundo. Aqu\u00ed han matado mucha gente, cientos de miles, adem\u00e1s han desplazado a varios millones y hasta han asesinado a civiles para hacerlos pasar por guerrilleros, de estos \u00faltimos hubo por lo menos 6.402 durante el Gobierno de Uribe \u00a16.402!<\/span><\/p>\n<p style=\"text-align: justify;\"><span style=\"font-size: 12pt;\">Los n\u00fameros m\u00e1s moderados hablan de m\u00e1s de 85 mil desaparecidos; es decir, si sum\u00e1ramos las m\u00e1s crueles dictaduras de Chile, Uruguay, Brasil y Argentina les ganar\u00edamos en n\u00famero y en nivel de sevicia.<\/span><\/p>\n<p style=\"text-align: justify;\"><span style=\"font-size: 12pt;\">La pandemia no sirvi\u00f3 para unirnos. Aqu\u00ed, como en otras partes del mundo, los ricos son m\u00e1s ricos y los pobres son m\u00e1s pobres. El sistema de salud no puede ofrecer justicia porque su l\u00f3gica es la del mercado.<\/span><\/p>\n<p style=\"text-align: justify;\"><span style=\"font-size: 12pt;\">Imag\u00ednate que en noviembre de 2019 salimos a la calle contra el Gobierno actual y quedaron al menos tres \u00a0muertos, cientos de heridos y mucho dolor, pero nos despertamos como pa\u00eds. El optimismo, los cacerolazos, la creatividad, la m\u00fasica, la protesta, nos llevaron a realizar entonces un paro nacional para decirle NO M\u00c1S a un Gobierno que establec\u00eda m\u00e1s medidas econ\u00f3micas contra los pobres.<\/span><\/p>\n<p style=\"text-align: justify;\"><span style=\"font-size: 12pt;\">Que yo recuerde, nunca en Colombia hab\u00edamos hecho un cacerolazo nacional, ni una protesta con tanta gente saliendo a las calles, pero luego vinieron las navidades, un comp\u00e1s de espera y finalmente lleg\u00f3 la covid-19.<\/span><\/p>\n<h3 style=\"text-align: justify;\">Desde 2019: de paro en paro<\/h3>\n<p style=\"text-align: justify;\"><span style=\"font-size: 12pt;\">La pandemia mostr\u00f3 lo peor del Gobierno: abusos policiales, falta de ayudas econ\u00f3micas para la gente pobre, priorizaci\u00f3n de apoyo a los bancos, trabas para acceder a los servicios de salud y una gran cantidad de dolores en los barrios m\u00e1s pobres de muchas ciudades.<\/span><\/p>\n<p style=\"text-align: justify;\"><span style=\"font-size: 12pt;\">La gente empez\u00f3 a sacar trapos rojos a sus ventanas, para indicar que ya estaba sin alimentos y, en medio de semejante drama, la polic\u00eda mat\u00f3 a golpes a un abogado en Bogot\u00e1. Este suceso sirvi\u00f3 como detonante de un estallido social.<\/span><\/p>\n<p><img loading=\"lazy\" decoding=\"async\" class=\" wp-image-18194 aligncenter\" src=\"http:\/\/www.lapluma.net\/wp-content\/uploads\/2020\/04\/trapo-rojo-300x200.jpg\" alt=\"\" width=\"459\" height=\"306\" srcset=\"https:\/\/www.lapluma.net\/wp-content\/uploads\/2020\/04\/trapo-rojo-300x200.jpg 300w, https:\/\/www.lapluma.net\/wp-content\/uploads\/2020\/04\/trapo-rojo-1024x682.jpg 1024w, https:\/\/www.lapluma.net\/wp-content\/uploads\/2020\/04\/trapo-rojo-768x512.jpg 768w, https:\/\/www.lapluma.net\/wp-content\/uploads\/2020\/04\/trapo-rojo-435x290.jpg 435w, https:\/\/www.lapluma.net\/wp-content\/uploads\/2020\/04\/trapo-rojo-150x100.jpg 150w, https:\/\/www.lapluma.net\/wp-content\/uploads\/2020\/04\/trapo-rojo-370x247.jpg 370w, https:\/\/www.lapluma.net\/wp-content\/uploads\/2020\/04\/trapo-rojo.jpg 1280w\" sizes=\"auto, (max-width: 459px) 100vw, 459px\" \/><\/p>\n<p style=\"text-align: justify;\"><span style=\"font-size: 12pt;\">Te cuento que entre el 9 y 10 de septiembre de 2020, la gente quem\u00f3 docenas de estaciones de polic\u00eda (que aqu\u00ed llamamos CAI) y no fue en un plan de vandalismo ni una acci\u00f3n de guerrilla urbana. Era la gente cansada de abusos, maltratos e irrespetos por parte de la polic\u00eda, que a su vez simbolizan los abusos, maltratos e irrespetos de las elites para con la gente pobre. En esos hechos hubo 13\u00a0 muertos y m\u00e1s de 400 heridos.<\/span><\/p>\n<p style=\"text-align: justify;\"><span style=\"font-size: 12pt;\">Ahora, el pasado 28 de abril de 2021, volvimos a las calles porque el Gobierno ha tratado de meternos una tercera reforma tributaria, con el fin de seguirnos exprimiendo, quitando a los m\u00e1s pobres lo poco que tienen con la excusa de la pandemia y sin tocar a los que tienen casi todo. Pero la gente no fue escuchada, sino reventada, golpeada, ultrajada y violada.<\/span><\/p>\n<p style=\"text-align: justify;\"><span style=\"font-size: 12pt;\">A cada momento, me llegan videos donde polic\u00edas sin ninguna justificaci\u00f3n disparan contra civiles, arremeten contra ellos o los detienen de manera arbitraria. Como si fuera poco, este Gobierno corrupto ha decidido gastar 14 billones de pesos en aviones de guerra.<\/span><\/p>\n<p><img loading=\"lazy\" decoding=\"async\" class=\"wp-image-25988 aligncenter\" src=\"http:\/\/www.lapluma.net\/wp-content\/uploads\/2021\/05\/Paro-2-600x397-1-300x199.jpg\" alt=\"\" width=\"442\" height=\"293\" srcset=\"https:\/\/www.lapluma.net\/wp-content\/uploads\/2021\/05\/Paro-2-600x397-1-300x199.jpg 300w, https:\/\/www.lapluma.net\/wp-content\/uploads\/2021\/05\/Paro-2-600x397-1-150x100.jpg 150w, https:\/\/www.lapluma.net\/wp-content\/uploads\/2021\/05\/Paro-2-600x397-1.jpg 600w\" sizes=\"auto, (max-width: 442px) 100vw, 442px\" \/><\/p>\n<p style=\"text-align: justify;\"><span style=\"font-size: 12pt;\">Aqu\u00ed tenemos algunas instituciones del Ministerio P\u00fablico para controlar precisamente al Gobierno, como la Procuradur\u00eda, la Contralor\u00eda y la Defensor\u00eda. Pero estas instituciones, igual que la Fiscal\u00eda, est\u00e1n en manos de los amigos del presidente y no hay ninguna esperanza de que act\u00faen de manera justa.<\/span><\/p>\n<p style=\"text-align: justify;\"><span style=\"font-size: 12pt;\">Es decir, para no aburrirte de m\u00e1s, esto es la suma de una pol\u00edtica clientelar de unas elites que se alimentan de grupos paramilitares y mafiosos contra un pueblo que sufre una de las brechas sociales m\u00e1s grandes del mundo, tal como lo dicen los informes de econom\u00eda. No hay un \u00e1pice de exageraci\u00f3n al decir que hay una clara lucha de clases en Colombia, pero como dec\u00eda un multimillonario en Estados Unidos, la est\u00e1n ganando los ricos.<\/span><\/p>\n<h3 style=\"text-align: justify;\">Y la guerra contra el pueblo, sigue<\/h3>\n<p style=\"text-align: justify;\"><span style=\"font-size: 12pt;\">Ahora, en este mismo momento en que te escribo, se oyen las sirenas en las calles, de las ambulancias, de los carros de polic\u00edas, las aspas de los helic\u00f3pteros, los gritos en las calles, las cacerolas en las ventanas. No s\u00e9 si logras imagin\u00e1rtelo, es como un golpe militar sin la fachada de un golpe militar.<\/span><\/p>\n<p style=\"text-align: justify;\"><span style=\"font-size: 12pt;\">La violencia no es solo de estos d\u00edas, solo este a\u00f1o van 32 masacres a lo largo del pa\u00eds y durante los primeros dos a\u00f1os del Gobierno actual hab\u00edan ya asesinado 573 l\u00edderes sociales y defensores de derechos humanos.<\/span><\/p>\n<p style=\"text-align: justify;\"><span style=\"font-size: 12pt;\">En Pasto, por ejemplo, convirtieron un centro deportivo en uno de detenci\u00f3n. Hay por lo menos una mujer que habr\u00eda sido violada por la polic\u00eda y numerosos casos de gente que ha perdido sus ojos por culpa del accionar de la polic\u00eda, de heridos a bala y un sinn\u00famero de personas que no aparecen.<\/span><\/p>\n<p style=\"text-align: justify;\"><span style=\"font-size: 12pt;\">Aqu\u00ed estamos solos, la comunidad internacional, como el Grupo de Lima que tanto le preocupa lo que pasa en Venezuela, no ha dicho nada sobre lo que est\u00e1 sucediendo en Colombia y tampoco lo va a decir. Estados Unidos que se cree el guardi\u00e1n de la democracia del mundo tambi\u00e9n ha guardado silencio y Joe Biden, que para muchos ingenuos era la esperanza, no se pronuncia.<\/span><\/p>\n<p style=\"text-align: justify;\"><span style=\"font-size: 12pt;\">La Uni\u00f3n Europea y otros pa\u00edses que ayudaron a afianzar la firma del Acuerdo de Paz hoy se ven limitados en sus llamados a la implementaci\u00f3n, y se quedan cortos en comparaci\u00f3n a lo que sucede.<\/span><\/p>\n<p style=\"text-align: justify;\"><span style=\"font-size: 12pt;\">Te confieso que yo no s\u00e9 qu\u00e9 va a pasar ma\u00f1ana, es posible que todo vuelva a la calma como ocurri\u00f3 en noviembre de 2019 y en septiembre de 2020 o que las cosas sigan creciendo. Ya los camioneros del pa\u00eds han decidido bloquear carreteras, los ind\u00edgenas marchan hacia Cali y parece que el pa\u00eds estuviera a punto de estallar.<\/span><\/p>\n<p style=\"text-align: justify;\"><span style=\"font-size: 12pt;\">Es posible que este Gobierno se invente un autogolpe para reciclarse y quedarse en el poder muchos m\u00e1s a\u00f1os. Es posible que los militares intenten alguna maniobra, aunque aqu\u00ed no hay tradici\u00f3n militarista golpista. Es posible que las mismas elites quemen el cartucho de Duque y se presenten a s\u00ed mismos como salvadores de lo que han causado.<\/span><\/p>\n<p style=\"text-align: justify;\"><span style=\"font-size: 12pt;\">El Gobierno reci\u00e9n decidi\u00f3 <a href=\"https:\/\/elpais.com\/internacional\/2021-05-02\/duque-saca-los-militares-a-la-calle-para-contener-las-protestas-contra-la-reforma-tributaria.html\" target=\"_blank\" rel=\"noopener noreferrer\">sacar el Ej\u00e9rcito a la calle<\/a>. Cada d\u00eda Uribe y Duque dan un paso m\u00e1s para incendiar el pa\u00eds y luego, c\u00ednicamente, presentarse como la opci\u00f3n para salvarnos.<\/span><\/p>\n<p style=\"text-align: justify;\"><span style=\"font-size: 12pt;\">Estamos esperando qu\u00e9 dicen los liderazgos de oposici\u00f3n, los que se conocen aqu\u00ed como la Coalici\u00f3n de la Esperanza y el Pacto Hist\u00f3rico, que son los llamados a promover un cambio, claro, con el resto del pa\u00eds como los valientes ind\u00edgenas del Cauca, entre muchas otras comunidades.<\/span><\/p>\n<p style=\"text-align: justify;\"><span style=\"font-size: 12pt;\">Muchos ya pensamos que la reforma tributaria pas\u00f3 a un segundo plano, lo que hay que discutir ya es para d\u00f3nde va el pa\u00eds, y no simplemente volver como si nada al d\u00eda anterior a cuando empezaron las protestas.<\/span><\/p>\n<p style=\"text-align: justify;\"><span style=\"font-size: 12pt;\">Pero cualquier decisi\u00f3n que se tome no puede desconocer la reforma tributaria, ni los abusos policiales, ni la inequidad social y sobre todo los muertos y heridos que van sumando. No se trata de llamar a la calma para que todo quede como antes, eso ser\u00eda una terrible traici\u00f3n.\u00a0 Se trata de convocar ya mismo al pa\u00eds para que haya un cambio real, si no es ahora, no lo ser\u00e1 en d\u00e9cadas.<\/span><\/p>\n<p style=\"text-align: justify;\"><span style=\"font-size: 12pt;\">Yo no s\u00e9 para qu\u00e9 te cuento todo esto, para qu\u00e9 te env\u00edo <a href=\"https:\/\/www.youtube.com\/watch?v=Yt-1fKBrehw\" target=\"_blank\" rel=\"noopener noreferrer\">esta carta<\/a>, pero es posible que t\u00fa o tus vecinos al saberlo nos puedan echar una mano para que all\u00e1 sepan porqu\u00e9 sigue nuestro paro nacional. Te env\u00edo un fuerte abrazo.<br \/>\n<\/span><\/p>\n<p><img loading=\"lazy\" decoding=\"async\" class=\" wp-image-26015 aligncenter\" src=\"http:\/\/www.lapluma.net\/wp-content\/uploads\/2021\/05\/que-el-mundo-sepa-246x300.jpg\" alt=\"\" width=\"383\" height=\"467\" srcset=\"https:\/\/www.lapluma.net\/wp-content\/uploads\/2021\/05\/que-el-mundo-sepa-246x300.jpg 246w, https:\/\/www.lapluma.net\/wp-content\/uploads\/2021\/05\/que-el-mundo-sepa-768x936.jpg 768w, https:\/\/www.lapluma.net\/wp-content\/uploads\/2021\/05\/que-el-mundo-sepa.jpg 840w\" sizes=\"auto, (max-width: 383px) 100vw, 383px\" \/><\/p>\n<p style=\"text-align: justify;\"><strong><span style=\"font-size: 14pt;\">V\u00edctor de Currea-Lugo<\/span><\/strong><\/p>\n<p style=\"text-align: justify;\"><strong><span style=\"font-size: 14pt;\">Editado por <\/span><a href=\"http:\/\/www.lapluma.net\/nosotros\/editora\/\"><span style=\"font-size: 14pt;\">Mar\u00eda Piedad Ossaba<\/span><\/a><\/strong><\/p>\n<p style=\"text-align: justify;\"><strong><span style=\"font-size: 14pt;\">\u00a0Fuente:<a href=\"https:\/\/victordecurrealugo.com\/colombia-paro-nacional\/\"> Blog Victor de Currea-Lugo<\/a>, 2 de mayo de 2021<\/span><\/strong><\/p>\n","protected":false},"excerpt":{"rendered":"<p>No se trata de llamar a la calma para que todo quede como antes, eso ser\u00eda una terrible traici\u00f3n.\u00a0 Se trata de convocar ya mismo al pa\u00eds para que haya un cambio real, si no es ahora, no lo ser\u00e1 en d\u00e9cadas.<\/p>\n","protected":false},"author":682,"featured_media":25866,"comment_status":"open","ping_status":"open","sticky":false,"template":"","format":"standard","meta":{"_uf_show_specific_survey":0,"_uf_disable_surveys":false,"footnotes":""},"categories":[5],"tags":[450,3596,1626,12726,12727,345,454,11499,12725],"coauthors":[10128],"class_list":["post-25986","post","type-post","status-publish","format-standard","has-post-thumbnail","hentry","category-editoriales-y-opiniones","tag-asesinatos-selectivos","tag-desapariciones-forzadas","tag-desplazamiento-interno-externo","tag-militarizacion-de-las-calles","tag-represion-protesta-social","tag-revueltas-logicas","tag-terrorismo-de-estado","tag-violaciones-ddhh-impunidad","tag-violencia-represion-impunidad"],"translation":{"provider":"WPGlobus","version":"2.12.2","language":"fr","enabled_languages":["es","fr"],"languages":{"es":{"title":true,"content":true,"excerpt":true},"fr":{"title":false,"content":false,"excerpt":false}}},"_links":{"self":[{"href":"https:\/\/www.lapluma.net\/fr\/wp-json\/wp\/v2\/posts\/25986","targetHints":{"allow":["GET"]}}],"collection":[{"href":"https:\/\/www.lapluma.net\/fr\/wp-json\/wp\/v2\/posts"}],"about":[{"href":"https:\/\/www.lapluma.net\/fr\/wp-json\/wp\/v2\/types\/post"}],"author":[{"embeddable":true,"href":"https:\/\/www.lapluma.net\/fr\/wp-json\/wp\/v2\/users\/682"}],"replies":[{"embeddable":true,"href":"https:\/\/www.lapluma.net\/fr\/wp-json\/wp\/v2\/comments?post=25986"}],"version-history":[{"count":4,"href":"https:\/\/www.lapluma.net\/fr\/wp-json\/wp\/v2\/posts\/25986\/revisions"}],"predecessor-version":[{"id":26068,"href":"https:\/\/www.lapluma.net\/fr\/wp-json\/wp\/v2\/posts\/25986\/revisions\/26068"}],"wp:featuredmedia":[{"embeddable":true,"href":"https:\/\/www.lapluma.net\/fr\/wp-json\/wp\/v2\/media\/25866"}],"wp:attachment":[{"href":"https:\/\/www.lapluma.net\/fr\/wp-json\/wp\/v2\/media?parent=25986"}],"wp:term":[{"taxonomy":"category","embeddable":true,"href":"https:\/\/www.lapluma.net\/fr\/wp-json\/wp\/v2\/categories?post=25986"},{"taxonomy":"post_tag","embeddable":true,"href":"https:\/\/www.lapluma.net\/fr\/wp-json\/wp\/v2\/tags?post=25986"},{"taxonomy":"author","embeddable":true,"href":"https:\/\/www.lapluma.net\/fr\/wp-json\/wp\/v2\/coauthors?post=25986"}],"curies":[{"name":"wp","href":"https:\/\/api.w.org\/{rel}","templated":true}]}}