{"id":2559,"date":"2018-10-31T04:16:49","date_gmt":"2018-10-31T04:16:49","guid":{"rendered":"http:\/\/www.lapluma.net\/?p=2559"},"modified":"2018-10-31T04:20:35","modified_gmt":"2018-10-31T04:20:35","slug":"alerta-con-la-falsa-acusacion-del-imperio-sobre-que-venezuela-esta-financiando-la-caravana-de-migrantes-hondurenos","status":"publish","type":"post","link":"https:\/\/www.lapluma.net\/fr\/2018\/10\/31\/alerta-con-la-falsa-acusacion-del-imperio-sobre-que-venezuela-esta-financiando-la-caravana-de-migrantes-hondurenos\/","title":{"rendered":"\u00a1Alerta, con la falsa acusaci\u00f3n del imperio sobre que Venezuela est\u00e1 financiando la caravana de migrantes hondure\u00f1os!"},"content":{"rendered":"<p style=\"text-align: right;\"><em><img loading=\"lazy\" decoding=\"async\" class=\"size-full wp-image-1147 alignleft\" src=\"http:\/\/www.lapluma.net\/wp-content\/uploads\/2018\/10\/Carlos-E.-LippoBis.jpg\" alt=\"\" width=\"70\" height=\"70\" \/>El presidente de Honduras me dijo que (la caravana) fue organizada por grupos de <\/em><br \/>\n<em>izquierda hondure\u00f1os, <\/em><br \/>\n<em>financiada por Venezuela y enviada al norte para desafiar nuestra soberan\u00eda y <\/em><br \/>\n<em>nuestra frontera\u201d <\/em><br \/>\n<em>Mike Pence, vicepresidente de los Estados Unidos.<\/em><\/p>\n<p><img loading=\"lazy\" decoding=\"async\" class=\"CSS_LIGHTBOX_SCALED_IMAGE_IMG aligncenter\" src=\"https:\/\/2.bp.blogspot.com\/-CZpsaAopEPU\/W9JaODGK8GI\/AAAAAAAABFc\/BCG4BMG9f1k4ulb8J4mdJ7IcCG2TeEuUgCLcBGAs\/s1600\/Caravana%2Bde%2Bmigrantes%2Bhondure%25C3%25B1os.jpg\" width=\"573\" height=\"323\" \/><\/p>\n<p style=\"text-align: justify;\"><span style=\"font-size: 12pt;\">Lo que se ha dado en llamar en d\u00edas recientes <em>\u201cla caravana de migrantes hondure\u00f1os rumbo a los Estados Unidos\u201d<\/em> es una marcha espont\u00e1nea (1) de ciudadanos hondure\u00f1os iniciada el 13 de octubre de 2018 en San Pedro Sula, Honduras, con destino a M\u00e9xico y Estados Unidos, acometida con el prop\u00f3sito de pedir asilo, obtener trabajo y en general lograr mejores oportunidades de vida, empujados por la pobreza y la extrema violencia en su pa\u00eds de origen. Ya que como se recordar\u00e1 Honduras, desde la defenestraci\u00f3n de Jos\u00e9 Manuel Zelaya en el 2009, se ha sumido en una espiral de violencia y pobreza, habiendo alcanzado una tasa de homicidios de 43 por cada 100.000 habitantes, que lo convierte en uno de los pa\u00edses m\u00e1s violentos del mundo, situaci\u00f3n muy parecida a la que impera tambi\u00e9n en sus vecinos Guatemala y El Salvador; y a la vez mantiene los \u00edndices de pobreza m\u00e1s altos de la regi\u00f3n centroamericana, al\u00a0 promediar una tasa de 60,9% de poblaci\u00f3n que vive en la pobreza, seg\u00fan datos del Banco Mundial (BM) del 2016, con una proporci\u00f3n de 1 por cada 5 hondure\u00f1os viviendo en pobreza extrema, en las \u00e1reas rurales.<\/span><\/p>\n<p style=\"text-align: justify;\"><span style=\"font-size: 12pt;\">Aunque no se trata de la primera marcha de migrantes que ha sido organizada en la regi\u00f3n este a\u00f1o, pues\u00a0 la primera tuvo lugar en M\u00e9xico el pasado mes de abril, si se trata de la primera en la que miles de personas han intentado migrar juntas de forma organizada; la primera en la que los participantes han recibido alg\u00fan tipo de apoyo de los gobiernos de los pa\u00edses por donde cruzan; y sobre todo es la primera en alcanzar tan amplia repercusi\u00f3n medi\u00e1tica. <em>\u00a1<strong>Y ya sabemos qui\u00e9nes son los que controlan la plataforma medi\u00e1tica mundial!<\/strong><\/em><\/span><\/p>\n<p style=\"text-align: justify;\"><span style=\"font-size: 12pt;\">El caso es que quienes iniciaron el recorrido en San Pedro Sula el pasado d\u00eda 13, que eran alrededor de 1.600 personas cuyo objetivo era el de transitar por Guatemala y llegar a M\u00e9xico y Estados Unidos, al llegar a la frontera entre Guatemala y M\u00e9xico ya sumaban cerca de 4.000 y con el paso de los d\u00edas, m\u00e1s y m\u00e1s personas se han ido integrando a la caravana, de manera que diversas fuentes, como la Organizaci\u00f3n de Naciones Unidas (ONU) se\u00f1alaban, a comienzos de esta semana, que el n\u00famero de participantes era de alrededor de 7.000 personas, entre las cuales tambi\u00e9n se encuentran guatemaltecos y salvadore\u00f1os (2).<\/span><\/p>\n<p style=\"text-align: justify;\"><span style=\"font-size: 12pt;\">Adicional a ello, el pasado martes 23 de octubre, mientras la caravana original se encontraba atravesando el estado mexicano de Chiapas, una segunda caravana, formada por m\u00e1s de 2.000 guatemaltecos, se dirig\u00eda a la frontera mexicana (3). Al igual que la mayor\u00eda de los que salieron de Honduras, estos migrantes quieren cruzar M\u00e9xico para instalarse en EEUU y escapar de la pobreza y la violencia en su pa\u00eds.<\/span><\/p>\n<p style=\"text-align: justify;\"><span style=\"font-size: 12pt;\">En lo que a mi juicio es una clara demostraci\u00f3n de las genuinas intenciones de la inmens\u00edsima mayor\u00eda de quienes est\u00e1n participando, el gobierno de M\u00e9xico hab\u00eda recibido 1.699 solicitudes de refugio, s\u00f3lo hasta el 23 de octubre, trat\u00e1ndose los solicitantes fundamentalmente de ni\u00f1as, ni\u00f1os y adolescentes, as\u00ed como de mujeres, quienes se encuentran alojados en el Recinto Ferial de Tapachula, Chiapas, para ser atendidos por el Instituto Nacional de Migraci\u00f3n (INM) y la Comisi\u00f3n Mexicana de Ayuda a Refugiados.<\/span><\/p>\n<p style=\"text-align: justify;\"><span style=\"font-size: 12pt;\">Como es natural en casos como \u00e9ste, unas 110 personas procedentes de Honduras desistieron de continuar con sus tr\u00e1mites para solicitar el reconocimiento de la condici\u00f3n de refugiado, acogi\u00e9ndose de manera voluntaria al retorno asistido a su pa\u00eds de origen (2); as\u00ed mismo, el gobierno hondure\u00f1o ha dado a conocer el regreso de alrededor de 800 de sus ciudadanos\u00a0 que decidieron no continuar en la caravana, ya que no es nada f\u00e1cil el recorrer a pie y\/o en veh\u00edculos inapropiados los miles de kil\u00f3metros que median hasta la frontera de M\u00e9xico con los Estados unidos.<\/span><\/p>\n<p style=\"text-align: justify;\"><span style=\"font-size: 12pt;\">En los \u00faltimos d\u00edas la caravana viene desarroll\u00e1ndose bajo una significativa preocupaci\u00f3n internacional, expresada por el Alto Comisionado de Naciones Unidas para los Refugiados (ACNUR), en relaci\u00f3n a la seguridad f\u00edsica de los participantes debido a la peligrosidad de alguna de las \u00e1reas a atravesar; y hasta por la mism\u00edsima Comisi\u00f3n Interamericana de Derechos Humanos (CIDH), que tambi\u00e9n ha expresado su preocupaci\u00f3n ante los abusos y violaciones a los derechos humanos que vienen enfrentado las personas que integran la caravana, por lo que ambos organismos han exhortado a los pa\u00edses involucrados a adoptar medidas que garanticen los derechos humanos, en particular el derecho a solicitar y recibir asilo de las personas con necesidades de protecci\u00f3n internacional y a fortalecer los mecanismos de responsabilidad compartida.<\/span><\/p>\n<p style=\"text-align: justify;\"><span style=\"font-size: 12pt;\">Casi desde un principio, el 16 de octubre, el neur\u00f3tico inquilino actual de la Casa Blanca reaccion\u00f3 como siempre esgrimiendo el garrote, al amenazar al \u00edrrito y cipayo gobierno hondure\u00f1o de Juan Orlando Hern\u00e1ndez con retirarle toda ayuda econ\u00f3mica si no deten\u00eda el \u00e9xodo de sus conciudadanos y los hac\u00eda regresar a su pa\u00eds, amenaza que reiter\u00f3 al d\u00eda siguiente, extendi\u00e9ndola a los gobiernos de los vecinos pa\u00edses de Guatemala y El Salvador, al transmitir textualmente desde la cuenta @realDonaldTrump: <em>\u00ab\u00a0Hemos informado hoy a los pa\u00edses de Honduras, Guatemala y El Salvador que si permiten que sus ciudadanos, u otros, viajen a trav\u00e9s de sus fronteras y lleguen a Estados Unidos con la intenci\u00f3n de entrar en nuestro pa\u00eds de manera ilegal, todos los pagos que se les hacen ser\u00e1n SUSPENDIDOS (FIN)\u00a0\u00bb . <\/em><\/span><\/p>\n<p style=\"text-align: justify;\"><span style=\"font-size: 12pt;\">Posteriormente la neurosis presidencial llegaba al paroxismo, cuando en varios tuits en su perfil de la red social, calific\u00f3 la llegada de migrantes como un <em>\u00ab\u00a0asalto a nuestro pa\u00eds\u00a0\u00bb<\/em> y culp\u00f3 de ello a Guatemala, Honduras y El Salvador porque sus l\u00edderes <em>\u00ab\u00a0no est\u00e1n haciendo lo suficiente para detener este flujo masivo de personas, que incluye a criminales\u00a0\u00bb (5)<\/em>. Siendo necesario apuntar que ese mismo d\u00eda amenaz\u00f3 con cerrar la frontera sur con M\u00e9xico y que cuando me dispongo a escribir estas l\u00edneas (25\/10\/18 &#8211; 18:00 h.), me entero de que ya ha materializado esta amenaza puesto que en la ma\u00f1ana de hoy escribi\u00f3 desde su cuenta Twitter que ya estaba movilizando <em>\u00ab\u00a0militares para esta emergencia nacional\u00a0\u00bb (6). <strong>\u00a1Qu\u00e9 lastimoso tigre de papel tiene que ser un imperio que es puesto en emergencia, a decir del emperador, por un pu\u00f1ado de pac\u00edficas personas que s\u00f3lo aspiran a trabajar en \u00e9l para tratar de obtener la calidad de vida que les ha sido negada en sus pa\u00edses de origen! <\/strong><\/em><\/span><\/p>\n<p style=\"text-align: justify;\"><span style=\"font-size: 12pt;\">Entrando de lleno en materia sobre el tema que nos ocupa considero oportuno se\u00f1alar que Fernando Cutz, un exdirector para Sudam\u00e9rica del Consejo de Seguridad Nacional de los Estados Unidos, que es\u00a0 el organismo que asesora al presidente en materia de pol\u00edtica exterior y seguridad, en el seno del cual debe discutirse previamente cualquier posibilidad de intervenci\u00f3n militar en Venezuela, dec\u00eda en una entrevista concedida al corresponsal en Washington del diario ABC de Espa\u00f1a el lunes de esta semana, que la Casa Blanca hab\u00eda comenzado a trabajar en una serie de planes para la <em>\u201ctransici\u00f3n nacional\u201d<\/em> en nuestro pa\u00eds (7).<\/span><\/p>\n<p style=\"text-align: justify;\"><span style=\"font-size: 12pt;\">El citado funcionario quien desempe\u00f1\u00f3 su cargo desde la administraci\u00f3n Obama y hasta el pasado mes de abril, todo un pich\u00f3n de halc\u00f3n al acecho de Venezuela, respondi\u00f3 sin eufemismos las preguntas m\u00e1s tendenciosas del insidioso corresponsal, dejando caer algunas <em>\u201cperlas\u201d,<\/em> tales como:\u00a0<\/span><\/p>\n<ul style=\"text-align: justify;\">\n<li><span style=\"font-size: 12pt;\">Que el tiempo para la aplicaci\u00f3n de leyes y sanciones ya hab\u00eda pasado.<\/span><\/li>\n<li><span style=\"font-size: 12pt;\">Que para derrocar a Maduro lo menos sangriento ser\u00eda una intervenci\u00f3n militar a nivel internacional, con cooperaci\u00f3n de varios pa\u00edses de la zona.<\/span><\/li>\n<li><span style=\"font-size: 12pt;\">Que Trump est\u00e1 dispuesto a una intervenci\u00f3n de este tipo, si otros pa\u00edses de la zona lo consideran necesario, aunque cree que todav\u00eda no estamos en ese punto.<\/span><\/li>\n<li><span style=\"font-size: 12pt;\">Y ante la pregunta de \u00bfQu\u00e9 deber\u00eda suceder para que EE.UU. considere que Venezuela es un problema propio? Respondi\u00f3 enf\u00e1ticamente que: <strong><em>\u201cEl problema ser\u00e1 bilateral si el r\u00e9gimen ataca nuestra embajada o si agrede a ciudadanos norteamericanos\u201d.<\/em><\/strong><\/span><\/li>\n<\/ul>\n<p style=\"text-align: justify;\"><span style=\"font-size: 12pt;\">Es en el marco de esta \u00faltima respuesta, que adquiere singular importancia un se\u00f1alamiento del vicepresidente Mike Pence en relaci\u00f3n a que el presidente de Honduras le hab\u00eda comentado que la caravana estaba siendo financiada por el Gobierno Bolivariano; dicho en sus propias palabras: <em>\u00ab\u00a0El presidente de Honduras me dijo que (la caravana) fue organizada por grupos de izquierda hondure\u00f1os, financiada por Venezuela y <strong>enviada al norte para desafiar nuestra soberan\u00eda y nuestra frontera\u00a0\u00bb (8).<\/strong> <\/em><\/span><\/p>\n<p style=\"text-align: justify;\"><span style=\"font-size: 12pt;\">Falso se\u00f1alamiento m\u00e1s que contradictorio si tomamos en consideraci\u00f3n que en anteriores oportunidades han dicho hasta la saciedad que nuestro pa\u00eds est\u00e1 en bancarrota para poder invadirlo por <em>\u201crazones humanitarias\u201d,<\/em> y siendo as\u00ed, <em>\u00bfcon cu\u00e1les recursos podr\u00eda nuestro gobierno estar financiando entonces tama\u00f1a empresa? <\/em><\/span><\/p>\n<p style=\"text-align: justify;\"><span style=\"font-size: 12pt;\">Considero, al igual que el presidente Maduro, que tal se\u00f1alamiento ser\u00eda totalmente risible si no hubiese sido proferido por el n\u00famero dos del imperio (9), y al igual que \u00e9l hago este llamado de alerta por considerar que se est\u00e1 fraguando a partir del financiamiento de la caravana de migrantes que se nos atribuye, un deleznable y asqueroso <em>\u201cfalso positivo\u201d <\/em>tendiente a mostrarnos ante la opini\u00f3n p\u00fablica mundial como una real amenaza para la seguridad interior de los Estados Unidos, capaz de justificar una intervenci\u00f3n militar aun realizada de manera unilateral.<\/span><\/p>\n<p style=\"text-align: justify;\"><span style=\"font-size: 12pt;\">Y para <em>\u201credondear\u201d <\/em>ese falso positivo podr\u00eda atribu\u00edrsenos la autor\u00eda intelectual de algunas explosiones de naturaleza parecida a las ocurridas el mes pasado en los alrededores de Boston, con apoyo en la denuncia de Trump, no comprobada por cierto como \u00e9l mismo lo ha admitido (10), de la presencia de terroristas del medio oriente en la caravana de migrantes. <strong><em>\u00a1Y ya sabemos tambi\u00e9n, qui\u00e9nes son los que controlan a los terroristas isl\u00e1micos que operan en esa regi\u00f3n! <\/em><\/strong><\/span><\/p>\n<p style=\"text-align: justify;\"><span style=\"font-size: 12pt;\">En apoyo a esta hip\u00f3tesis del montaje de un falso positivo que permitiese justificar la intervenci\u00f3n militar del imperio con base en la amenaza que nuestro gobierno pudiese representar para la seguridad interna y la soberan\u00eda de los Estados Unidos, estar\u00eda la ampl\u00edsima difusi\u00f3n tendenciosa del tema que est\u00e1n haciendo los miembros de la canalla medi\u00e1tica nacional, y muy especialmente dos de los medios digitales m\u00e1s conspicuos de la contrarrevoluci\u00f3n venezolana como lo son venepress.com\u00a0 y panampost.com.<\/span><\/p>\n<p style=\"text-align: justify;\"><span style=\"font-size: 12pt;\">El primero de ellos, con un art\u00edculo (11) en el cual, dando como un hecho irrebatible las acusaciones de Pence, destaca la opini\u00f3n de un <em>\u201csesudo analista\u201d<\/em> venezolano de nombre Carlos Luna, que considera que <em>\u201cel gobierno venezolano, con el presunto financiamiento de la caravana, estar\u00eda tratando de crear un problema estructural de seguridad en territorio estadounidense\u201d<\/em> (\u00bf!); as\u00ed como tambi\u00e9n destacando una proposici\u00f3n del diputado Juan Guaid\u00f3, tendiente a promover una investigaci\u00f3n legislativa del presunto financiamiento.<\/span><\/p>\n<p style=\"text-align: justify;\"><span style=\"font-size: 12pt;\">El segundo, con un aut\u00e9ntico bodrio cuyo t\u00edtulo y subt\u00edtulo, escritos al parecer con extremo entusiasmo, lo dicen todo: <em>\u201cCaravana hacia EEUU, posible detonante de intervenci\u00f3n en Venezuela\u201d y \u201cDice Trump que la caravana que va a su pa\u00eds representa una emergencia nacional y debe haber una respuesta urgente. Y el vicepresidente Pence dice que es Venezuela el pa\u00eds que financia esa caravana\u201d <\/em>(12); rematando con la m\u00e1s que <em>\u201csesuda\u201d<\/em> opini\u00f3n de ese redomado pillo que es Diego Arria, quien conociendo muy bien a Trump (\u00bf!), seg\u00fan el articulista, dice nada m\u00e1s y nada menos que <em>\u201cel presidente de Estados Unidos podr\u00eda justificar una intervenci\u00f3n en Venezuela, para deponer a Maduro, con el \u00e9xodo masivo y la crisis de refugiados\u201d. <\/em><\/span><\/p>\n<p style=\"text-align: justify;\"><span style=\"font-size: 12pt;\">No tengo la menor duda sobre que la frustraci\u00f3n de no haber podido derrotarnos hasta ahora, despu\u00e9s de casi un sexenio de aplicarnos una intens\u00edsima guerra de cuarta generaci\u00f3n, los tiene totalmente desesperados. Tampoco tengo dudas sobre la efectividad de nuestra uni\u00f3n c\u00edvico militar para resistir cualquier tipo de agresi\u00f3n; pero como guerra avisada tambi\u00e9n mata soldados, es necesario mantenernos en alerta m\u00e1xima.<\/span><\/p>\n<p><em><span style=\"font-size: 12pt;\">\u00a1Hasta la Victoria, Siempre!<\/span><\/em><br \/>\n<em><span style=\"font-size: 12pt;\">\u00a1Patria o Muerte!<\/span><\/em><br \/>\n<span style=\"font-size: 12pt;\"><em>\u00a1Venceremos! <span style=\"font-size: 12pt;\">\u00a0\u00a0<\/span>\u00a0\u00a0\u00a0\u00a0 <\/em><\/span><\/p>\n<p><span style=\"font-size: 12pt;\"><strong>Notas<\/strong><\/span><\/p>\n<p><span style=\"font-size: 12pt;\">(1)\u00a0\u00a0\u00a0 <a href=\"https:\/\/es.wikipedia.org\/wiki\/Caravana_de_migrantes_hondure%C3%B1os_rumbo_a_Estados_Unidos\">https:\/\/es.wikipedia.org\/wiki\/Caravana_de_migrantes_hondure%C3%B1os_rumbo_a_Estados_Unidos<\/a><\/span><\/p>\n<p><span style=\"font-size: 12pt;\">(2)\u00a0\u00a0\u00a0 <a href=\"https:\/\/actualidad.rt.com\/actualidad\/293231-claves-entender-caravana-migrante-eeuu\">https:\/\/actualidad.rt.com\/actualidad\/293231-claves-entender-caravana-migrante-eeuu<\/a><\/span><\/p>\n<p><span style=\"font-size: 12pt;\">(3)\u00a0\u00a0\u00a0 <a href=\"https:\/\/www.laiguana.tv\/articulos\/362018-segunda-caravana-migrantes-centroamerica-eeuu\/\">https:\/\/www.laiguana.tv\/articulos\/362018-segunda-caravana-migrantes-centroamerica-eeuu\/<\/a><\/span><\/p>\n<p><span style=\"font-size: 12pt;\">(4)\u00a0\u00a0\u00a0 <a href=\"https:\/\/www.bbc.com\/mundo\/noticias-america-latina-45883701\">https:\/\/www.bbc.com\/mundo\/noticias-america-latina-45883701<\/a><\/span><\/p>\n<p><span style=\"font-size: 12pt;\">(5)\u00a0\u00a0\u00a0 <a href=\"https:\/\/www.bbc.com\/mundo\/noticias-internacional-45902671\">https:\/\/www.bbc.com\/mundo\/noticias-internacional-45902671<\/a><\/span><\/p>\n<p><span style=\"font-size: 12pt;\">(6)\u00a0\u00a0 <a href=\"https:\/\/actualidad.rt.com\/actualidad\/293330-pentagono-enviar-cientos-tropas-frontera-mexico?utm_source=browser&amp;utm_medium=push_notifications&amp;utm_campaign=push_notifications\">https:\/\/actualidad.rt.com\/actualidad\/293330-pentagono-enviar-cientos-tropas-frontera-mexico?utm_source=browser&amp;utm_medium=push_notifications&amp;utm_campaign=push_notifications<\/a><\/span><\/p>\n<p><span style=\"font-size: 12pt;\">(7)\u00a0\u00a0\u00a0 <a href=\"https:\/\/www.abc.es\/internacional\/abci-fernando-cutz-trump-esta-dispuesto-intervencion-multilateral-venezuela-201810210258_noticia.html\">https:\/\/www.abc.es\/internacional\/abci-fernando-cutz-trump-esta-dispuesto-intervencion-multilateral-venezuela-201810210258_noticia.html<\/a><\/span><\/p>\n<p><span style=\"font-size: 12pt;\">(8)\u00a0\u00a0\u00a0 <a href=\"https:\/\/venepress.com\/article\/Claves-Caravana-de-inmigrantes-y-el-posible-financiamiento1540417033322\">https:\/\/venepress.com\/article\/Claves-Caravana-de-inmigrantes-y-el-posible-financiamiento1540417033322<\/a><\/span><\/p>\n<p><span style=\"font-size: 12pt;\">(9)\u00a0\u00a0\u00a0\u00a0 <a href=\"https:\/\/www.laiguana.tv\/articulos\/362351-maduro-mike-pence-caravana-mensaje\/\">https:\/\/www.laiguana.tv\/articulos\/362351-maduro-mike-pence-caravana-mensaje\/<\/a><\/span><\/p>\n<p><span style=\"font-size: 12pt;\">(10)\u00a0\u00a0 <a href=\"https:\/\/cnnespanol.cnn.com\/2018\/10\/24\/caravana-migrantes-trump-admite-no-pruebas-denuncia-infiltrados-medio-oriente\/\">https:\/\/cnnespanol.cnn.com\/2018\/10\/24\/caravana-migrantes-trump-admite-no-pruebas-denuncia-infiltrados-medio-oriente\/<\/a><\/span><\/p>\n<p><span style=\"font-size: 12pt;\">(11)\u00a0\u00a0 <a href=\"https:\/\/venepress.com\/article\/Claves-Caravana-de-inmigrantes-y-el-posible-financiamiento1540417033322\">https:\/\/venepress.com\/article\/Claves-Caravana-de-inmigrantes-y-el-posible-financiamiento1540417033322<\/a><\/span><\/p>\n<p><span style=\"font-size: 12pt;\">(12)\u00a0\u00a0 <a href=\"https:\/\/es.panampost.com\/orlando-avendano\/2018\/10\/24\/caravana-eeuu-vzla\/\">https:\/\/es.panampost.com\/orlando-avendano\/2018\/10\/24\/caravana-eeuu-vzla\/<\/a><\/span><\/p>\n<p><strong><span style=\"font-size: 12pt;\">Carlos E. Lippo para La Pluma, Caracas, octubre 26 de 2018<\/span><\/strong><\/p>\n<p><span style=\"font-size: 12pt;\"><strong>Editado por <a href=\"http:\/\/tlaxcala-int.org\/biographie.asp?ref_aut=1729&amp;lg_pp=es\">Mar\u00eda Piedad Ossaba<\/a><\/strong><\/span><\/p>\n<p><span style=\"font-size: 12pt;\"><strong>Fuente: <a href=\"http:\/\/celippor.blogspot.com\/2018\/10\/alerta-con-la-falsa-acusaciondel.html\">Blog de Carlos Lippo<\/a>, Caracas, 25 de octubre de 2018<\/strong><\/span><\/p>\n","protected":false},"excerpt":{"rendered":"<p>No tengo la menor duda sobre que la frustraci\u00f3n de no haber podido derrotarnos hasta ahora, despu\u00e9s de casi un sexenio de aplicarnos una intens\u00edsima guerra de cuarta generaci\u00f3n, los tiene totalmente desesperados.<\/p>\n","protected":false},"author":47,"featured_media":2566,"comment_status":"open","ping_status":"open","sticky":false,"template":"","format":"standard","meta":{"_uf_show_specific_survey":0,"_uf_disable_surveys":false,"footnotes":""},"categories":[5],"tags":[1221,1218,430,1220,1222,1058,507],"coauthors":[431],"class_list":["post-2559","post","type-post","status-publish","format-standard","has-post-thumbnail","hentry","category-editoriales-y-opiniones","tag-apoyo-monetario","tag-caravana-migrantes","tag-carlos-e-lippo","tag-cinismo-imperial","tag-gobierno-venezolano","tag-honduras-mexico-usa","tag-venezuela-usa"],"translation":{"provider":"WPGlobus","version":"2.12.2","language":"fr","enabled_languages":["es","fr"],"languages":{"es":{"title":true,"content":true,"excerpt":true},"fr":{"title":false,"content":false,"excerpt":false}}},"_links":{"self":[{"href":"https:\/\/www.lapluma.net\/fr\/wp-json\/wp\/v2\/posts\/2559","targetHints":{"allow":["GET"]}}],"collection":[{"href":"https:\/\/www.lapluma.net\/fr\/wp-json\/wp\/v2\/posts"}],"about":[{"href":"https:\/\/www.lapluma.net\/fr\/wp-json\/wp\/v2\/types\/post"}],"author":[{"embeddable":true,"href":"https:\/\/www.lapluma.net\/fr\/wp-json\/wp\/v2\/users\/47"}],"replies":[{"embeddable":true,"href":"https:\/\/www.lapluma.net\/fr\/wp-json\/wp\/v2\/comments?post=2559"}],"version-history":[{"count":4,"href":"https:\/\/www.lapluma.net\/fr\/wp-json\/wp\/v2\/posts\/2559\/revisions"}],"predecessor-version":[{"id":2570,"href":"https:\/\/www.lapluma.net\/fr\/wp-json\/wp\/v2\/posts\/2559\/revisions\/2570"}],"wp:featuredmedia":[{"embeddable":true,"href":"https:\/\/www.lapluma.net\/fr\/wp-json\/wp\/v2\/media\/2566"}],"wp:attachment":[{"href":"https:\/\/www.lapluma.net\/fr\/wp-json\/wp\/v2\/media?parent=2559"}],"wp:term":[{"taxonomy":"category","embeddable":true,"href":"https:\/\/www.lapluma.net\/fr\/wp-json\/wp\/v2\/categories?post=2559"},{"taxonomy":"post_tag","embeddable":true,"href":"https:\/\/www.lapluma.net\/fr\/wp-json\/wp\/v2\/tags?post=2559"},{"taxonomy":"author","embeddable":true,"href":"https:\/\/www.lapluma.net\/fr\/wp-json\/wp\/v2\/coauthors?post=2559"}],"curies":[{"name":"wp","href":"https:\/\/api.w.org\/{rel}","templated":true}]}}