{"id":25560,"date":"2021-04-18T09:33:32","date_gmt":"2021-04-18T09:33:32","guid":{"rendered":"http:\/\/www.lapluma.net\/?p=25560"},"modified":"2021-04-18T11:11:59","modified_gmt":"2021-04-18T11:11:59","slug":"detengamos-el-terrorismo-nuclear-de-israel","status":"publish","type":"post","link":"https:\/\/www.lapluma.net\/fr\/2021\/04\/18\/detengamos-el-terrorismo-nuclear-de-israel\/","title":{"rendered":"Arr\u00eatons le terrorisme nucl\u00e9aire d&rsquo;Isra\u00ebl"},"content":{"rendered":"<p style=\"text-align: justify;\"><span style=\"font-size: 12pt;\">D\u00e9claration de centaines de militants civils et politiques iraniens<\/span><\/p>\n<p style=\"text-align: justify;\"><span style=\"font-size: 12pt;\">Nous sommes un groupe de militants politiques, sociaux et culturels iraniens qui croient en un monde lib\u00e9r\u00e9 des armes nucl\u00e9aires et qui s&rsquo;engagent pour la paix, les droits humains et la coexistence de toutes les nations. Sur la base de ces convictions, nous condamnons fermement le sabotage et la destruction des installations nucl\u00e9aires de Natanz dans notre pays qui ont eu lieu le 11 avril 2021 et nous d\u00e9clarons que cet acte est une tentative horrible d&#8217;embraser la r\u00e9gion et d&rsquo;entraver un accord entre l&rsquo;Iran et les 5+1.<\/span><\/p>\n<p><img loading=\"lazy\" decoding=\"async\" class=\" wp-image-25561 aligncenter\" src=\"http:\/\/www.lapluma.net\/wp-content\/uploads\/2021\/04\/gal_24677-300x212.jpg\" alt=\"\" width=\"499\" height=\"352\" srcset=\"https:\/\/www.lapluma.net\/wp-content\/uploads\/2021\/04\/gal_24677-300x212.jpg 300w, https:\/\/www.lapluma.net\/wp-content\/uploads\/2021\/04\/gal_24677.jpg 600w\" sizes=\"auto, (max-width: 499px) 100vw, 499px\" \/><\/p>\n<p align=\"center\"><strong>Khalil Bendib, 3 mai 2019<\/strong><\/p>\n<p style=\"text-align: justify;\"><span style=\"font-size: 12pt;\">Ce n&rsquo;est un secret pour personne que le plus grand risque engendr\u00e9 par des d\u00e9g\u00e2ts \u00e0 des installations nucl\u00e9aires est de mettre en danger la vie d&rsquo;\u00eatres humains et aucun pays n&rsquo;a le droit de mettre en danger la vie et la s\u00e9curit\u00e9 de la population d&rsquo;un pays en sabotant les installations nucl\u00e9aires de ce pays parce qu&rsquo;il lui est hostile. Cette situation est d&rsquo;autant plus grave que le Moyen-Orient est un foyer d&rsquo;ins\u00e9curit\u00e9 et de tension.<\/span><\/p>\n<p style=\"text-align: justify;\"><span style=\"font-size: 12pt;\">Nous pensons que les auteurs de cet acte, en commettant le type de terrorisme le plus dangereux, \u00e0 savoir le terrorisme nucl\u00e9aire, tentent d&#8217;emp\u00eacher une r\u00e9ponse aux pr\u00e9occupations de la communaut\u00e9 internationale concernant les objectifs et les aspects du programme nucl\u00e9aire iranien par le dialogue et la diplomatie multilat\u00e9rale.<\/span><\/p>\n<p style=\"text-align: justify;\"><span style=\"font-size: 12pt;\">L&rsquo;\u00c9tat d&rsquo;Isra\u00ebl poss\u00e8de l&rsquo;un des plus grands arsenaux d&rsquo;armes nucl\u00e9aires au monde et, chose d\u00e9plorable, il n&rsquo;a accept\u00e9 aucun trait\u00e9 international de non-prolif\u00e9ration pour ses armes nucl\u00e9aires. L&rsquo;opinion publique consid\u00e8re qu&rsquo;Isra\u00ebl est le seul coupable de cet acte d&rsquo;agression et de bellicisme.<\/span><\/p>\n<p style=\"text-align: justify;\"><span style=\"font-size: 12pt;\">On peut \u00e9galement penser que le recours \u00e0 de tels actes, au moment o\u00f9 l&rsquo;Iran et les autres pays concern\u00e9s tentent de relancer le JCPOA, peut \u00eatre une tentative de provocation pour forcer l&rsquo;Iran \u00e0 se retirer de ces n\u00e9gociations. Par cons\u00e9quent, nous demandons instamment \u00e0 l&rsquo;\u00c9tat de la R\u00e9publique islamique d&rsquo;Iran d\u2019engager quelque tentative que ce soit contre le terrorisme d&rsquo;\u00c9tat d&rsquo;Isra\u00ebl uniquement par le biais du Conseil de s\u00e9curit\u00e9. L&rsquo;avancement des n\u00e9gociations pour revenir au JCPOA est la r\u00e9ponse la plus logique et la plus puissante \u00e0 ce bellicisme.<\/span><\/p>\n<p style=\"text-align: justify;\"><span style=\"font-size: 12pt;\">Les installations nucl\u00e9aires de Natanz sont sous la supervision et le contr\u00f4le \u00e9troit de l&rsquo;AIEA et sur cette base, nous attendons des Nations Unies qu&rsquo;elles enqu\u00eatent sur cet acte et qu&rsquo;elles trouvent ses auteurs afin d&#8217;emp\u00eacher la poursuite de tels comportements p\u00e9rilleux et imprudents qui sont clairement une violation de la paix et de la s\u00e9curit\u00e9 dans la r\u00e9gion et une menace pour les cr\u00e9atures vivantes.<\/span><\/p>\n<p style=\"text-align: justify;\" align=\"justify\"><span style=\"font-size: 12pt;\"><a href=\"https:\/\/telegra.ph\/%D8%AA%D8%B1%D9%88%D8%B1%DB%8C%D8%B3%D9%85-%D9%87%D8%B3%D8%AA%D9%87%E2%80%8C%D8%A7%DB%8C-%D8%A7%D8%B3%D8%B1%D8%A7%D8%A6%DB%8C%D9%84-%D8%B1%D8%A7-%D9%85%D8%AA%D9%88%D9%82%D9%81-%DA%A9%D9%86%DB%8C%D8%AF-04-17\">291 signatures<\/a><\/span><\/p>\n<p style=\"text-align: justify;\"><span style=\"font-size: 14pt;\"><strong><span class=\"auteur\">Various Authors &#8211; Div. Auteurs -Versch. Autoren -Muhtelif Yazarlar-\u0645\u0624\u0644\u0641\u0648\u0646 \u0645\u064f\u062a\u0646\u0648\u0651\u0650\u0639\u0648\u0646 &#8211; \u0646\u0648\u06cc\u0633\u0646\u062f\u06af\u0627\u0646 \u0645\u062e\u062a\u0644\u0641<\/span><\/strong><\/span><\/p>\n<p style=\"text-align: justify;\"><span style=\"font-size: 14pt;\"><strong><span class=\"navigation_cadre\">Original: <a href=\"http:\/\/tlaxcala-int.org\/article.asp?reference=31351\">\u00ab\u062a\u0631\u0648\u0631\u06cc\u0633\u0645 \u0647\u0633\u062a\u0647\u200c\u0627\u06cc \u0627\u0633\u0631\u0627\u0626\u06cc\u0644 \u0631\u0627 \u0645\u062a\u0648\u0642\u0641 \u06a9\u0646\u06cc\u062f\u00bb<\/a><br \/>\n<\/span><\/strong><\/span><\/p>\n<p style=\"text-align: justify;\"><span style=\"font-size: 14pt;\"><strong>Traduit par <span class=\"trad\"><b> <a href=\"http:\/\/tlaxcala-int.org\/biographie.asp?ref_aut=2&amp;lg_pp=fr\">Fausto Giudice \u0424\u0430\u0443\u0441\u0442\u043e \u0414\u0436\u0443\u0434\u0438\u0447\u0435 \u0641\u0627\u0648\u0633\u062a\u0648 \u062c\u064a\u0648\u062f\u064a\u0634\u064a<\/a><\/b><\/span><\/strong><\/span><\/p>\n<p style=\"text-align: justify;\"><span style=\"font-size: 14pt;\"><strong>Source: <a href=\"http:\/\/tlaxcala-int.org\/article.asp?reference=31354\">Tlaxcala<\/a>, le 17 avril 2021<\/strong><\/span><\/p>\n<p style=\"text-align: justify;\"><span style=\"font-size: 14pt;\"><strong><span class=\"navigation_cadre\">Traductions disponibles : <a href=\"http:\/\/tlaxcala-int.org\/article.asp?reference=31352\">English<\/a>\u00a0 <a href=\"http:\/\/tlaxcala-int.org\/article.asp?reference=31353\">Deutsch<\/a>\u00a0 <a href=\"http:\/\/www.lapluma.net\/2021\/04\/18\/detengamos-el-terrorismo-nuclear-de-israel\/\">Espa\u00f1ol<\/a><\/span><\/strong><\/span><\/p>\n<p><a href=\"https:\/\/paypal.me\/pools\/c\/8bfPFKFYP5\"><img decoding=\"async\" class=\"aligncenter\" src=\"http:\/\/tlaxcala-int.org\/upload\/gal_21691.jpg\" alt=\"http:\/\/tlaxcala-int.org\/upload\/gal_21691.jpg\" \/><\/a><\/p>\n<p>&nbsp;<\/p>\n","protected":false},"excerpt":{"rendered":"<p>L&rsquo;avancement des n\u00e9gociations pour revenir au JCPOA est la r\u00e9ponse la plus logique et la plus puissante \u00e0 ce bellicisme.<\/p>\n","protected":false},"author":45,"featured_media":16430,"comment_status":"open","ping_status":"open","sticky":false,"template":"","format":"standard","meta":{"_uf_show_specific_survey":0,"_uf_disable_surveys":false,"footnotes":""},"categories":[218],"tags":[12559,12560,5755,12561,12558],"coauthors":[423],"class_list":["post-25560","post","type-post","status-publish","format-standard","has-post-thumbnail","hentry","category-monde","tag-ataque-de-natanz","tag-iran-israel","tag-jcpoa","tag-terrorisme-nucleaire-israelien","tag-terrorismo-nuclear-israeli"],"translation":{"provider":"WPGlobus","version":"2.12.2","language":"fr","enabled_languages":["es","fr"],"languages":{"es":{"title":true,"content":true,"excerpt":true},"fr":{"title":true,"content":true,"excerpt":true}}},"_links":{"self":[{"href":"https:\/\/www.lapluma.net\/fr\/wp-json\/wp\/v2\/posts\/25560","targetHints":{"allow":["GET"]}}],"collection":[{"href":"https:\/\/www.lapluma.net\/fr\/wp-json\/wp\/v2\/posts"}],"about":[{"href":"https:\/\/www.lapluma.net\/fr\/wp-json\/wp\/v2\/types\/post"}],"author":[{"embeddable":true,"href":"https:\/\/www.lapluma.net\/fr\/wp-json\/wp\/v2\/users\/45"}],"replies":[{"embeddable":true,"href":"https:\/\/www.lapluma.net\/fr\/wp-json\/wp\/v2\/comments?post=25560"}],"version-history":[{"count":5,"href":"https:\/\/www.lapluma.net\/fr\/wp-json\/wp\/v2\/posts\/25560\/revisions"}],"predecessor-version":[{"id":25565,"href":"https:\/\/www.lapluma.net\/fr\/wp-json\/wp\/v2\/posts\/25560\/revisions\/25565"}],"wp:featuredmedia":[{"embeddable":true,"href":"https:\/\/www.lapluma.net\/fr\/wp-json\/wp\/v2\/media\/16430"}],"wp:attachment":[{"href":"https:\/\/www.lapluma.net\/fr\/wp-json\/wp\/v2\/media?parent=25560"}],"wp:term":[{"taxonomy":"category","embeddable":true,"href":"https:\/\/www.lapluma.net\/fr\/wp-json\/wp\/v2\/categories?post=25560"},{"taxonomy":"post_tag","embeddable":true,"href":"https:\/\/www.lapluma.net\/fr\/wp-json\/wp\/v2\/tags?post=25560"},{"taxonomy":"author","embeddable":true,"href":"https:\/\/www.lapluma.net\/fr\/wp-json\/wp\/v2\/coauthors?post=25560"}],"curies":[{"name":"wp","href":"https:\/\/api.w.org\/{rel}","templated":true}]}}