{"id":2552,"date":"2018-10-31T02:23:02","date_gmt":"2018-10-31T02:23:02","guid":{"rendered":"http:\/\/www.lapluma.net\/?p=2552"},"modified":"2018-10-31T02:54:20","modified_gmt":"2018-10-31T02:54:20","slug":"carta-abierta-a-los-dirigentes-del-planeta-presentes-en-la-cumbre-del-g-20-de-buenos-aires","status":"publish","type":"post","link":"https:\/\/www.lapluma.net\/fr\/2018\/10\/31\/carta-abierta-a-los-dirigentes-del-planeta-presentes-en-la-cumbre-del-g-20-de-buenos-aires\/","title":{"rendered":"Lettre ouverte aux dirigeants de la plan\u00e8te pr\u00e9sents au sommet du G-20 \u00e0 Buenos Aires*"},"content":{"rendered":"<p style=\"padding-left: 30px; text-align: justify;\"><em><img loading=\"lazy\" decoding=\"async\" class=\"alignnone size-full wp-image-2553 alignleft\" src=\"http:\/\/www.lapluma.net\/wp-content\/uploads\/2018\/10\/aut_6318Bis.jpg\" alt=\"\" width=\"90\" height=\"70\" \/>Chers dirigeants de la plan\u00e8te<\/em><br \/>\n<em>Ne souriez pas! \u00a1S\u2019il vous pla\u00eet, ne souriez pas!<\/em><br \/>\n<em>Inutile de dessiner des grimaces avec des l\u00e8vres fissur\u00e9es par des discours en saumure. Inutile de simuler des vols avec des plumages changeants selon les reflets de l\u2019argent. Inutile de pr\u00e9tendre des amiti\u00e9s avec des griffes aux aguets sous les salutations de courtoisie<\/em><\/p>\n<p style=\"text-align: justify;\"><span class=\"texte1\" style=\"font-size: 12pt;\">Personne n\u2019\u00e9coute? Faut-il que je crie? Un cri bleu survolant des tapis protocolaires. Cri de po\u00e8te chuchotant \u00e0 t\u00e2tons l\u2019ab\u00eeme, crissement de mots viol\u00e9s par l\u2019infamie. Personne n\u2019\u00e9coute? Suivent-ils absorb\u00e9s dans les panneaux, les cotisations? Fabriquant des sourires en papier m\u00e2ch\u00e9? Louant des principes us\u00e9s entre des restes de banquet?<\/span><\/p>\n<p style=\"text-align: center;\"><strong><br \/>\n<iframe loading=\"lazy\" src=\"https:\/\/www.youtube.com\/embed\/ZV99jp897Cw\" width=\"560\" height=\"315\" frameborder=\"0\" allowfullscreen=\"allowfullscreen\"><\/iframe><\/strong><\/p>\n<div class=\"rich-content-viewer_left__2p1aK _3_vxt\">\n<div style=\"text-align: justify;\"><span style=\"font-size: 12pt;\">Ch\u00e8res et chers dirigeants de la plan\u00e8te, malgr\u00e9 tout j\u2019ai d\u00e9cid\u00e9 de vous \u00e9crire, car vous comme moi nous appartenons \u00e0 la m\u00eame esp\u00e8ce, et peut-\u00eatre un moment de v\u00e9rit\u00e9 est-il encore possible.<\/span><\/div>\n<\/div>\n<div class=\"rich-content-viewer_left__2p1aK _3_vxt\" style=\"text-align: justify;\"><\/div>\n<div class=\"rich-content-viewer_left__2p1aK _3_vxt\" style=\"text-align: justify;\">\n<div><span style=\"font-size: 12pt;\">Que la photo de famille capte votre douleur, des pleurs au lieu de sourire.<\/span><\/div>\n<div><\/div>\n<\/div>\n<div class=\"rich-content-viewer_left__2p1aK _3_vxt\" style=\"text-align: justify;\">\n<div><span style=\"font-size: 12pt;\">Pleurez! Pleurez pour tous!<\/span><\/div>\n<\/div>\n<div class=\"rich-content-viewer_left__2p1aK _3_vxt\" style=\"text-align: justify;\">\n<div><\/div>\n<\/div>\n<div class=\"rich-content-viewer_left__2p1aK _3_vxt\">\n<div style=\"text-align: justify;\"><span style=\"font-size: 12pt;\">Pleurez pour les victimes \u00e0 vos portes. Inutile de dresser des murs, hontes verticales en racisme et b\u00e9ton. Levez des ponts d\u2019amour.<\/span><\/div>\n<\/div>\n<div class=\"rich-content-viewer_left__2p1aK _3_vxt\">\n<div style=\"text-align: justify;\">Pleurez pour les eaux martyris\u00e9es, l\u2019air avili, le climat d\u00e9raill\u00e9. Celle-ci, notre maison, l\u2019unique, ici <span style=\"font-size: 12pt;\">nous vivons, et nous devons la transmettre \u00e0 nos enfants, aux enfants de nos enfants\u2026 Notre maison, pas une anonyme soci\u00e9t\u00e9 maximisant b\u00e9n\u00e9fices et dividendes, pas un casino o\u00f9 roulette et baccara d\u00e9cident du destin des abeilles et des hirondelles.<\/span><\/div>\n<\/div>\n<div class=\"rich-content-viewer_left__2p1aK _3_vxt\" style=\"text-align: justify;\">\n<blockquote>\n<div style=\"padding-left: 30px;\"><span style=\"font-size: 12pt;\">Pleurez pour les gamins, des millions de gamins avec leurs enfances mutil\u00e9es. Pas que du soleil et de la pluie pour faire germer cette Terre, de l\u2019innocence aussi, massacrant l&rsquo;innocence, vous cultivez des monstres. Est-elle int\u00e9gr\u00e9e dans vos mod\u00e8les bien pensants? Si elle chute, l\u2019innocence, les actions \u00e0 la Bourse monteront-elles?<\/span><\/div>\n<\/blockquote>\n<\/div>\n<div class=\"rich-content-viewer_left__2p1aK _3_vxt\" style=\"text-align: justify;\">\n<div><span style=\"font-size: 12pt;\">Pleurez pour\u2026<\/span><\/div>\n<\/div>\n<div class=\"rich-content-viewer_left__2p1aK _3_vxt\" style=\"text-align: justify;\">\n<div><\/div>\n<\/div>\n<div class=\"rich-content-viewer_left__2p1aK _3_vxt\" style=\"text-align: justify;\">\n<div><span style=\"font-size: 12pt;\">Po\u00e8te! Assez des sermons inutiles!<\/span><br \/>\n<span style=\"font-size: 12pt;\">\u00a0<\/span><\/div>\n<\/div>\n<div class=\"rich-content-viewer_left__2p1aK _3_vxt\" style=\"text-align: justify;\">\n<div><span style=\"font-size: 12pt;\">Ch\u00e8res et chers dirigeants de la plan\u00e8te, excusez mon impertinence, que personne ne se vexe, c\u2019est notre m\u00e9tier, d\u00e9graisser des paroles, rendre \u00e0 la langue quelques \u00e9clats de l\u2019intensit\u00e9 perdue\u2026 Qu\u2019arrive-t-il? Vous ne pouvez pas pleurer? Des larmes emp\u00e2t\u00e9es? Moisies par tant d\u2019hypocrisie? Le march\u00e9 des larmes est en pleine expansion, vous pouvez acheter des larmes v\u00e9ritables de tout type de provenance. Des larmes d\u2019humiliation, douleur, impuissance. Des larmes transparentes du premier pleur, des larmes noires du dernier jour Des larmes sans toit, travail, nourriture. Larmes de maisons \u00e9ventr\u00e9es, nattes orphelines, poches inutiles. Larmes d\u2019h\u00f4pitaux en agonie, \u00e9coles maltrait\u00e9es, usines en ruine. Contemplez vos th\u00e9ories en action: les larmes ruissellent, pas les richesses, celles-ci se concentrent dans des comptes exclusifs pendant que des volcans pr\u00e9parent des \u00e9ruptions inattendues.<\/span><\/div>\n<\/div>\n<div class=\"rich-content-viewer_left__2p1aK _3_vxt\" style=\"text-align: justify;\">\n<div><\/div>\n<\/div>\n<div class=\"rich-content-viewer_left__2p1aK _3_vxt\" style=\"text-align: justify;\">\n<div>\n<p><span style=\"font-size: 12pt;\">Ch\u00e8res et chers dirigeants de la plan\u00e8te, pour le bien de tous: enlevez vos masques! La photo de famille se verrait mieux. Arr\u00eatez le mensonge, appelez les choses par leur nom, appelez c\u0153ur le c\u0153ur, scorpion le scorpion, cartes les cartes&#8230; <\/span><\/p>\n<p><span style=\"font-size: 12pt;\">Assez de triche! Appelez D\u00e9mocratie, la D\u00e9mocratie, Justice, la Justice, Libert\u00e9, la Libert\u00e9. Libre march\u00e9? Libert\u00e9 du travail? Libert\u00e9 d\u2019opportunit\u00e9s? De quoi sommes-nous libres Libert\u00e9? Dans la grande famille du G-20 figurent les premiers de la classe, les soi-disant \u00e9mergents et d\u2019autres membres distingu\u00e9s. Je m\u2019adresse \u00e0 tous sans distinction de syst\u00e8me, sexe ni religion. Vous connaissez les diverses mani\u00e8res par lesquelles D\u00e9mocratie est manipul\u00e9e, vous connaissez la grande cuisine entre pouvoir politique, financier, et judiciaire, \u00ab condiment\u00e9e \u00bb avec de piquants lobbies et de forts ar\u00f4mes m\u00e9diatiques pour convaincre le public de leurs saveurs incomparables. Vous savez qu&rsquo;il existe des oignons pel\u00e9s, des tomates \u00e9cras\u00e9es, hommes et femmes injustement condamn\u00e9s. Je ne pr\u00e9ciserai pas de noms dans cette missive, chacun sait dans ses propres sc\u00e9narios \u00e0 quoi et \u00e0 qui je me r\u00e9f\u00e8re.\u00a0 <\/span><\/p>\n<p><span style=\"font-size: 12pt;\">Ch\u00e8res et chers dirigeants de la plan\u00e8te, je sais que vous \u00eates des gens tr\u00e8s occup\u00e9s, je ne veux pas vous distraire au-del\u00e0 du compte, Je soulignerai un dernier point qui me semble essentiel si nous d\u00e9sirons construire une nouvelle harmonie. Je me r\u00e9f\u00e8re \u00e0 la \u201cD\u00e9mocratie fiscale\u201d. La <em>\u00abD\u00e9claration des Droits de l&rsquo;Homme et du Citoyen de 1789\u00bb, <\/em>\u00e9tablie par la R\u00e9volution Fran\u00e7aise, sp\u00e9cifiait que pour les d\u00e9penses de s\u00e9curit\u00e9 et d\u2019administration <em><strong>\u00ab<\/strong>une contribution commune est indispensable: elle doit \u00eatre \u00e9galement r\u00e9partie entre tous les citoyens, en raison de leurs facult\u00e9s.\u00bb <\/em>(Art. 13)<\/span><\/p>\n<\/div>\n<\/div>\n<div class=\"rich-content-viewer_left__2p1aK _3_vxt\" style=\"text-align: justify;\">\n<div><span style=\"font-size: 12pt;\">\u00a0Mais les r\u00e8gles du jeu ont \u00e9t\u00e9 alt\u00e9r\u00e9es, maintenant ceux qui en ont plus payent moins, une fabuleuse \u00e9vasion d\u2019imp\u00f4ts (pardon \u00ab optimisation fiscale \u00bb) fut organis\u00e9e \u00e0 un niveau international par les grandes compagnies. Avec le conseil des cabinets sp\u00e9cialis\u00e9s. Ce piratage fut structur\u00e9 dans le cadre de la loi, des entreprises \u201coff shore\u201d et des \u201ccachettes fiscales\u201d (pardon \u201cparadis\u201d) font partie de cette complexe trame juridique r\u00e9serv\u00e9e aux millionnaires. Je ne pr\u00e9ciserai pas de chiffres, vous connaissez mieux que moi les montants, les milliards de dollars soustraits au tr\u00e9sor public, qui devraient servir \u00e0 la construction d\u2019\u00e9coles, h\u00f4pitaux, centres culturels, routes, ponts\u2026 pour donner plus de bien-\u00eatre et de s\u00e9curit\u00e9 aux citoyens. Si les sources du fleuve sont dess\u00e9ch\u00e9es en amont, que pouvons-nous cultiver dans la vall\u00e9e? <\/span><br \/>\n<span style=\"font-size: 12pt;\">\u00a0<\/span><\/div>\n<\/div>\n<div class=\"rich-content-viewer_left__2p1aK _3_vxt\" style=\"text-align: justify;\">\n<div><span style=\"font-size: 12pt;\">Ch\u00e8res et chers dirigeants de la plan\u00e8te, du FMI et des organismes analogues, voici la principale cause des c\u00e9l\u00e8bres d\u00e9ficits fiscaux, c\u2019est par l\u00e0 que vous devez commencer l\u2019assainissement, pas par des politiques d\u2019ajustement et d\u2019aust\u00e9rit\u00e9 qui attaquent honteusement des retrait\u00e9s, travailleurs, services publics\u2026 Pendant que quelques-uns \u00aboptimisent\u00bb leurs imp\u00f4ts, vos politiques optimisent la pauvret\u00e9. Sans \u00abD\u00e9mocratie fiscale\u00bb les bases m\u00eames de la D\u00e9mocratie se voient fragilis\u00e9es, la r\u00e9surgence de \u00ab nazionalismes \u00bb, du racisme et de la x\u00e9nophobie, constitue un signe d\u2019avertissement.<\/span><\/div>\n<\/div>\n<div class=\"rich-content-viewer_left__2p1aK _3_vxt\" style=\"text-align: justify;\">\n<blockquote>\n<div style=\"padding-left: 30px;\"><span style=\"font-size: 12pt;\">Une derni\u00e8re suggestion : pour donner des gages de votre sinc\u00e9rit\u00e9, demandez pardon.<\/span><\/div>\n<div style=\"padding-left: 30px;\"><span style=\"font-size: 12pt;\">Pardon pour l\u2019innocence d\u00e9truite.<\/span><\/div>\n<div style=\"padding-left: 30px;\"><span style=\"font-size: 12pt;\">Pardon pour les colombes tomb\u00e9es.<\/span><\/div>\n<div style=\"padding-left: 30px;\"><span style=\"font-size: 12pt;\">Pardon pour la haine sem\u00e9e<\/span><\/div>\n<\/blockquote>\n<\/div>\n<div class=\"rich-content-viewer_left__2p1aK _3_vxt\" style=\"text-align: justify;\">\n<div><span style=\"font-size: 12pt;\">Comme preuve de cordialit\u00e9, je vous invite maintenant \u00e0 oublier un instant le protocole et \u00e0 parcourir ce r\u00eave appel\u00e9 Buenos Aires, je connais cette ville car j\u2019y suis n\u00e9, au fond d\u2019une quincaillerie, dans un quartier appel\u00e9 Boedo, dans un pays merveilleux appel\u00e9 Argentine, pays qui a re\u00e7u des millions d\u2019immigrants d\u2019horizons et couleurs diff\u00e9rents, leur offrant un mouchoir de terre pour reconstruire leurs r\u00eaves, pour apprendre \u00e0 marcher sur d\u2019autres sols. Ici habitaient des peuples originaires. (diaguitas, calchaquis, quilmes, tobas, mapuches, araucanos, querandis\u2026) avec leurs langages v\u00e9g\u00e9taux et leurs arts mill\u00e9naires, des hommes sages qui dialoguaient avec le vent et lisaient le futur dans les formes des flammes. De ce grand m\u00e9tissage est n\u00e9e l\u2019Argentine. Inutile de construire des murs, levez des ponts d\u2019amour.<\/span><br \/>\n<span style=\"font-size: 12pt;\">\u00a0<\/span><\/div>\n<\/div>\n<div class=\"rich-content-viewer_left__2p1aK _3_vxt\">\n<div style=\"text-align: justify;\"><span style=\"font-size: 12pt;\">Maintenant nous pouvons enregistrer le souvenir de famille. Placez des larmes o\u00f9 il faut! Clic-Clic! Wi-fi! Que l\u2019image coule : \u201cUn pleur pour la plan\u00e8te\u201d, pas des post-v\u00e9rit\u00e9s ni des fake news, r\u00e9alisme fluvial, image historique naviguant dans le temps, au fond nous pouvons voir le fleuve, le Rio de La Plata (<em>Rivi\u00e8re d&rsquo;argent<\/em>), lui n\u2019oublie pas, il garde la m\u00e9moire, il restera comme t\u00e9moin.<\/span><\/div>\n<div><img loading=\"lazy\" decoding=\"async\" class=\"aligncenter\" src=\"http:\/\/tlaxcala-int.org\/upload\/gal_19166.jpg\" alt=\"\" width=\"575\" height=\"383\" \/><\/div>\n<div style=\"text-align: center;\"><strong>Tarfazo* = faim de retrait\u00e9s<\/strong><\/div>\n<div><em>Note<\/em><\/div>\n<\/div>\n<p align=\"justify\"><em>* Le G-20, cr\u00e9\u00e9 le 26 septembre 1999, est int\u00e9gr\u00e9 par 19 pays et l\u2019Union Europ\u00e9enne. Les 19 pays sont: Allemagne, Arabie Saudite, Argentine, Australie, Br\u00e9sil, Canada, Chine, Cor\u00e9e du Sud, Etats-Unies, France, Inde, Indon\u00e9sie, Italie, Japon, Mexique, Russie, Royaume Uni, Afrique du Sud et Turquie. L\u2019Espagne est un invit\u00e9e permanente des r\u00e9unions du G20. Tous les ans, le pays qui pr\u00e9side le forum choisit d\u2019autres invit\u00e9s: pour le somet de cette ann\u00e9e, les 30 novembre et 1er d\u00e9cembre, l&rsquo;Argentine a invit\u00e9 le Chili et les Pays-Bas. Les pays qui pr\u00e9sident des organisations r\u00e9gionales comme l\u2019Union Africaine, la Nouvelle Alliance pour le D\u00e9veloppement de l\u2019Afrique et l\u2019Association de Nations du Sud-est Asiatique sont des invit\u00e9s r\u00e9guliers du forum. Cette ann\u00e9e, ces groupes r\u00e9gionaux sont repr\u00e9sent\u00e9s respectivement par le Rwanda, le S\u00e9n\u00e9gal et Singapour. La Communaut\u00e9 de la Cara\u00efbe (CARICOM), aussi invit\u00e9e par l\u2019Argentine, sera repr\u00e9sent\u00e9e par la Jama\u00efque. En ce qui concerne les organismes internationaux, seront pr\u00e9sents les responsables de la Banque Mondiale; le Fond Mon\u00e9taire International ( <a class=\"link-viewer_link__2qJYG blog-link-hashtag-color _1ZLfe\" href=\"https:\/\/www.lanacion.com.ar\/fmi-t1926\" target=\"_top\" rel=\"noopener\">FMI <\/a>), l\u2019 Organisation pour la Coop\u00e9ration et le D\u00e9veloppement \u00c9conomique (OCDE),\u00a0 la Banque Inter-am\u00e9ricaine de D\u00e9veloppement (BID), la Banque de D\u00e9veloppement de l\u2019Am\u00e9rique Latine, la Corporation Andine de D\u00e9veloppement (CAF), l\u2019Organisation Mondiale du Commerce (OMC), l\u2019Organisation des Nations Unies ( <a class=\"link-viewer_link__2qJYG blog-link-hashtag-color _1ZLfe\" href=\"https:\/\/www.lanacion.com.ar\/onu-t56652\" target=\"_top\" rel=\"noopener\">ONU <\/a>), le Conseil de Stabilit\u00e9 Financi\u00e8re (FSB) et\u00a0 l\u2019Organisation Internationale du Travail (OIT).<\/em><\/p>\n<p align=\"justify\">*Tarifazo, en Argentine, est le nom donn\u00e9 \u00e0 l&rsquo;ensemble des mesures prises par la pr\u00e9sidence de Mauricio Macri pour augmenter les tarifs des services publics, du secteur \u00e9nerg\u00e9tique et des transports publics. Le concept inclut les r\u00e9percussions \u00e9conomiques, sociales et politiques que cela a entra\u00een\u00e9. [Note de La Pluma ]<\/p>\n<p align=\"justify\"><a href=\"https:\/\/www.facebook.com\/pg\/g20international\"><img decoding=\"async\" class=\"_4on7 _3mk2 img\" src=\"https:\/\/scontent.ftun3-1.fna.fbcdn.net\/v\/t31.0-8\/18156397_103647660204648_4590554388283817173_o.jpg?_nc_cat=110&amp;_nc_eui2=AeEzsROWJvndTvGH6rllaRggyfzl_w0_6DGtiBfw7XZeHBJdFHKMvaWXk2skHMzhAAkvlBZ6ewzLBR_-r0-6EZCaBkPqpjtqazA43CCEnjt07g&amp;_nc_ht=scontent.ftun3-1.fna&amp;oh=6e8b3473aca2ecb09c0c1b0038ea481c&amp;oe=5C42674E\" alt=\"\" height=\"200\" \/><\/a><\/p>\n<p align=\"justify\"><span class=\"auteur\" style=\"font-size: 12pt;\">Jos\u00e9 Muchnik<\/span><\/p>\n<p align=\"justify\"><span style=\"font-size: 12pt;\">Original: <span class=\"navigation_cadre\">Carta abierta a los dirigentes del planeta presentes en la cumbre del G-20 de Buenos Aires*<\/span><\/span><\/p>\n<p align=\"justify\"><span class=\"trad\" style=\"font-size: 12pt;\">Edit\u00e9 par <a href=\"http:\/\/www.tlaxcala-int.org\/biographie.asp?ref_aut=6319&amp;lg_pp=fr\">Philippe Tancelin<\/a><\/span><\/p>\n<p><span style=\"font-size: 12pt;\">Source: <a href=\"http:\/\/www.tlaxcala-int.org\/article.asp?reference=24465\">Tlaxcala<\/a>, le 30 ocotbre 2018<\/span><\/p>\n<p><span style=\"font-size: 12pt;\">Publi\u00e9 par <\/span><span class=\"envoi\"><span style=\"font-size: 12pt;\">\u00a0<\/span><a href=\"https:\/\/www.acafasamblea.com\/blog\/lettre-ouverte-aux-dirigeants-de-la-plan%C3%A8te\" target=\"_blank\" rel=\"noopener\"><span style=\"font-size: 12pt;\">ACAF<\/span><\/a><\/span><\/p>\n","protected":false},"excerpt":{"rendered":"<p>Que l\u2019image coule : \u201cUn pleur pour la plan\u00e8te\u201d, pas des post-v\u00e9rit\u00e9s ni des fake news, r\u00e9alisme fluvial, image historique naviguant dans le temps, au fond nous pouvons voir le fleuve, le Rio de La Plata (Rivi\u00e8re d&rsquo;argent), lui n\u2019oublie pas, il garde la m\u00e9moire, il restera comme t\u00e9moin.<\/p>\n","protected":false},"author":134,"featured_media":2554,"comment_status":"open","ping_status":"open","sticky":false,"template":"","format":"standard","meta":{"_uf_show_specific_survey":0,"_uf_disable_surveys":false,"footnotes":""},"categories":[9,218],"tags":[65,225,239,1213,1215,1217,1214,1216],"coauthors":[1212],"class_list":["post-2552","post","type-post","status-publish","format-standard","has-post-thumbnail","hentry","category-economia-de-la-naturaleza","category-monde","tag-abya-yala","tag-argentina","tag-argentine","tag-cumbre-g20-2018","tag-jose-muchnik","tag-pillage-de-la-planete","tag-saqueo-del-planeta","tag-sommet-du-g-20"],"translation":{"provider":"WPGlobus","version":"2.12.2","language":"fr","enabled_languages":["es","fr"],"languages":{"es":{"title":true,"content":true,"excerpt":true},"fr":{"title":true,"content":true,"excerpt":true}}},"_links":{"self":[{"href":"https:\/\/www.lapluma.net\/fr\/wp-json\/wp\/v2\/posts\/2552","targetHints":{"allow":["GET"]}}],"collection":[{"href":"https:\/\/www.lapluma.net\/fr\/wp-json\/wp\/v2\/posts"}],"about":[{"href":"https:\/\/www.lapluma.net\/fr\/wp-json\/wp\/v2\/types\/post"}],"author":[{"embeddable":true,"href":"https:\/\/www.lapluma.net\/fr\/wp-json\/wp\/v2\/users\/134"}],"replies":[{"embeddable":true,"href":"https:\/\/www.lapluma.net\/fr\/wp-json\/wp\/v2\/comments?post=2552"}],"version-history":[{"count":4,"href":"https:\/\/www.lapluma.net\/fr\/wp-json\/wp\/v2\/posts\/2552\/revisions"}],"predecessor-version":[{"id":2557,"href":"https:\/\/www.lapluma.net\/fr\/wp-json\/wp\/v2\/posts\/2552\/revisions\/2557"}],"wp:featuredmedia":[{"embeddable":true,"href":"https:\/\/www.lapluma.net\/fr\/wp-json\/wp\/v2\/media\/2554"}],"wp:attachment":[{"href":"https:\/\/www.lapluma.net\/fr\/wp-json\/wp\/v2\/media?parent=2552"}],"wp:term":[{"taxonomy":"category","embeddable":true,"href":"https:\/\/www.lapluma.net\/fr\/wp-json\/wp\/v2\/categories?post=2552"},{"taxonomy":"post_tag","embeddable":true,"href":"https:\/\/www.lapluma.net\/fr\/wp-json\/wp\/v2\/tags?post=2552"},{"taxonomy":"author","embeddable":true,"href":"https:\/\/www.lapluma.net\/fr\/wp-json\/wp\/v2\/coauthors?post=2552"}],"curies":[{"name":"wp","href":"https:\/\/api.w.org\/{rel}","templated":true}]}}