{"id":25092,"date":"2021-04-02T12:37:38","date_gmt":"2021-04-02T12:37:38","guid":{"rendered":"http:\/\/www.lapluma.net\/?p=25092"},"modified":"2021-04-03T13:30:32","modified_gmt":"2021-04-03T13:30:32","slug":"dios-existe","status":"publish","type":"post","link":"https:\/\/www.lapluma.net\/fr\/2021\/04\/02\/dios-existe\/","title":{"rendered":"Dios existe"},"content":{"rendered":"<p align=\"justify\"><span style=\"font-size: 12pt;\">La primera prueba de su existencia la tuve hace algunos a\u00f1os, cuando Fidel Castro enferm\u00f3 y, en Miami, la gusanera sali\u00f3 a la calle festejando la grave dolencia del dirigente cubano y celebrando anticipadamente su muerte a la espera de que Dios la complaciera: \u201c\u00a1Que muera el dictador! \u00a1Que muera el dictador!\u201d Y Dios los complaci\u00f3. D\u00edas m\u00e1s tarde mor\u00eda en Paraguay el dictador Alfredo Stroessner.<\/span><\/p>\n<figure id=\"attachment_25095\" aria-describedby=\"caption-attachment-25095\" style=\"width: 456px\" class=\"wp-caption aligncenter\"><img loading=\"lazy\" decoding=\"async\" class=\"wp-image-25095\" src=\"http:\/\/www.lapluma.net\/wp-content\/uploads\/2021\/04\/Capture-strosner-300x183.jpg\" alt=\"\" width=\"456\" height=\"278\" srcset=\"https:\/\/www.lapluma.net\/wp-content\/uploads\/2021\/04\/Capture-strosner-300x183.jpg 300w, https:\/\/www.lapluma.net\/wp-content\/uploads\/2021\/04\/Capture-strosner.jpg 621w\" sizes=\"auto, (max-width: 456px) 100vw, 456px\" \/><figcaption id=\"caption-attachment-25095\" class=\"wp-caption-text\"><strong>Durante los 35 a\u00f1os de su gobierno dictatorial, Alfredo Stroessner, sembr\u00f3 terror y muerte en Paraguay: miles de personas fueron detenidas, torturadas, asesinadas o desaparecidas.<\/strong><\/figcaption><\/figure>\n<p align=\"justify\"><span style=\"font-size: 12pt;\">No cesaron en Miami de reclamar la gracia divina, matizando, eso s\u00ed, que no era el dictador paraguayo a quien quer\u00edan muerto sino al otro, al hijo puta. Y Dios volvi\u00f3 a complacerlos. Poco m\u00e1s tarde mor\u00eda Pinochet.<\/span><\/p>\n<p align=\"justify\"><img loading=\"lazy\" decoding=\"async\" class=\" wp-image-25096 aligncenter\" src=\"http:\/\/www.lapluma.net\/wp-content\/uploads\/2021\/04\/Capture-MUERTE-PINOCHET-300x189.jpg\" alt=\"\" width=\"562\" height=\"354\" srcset=\"https:\/\/www.lapluma.net\/wp-content\/uploads\/2021\/04\/Capture-MUERTE-PINOCHET-300x189.jpg 300w, https:\/\/www.lapluma.net\/wp-content\/uploads\/2021\/04\/Capture-MUERTE-PINOCHET.jpg 747w\" sizes=\"auto, (max-width: 562px) 100vw, 562px\" \/><\/p>\n<p align=\"justify\"><span style=\"font-size: 12pt;\">La segunda prueba de la existencia divina ocurri\u00f3 durante la celebraci\u00f3n de la Jornada Mundial de la Juventud celebrada en Madrid en el 2011, cuando despu\u00e9s de anticipar m\u00e1s de 40 grados de infierno durante todo el d\u00eda a la muchedumbre que esperaba al Papa Benedicto XVI (Ratzinger), debiendo ser atendidos m\u00e1s de un centenar de peregrinos por lipotimias, ya en la noche y en medio de la explanada se dieron cita el cardenal Rouco Varela, el Papa y\u2026 la lluvia.<\/span><\/p>\n<p align=\"justify\"><span style=\"font-size: 12pt;\"><img loading=\"lazy\" decoding=\"async\" class=\" wp-image-25097 aligncenter\" src=\"http:\/\/www.lapluma.net\/wp-content\/uploads\/2021\/04\/papa_tormenta-300x169.jpg\" alt=\"\" width=\"497\" height=\"280\" srcset=\"https:\/\/www.lapluma.net\/wp-content\/uploads\/2021\/04\/papa_tormenta-300x169.jpg 300w, https:\/\/www.lapluma.net\/wp-content\/uploads\/2021\/04\/papa_tormenta-768x432.jpg 768w, https:\/\/www.lapluma.net\/wp-content\/uploads\/2021\/04\/papa_tormenta.jpg 800w\" sizes=\"auto, (max-width: 497px) 100vw, 497px\" \/><\/span><\/p>\n<p align=\"justify\"><span style=\"font-size: 12pt;\">\u201cDios nos manda sus bendiciones en forma de lluvia\u201d declar\u00f3 el Papa debajo del paraguas para consuelo de los asistentes. Y Dios, que tambi\u00e9n lo oy\u00f3, no quiso desmentir al Papa ni dejar sin regalo al cardenal Varela que ese mismo d\u00eda cumpl\u00eda a\u00f1os, y desencaden\u00f3 todas las bendiciones que le quedaban en forma de vendaval llev\u00e1ndose por delante el solideo papal y derribando la cruz de las JMJ. El impresionante diluvio tumb\u00f3 carpas, provoc\u00f3 varios heridos y cre\u00f3 el p\u00e1nico, llegando a da\u00f1ar, seg\u00fan se public\u00f3 en los medios, 600 mil hostias que habr\u00edan de engullirse al d\u00eda siguiente. \u201cQue ninguna adversidad os paralice\u201d a\u00fan tuvo tiempo de agregar el Papa antes de interrumpir su discurso y salir corriendo.<\/span><\/p>\n<p align=\"justify\"><img loading=\"lazy\" decoding=\"async\" class=\" wp-image-25098 aligncenter\" src=\"http:\/\/www.lapluma.net\/wp-content\/uploads\/2021\/04\/papa_paraguas-300x169.jpg\" alt=\"\" width=\"504\" height=\"284\" srcset=\"https:\/\/www.lapluma.net\/wp-content\/uploads\/2021\/04\/papa_paraguas-300x169.jpg 300w, https:\/\/www.lapluma.net\/wp-content\/uploads\/2021\/04\/papa_paraguas-768x432.jpg 768w, https:\/\/www.lapluma.net\/wp-content\/uploads\/2021\/04\/papa_paraguas.jpg 800w\" sizes=\"auto, (max-width: 504px) 100vw, 504px\" \/><\/p>\n<p align=\"justify\"><span style=\"font-size: 12pt;\">La tercera prueba de que Dios existe la tenemos todos los a\u00f1os en Semana Santa, cuando la lluvia impide los cortejos de la Macarena, de las Siete Palabras o del Jes\u00fas del Gran Poder ante la desolaci\u00f3n de nazarenos, manigueteros, pertigueros, ac\u00f3litos, fariseos, palmeros, portaestandartes, flagelados, crucificados, caballer\u00eda, soldados romanos y pueblo de Bel\u00e9n en general, turistas incluidos, que en lugar de aceptar la lluvia como penitencia y empaparse una vez al a\u00f1o de meas culpas, que al fin y al cabo tambi\u00e9n llov\u00eda en el Calvario, insisten en que sus oraciones sean atendidas por Dios y que el sol haga posible la indescriptible emoci\u00f3n contenida durante un a\u00f1o, ese fervor popular que levanta los pasos bajo cuyos faldones corre el aguardiente tanto como la cera por las calles. Tan acostumbrados como est\u00e1n a encontrar en el buen tiempo pruebas de la voluntad divina, no entiendo porqu\u00e9 no se les ocurre considerar, tambi\u00e9n como se\u00f1al divina, los aguaceros en esos d\u00edas, porque tantas h\u00famedas circunstancias como han venido acompa\u00f1ando las procesiones s\u00f3lo pueden ser indicio de que Dios existe y, simplemente, se ha cansado de que se tome su nombre en vano apelando al sabotaje del agua como forma de expresar su indignaci\u00f3n; de que Dios no quiere penitentes descalzos ni envenenadas saetas, que no acepta que se suban los precios de las sillas y los palcos, ni la sobreventa de balcones y terrazas o el llamado \u201cRito de los Caramelos\u201d que promueven las hermandades en su p\u00e1gina wep; de que Dios ya est\u00e1 aburrido de tanta mojiganga y cofrad\u00eda, de tanto capirote, de tanta hipocres\u00eda, de tanta vela en tan ajeno entierro, que Dios ya est\u00e1 harto de que sigan perpetuando la pasi\u00f3n de su hijo como tur\u00edstico reclamo de vulgares mercaderes.<\/span><\/p>\n<p align=\"justify\"><img loading=\"lazy\" decoding=\"async\" class=\" wp-image-25093 aligncenter\" src=\"http:\/\/www.lapluma.net\/wp-content\/uploads\/2021\/04\/Cuba-dios-existe.jpg\" alt=\"\" width=\"469\" height=\"362\" \/><\/p>\n<p align=\"justify\"><span style=\"font-size: 12pt;\">Con independencia de otras pruebas que puedan agregarse a estas tres que recuerdo lo que ya se puede concluir es que, efectivamente, Dios existe y que, adem\u00e1s de que es cubano, trabaja como meteor\u00f3logo y, sobre todo, tiene un gran sentido del humor. <\/span><\/p>\n<p align=\"justify\"><span style=\"font-size: 12pt;\">(Este art\u00edculo lo escrib\u00ed hace varios a\u00f1os pero viene a cuento ahora que nos volvemos a quedar sin semana santa)<\/span><\/p>\n<p align=\"justify\"><span style=\"font-size: 12pt;\">(Preso politikoak aske)<\/span><\/p>\n<div><span style=\"font-size: 14pt;\"><strong>Koldo Campos Sagaseta, Columna Cronopiando para La Pluma,\u00a0 marzo de 2021<\/strong><\/span><\/div>\n<div><\/div>\n<div>\n<p><strong><span style=\"font-size: 14pt;\">Editado por <\/span><a href=\"http:\/\/www.lapluma.net\/nosotros\/editora\/\"><span style=\"font-size: 14pt;\">Mar\u00eda Piedad Ossaba<\/span><\/a><\/strong><\/p>\n<\/div>\n","protected":false},"excerpt":{"rendered":"<p>Dios ya est\u00e1 harto de que sigan perpetuando la pasi\u00f3n de su hijo como tur\u00edstico reclamo de vulgares mercaderes.<\/p>\n","protected":false},"author":50,"featured_media":25093,"comment_status":"open","ping_status":"open","sticky":false,"template":"","format":"standard","meta":{"_uf_show_specific_survey":0,"_uf_disable_surveys":false,"footnotes":""},"categories":[5],"tags":[474,12401,8352,12399,12398,12402,12403],"coauthors":[463],"class_list":["post-25092","post","type-post","status-publish","format-standard","has-post-thumbnail","hentry","category-editoriales-y-opiniones","tag-koldo-campos-sagaseta","tag-alfredo-stroessner","tag-augusto-pinochet","tag-cuba-miami-gusanera","tag-dios-existe","tag-joseph-ratzinger","tag-semana-santa"],"translation":{"provider":"WPGlobus","version":"2.12.2","language":"fr","enabled_languages":["es","fr"],"languages":{"es":{"title":true,"content":true,"excerpt":true},"fr":{"title":false,"content":false,"excerpt":false}}},"_links":{"self":[{"href":"https:\/\/www.lapluma.net\/fr\/wp-json\/wp\/v2\/posts\/25092","targetHints":{"allow":["GET"]}}],"collection":[{"href":"https:\/\/www.lapluma.net\/fr\/wp-json\/wp\/v2\/posts"}],"about":[{"href":"https:\/\/www.lapluma.net\/fr\/wp-json\/wp\/v2\/types\/post"}],"author":[{"embeddable":true,"href":"https:\/\/www.lapluma.net\/fr\/wp-json\/wp\/v2\/users\/50"}],"replies":[{"embeddable":true,"href":"https:\/\/www.lapluma.net\/fr\/wp-json\/wp\/v2\/comments?post=25092"}],"version-history":[{"count":4,"href":"https:\/\/www.lapluma.net\/fr\/wp-json\/wp\/v2\/posts\/25092\/revisions"}],"predecessor-version":[{"id":25121,"href":"https:\/\/www.lapluma.net\/fr\/wp-json\/wp\/v2\/posts\/25092\/revisions\/25121"}],"wp:featuredmedia":[{"embeddable":true,"href":"https:\/\/www.lapluma.net\/fr\/wp-json\/wp\/v2\/media\/25093"}],"wp:attachment":[{"href":"https:\/\/www.lapluma.net\/fr\/wp-json\/wp\/v2\/media?parent=25092"}],"wp:term":[{"taxonomy":"category","embeddable":true,"href":"https:\/\/www.lapluma.net\/fr\/wp-json\/wp\/v2\/categories?post=25092"},{"taxonomy":"post_tag","embeddable":true,"href":"https:\/\/www.lapluma.net\/fr\/wp-json\/wp\/v2\/tags?post=25092"},{"taxonomy":"author","embeddable":true,"href":"https:\/\/www.lapluma.net\/fr\/wp-json\/wp\/v2\/coauthors?post=25092"}],"curies":[{"name":"wp","href":"https:\/\/api.w.org\/{rel}","templated":true}]}}