{"id":24895,"date":"2021-03-25T21:19:43","date_gmt":"2021-03-25T21:19:43","guid":{"rendered":"http:\/\/www.lapluma.net\/?p=24895"},"modified":"2021-03-26T01:28:01","modified_gmt":"2021-03-26T01:28:01","slug":"24895","status":"publish","type":"post","link":"https:\/\/www.lapluma.net\/fr\/2021\/03\/25\/24895\/","title":{"rendered":"Estado colombiano, a juicio por genocidio, impunidad y cr\u00edmenes contra la paz"},"content":{"rendered":"<p style=\"text-align: justify;\"><span style=\"font-size: 12pt;\">El Tribunal Permanente de los Pueblos, un tribunal de opini\u00f3n que ha juzgado las dictaduras en Am\u00e9rica Latina y otras violaciones a los derechos humanos en distintas partes del mundo sesiona hoy en Colombia, donde estudiar\u00e1 alrededor de 40 casos de grupos sociales y pol\u00edticos v\u00edctimas de persecuci\u00f3n y exterminio.<\/span><\/p>\n<p style=\"text-align: justify;\"><span style=\"font-size: 12pt;\"><img loading=\"lazy\" decoding=\"async\" class=\" wp-image-24924 aligncenter\" src=\"http:\/\/www.lapluma.net\/wp-content\/uploads\/2021\/03\/TPP1.jpg\" alt=\"\" width=\"459\" height=\"286\" \/><\/span><\/p>\n<p class=\"font--secondary\" style=\"text-align: justify;\"><span style=\"font-size: 12pt;\">En marzo de 2020, el entonces relator especial de las Naciones Unidas para los Defensores de Derechos Humanos, Michel Forst, fue protagonista de un desencuentro diplom\u00e1tico con el gobierno de Iv\u00e1n Duque. En esa fecha, el relator present\u00f3 su informe sobre la situaci\u00f3n de los defensores en Colombia, que ten\u00eda una visi\u00f3n radicalmente distinta, y m\u00e1s cr\u00edtica, de la que presentaba el Gobierno. Incluso, el relator denunci\u00f3 que hab\u00eda sido tal el malestar del Gobierno colombiano con su informe, que obstruy\u00f3 una segunda visita suya al pa\u00eds para completar ese documento durante 2019. Hoy, el franc\u00e9s y exrelator de la ONU acude de nuevo a Colombia, esta vez como uno de los jueces que van a juzgar al Estado colombiano por genocidio, cr\u00edmenes contra la paz e impunidad en el Tribunal Permanente de los Pueblos.<\/span><\/p>\n<figure id=\"attachment_24901\" aria-describedby=\"caption-attachment-24901\" style=\"width: 484px\" class=\"wp-caption aligncenter\"><img loading=\"lazy\" decoding=\"async\" class=\"wp-image-24901\" src=\"http:\/\/www.lapluma.net\/wp-content\/uploads\/2021\/03\/Michel-Forst-300x150.jpeg\" alt=\"\" width=\"484\" height=\"242\" srcset=\"https:\/\/www.lapluma.net\/wp-content\/uploads\/2021\/03\/Michel-Forst-300x150.jpeg 300w, https:\/\/www.lapluma.net\/wp-content\/uploads\/2021\/03\/Michel-Forst-768x384.jpeg 768w, https:\/\/www.lapluma.net\/wp-content\/uploads\/2021\/03\/Michel-Forst.jpeg 950w\" sizes=\"auto, (max-width: 484px) 100vw, 484px\" \/><figcaption id=\"caption-attachment-24901\" class=\"wp-caption-text\"><strong>Forst asegura en su informe que Colombia es el pa\u00eds con el mayor n\u00famero de defensores de derechos humanos asesinados en Am\u00e9rica Latina<\/strong><\/figcaption><\/figure>\n<p class=\"font--secondary\" style=\"text-align: justify;\"><span style=\"font-size: 12pt;\">A mediados de la Guerra de Vietnam, en la d\u00e9cada de 1960, a ra\u00edz de las actuaciones de Estados Unidos en esa confrontaci\u00f3n, los intelectuales Bertrand Russel y Jean Paul Sartre decidieron establecer una figura que permitiera someter a juicio el papel del pa\u00eds norteamericano en Vietnam, que en ninguna otra instancia iba a ser examinado. A lo que fundaron se le conoci\u00f3 despu\u00e9s como el <b>Tribunal Russel<\/b>, que se replic\u00f3 a\u00f1os despu\u00e9s para juzgar las dictaduras en Am\u00e9rica Latina durante los a\u00f1os 70.<\/span><\/p>\n<figure id=\"attachment_24902\" aria-describedby=\"caption-attachment-24902\" style=\"width: 500px\" class=\"wp-caption aligncenter\"><img loading=\"lazy\" decoding=\"async\" class=\"wp-image-24902\" src=\"http:\/\/www.lapluma.net\/wp-content\/uploads\/2021\/03\/sartre-jean-paul-simone-de-beauvoir-bertrand-russell-crimenes-de-guerra-en-vietnam-300x126.jpg\" alt=\"\" width=\"500\" height=\"210\" srcset=\"https:\/\/www.lapluma.net\/wp-content\/uploads\/2021\/03\/sartre-jean-paul-simone-de-beauvoir-bertrand-russell-crimenes-de-guerra-en-vietnam-300x126.jpg 300w, https:\/\/www.lapluma.net\/wp-content\/uploads\/2021\/03\/sartre-jean-paul-simone-de-beauvoir-bertrand-russell-crimenes-de-guerra-en-vietnam-768x321.jpg 768w, https:\/\/www.lapluma.net\/wp-content\/uploads\/2021\/03\/sartre-jean-paul-simone-de-beauvoir-bertrand-russell-crimenes-de-guerra-en-vietnam.jpg 932w\" sizes=\"auto, (max-width: 500px) 100vw, 500px\" \/><figcaption id=\"caption-attachment-24902\" class=\"wp-caption-text\"><strong>Tribunal Roussel, juicio crimenes de guerra en Vietnam. Jean Paul Sartre, Bertrand Russel y Simone de Beauvoir.<\/strong><\/figcaption><\/figure>\n<p class=\"font--secondary\" style=\"text-align: justify;\"><span style=\"font-size: 12pt;\">Directamente de esa experiencia naci\u00f3 en 1979 el Tribunal Permanente de los Pueblos (TPP), \u201ccomo una iniciativa para volver permanente una herramienta que estuviera a disposici\u00f3n de pueblos que ten\u00edan los mismos problemas de Vietnam: una represi\u00f3n de sus derechos sin que en el escenario internacional pudiera encontrarse un tribunal o un juez independiente\u201d, explica en conversaci\u00f3n con este diario Gianni Tognoni, epidemi\u00f3logo y defensor de derechos humanos italiano que ejerce como secretario general del TPP.<\/span><\/p>\n<figure id=\"attachment_24900\" aria-describedby=\"caption-attachment-24900\" style=\"width: 543px\" class=\"wp-caption aligncenter\"><img loading=\"lazy\" decoding=\"async\" class=\"wp-image-24900\" src=\"http:\/\/www.lapluma.net\/wp-content\/uploads\/2021\/03\/Gianni-Tognoni-300x196.jpg\" alt=\"\" width=\"543\" height=\"355\" srcset=\"https:\/\/www.lapluma.net\/wp-content\/uploads\/2021\/03\/Gianni-Tognoni-300x196.jpg 300w, https:\/\/www.lapluma.net\/wp-content\/uploads\/2021\/03\/Gianni-Tognoni-292x190.jpg 292w, https:\/\/www.lapluma.net\/wp-content\/uploads\/2021\/03\/Gianni-Tognoni.jpg 657w\" sizes=\"auto, (max-width: 543px) 100vw, 543px\" \/><figcaption id=\"caption-attachment-24900\" class=\"wp-caption-text\"><strong>Gianni Tognoni, secretario general del Tribunal Permanente de los Pueblos. \/ Mauricio Alvarado<\/strong><\/figcaption><\/figure>\n<p class=\"font--secondary\" style=\"text-align: justify;\"><span style=\"font-size: 12pt;\">Ante \u00e9l y el presidente del TPP,<b> Phillipe Texier<\/b>, fue radicada una carta en abril de 2020 que ped\u00eda que el tribunal sesionara en Colombia por tercera vez en su historia, con el fin de someter a examen esta vez \u201cel exterminio sistem\u00e1tico de las personas defensoras de los derechos humanos en Colombia, incluidos l\u00edderes y lideresas sociales, y las bases de las organizaciones que luchan por la paz, la defensa de los territorios, la restituci\u00f3n de tierras despojadas con violencia, la sustituci\u00f3n de cultivos de uso il\u00edcito y el desarrollo alternativo, la denuncia de la violencia sociopol\u00edtica, las violaciones a los derechos humanos, el cumplimiento de los Acuerdos de Paz y la impunidad estructural que mantiene la actuaci\u00f3n de las estructuras criminales y los grandes responsables detr\u00e1s de estas persistentes pr\u00e1cticas genocidas\u201d.<\/span><\/p>\n<p><img loading=\"lazy\" decoding=\"async\" class=\" wp-image-24914 aligncenter\" src=\"http:\/\/www.lapluma.net\/wp-content\/uploads\/2021\/03\/Movice.png\" alt=\"\" width=\"224\" height=\"144\" \/><span style=\"font-size: 12pt;\">Desde entonces, las m\u00e1s de 300 organizaciones sociales convocantes del tribunal, reunidas en el Movimiento Nacional de V\u00edctimas de Cr\u00edmenes de Estado (Movice) y en la <b>Coordinaci\u00f3n Colombia-Europa-Estados Unidos (CCEEU)<\/b>, documentaron y armaron la argumentaci\u00f3n para presentar ante el tribunal alrededor de 40 casos ocurridos en el pa\u00eds con los que pretenden demostrar la existencia de pr\u00e1cticas genocidas, de cr\u00edmenes contra la paz y la persistencia de la impunidad.<\/span><\/p>\n<p><img loading=\"lazy\" decoding=\"async\" class=\" wp-image-24915 aligncenter\" src=\"http:\/\/www.lapluma.net\/wp-content\/uploads\/2021\/03\/Coordinaci\u00f3n-Colombia-Europa-Estados-Unidos-CCEEU-300x88.png\" alt=\"\" width=\"331\" height=\"97\" srcset=\"https:\/\/www.lapluma.net\/wp-content\/uploads\/2021\/03\/Coordinaci\u00f3n-Colombia-Europa-Estados-Unidos-CCEEU-300x88.png 300w, https:\/\/www.lapluma.net\/wp-content\/uploads\/2021\/03\/Coordinaci\u00f3n-Colombia-Europa-Estados-Unidos-CCEEU.png 383w\" sizes=\"auto, (max-width: 331px) 100vw, 331px\" \/><\/p>\n<p class=\"font--secondary\" style=\"text-align: justify;\"><span style=\"font-size: 12pt;\">Los casos que ser\u00e1n presentados ante el tribunal este jueves en<b> Bucaramanga<\/b>, el viernes en Bogot\u00e1 y el s\u00e1bado en Medell\u00edn pueden agruparse en tres grandes grupos. Primero, los casos de movimientos y partidos pol\u00edticos v\u00edctimas de persecuci\u00f3n y exterminio, entre los que se encuentran el Movimiento Gaitanista, el Partido Comunista Colombiano y la Juventud Comunista, la Uni\u00f3n Nacional de Oposici\u00f3n, el movimiento A Luchar, el Frente Popular, la Uni\u00f3n Patri\u00f3tica y, asimismo, la situaci\u00f3n actual de los excombatientes de las Farc, que ya va en 259 asesinatos y que ser\u00e1 presentada por la exguerrillera Victoria Sandino.<\/span><\/p>\n<p class=\"font--secondary\" style=\"text-align: justify;\"><span style=\"font-size: 12pt;\">En un segundo grupo est\u00e1 el sector sindical, con los casos de la Central Unitaria de Trabajadores, la Uni\u00f3n Sindical Obrera, el Sindicato Nacional de Trabajadores del Sistema Agroalimentario, el Coordinador Nacional Agrario, el Movimiento Estudiantil y la Organizaci\u00f3n Campesina en Carmen y San Vicente de Chucur\u00ed (Santander), Cajib\u00edo (Cauca) y Casanare. Seg\u00fan la Escuela Nacional Sindical, desde 1971 hasta el 18 de julio de 2020 hubo 15.245 actos de violencia contra el movimiento sindical en Colombia. Las amenazas fueron las principales victimizaciones, con 7.492 casos, luego de homicidios, con 3.270 y el desplazamiento forzado con 1.952 casos, algunos de ellos incluyeron el exilio. Y el tercer grupo lo conforman una serie de casos hist\u00f3ricos, como las masacres de las Bananeras y Santa B\u00e1rbara, las Rep\u00fablicas Independientes, el caso de Villarrica (Tolima), entre otros.<\/span><\/p>\n<p class=\"font--secondary\" style=\"text-align: justify;\"><span style=\"font-size: 12pt;\">\u201cSe pretende demostrar a partir de cinco elementos la existencia de una pr\u00e1ctica genocida: que hab\u00eda una identidad com\u00fan al grupo, que ten\u00eda un car\u00e1cter regional o nacional, que ten\u00eda una plataforma pol\u00edtica, que hubo un proceso de exterminio con distintas formas: asesinatos, masacres, desapariciones o encarcelamientos, y que ello debilit\u00f3 procesos organizativos y que hubo beneficiarios de ello\u201d, explica Soraya Guti\u00e9rrez, vicepresidenta del <b>Colectivo de Abogados Jos\u00e9 Alvear Restrepo (Cajar) y vocera de la CCEEU.<\/b><\/span><\/p>\n<figure id=\"attachment_24916\" aria-describedby=\"caption-attachment-24916\" style=\"width: 390px\" class=\"wp-caption aligncenter\"><img loading=\"lazy\" decoding=\"async\" class=\"wp-image-24916\" src=\"http:\/\/www.lapluma.net\/wp-content\/uploads\/2021\/03\/soraya-300x211-1.png\" alt=\"\" width=\"390\" height=\"274\" \/><figcaption id=\"caption-attachment-24916\" class=\"wp-caption-text\">Soraya Guti\u00e9rrez,<\/figcaption><\/figure>\n<p class=\"font--secondary\" style=\"text-align: justify;\"><span style=\"font-size: 12pt;\"><b>\u00bfEs un juicio simb\u00f3lico?<\/b> Para el secretario general del TPP, Tognoni, no es as\u00ed. \u201cYo hago un diagn\u00f3stico como m\u00e9dico de una enfermedad mortal. Ese diagn\u00f3stico es sustancial, es verdadero. Estoy obligado a decir que para esa enfermedad no tengo un remedio. \u00bfmi diagn\u00f3stico es simb\u00f3lico por el hecho de que no tengo los medios para aplicarlo, o es estructural, porque dice una verdad a pesar del hecho de que esa verdad no puede traducirse en este momento en un cambio hacia lo que deber\u00eda ser?\u201d, sostiene el italiano.<\/span><\/p>\n<p class=\"font--secondary\" style=\"text-align: justify;\"><span style=\"font-size: 12pt;\">Para \u00e9l, la importancia del tribunal es que \u201cllama las cosas por su nombre\u201d. Y lo ejemplifica con la situaci\u00f3n de implementaci\u00f3n del Acuerdo de Paz en Colombia: \u201cSi uno dice \u2018el caso colombiano ha sido solucionado porque han firmado un acuerdo de paz\u2019, la pol\u00edtica internacional tiene la conciencia limpia, est\u00e1 satisfecha con una declaraci\u00f3n de principios o un pacto de paz. No, el tribunal dice \u2018vamos a ver no lo que est\u00e1 escrito, sino los sujetos reales, lo que est\u00e1 pasando en Colombia en t\u00e9rminos de no colaboraci\u00f3n del Gobierno. Y explicar que eso puede ocurrir sin que el Gobierno tome una posici\u00f3n abierta de decir \u2018no reconozco los Acuerdos de Paz\u2019; al rev\u00e9s, reconoce los Acuerdos de Paz, pero dice no tenemos plata para respaldarlo, no tenemos c\u00f3mo\u201d.<\/span><\/p>\n<p class=\"font--secondary\" style=\"text-align: justify;\"><span style=\"font-size: 12pt;\">En esta sesi\u00f3n para Colombia, adem\u00e1s de Michel Forst, ejercer\u00e1n como jueces el franc\u00e9s Philippe Texier, la italiana Luciana Castellina, la abogada ind\u00edgena nicarag\u00fcense Lottie Cunningham Wren, la presidenta de la Fundaci\u00f3n Frantz Fanon, Mireille Fanon, el italiano Luigi Ferrajoli y monse\u00f1or Ra\u00fal Vera, de M\u00e9xico, entre otros, para un total de 13 jueces<\/span><\/p>\n<p class=\"font--secondary\" style=\"text-align: justify;\"><span style=\"font-size: 12pt;\"><img loading=\"lazy\" decoding=\"async\" class=\"alignnone wp-image-24911\" src=\"http:\/\/www.lapluma.net\/wp-content\/uploads\/2021\/03\/Capture-jueces-TPP-300x41.png\" alt=\"\" width=\"604\" height=\"83\" srcset=\"https:\/\/www.lapluma.net\/wp-content\/uploads\/2021\/03\/Capture-jueces-TPP-300x41.png 300w, https:\/\/www.lapluma.net\/wp-content\/uploads\/2021\/03\/Capture-jueces-TPP.png 596w\" sizes=\"auto, (max-width: 604px) 100vw, 604px\" \/><\/span><\/p>\n<p class=\"font--secondary\" style=\"text-align: justify;\"><span style=\"font-size: 12pt;\">Este mi\u00e9rcoles, 19 congresistas de la bancada opositora al Gobierno enviaron una misiva al presidente Duque, a la ministra de Relaciones Exteriores, Claudia Blum, y al director de la Agencia de Defensa Jur\u00eddica del Estado, en la que reclamaron su presencia en las sesiones del tribunal. \u201cDesde el Congreso de la Rep\u00fablica consideramos que el reconocimiento al Tribunal y la participaci\u00f3n del Gobierno Nacional dentro de las sesiones propuestas por el TPP es fundamental, no solo desde el ejercicio del derecho de defensa, sino desde una postura en la que se asuma la responsabilidad ante la comunidad nacional e internacional sobre la gravedad de los hechos denunciados, como acci\u00f3n trascendental en la reivindicaci\u00f3n de los derechos y garant\u00edas de los grupos vulnerados\u201d. Si bien el Gobierno no se ha pronunciado al respecto, est\u00e1 prevista una defensa de oficio en caso de que no env\u00ede representaci\u00f3n al juicio.<\/span><\/p>\n<p class=\"font--secondary\" style=\"text-align: justify;\"><span style=\"font-size: 12pt;\">Por su parte, existir\u00e1 una Fiscal\u00eda encargada de formular la acusaci\u00f3n al Estado colombiano, conformada por el exmagistrado de la Corte Suprema de Justicia Iv\u00e1n Vel\u00e1squez, quien adem\u00e1s fue presidente de la Comisi\u00f3n Internacional Contra la Impunidad en Guatemala; y la exfiscal \u00c1ngela Mar\u00eda Buitrago, quien ha participado en la investigaci\u00f3n de la desaparici\u00f3n forzada de 43 estudiantes en Ayotzinapa, en el estado de Guerrero, M\u00e9xico.<br \/>\n<\/span><\/p>\n<p style=\"text-align: justify;\"><img loading=\"lazy\" decoding=\"async\" class=\" wp-image-24925 aligncenter\" src=\"http:\/\/www.lapluma.net\/wp-content\/uploads\/2021\/03\/Capture-Iv\u00e1n-Angela-Maria-300x114.png\" alt=\"\" width=\"548\" height=\"208\" srcset=\"https:\/\/www.lapluma.net\/wp-content\/uploads\/2021\/03\/Capture-Iv\u00e1n-Angela-Maria-300x114.png 300w, https:\/\/www.lapluma.net\/wp-content\/uploads\/2021\/03\/Capture-Iv\u00e1n-Angela-Maria.png 566w\" sizes=\"auto, (max-width: 548px) 100vw, 548px\" \/><span style=\"font-size: 12pt;\">Luego de la sesi\u00f3n en Colombia, el TPP emitir\u00e1 una sentencia que se presenta formalmente ante las comisiones de Derechos Humanos de Naciones Unidas, ante la Uni\u00f3n Europea y ante la Corte Penal Internacional para promover un debate internacional sobre los hallazgos. Seg\u00fan su secretario general, ese veredicto pertenece a los movimientos que convocaron el juicio. \u201cSignifica darles a los movimientos con el respaldo del tribunal una legitimidad m\u00e1s all\u00e1 de ser solamente minor\u00edas que dicen algo\u201d.<\/span><\/p>\n<p><img loading=\"lazy\" decoding=\"async\" class=\" wp-image-24903 aligncenter\" src=\"http:\/\/www.lapluma.net\/wp-content\/uploads\/2021\/03\/TPP-Colombia-2021-300x200.jpg\" alt=\"\" width=\"485\" height=\"323\" srcset=\"https:\/\/www.lapluma.net\/wp-content\/uploads\/2021\/03\/TPP-Colombia-2021-300x200.jpg 300w, https:\/\/www.lapluma.net\/wp-content\/uploads\/2021\/03\/TPP-Colombia-2021-1024x682.jpg 1024w, https:\/\/www.lapluma.net\/wp-content\/uploads\/2021\/03\/TPP-Colombia-2021-768x512.jpg 768w, https:\/\/www.lapluma.net\/wp-content\/uploads\/2021\/03\/TPP-Colombia-2021-435x290.jpg 435w, https:\/\/www.lapluma.net\/wp-content\/uploads\/2021\/03\/TPP-Colombia-2021-150x100.jpg 150w, https:\/\/www.lapluma.net\/wp-content\/uploads\/2021\/03\/TPP-Colombia-2021-370x247.jpg 370w, https:\/\/www.lapluma.net\/wp-content\/uploads\/2021\/03\/TPP-Colombia-2021.jpg 1280w\" sizes=\"auto, (max-width: 485px) 100vw, 485px\" \/><\/p>\n<p class=\"font--secondary\" style=\"text-align: justify;\"><span style=\"font-size: 12pt;\">\u201cLo que esperamos es que con la sentencia se pueda incidir en las recomendaciones que har\u00e1 la Comisi\u00f3n de la Verdad en clave de garant\u00edas de no repetici\u00f3n para que se puedan abordar esos temas estructurales que han estado detr\u00e1s de las pr\u00e1cticas genocidas para establecer una agenda de lo que deber\u00eda hacer el Estado colombiano para que no se siga repitiendo el asesinato de l\u00edderes sociales, firmantes de la paz, comunidades ind\u00edgenas, campesinas. Igualmente, si bien no es una sentencia judicial sino \u00e9tica que apela a las voces de las v\u00edctimas, creemos que puede servir como un documento probatorio dentro del litigio de los casos que avanzan en la Jurisdicci\u00f3n Especial para la Paz y en la JEP, como documento probatorio\u201d, concluy\u00f3 Soraya Guti\u00e9rrez.<\/span><\/p>\n<p><strong><span style=\"font-size: 14pt;\">Sebasti\u00e1n Forero Rueda<\/span><\/strong><\/p>\n<p><span style=\"font-size: 14pt;\"><strong>Editado por <a href=\"http:\/\/www.lapluma.net\/nosotros\/\">Mar\u00eda Piedad Ossaba<\/a><\/strong><\/span><\/p>\n<p><span style=\"font-size: 14pt;\"><strong>Fuente<a href=\"https:\/\/www.elespectador.com\/colombia2020\/pais\/estado-colombiano-a-juicio-por-genocidio-y-crimenes-contra-la-paz\/\"> El Espectado<\/a>r, 25 de marzo de 2021<\/strong><\/span><\/p>\n<p class=\"font--secondary\" style=\"text-align: justify;\"><span style=\"font-size: 12pt;\"><b>Le recomendamos leer y escuchar:<\/b><\/span><\/p>\n<p class=\"font--secondary\" style=\"text-align: justify;\"><span style=\"font-size: 12pt;\"><a href=\"https:\/\/www.elespectador.com\/colombia2020\/justicia\/verdad\/podcast-gonzalo-sanchez-el-porterito-de-la-memoria\/\" target=\"_blank\" rel=\"noopener noreferrer\"><b>*(P\u00f3dcast): Gonzalo S\u00e1nchez, el \u201cporterito\u201d de la memoria.<\/b><\/a><\/span><\/p>\n<p class=\"font--secondary\"><span style=\"font-size: 12pt;\"><a href=\"https:\/\/www.elespectador.com\/colombia2020\/justicia\/verdad\/tribunales-de-justicia-transicional-deberian-tener-competencia-sobre-todos-los-agentes-en-el-conflicto-onu\/\" target=\"_blank\" rel=\"noopener noreferrer\"><b>*\u201cTribunales de justicia transicional deber\u00edan tener competencia sobre todos los <span style=\"font-size: 12pt;\">agentes en el conflicto\u201d: ONU.<\/span><\/b><\/a><\/span><\/p>\n<p class=\"font--secondary\"><span style=\"font-size: 12pt;\"><a href=\"https:\/\/www.elespectador.com\/colombia2020\/justicia\/verdad\/juan-manuel-santos-dara-su-version-en-la-comision-de-la-verdad\/\" target=\"_blank\" rel=\"noopener noreferrer\"><b>*Expresidente Santos dar\u00e1 su versi\u00f3n del conflicto ante la Comisi\u00f3n de la Verdad.<\/b><\/a><\/span><\/p>\n<p><span style=\"font-size: 12pt;\"><a href=\"https:\/\/www.elespectador.com\/colombia2020\/pais\/colegios-de-la-guerra-otras-victimas-del-conflicto\/\" target=\"_blank\" rel=\"noopener noreferrer\"><b>\u00a0Colegios de la guerra: otras v\u00edctimas del conflicto<\/b><\/a><b>)<\/b><\/span><\/p>\n<p><span style=\"font-size: 12pt;\"><a href=\"https:\/\/www.elespectador.com\/colombia2020\/justicia\/jep\/jep-una-justicia-transicional-que-prioriza-lo-etnico-las-mujeres-y-la-poblacion-lgbt\/\" target=\"_blank\" rel=\"noopener noreferrer\"><b>JEP: una justicia transicional que prioriza lo \u00e9tnico, las mujeres y la poblaci\u00f3n LGBT<\/b><\/a><\/span><\/p>\n<p><span style=\"font-size: 12pt;\"><a href=\"https:\/\/www.elespectador.com\/colombia2020\/pais\/la-pandemia-agravo-los-cinco-conflictos-armados-que-hay-en-el-pais-cicr\/\" target=\"_blank\" rel=\"noopener noreferrer\"><b>\u201cLa pandemia agrav\u00f3 los cinco conflictos armados que hay en el pa\u00eds\u201d: CICR<\/b><\/a><b>)<\/b><\/span><\/p>\n<p><span style=\"font-size: 12pt;\"><b> <\/b><b> <\/b><a href=\"https:\/\/www.elespectador.com\/colombia2020\/pais\/este-gobierno-quiere-profundizar-la-guerra-albeiro-parra\/?utm_source=ee.com&amp;utm_medium=widget_lateral_articulos&amp;utm_campaign=ultimas_noticias&amp;cx_testId=6&amp;cx_testVariant=cx_1#cxrecs_s\" target=\"_blank\" rel=\"noopener noreferrer\"><b>Albeiro Parra: \u201cEste gobierno quiere profundizar la guerra\u201d<\/b><\/a><b>)<\/b><br \/>\n<\/span><\/p>\n","protected":false},"excerpt":{"rendered":"<p>\u201cSignifica darles a los movimientos con el respaldo del tribunal una legitimidad m\u00e1s all\u00e1 de ser solamente minor\u00edas que dicen algo\u201d.<\/p>\n","protected":false},"author":811,"featured_media":24942,"comment_status":"open","ping_status":"open","sticky":false,"template":"","format":"standard","meta":{"_uf_show_specific_survey":0,"_uf_disable_surveys":false,"footnotes":""},"categories":[5],"tags":[12327],"coauthors":[12326],"class_list":["post-24895","post","type-post","status-publish","format-standard","has-post-thumbnail","hentry","category-editoriales-y-opiniones","tag-tribunal-permanente-de-los-pueblos"],"translation":{"provider":"WPGlobus","version":"2.12.2","language":"fr","enabled_languages":["es","fr"],"languages":{"es":{"title":true,"content":true,"excerpt":true},"fr":{"title":false,"content":false,"excerpt":false}}},"_links":{"self":[{"href":"https:\/\/www.lapluma.net\/fr\/wp-json\/wp\/v2\/posts\/24895","targetHints":{"allow":["GET"]}}],"collection":[{"href":"https:\/\/www.lapluma.net\/fr\/wp-json\/wp\/v2\/posts"}],"about":[{"href":"https:\/\/www.lapluma.net\/fr\/wp-json\/wp\/v2\/types\/post"}],"author":[{"embeddable":true,"href":"https:\/\/www.lapluma.net\/fr\/wp-json\/wp\/v2\/users\/811"}],"replies":[{"embeddable":true,"href":"https:\/\/www.lapluma.net\/fr\/wp-json\/wp\/v2\/comments?post=24895"}],"version-history":[{"count":6,"href":"https:\/\/www.lapluma.net\/fr\/wp-json\/wp\/v2\/posts\/24895\/revisions"}],"predecessor-version":[{"id":24938,"href":"https:\/\/www.lapluma.net\/fr\/wp-json\/wp\/v2\/posts\/24895\/revisions\/24938"}],"wp:featuredmedia":[{"embeddable":true,"href":"https:\/\/www.lapluma.net\/fr\/wp-json\/wp\/v2\/media\/24942"}],"wp:attachment":[{"href":"https:\/\/www.lapluma.net\/fr\/wp-json\/wp\/v2\/media?parent=24895"}],"wp:term":[{"taxonomy":"category","embeddable":true,"href":"https:\/\/www.lapluma.net\/fr\/wp-json\/wp\/v2\/categories?post=24895"},{"taxonomy":"post_tag","embeddable":true,"href":"https:\/\/www.lapluma.net\/fr\/wp-json\/wp\/v2\/tags?post=24895"},{"taxonomy":"author","embeddable":true,"href":"https:\/\/www.lapluma.net\/fr\/wp-json\/wp\/v2\/coauthors?post=24895"}],"curies":[{"name":"wp","href":"https:\/\/api.w.org\/{rel}","templated":true}]}}