{"id":24611,"date":"2021-03-14T13:10:18","date_gmt":"2021-03-14T13:10:18","guid":{"rendered":"http:\/\/www.lapluma.net\/?p=24611"},"modified":"2021-03-14T23:22:32","modified_gmt":"2021-03-14T23:22:32","slug":"24611","status":"publish","type":"post","link":"https:\/\/www.lapluma.net\/fr\/2021\/03\/14\/24611\/","title":{"rendered":"Colombia: el caso Andino es un montaje <br><i>  Entrevista a Lina Jim\u00e9nez Numpaque <\/i>"},"content":{"rendered":"<p style=\"text-align: justify;\"><span style=\"font-size: 12pt;\"><img loading=\"lazy\" decoding=\"async\" class=\"size-medium wp-image-13948 alignleft\" src=\"http:\/\/www.lapluma.net\/wp-content\/uploads\/2019\/12\/El-Turbi\u00f3n1-300x118.jpg\" alt=\"\" width=\"300\" height=\"118\" \/>En junio 2017 una bomba estall\u00f3 en el <a title=\"La \u2018bomba medi\u00e1tica\u2019 y la verdad sobre el Andino\" href=\"https:\/\/elturbion.com\/15181\" target=\"_blank\" rel=\"noreferrer noopener nofollow\">Centro Comercial Andino<\/a> del norte de Bogot\u00e1, segando la vida de tres personas. A los pocos d\u00edas, la Polic\u00eda detuvo a diez personas por su supuesta participaci\u00f3n en el atentado, entre ellas Lina Jim\u00e9nez, una estudiante de artes pl\u00e1sticas cuya foto se hizo viral. Estos j\u00f3venes ten\u00edan algo en com\u00fan, y no era su participaci\u00f3n en el atentado, sino que todos eran amigos.<\/span><\/p>\n<p style=\"text-align: center;\"><img loading=\"lazy\" decoding=\"async\" class=\" wp-image-24646 aligncenter\" src=\"http:\/\/www.lapluma.net\/wp-content\/uploads\/2021\/03\/gal_24397-199x300.jpg\" alt=\"\" width=\"423\" height=\"638\" srcset=\"https:\/\/www.lapluma.net\/wp-content\/uploads\/2021\/03\/gal_24397-199x300.jpg 199w, https:\/\/www.lapluma.net\/wp-content\/uploads\/2021\/03\/gal_24397.jpg 594w\" sizes=\"auto, (max-width: 423px) 100vw, 423px\" \/><strong><span class=\"texte1\">Lina Jim\u00e9nez durante la entrevista. Foto Gear\u00f3id \u00d3 Loingsigh<\/span><\/strong><\/p>\n<p><span style=\"font-size: 12pt;\">Lina asegura que:<\/span><\/p>\n<p style=\"text-align: justify; padding-left: 40px;\"><span style=\"font-size: 12pt;\"><em>\u00ab\u00a0Todos nos conocimos en la universidad porque estudiamos juntos. Unos estudiaban derecho, ciencias pol\u00edticas o sociolog\u00eda. Conoc\u00ed a varios de ellos en clases de materias electivas donde coincidimos. Todos tuvimos una postura de defensa de los derechos humanos y la defensa del movimiento estudiantil. Nos conocimos en alguna cafeter\u00eda, en alguna asamblea, en distintos espacios que se daban dentro de la universidad.\u00a0\u00bb<\/em><\/span><\/p>\n<p style=\"text-align: justify;\"><span style=\"font-size: 12pt;\">Tan amigos eran que seis de ellos fueron detenidos juntos unos d\u00edas despu\u00e9s del atentado, mientras disfrutaban de un paseo por la zona de El Espinal (Tolima). Lina se\u00f1ala que solo hasta el momento de su detenci\u00f3n pudo saber que la Fiscal\u00eda hab\u00eda emitido una orden de captura en su contra.<\/span><\/p>\n<p style=\"text-align: justify; padding-left: 40px;\"><span style=\"font-size: 12pt;\"><em>\u00ab\u00a0Yo estaba de paseo en El Espinal y nos \u00edbamos a encontrar en un balneario, en una piscina [\u2026] Iba en taxi y nos pararon varios carros, nos rodearon. En ese momento me bajaron del carro oficiales del GOES y la SIJIN, y me leyeron la orden de captura. Nunca me la mostraron ni me leyeron los derechos del capturado [\u2026] Nos llevaron al distrito de la Polic\u00eda de El Espinal. Hab\u00eda muchos [uniformados], todos los que participaron en el operativo. Luego, uno de los polic\u00edas que nos estaba custodiando nos contaba que m\u00e1s o menos ocuparon a 1.200 efectivos para nuestra captura en El Espinal. B\u00e1sicamente estaba lleno de efectivos de la Polic\u00eda.&rsquo;<\/em><\/span><\/p>\n<p style=\"text-align: justify;\"><span style=\"font-size: 12pt;\">No sabemos si la cifra de 1.200 efectivos es cierta o no, pero no cabe duda de que fue un operativo enorme. Le pregunt\u00e9 en broma si se sent\u00eda importante con un despliegue tan desproporcionado e innecesario, y me respondi\u00f3 riendo que no:<\/span><\/p>\n<p style=\"text-align: justify; padding-left: 40px;\"><span style=\"font-size: 12pt;\"><em>\u00ab\u00a0Eso no me hizo sentir importante, lo que me hizo sentir importante fue el vuelo, porque nos trajeron en avi\u00f3n desde El Espinal hasta Bogot\u00e1. Nos llevaron al distrito nos hicieron lo de la requisa, las huellas y no s\u00e9 qu\u00e9. No nos dijeron que era por terrorismo. A m\u00ed me dijeron que era por concierto para delinquir [y luego] nos dijeron que era por terrorismo en Bogot\u00e1. Nos sacaron del distrito en camionetas superescoltadas con motocicletas, carros, muchos efectivos, y nos llevaron del aeropuerto de <a href=\"https:\/\/es.wikipedia.org\/wiki\/Flandes_(Tolima)\">Flandes<\/a> al aeropuerto de CATAM [Comando A\u00e9reo de Transporte Militar ubicado en Bogot\u00e1].\u00a0\u00bb<\/em><\/span><\/p>\n<p style=\"text-align: justify;\"><span style=\"font-size: 12pt;\">Como Lina misma reconoci\u00f3, semejante operaci\u00f3n era un mal augurio para cualquier detenido, aun siendo inocente. Cuando la llevaron al aeropuerto sab\u00eda que nada bueno pod\u00eda resultar y que el Estado iba lanza en ristre en su contra y har\u00eda todo lo posible para demostrar resultados en el caso: le imputaron terrorismo, concierto para delinquir, homicidio y tentativa de homicidio, con una posible condena de 60 a\u00f1os.<\/span><\/p>\n<p><span style=\"font-size: 12pt;\">Seg\u00fan recuerda Lina:<\/span><\/p>\n<p style=\"text-align: justify; padding-left: 40px;\"><span style=\"font-size: 12pt;\"><em>\u00ab\u00a0En el mismo momento que nos llevaron al aeropuerto en Flandes dije esta vaina no es para que nos vayan a declarar la captura ilegal. Si est\u00e1n montando semejante operativo para coger unas personas que est\u00e1n de vacaciones, definitivamente es que no nos van a dejar salir. As\u00ed no lo haya hecho esta gente nos va a condenar. Ver como ellos organizan la verdad [le] deja a uno como con una sensaci\u00f3n de impotencia.\u00a0\u00bb<\/em><\/span><\/p>\n<p style=\"text-align: justify;\"><span style=\"font-size: 12pt;\">De hecho, cuando pudo leer la prensa, supo que ya la hab\u00edan condenado por anticipado sin haber pasado por un tribunal y que tanto los funcionarios del Estado como la prensa declararon que hab\u00edan capturado a los culpables. Publicaron retratos hablados de algunos detenidos que coincid\u00edan tanto con ellos que parec\u00edan fotos, pero no concordaban con lo que los mismos testigos hab\u00edan descrito. Los retratos estaban preparados previos al atentado.<\/span><\/p>\n<p style=\"text-align: justify;\"><span style=\"font-size: 12pt;\">Poco sab\u00eda Lina en el momento de su detenci\u00f3n de las maniobras de dudosa legalidad a las que recurrir\u00eda el Estado, recaptur\u00e1ndola tres veces en contravenci\u00f3n de las \u00f3rdenes judiciales que le otorgaban la libertad. El Estado busc\u00f3 jueces de bolsillo para legalizar lo ilegal, justificar su recaptura e incluso abrirle un nuevo proceso levemente distinto. Adem\u00e1s, seg\u00fan cuenta, sus familiares y los de sus compa\u00f1eros ha sido acosados en un intento por obligarles a dar informaci\u00f3n o testificar en contra de los otros detenidos.<\/span><\/p>\n<p style=\"text-align: justify;\"><span style=\"font-size: 12pt;\">Dicha estrategia no funcion\u00f3, pero una de las detenidas, Natalia Trujillo, no aguant\u00f3 el cautiverio y la presi\u00f3n y se entreg\u00f3 al Estado y lleg\u00f3 a un acuerdo con la Fiscal\u00eda que consiste en no pagar pena a cambio de declarar y dar testimonio en contra de sus amigos y compa\u00f1eros de estudio, como ocurri\u00f3 en agosto de 2019. Seg\u00fan Lina, este fue un duro golpe en el proceso jur\u00eddico, pero tambi\u00e9n lo fue en t\u00e9rminos personales y, aunque se podr\u00eda entender enfado de su parte, cuando habla de su otrora compa\u00f1era de celda no se nota rencor en su voz sino dolor y entendimiento de c\u00f3mo una persona puede quebrarse de esta forma:<\/span><\/p>\n<p style=\"text-align: justify; padding-left: 40px;\"><span style=\"font-size: 12pt;\"><em>\u00ab\u00a0Se siente un dolor muy grande. Uno no espera que pase eso, sobre todo, porque juntas vivimos todo este proceso, juntas sentimos todo lo que est\u00e1 pasando, juntas percibimos la misma presi\u00f3n por parte del Estado y lo que pasa con ella es un poco eso. Todos tenemos formas distintas de asumir psicol\u00f3gicamente este tipo de presiones tan fuertes. Para nadie es un secreto que el Estado busca de alguna forma narrar su propia verdad y [\u2026] acude a este tipo de situaciones, a forzar tanto f\u00edsicamente como psicol\u00f3gicamente a las personas que terminan asumiendo y diciendo cosas que no son ciertas. Fue bastante doloroso<\/em> <em>[\u2026]<\/em> <em>Yo creo mucho en la fuerza del amor y creo mucho en que la solidaridad tambi\u00e9n hala y salva muchas cosas: cuando uno est\u00e1 mal, el otro lo hala y uno hala al otro. Hay una serie de lazos que se van fortaleciendo y eso lo impulsa a uno, pero no todos tenemos esa misma capacidad de decir \u2018bueno, yo todav\u00eda aguanto un poquito m\u00e1s\u2019.\u00a0\u00bb<\/em><\/span><\/p>\n<p style=\"text-align: justify;\"><span style=\"font-size: 12pt;\">Lina quiz\u00e1s era m\u00e1s fuerte y as\u00ed se demostr\u00f3 en una foto que se hizo viral: se la ve maniatada e inclin\u00e1ndose hac\u00eda un periodista, toda brava y gritando. Le pregunt\u00e9 sobre la foto, pues en persona no se ve as\u00ed, pero una detenci\u00f3n no es una situaci\u00f3n normal para nadie. Lina me dijo:<\/span><\/p>\n<p style=\"text-align: justify; padding-left: 40px;\"><span style=\"font-size: 12pt;\"><em>\u00ab\u00a0Nosotros estamos en la URI de Puente Aranda y hay que decir que ese espacio es horroroso, una cosa bien complicada, no ten\u00edamos d\u00f3nde dormir. No ten\u00eda ni idea de la audiencia de legalizaci\u00f3n de la captura, eso me lo explicaron al otro d\u00eda y nos ten\u00edan muy custodiados. Salimos de Puente Aranda en una tanqueta con carros de la Polic\u00eda alrededor. Llegamos all\u00e1 y la tanqueta se demor\u00f3 un poquito en hacernos bajar. Cuando llegu\u00e9, vi a unos familiares y unos amigos llorando. Les percib\u00eda un dolor muy fuerte, en medio de toda la impotencia y toda la rabia [\u2026]<\/em> <em>Uno siente rabia por la vida de uno, pero tambi\u00e9n al ver a la familia sometida a situaciones tan complejas, a que la Polic\u00eda los empuje. \u00cdbamos caminando y hab\u00eda muchos medios de prensa y est\u00e1bamos custodiados por la Polic\u00eda y ellos no quer\u00edan que nosotros habl\u00e1ramos. Entonces, apenas yo me baj\u00e9 de la tanqueta, empec\u00e9 a gritar que eso era un falso positivo judicial, que todo correspond\u00eda a intereses electorales del momento, [que] era parte de la estrategia uribista. Empec\u00e9 a gritar eso y esa foto me la tomaron cuando iba subiendo por las escaleras: se me acerc\u00f3 un periodista de Citytv y yo estaba bastante molesta porque mientras yo gritaba un polic\u00eda intentaba empujar a los periodistas y me gritaba \u2018\u00a1c\u00e1llese, c\u00e1llese, ud. no tiene por qu\u00e9 decir nada!\u2019. Obviamente, eso era como si me estuviera dando cuerda. Vi\u00e9ndolo de lejos, habr\u00eda sido muy distinto donde nosotros nos hubi\u00e9semos quedado callados.\u00a0\u00bb<\/em><\/span><\/p>\n<figure id=\"attachment_24618\" aria-describedby=\"caption-attachment-24618\" style=\"width: 497px\" class=\"wp-caption aligncenter\"><img loading=\"lazy\" decoding=\"async\" class=\"wp-image-24618\" src=\"http:\/\/www.lapluma.net\/wp-content\/uploads\/2021\/03\/Lina-falso-positivo-judicial-300x200.jpg\" alt=\"\" width=\"497\" height=\"331\" srcset=\"https:\/\/www.lapluma.net\/wp-content\/uploads\/2021\/03\/Lina-falso-positivo-judicial-300x200.jpg 300w, https:\/\/www.lapluma.net\/wp-content\/uploads\/2021\/03\/Lina-falso-positivo-judicial-768x512.jpg 768w, https:\/\/www.lapluma.net\/wp-content\/uploads\/2021\/03\/Lina-falso-positivo-judicial-435x290.jpg 435w, https:\/\/www.lapluma.net\/wp-content\/uploads\/2021\/03\/Lina-falso-positivo-judicial-150x100.jpg 150w, https:\/\/www.lapluma.net\/wp-content\/uploads\/2021\/03\/Lina-falso-positivo-judicial-370x247.jpg 370w, https:\/\/www.lapluma.net\/wp-content\/uploads\/2021\/03\/Lina-falso-positivo-judicial.jpg 900w\" sizes=\"auto, (max-width: 497px) 100vw, 497px\" \/><figcaption id=\"caption-attachment-24618\" class=\"wp-caption-text\">Es un falso positivo judicial<\/figcaption><\/figure>\n<p style=\"text-align: justify;\"><span style=\"font-size: 12pt;\">Y la verdad es que s\u00ed. En todo el proceso ninguno de los detenidos bajaba la cabeza, hasta han aparecido en videos desde la c\u00e1rcel, algunos escribieron art\u00edculos y otros asumieron la vocer\u00eda de presos en medio de las protestas carcelarias. Detenidos injustamente, pero en ning\u00fan caso derrotados.<\/span><\/p>\n<p style=\"text-align: justify;\"><span style=\"font-size: 12pt;\">Todas las c\u00e1rceles intentan romper al individuo, quebrarlo, quitarle su dignidad y su sentido de estar vivo. Las c\u00e1rceles colombianas no son distintas en ese sentido y, de hecho, varios problemas como el hacinamiento y el p\u00e9simo servicio de salud y educaci\u00f3n agravan la situaci\u00f3n m\u00e1s todav\u00eda. Ser una detenida pol\u00edtica puede ser muy peligroso, pero, cuando los n\u00fameros lo permiten, formar parte de un colectivo de presos o presas tiene sus ventajas. Cuenta Lina que la llevaron al <a href=\"https:\/\/inpec.gov.co\/institucion\/organizacion\/establecimientos-penitenciarios\/regional-central\/rm-bogota\" target=\"_blank\" rel=\"noreferrer noopener nofollow\">Buen Pastor<\/a> en Bogot\u00e1 y, luego de su procesamiento, la ubicaron en el patio de las presas pol\u00edticas:<\/span><\/p>\n<p style=\"text-align: justify; padding-left: 40px;\"><span style=\"font-size: 12pt;\"><em>\u00ab\u00a0Es bien interesante porque, cuando llegamos, estaban terminando de salir las \u00faltimas prisioneras pol\u00edticas de las FARC-EP. Estuvimos ocho d\u00edas en una URI y nos metieron todo el terror de la vida: que \u2018uds, son unas <\/em>gomelas<em> y en el Buen Pastor las van a robar, a atracar\u2019 [\u2026] Pero cuando llegamos al Patio 6 de las presas pol\u00edticas nos sorprendi\u00f3 mucho: nos ten\u00edan las celdas limpias, cobijas limpias, todo organizado, nos ten\u00edan sopa caliente, caf\u00e9, papel higi\u00e9nico y algunos elementos. Hab\u00eda m\u00e1s o menos 34 presas de las FARC-EP y el ELN. Pasado un tiempo salieron las de las FARC. Empezaron a llegar prisioneras sociales y fue bien distinto. Como era un patio de alta seguridad empezaron a llegar personas vinculadas con el narcotr\u00e1fico. Hubo un cambio de ambiente total porque se ve\u00eda m\u00e1s el dinero de ellas, pues pagaban para entrar <\/em>whisky<em> [\u2026] Fue un cambio bastante fuerte.\u00a0\u00bb<\/em><\/span><\/p>\n<p style=\"text-align: justify;\"><span style=\"font-size: 12pt;\">Aunque los Estados suelen tratar a los presos pol\u00edticos como delincuentes comunes, no lo son. Esto se nota en la forma de organizarse en la c\u00e1rcel, en las relaciones con las autoridades carcelarias. Formar parte de un colectivo como este conllevaba, como Lina vio cuando lleg\u00f3, ciertas ventajas para su bienestar y seguridad:<\/span><\/p>\n<p style=\"text-align: justify; padding-left: 40px;\"><span style=\"font-size: 12pt;\"><em>\u00ab\u00a0Las presas ten\u00edan acompa\u00f1amiento, y se hac\u00edan denuncias. Las guardias llamaban al Patio 6 como \u2018el patio de las <\/em>\u00edas<em>\u2018 porque siempre denunciaban a la Procuradur\u00eda, la Defensor\u00eda, etc. La directora consultaba a las presas como se iban a hacer ciertas cosas, se hac\u00edan reuniones con la directora. Eso no pasaba en los otros patios, [donde] no ten\u00edan en cuenta la opini\u00f3n de las otras prisioneras. Es que las presas pol\u00edticas ganaron su espacio, no fueron concesiones del INPEC sino que lo sacaron a punta de protestas y hasta huelgas de hambre a lo largo de los a\u00f1os.\u00a0\u00bb<\/em><\/span><\/p>\n<p><img loading=\"lazy\" decoding=\"async\" class=\" wp-image-24619 aligncenter\" src=\"http:\/\/www.lapluma.net\/wp-content\/uploads\/2021\/03\/Screenshot_2021-03-14-Lina-Jim\u00e9nez-el-caso-Andino-es-un-montaje-El-Turbi\u00f3n-300x159.png\" alt=\"\" width=\"573\" height=\"304\" srcset=\"https:\/\/www.lapluma.net\/wp-content\/uploads\/2021\/03\/Screenshot_2021-03-14-Lina-Jim\u00e9nez-el-caso-Andino-es-un-montaje-El-Turbi\u00f3n-300x159.png 300w, https:\/\/www.lapluma.net\/wp-content\/uploads\/2021\/03\/Screenshot_2021-03-14-Lina-Jim\u00e9nez-el-caso-Andino-es-un-montaje-El-Turbi\u00f3n-1024x543.png 1024w, https:\/\/www.lapluma.net\/wp-content\/uploads\/2021\/03\/Screenshot_2021-03-14-Lina-Jim\u00e9nez-el-caso-Andino-es-un-montaje-El-Turbi\u00f3n-768x408.png 768w, https:\/\/www.lapluma.net\/wp-content\/uploads\/2021\/03\/Screenshot_2021-03-14-Lina-Jim\u00e9nez-el-caso-Andino-es-un-montaje-El-Turbi\u00f3n.png 1127w\" sizes=\"auto, (max-width: 573px) 100vw, 573px\" \/><\/p>\n<p style=\"text-align: justify;\"><span style=\"font-size: 12pt;\">Pero no s\u00f3lo personas como Lina sufren los montajes judiciales sino sus familiares, sobre todo cuando le endilgan un crimen como el atentado del Centro Andino. El Estado tambi\u00e9n hostiga a los familiares y los intenta presionar como parte de su estrategia jur\u00eddica. Al respecto, Lina se\u00f1ala que:<\/span><\/p>\n<p style=\"text-align: justify; padding-left: 40px;\"><span style=\"font-size: 12pt;\"><em>\u00ab\u00a0Hay una presi\u00f3n muy fuerte sobre nuestras familias, adem\u00e1s del se\u00f1alamiento social. En mi caso, cuando me capturaron, al mismo momento estaban haciendo el allanamiento en la casa y fue una cosa muy fuerte porque yo vivo sobre una avenida: cerraron toda la avenida, hab\u00eda tanquetas, por lo menos unos diez carros antiexplosivos y una cantidad impresionante de polic\u00edas. Todo el mundo [estaba] preguntando qu\u00e9 habr\u00e1 pasado. Desde que sal\u00ed de la c\u00e1rcel no han dejado de seguirme y tomar fotos, y hay una presencia permanente de polic\u00edas vestidos de civil.\u00a0\u00bb<\/em><\/span><\/p>\n<p style=\"text-align: justify;\"><span style=\"font-size: 12pt;\">Para Lina, su caso y dem\u00e1s procesos contra otros estudiantes son estrategias del Estado para derrotar al movimiento social, dar condenas ejemplarizantes como advertencia a todos aquellos que piensan distinto y quieren cambiar el pa\u00eds. Los procesos judiciales intentan quebrar los procesos populares y tambi\u00e9n a los mismos detenidos. En su caso no funcion\u00f3 mucho, seg\u00fan relata:<\/span><\/p>\n<p style=\"text-align: justify; padding-left: 40px;\"><span style=\"font-size: 12pt;\"><em>\u00ab\u00a0Ver la miseria de este sistema en carne propia hace que uno entienda y tenga este espacio como otro espacio de lucha pol\u00edtica. En el proceso mismo y la c\u00e1rcel uno ve el sistema desenmascarado tan cruelmente porque esto s\u00f3lo lo hacen personas que no tienen respecto por la vida, por la humanidad ni por nada. Uno siente que tiene que seguir luchando por lo que uno cree, por la vida. Este sistema est\u00e1 en una crisis desde hace un buen tiempo. Salgo de la c\u00e1rcel y estamos en una pandemia, estamos en una situaci\u00f3n bastante compleja que no est\u00e1 separada de las l\u00f3gicas de este sistema. En este sistema hay humanos de primera categor\u00eda y humanos de ninguna categor\u00eda. Y mi postura y la de mis compa\u00f1eros del caso es la que tiene que ser oculta y para eso sirve la c\u00e1rcel [\u2026] Esa es de una de las herramientas [que sirven para] generar una idea de que hay una sanci\u00f3n ejemplarizante que se tiene que dar [\u2026] y busca despojar a las personas de su humanidad.\u00a0\u00bb<\/em><\/span><\/p>\n<p style=\"text-align: justify;\"><span style=\"font-size: 12pt;\">Aunque Lina y los dem\u00e1s detenidos injustamente por el Caso Andino se encuentran en libertad, el proceso en su contra sigue. Es de esperar que los jueces fallan en derecho, como ya lo hicieron en el caso de Mateo Guti\u00e9rrez, a qui\u00e9n tambi\u00e9n se le acus\u00f3 de pertenecer a misma organizaci\u00f3n que supuestamente hizo el atentado y quien logr\u00f3 demostrar su inocencia. Pero, en Colombia la justicia es coja y muchas veces no llega.<\/span><\/p>\n<p style=\"text-align: center;\"><img loading=\"lazy\" decoding=\"async\" class=\" wp-image-24647 aligncenter\" src=\"http:\/\/www.lapluma.net\/wp-content\/uploads\/2021\/03\/Portada-Nateo-gutierrez-300x214.jpg\" alt=\"\" width=\"539\" height=\"385\" srcset=\"https:\/\/www.lapluma.net\/wp-content\/uploads\/2021\/03\/Portada-Nateo-gutierrez-300x214.jpg 300w, https:\/\/www.lapluma.net\/wp-content\/uploads\/2021\/03\/Portada-Nateo-gutierrez.jpg 700w\" sizes=\"auto, (max-width: 539px) 100vw, 539px\" \/><strong><span class=\"texte1\">Mateo Guti\u00e9rrez, otra v\u00edctima de un falso positivo judicial, inocentado<\/span><\/strong><\/p>\n<p><span style=\"font-size: 14pt;\"><strong>Gear\u00f3id \u00d3 Loingsigh<\/strong><\/span><\/p>\n<p><span style=\"font-size: 14pt;\"><strong>Editado por <span class=\"navigation_cadre\"><a href=\"http:\/\/www.lapluma.net\/nosotros\/editora\/\">Mar\u00eda Piedad Ossaba<\/a><\/span><\/strong><\/span><\/p>\n<p><span style=\"font-size: 14pt;\"><strong>Fuente:<a href=\"https:\/\/elturbion.com\/17870\"> El Turbion<\/a> <\/strong><strong>N\u00famero 278 &#8211;<\/strong><strong>12 de marzo de 2021<\/strong><\/span><\/p>\n<p><strong><span class=\"navigation_cadre\"><span style=\"font-size: 14pt;\">Traductions disponibles : <a href=\"http:\/\/tlaxcala-int.org\/article.asp?reference=31041\">English<\/a>\u00a0<\/span> <\/span><\/strong><\/p>\n","protected":false},"excerpt":{"rendered":"<p>Para Lina, su caso y dem\u00e1s procesos contra otros estudiantes son estrategias del Estado para derrotar al movimiento social, dar condenas ejemplarizantes como advertencia a todos aquellos que piensan distinto y quieren cambiar el pa\u00eds.<\/p>\n","protected":false},"author":730,"featured_media":24620,"comment_status":"open","ping_status":"open","sticky":false,"template":"","format":"standard","meta":{"_uf_show_specific_survey":0,"_uf_disable_surveys":false,"footnotes":""},"categories":[216,7],"tags":[12253,12255,5119,5797,12257,12254,12267,4289,12258,12259,12260,12256,4611],"coauthors":[11103],"class_list":["post-24611","post","type-post","status-publish","format-standard","has-post-thumbnail","hentry","category-colombia","category-ddhh","tag-centro-comercial-andino","tag-detencion-captura","tag-falso-positivo-judicial","tag-gearoid-o-loingsigh","tag-homicidio-y-tentativa-de-homicidio","tag-lina-jimenez","tag-mateo-gutierrez","tag-montajes-judiciales","tag-prisioneras-politicas","tag-prisioneras-sociales","tag-procesos-judiciales-procesos-populares","tag-terrorismo-concierto-para-delinquir","tag-violacion-de-ddhh"],"translation":{"provider":"WPGlobus","version":"2.12.2","language":"fr","enabled_languages":["es","fr"],"languages":{"es":{"title":true,"content":true,"excerpt":true},"fr":{"title":false,"content":false,"excerpt":false}}},"_links":{"self":[{"href":"https:\/\/www.lapluma.net\/fr\/wp-json\/wp\/v2\/posts\/24611","targetHints":{"allow":["GET"]}}],"collection":[{"href":"https:\/\/www.lapluma.net\/fr\/wp-json\/wp\/v2\/posts"}],"about":[{"href":"https:\/\/www.lapluma.net\/fr\/wp-json\/wp\/v2\/types\/post"}],"author":[{"embeddable":true,"href":"https:\/\/www.lapluma.net\/fr\/wp-json\/wp\/v2\/users\/730"}],"replies":[{"embeddable":true,"href":"https:\/\/www.lapluma.net\/fr\/wp-json\/wp\/v2\/comments?post=24611"}],"version-history":[{"count":10,"href":"https:\/\/www.lapluma.net\/fr\/wp-json\/wp\/v2\/posts\/24611\/revisions"}],"predecessor-version":[{"id":24645,"href":"https:\/\/www.lapluma.net\/fr\/wp-json\/wp\/v2\/posts\/24611\/revisions\/24645"}],"wp:featuredmedia":[{"embeddable":true,"href":"https:\/\/www.lapluma.net\/fr\/wp-json\/wp\/v2\/media\/24620"}],"wp:attachment":[{"href":"https:\/\/www.lapluma.net\/fr\/wp-json\/wp\/v2\/media?parent=24611"}],"wp:term":[{"taxonomy":"category","embeddable":true,"href":"https:\/\/www.lapluma.net\/fr\/wp-json\/wp\/v2\/categories?post=24611"},{"taxonomy":"post_tag","embeddable":true,"href":"https:\/\/www.lapluma.net\/fr\/wp-json\/wp\/v2\/tags?post=24611"},{"taxonomy":"author","embeddable":true,"href":"https:\/\/www.lapluma.net\/fr\/wp-json\/wp\/v2\/coauthors?post=24611"}],"curies":[{"name":"wp","href":"https:\/\/api.w.org\/{rel}","templated":true}]}}