{"id":24186,"date":"2021-02-27T16:03:17","date_gmt":"2021-02-27T16:03:17","guid":{"rendered":"http:\/\/www.lapluma.net\/?p=24186"},"modified":"2021-02-27T16:03:17","modified_gmt":"2021-02-27T16:03:17","slug":"el-veneno-en-la-herida-la-vida-de-ana-zabaloy-maestra-rural-que-murio-luchando-contra-los-agrotoxicos","status":"publish","type":"post","link":"https:\/\/www.lapluma.net\/fr\/2021\/02\/27\/el-veneno-en-la-herida-la-vida-de-ana-zabaloy-maestra-rural-que-murio-luchando-contra-los-agrotoxicos\/","title":{"rendered":"El veneno en la herida : La vida de Ana Zabaloy, maestra rural que muri\u00f3 luchando contra los agrot\u00f3xicos"},"content":{"rendered":"<p>&nbsp;<\/p>\n<div id=\"ffenetremailtomailModal\" style=\"z-index: 20002;\">\n<div id=\"ffenetremailtopopupModalMail\">\n<div id=\"ffenetremailtotoModalClose\"><\/div>\n<div id=\"ffenetremailtopopupQuestion\">What do you want to do ?<\/div>\n<p><a id=\"ffenetremailtoemailOpen\"><\/a>New mail<button id=\"ffenetremailtobuttonEmail\">Copy<\/button><textarea id=\"ffenetremailtotextArea\"><\/textarea><\/div>\n<\/div>\n<div><img \/><\/div>\n","protected":false},"excerpt":{"rendered":"<p>Desde que lleg\u00f3 a Areco dio testimonio y le puso el cuerpo a esa invasi\u00f3n humana que es el campo sojero y su constante atropello. Muri\u00f3 de c\u00e1ncer.   <\/p>\n","protected":false},"author":797,"featured_media":24188,"comment_status":"open","ping_status":"open","sticky":false,"template":"","format":"standard","meta":{"_uf_show_specific_survey":0,"_uf_disable_surveys":false,"footnotes":""},"categories":[9],"tags":[6419,12104,10452,10477,5084,10479,12106,11694,12105,613],"coauthors":[12103],"class_list":["post-24186","post","type-post","status-publish","format-standard","has-post-thumbnail","hentry","category-economia-de-la-naturaleza","tag-agrotoxicos","tag-ana-zabaloy","tag-argentina-abya-yala","tag-aspersiones-con-glifosato-u-otro-producto-xenobiotico","tag-cultivos-transgenicos-herbicida-resitencia","tag-herbicida-sistemico-de-amplio-espectro","tag-la-red-federal","tag-lluvia-de-glifosato-plaguicidas","tag-marisa-avigliano","tag-provincia-de-buenos-aires"],"translation":{"provider":"WPGlobus","version":"2.12.2","language":"fr","enabled_languages":["es","fr"],"languages":{"es":{"title":true,"content":true,"excerpt":true},"fr":{"title":false,"content":true,"excerpt":false}}},"_links":{"self":[{"href":"https:\/\/www.lapluma.net\/fr\/wp-json\/wp\/v2\/posts\/24186","targetHints":{"allow":["GET"]}}],"collection":[{"href":"https:\/\/www.lapluma.net\/fr\/wp-json\/wp\/v2\/posts"}],"about":[{"href":"https:\/\/www.lapluma.net\/fr\/wp-json\/wp\/v2\/types\/post"}],"author":[{"embeddable":true,"href":"https:\/\/www.lapluma.net\/fr\/wp-json\/wp\/v2\/users\/797"}],"replies":[{"embeddable":true,"href":"https:\/\/www.lapluma.net\/fr\/wp-json\/wp\/v2\/comments?post=24186"}],"version-history":[{"count":3,"href":"https:\/\/www.lapluma.net\/fr\/wp-json\/wp\/v2\/posts\/24186\/revisions"}],"predecessor-version":[{"id":24193,"href":"https:\/\/www.lapluma.net\/fr\/wp-json\/wp\/v2\/posts\/24186\/revisions\/24193"}],"wp:featuredmedia":[{"embeddable":true,"href":"https:\/\/www.lapluma.net\/fr\/wp-json\/wp\/v2\/media\/24188"}],"wp:attachment":[{"href":"https:\/\/www.lapluma.net\/fr\/wp-json\/wp\/v2\/media?parent=24186"}],"wp:term":[{"taxonomy":"category","embeddable":true,"href":"https:\/\/www.lapluma.net\/fr\/wp-json\/wp\/v2\/categories?post=24186"},{"taxonomy":"post_tag","embeddable":true,"href":"https:\/\/www.lapluma.net\/fr\/wp-json\/wp\/v2\/tags?post=24186"},{"taxonomy":"author","embeddable":true,"href":"https:\/\/www.lapluma.net\/fr\/wp-json\/wp\/v2\/coauthors?post=24186"}],"curies":[{"name":"wp","href":"https:\/\/api.w.org\/{rel}","templated":true}]}}