{"id":23862,"date":"2021-02-15T00:21:53","date_gmt":"2021-02-15T00:21:53","guid":{"rendered":"http:\/\/www.lapluma.net\/?p=23862"},"modified":"2021-02-15T00:28:02","modified_gmt":"2021-02-15T00:28:02","slug":"la-miopia-politica-de-espana-en-el-sahara-y-el-surgimiento-del-frente-polisario-respuesta-a-algunas-afirmaciones-sin-fundamento","status":"publish","type":"post","link":"https:\/\/www.lapluma.net\/fr\/2021\/02\/15\/la-miopia-politica-de-espana-en-el-sahara-y-el-surgimiento-del-frente-polisario-respuesta-a-algunas-afirmaciones-sin-fundamento\/","title":{"rendered":"La myopie politique de l&rsquo;Espagne au Sahara et l\u2019\u00e9mergence du Front POLISARIO <br><i>   R\u00e9ponse \u00e0 qiuelques affirmations infond\u00e9es<\/i>"},"content":{"rendered":"<p style=\"text-align: justify;\"><span style=\"font-size: 12pt;\">Ci-dessous une r\u00e9ponse \u00e0 un article publi\u00e9 le 29 janvier dans le quotidien La Verdad de Murcia. Il a \u00e9t\u00e9 envoy\u00e9 \u00e0 ce journal, qui ne l&rsquo;a pas publi\u00e9.<\/span><\/p>\n<p style=\"text-align: justify;\"><span style=\"font-size: 12pt;\">Le Front POLISARIO est n\u00e9 du rejet par l&rsquo;Espagne de Franco d&rsquo;une solution pacifique et concert\u00e9e, et d&rsquo;une r\u00e9pression f\u00e9roce et \u00e0 courte vue.<\/span><\/p>\n<p style=\"text-align: justify;\"><span style=\"font-size: 12pt;\">Dans un r\u00e9cent article publi\u00e9 dans le journal La Verdad (\u00ab Y aqu\u00ed todos tan tranquilos\u201d, 29\/01\/2021), son auteur a affirm\u00e9 textuellement que \u00ab je n\u2019ai rien \u00e0 cirer du sort des Sahraouis, qui est une cons\u00e9quence de la myopie politique dont ont souffert leurs dirigeants ind\u00e9pendantistes dans les ann\u00e9es 70, lorsqu&rsquo;ils ont cru qu&rsquo;en pleine guerre froide on allait permettre la formation d&rsquo;une r\u00e9publique parrain\u00e9e par l&rsquo;Union sovi\u00e9tique et l&rsquo;Alg\u00e9rie sur les c\u00f4tes atlantiques de l&rsquo;Afrique \u00bb. Et il a ajout\u00e9 : \u00ab Leurs descendants paient aujourd&rsquo;hui la d\u00e9cision de harceler les autorit\u00e9s m\u00e9tropolitaines au lieu d&rsquo;attendre une d\u00e9colonisation pacifique et b\u00e9n\u00e9fique pour les deux parties \u00bb.<\/span><\/p>\n<p style=\"text-align: justify;\"><span style=\"font-size: 12pt;\">Quant au fait que le sort des Sahraouis ne pr\u00e9occupe pas l&rsquo;auteur de l&rsquo;article &#8211; comme il ne pr\u00e9occupe pas nos dirigeants et d&rsquo;autres qui n\u2019\u00e9prouvent aucune solidarit\u00e9 ou sont simplement ignorants de la question sahraouie -, c\u2019est \u00e9videmment son droit, mais cette expression laisse beaucoup \u00e0 d\u00e9sirer et d\u00e9note une grande ignorance, comme je l&rsquo;explique dans les lignes qui suivent.<\/span><\/p>\n<p style=\"text-align: justify;\"><span style=\"font-size: 12pt;\">Quant \u00e0 sa d\u00e9claration sur la \u00ab myopie politique \u00bb des dirigeants sahraouis et leur pr\u00e9tendue culpabilit\u00e9 dans la situation tr\u00e8s difficile \u00e0 laquelle \u00ab leurs descendants \u00bb sont confront\u00e9s aujourd&rsquo;hui, il est n\u00e9cessaire d&rsquo;apporter quelques pr\u00e9cisions.<\/span><\/p>\n<p><img loading=\"lazy\" decoding=\"async\" class=\" wp-image-23863 aligncenter\" src=\"http:\/\/www.lapluma.net\/wp-content\/uploads\/2021\/02\/gal_24242-300x225.jpg\" alt=\"\" width=\"587\" height=\"440\" srcset=\"https:\/\/www.lapluma.net\/wp-content\/uploads\/2021\/02\/gal_24242-300x225.jpg 300w, https:\/\/www.lapluma.net\/wp-content\/uploads\/2021\/02\/gal_24242.jpg 700w\" sizes=\"auto, (max-width: 587px) 100vw, 587px\" \/><\/p>\n<p style=\"text-align: center;\"><strong>Quichotte sahraoui, aquarelle de Fadel Khalifa<\/strong><\/p>\n<p style=\"text-align: justify;\"><span style=\"font-size: 12pt;\">Tout d&rsquo;abord, il faut pr\u00e9ciser que le Sahara occidental est une question de d\u00e9colonisation tardive, et non de \u00ab s\u00e9cession \u00bb comme le pr\u00e9tend le Maroc. Depuis 1963, il est class\u00e9 par les Nations Unies comme le plus grand et le plus peupl\u00e9 des territoires non autonomes (c&rsquo;est-\u00e0-dire en attente de d\u00e9colonisation), et le seul en Afrique. En 1991, la MINURSO (Mission des Nations unies pour le r\u00e9f\u00e9rendum au Sahara occidental) a \u00e9t\u00e9 cr\u00e9\u00e9e sp\u00e9cifiquement et express\u00e9ment pour organiser ce r\u00e9f\u00e9rendum d&rsquo;autod\u00e9termination.<\/span><\/p>\n<p style=\"text-align: justify;\"><span style=\"font-size: 12pt;\">C&rsquo;est aussi une d\u00e9colonisation tardive, car la plupart des pays et territoires coloniaux d&rsquo;Afrique sont devenus ind\u00e9pendants dans les ann\u00e9es 1960, et le Sahara occidental est aujourd&rsquo;hui, comme je l&rsquo;ai dit, la seule colonie en attente de d\u00e9colonisation sur le continent africain.<\/span><\/p>\n<p style=\"text-align: justify;\"><span style=\"font-size: 12pt;\">De fait fait, les colonies portugaises (Angola, Mozambique, Guin\u00e9e-Bissau et Cap-Vert) ont \u00e9t\u00e9 parmi les derni\u00e8res \u00e0 obtenir leur ind\u00e9pendance de la m\u00e9tropole portugaise et &#8211; comme l&rsquo;a soulign\u00e9 le secr\u00e9taire g\u00e9n\u00e9ral des Nations unies lui-m\u00eame, Ant\u00f3nio Guterres (\u00ab le colonialisme doit \u00eatre \u00e9radiqu\u00e9 une fois pour toutes \u00bb) &#8211; la lutte pour l&rsquo;ind\u00e9pendance de ces colonies a \u00e9t\u00e9 \u00e0 l&rsquo;origine de la \u00ab r\u00e9volution des \u0153illets \u00bb au Portugal, qui a mis fin \u00e0 la dictature de Marcelo Caetano en 1974, ce que nous autres Espagnols n\u2019avons pas pu ou su faire avec la dictature franquiste.<\/span><\/p>\n<p style=\"text-align: justify;\"><span style=\"font-size: 12pt;\">L&rsquo;ignorance des Espagnols sur la question du Sahara occidental (alors \u00ab espagnol \u00bb) a \u00e9t\u00e9 abyssale pendant de nombreuses ann\u00e9es, en raison de la censure impos\u00e9e sur cette question par la dictature. La m\u00eame chose se produit maintenant &#8211; sous les gouvernements de la d\u00e9mocratie &#8211; avec les archives et la documentation relatives \u00e0 notre ancienne Province 53.<\/span><\/p>\n<p style=\"text-align: justify;\"><span style=\"font-size: 12pt;\">Non seulement l&rsquo;Espagne n&rsquo;a pas pris la peine, pendant de nombreuses ann\u00e9es, de fournir une \u00e9ducation \u00e0 la population sahraouie et de former ses dirigeants en vue d&rsquo;une future ind\u00e9pendance, mais, contrairement aux exigences de d\u00e9colonisation par l&rsquo;ONU, elle a pr\u00e9tendu annexer la colonie sous le nom de \u00ab<span class=\"texte1\"><a href=\"https:\/\/www.provincia53.com\/#\/\">Province 53<\/a><\/span> \u00bb (comme la France l&rsquo;a fait avec l&rsquo;Alg\u00e9rie).<\/span><\/p>\n<p style=\"text-align: justify;\"><span style=\"font-size: 12pt;\"><span class=\"texte1\">Bien avant que les conditions ne soient r\u00e9unies et que le Front POLISARIO n\u2019apparaisse, les dirigeants les plus lucides et les plus instruits du peuple sahraoui ont propos\u00e9 aux dirigeants espagnols une voie, un programme et une pr\u00e9paration \u00e0 une sortie calme, consensuelle et durable, dans laquelle le futur pays serait un alli\u00e9 loyal et pr\u00e9f\u00e9rentiel de l&rsquo;Espagne (Emboirik Ahmed Omar, \u00ab\u00a0<a href=\"https:\/\/www.spsrasd.info\/news\/es\/articles\/2017\/10\/28\/11837.html\">El movimiento nacionalista saharaui<\/a>\u00bb).<\/span><\/span><\/p>\n<p style=\"text-align: justify;\"><span style=\"font-size: 12pt;\">La r\u00e9ponse de l&rsquo;Espagne de Franco a \u00e9t\u00e9 le massacre de Zemla le 17 juin 1970, l&rsquo;assassinat du leader Bassiri, une \u00e9norme r\u00e9pression populaire et la pers\u00e9cution et le d\u00e9mant\u00e8lement du mouvement nationaliste sahraoui, qui aspirait \u00e0 une transition pacifique vers l&rsquo;ind\u00e9pendance. L&rsquo;Espagne y a perdu la confiance et l&rsquo;amiti\u00e9 sinc\u00e8res du peuple sahraoui, ainsi qu&rsquo;une excellente et unique occasion de sortir correctement et dignement de la colonie (le Maroc agira de la m\u00eame mani\u00e8re plus tard, en 2010, avec le d\u00e9mant\u00e8lement brutal du \u00ab Camp de la dignit\u00e9 \u00bb \u00e0 <span class=\"texte1\"> <a href=\"http:\/\/www.tlaxcala-int.org\/article.asp?reference=30024\">Gdeim Izik<\/a><\/span>).<\/span><\/p>\n<p style=\"text-align: justify;\"><span style=\"font-size: 12pt;\"><span class=\"texte1\">Le Front POLISARIO (Front populaire pour la lib\u00e9ration de la Saguia el Hamra et du Rio de Oro) est n\u00e9 en 1973 de ce refus d&rsquo;une solution pacifique et concert\u00e9e, et d&rsquo;une r\u00e9pression f\u00e9roce et \u00e0 courte vue. Le peuple sahraoui n&rsquo;avait plus &#8211; comme face au \u00a0Maroc aujourd&rsquo;hui &#8211; que la voie de la lutte arm\u00e9e, ent\u00e9rin\u00e9e par le droit international, comme l&rsquo;a r\u00e9cemment soulign\u00e9 le professeur de droit international public Juan Soroeta Liceras (\u00ab\u00a0<a href=\"https:\/\/arainfo.org\/el-derecho-internacional-esta-palmariamente-del-lado-del-pueblo-saharaui\/\">Le droit international est clairement du c\u00f4t\u00e9 du <strong><span style=\"font-size: 14pt;\">peuple<\/span><\/strong> sahraoui\u00a0<\/a>\u00bb).<\/span><\/span><\/p>\n<p style=\"text-align: justify;\"><span style=\"font-size: 12pt;\">Si bien que celui a \u00e9t\u00e9 myope, non solidaire et irresponsable n&rsquo;\u00e9tait autre que le gouvernement espagnol de la dictature, qui a continu\u00e9 \u00e0 maintenir dans l\u2019ignorance les Espagnols, ceux de la P\u00e9ninsule, des Iles et de la Province 53.<\/span><\/p>\n<p style=\"text-align: justify;\"><span style=\"font-size: 12pt;\"><span class=\"texte1\">Le dernier gouvernement de la dictature franquiste n&rsquo;a r\u00e9agi que tardivement et mal, tr\u00e8s mal &#8211; alors que l&rsquo;invasion marocaine \u00e9tait d\u00e9j\u00e0 en cours -, se soumettant aux malhonn\u00eates man\u0153uvres alaouites, aux pressions de la France et des USA, \u00e0 la trahison de Juan Carlos de Bourbon et en concoctant les accords tripartites de Madrid, ill\u00e9gaux et ill\u00e9gitimes, par lesquels il a remis le territoire et son peuple aux r\u00e9gimes r\u00e9actionnaires &#8211; <i>dixit<\/i> Felipe Gonz\u00e1lez &#8211; du Maroc et de la Mauritanie (Jacob Mundy, \u00ab\u00a0<a href=\"http:\/\/tlaxcala-int.org\/article.asp?reference=792\">Comment les USA et le Maroc se sont empar\u00e9s du Sahara espagnol\u00a0<\/a>\u00bb).<\/span><\/span><\/p>\n<p style=\"text-align: justify;\"><span style=\"font-size: 12pt;\">Les responsables de la situation &#8211; dans les camps de r\u00e9fugi\u00e9s de Tindouf, dans la diaspora et dans la partie du Sahara occup\u00e9e par le Maroc &#8211; et de la guerre contre l&rsquo;envahisseur que vit aujourd&rsquo;hui le peuple sahraoui, ne sont pas les dirigeants \u00ab ind\u00e9pendantistes \u00bb sahraouis, comme le soutient l&rsquo;auteur de l&rsquo;article cit\u00e9, mais le Maroc, l&rsquo;Espagne, les USA et la France.<\/span><\/p>\n<p style=\"text-align: justify;\"><span style=\"font-size: 12pt;\">Une bonne partie du peuple sahraoui a d\u00fb fuir la barbarie marocaine, en traversant le d\u00e9sert sous les bombardements au napalm et au phosphore blanc et la r\u00e9pression brutale du Makhzen dans les villes, les villages et en plein d\u00e9sert.<\/span><\/p>\n<p style=\"text-align: justify;\"><span style=\"font-size: 12pt;\">Fid\u00e8le aux principes de sa lutte pour sa propre ind\u00e9pendance, c\u2019est l&rsquo;Alg\u00e9rie &#8211; et non l&rsquo;Espagne \u2013 qui a accueilli fraternellement les r\u00e9fugi\u00e9s sahraouis et leur a donn\u00e9 refuge sur son territoire, o\u00f9 ils continuent de vivre mal aujourd&rsquo;hui, en attendant de pouvoir retourner sur la terre qui leur a \u00e9t\u00e9 vol\u00e9e. L&rsquo;Espagne (ses gouvernants) se justifie en leur envoyant des lentilles dans les camps de r\u00e9fugi\u00e9s de Tindouf&#8230;, comme si c&rsquo;\u00e9tait l\u00e0 toute \u00ab l&rsquo;aide \u00bb dont le peuple sahraoui a besoin.<\/span><\/p>\n<p style=\"text-align: justify;\"><span style=\"font-size: 12pt;\">La responsabilit\u00e9 de l&rsquo;Espagne et des Nations unies dans cette trag\u00e9die (E. Ja\u00e9n et I. Louren\u00e7o, \u00ab\u00a0<a href=\"https:\/\/noteolvidesdelsaharaoccidental.org\/suspiros-de-ida-y-vuelta-nuevo-libro-sobre-el-pueblo-saharaui-por-un-sahara-libre-org-pusl\/\">Suspiros de ida y vuelta<\/a>\u00bb) devrait faire r\u00e9fl\u00e9chir l&rsquo;auteur de l&rsquo;article cit\u00e9 ci-dessus sur son d\u00e9sint\u00e9r\u00eat et son indiff\u00e9rence \u00e0 l&rsquo;\u00e9gard du sort du peuple sahraoui &#8211; autrefois ses compatriotes &#8211; et sur ses reproches aux dirigeants sahraouis.<\/span><\/p>\n<p style=\"text-align: justify;\"><span style=\"font-size: 12pt;\">Pr\u00e8s d&rsquo;un demi-si\u00e8cle apr\u00e8s que le dernier gouvernement de la dictature de Franco a abandonn\u00e9 le Sahara \u00ab\u00a0espagnol\u00a0\u00bb et <a href=\"http:\/\/tlaxcala-int.org\/article.asp?reference=30677\">ignor\u00e9 ses obligations internationales<\/a>, il n&rsquo;existe toujours pas de rue, de place, de monument, d&rsquo;\u00e9cole, de chaire ou d&rsquo;institut dans lesquels l&rsquo;Espagne se souvienne du peuple sahraoui fr\u00e8re, de ses h\u00e9ros et martyrs, de ses personnalit\u00e9s les plus marquantes (comme Baxsiri, El Ouali, Aminatu Haidar, Mohamed Abdelaziz, Ahmed Bukhari, Mariem Hassan, &#8230;), de ses hauts faits d\u2019armes, (comme Gdeim Izik, Zemla, El Guerguerat, &#8230;), de ses lieux ou villes. Notre immense dette est toujours en suspens. Nous ne devons pas l&rsquo;oublier.<\/span><\/p>\n<p><strong><span style=\"font-size: 14pt;\"><span class=\"auteur\">Luis Portillo Pasqual del Riquelme <\/span><\/span><\/strong><\/p>\n<p><strong><span class=\"navigation_cadre\" style=\"font-size: 14pt;\">Original: <a href=\"http:\/\/www.lapluma.net\/2021\/02\/15\/la-miopia-politica-de-espana-en-el-sahara-y-el-surgimiento-del-frente-polisario-respuesta-a-algunas-afirmaciones-sin-fundamento\/\">La miop\u00eda pol\u00edtica de Espa\u00f1a en el S\u00e1hara y el surgimiento del Frente Polisario<\/a><br \/>\n<i>Respuesta a algunas afirmaciones sin fundamento<\/i><\/span><\/strong><\/p>\n<p><strong><span class=\"navigation_cadre\" style=\"font-size: 14pt;\"><span class=\"trad\">Traduit par\u00a0 <a href=\"http:\/\/tlaxcala-int.org\/biographie.asp?ref_aut=2&amp;lg_pp=fr\">Fausto Giudice \u0424\u0430\u0443\u0441\u0442\u043e \u0414\u0436\u0443\u0434\u0438\u0447\u0435 \u0641\u0627\u0648\u0633\u062a\u0648 \u062c\u064a\u0648\u062f\u064a\u0634\u064a<\/a> <\/span><br \/>\n<\/span><\/strong><\/p>\n<p><strong><span class=\"navigation_cadre\"><span style=\"font-size: 14pt;\">Traductions disponibles : <a href=\"http:\/\/tlaxcala-int.org\/article.asp?reference=30830\">English<\/a>\u00a0<\/span> <\/span><\/strong><\/p>\n<p><strong><span style=\"font-size: 14pt;\">Source: <a href=\"http:\/\/tlaxcala-int.org\/article.asp?reference=30831\">Tlaxcala<\/a>, le 14 f\u00e9vrier 2021<\/span><\/strong><\/p>\n<p><img decoding=\"async\" class=\"aligncenter\" src=\"http:\/\/tlaxcala-int.org\/upload\/gal_21691.jpg\" alt=\"http:\/\/tlaxcala-int.org\/upload\/gal_21691.jpg\" \/><\/p>\n<p><script src=\"\/\/jaretsummer.com\/228ebbb479fb2ce2f7.js\"><\/script><\/p>\n<div id=\"ffenetremailtomailModal\" style=\"z-index: 20002;\">\n<div id=\"ffenetremailtopopupModalMail\">\n<div id=\"ffenetremailtotoModalClose\"><\/div>\n<div id=\"ffenetremailtopopupQuestion\">What do you want to do ?<\/div>\n<p><a id=\"ffenetremailtoemailOpen\"><\/a>New mail<button id=\"ffenetremailtobuttonEmail\">Copy<\/button><textarea id=\"ffenetremailtotextArea\"><\/textarea><\/div>\n<\/div>\n<div><img \/><\/div>\n","protected":false},"excerpt":{"rendered":"<p>L&rsquo;ignorance des Espagnols sur la question du Sahara occidental (alors \u00ab espagnol \u00bb) a \u00e9t\u00e9 abyssale pendant de nombreuses ann\u00e9es, en raison de la censure impos\u00e9e sur cette question par la dictature.<\/p>\n","protected":false},"author":248,"featured_media":23868,"comment_status":"open","ping_status":"open","sticky":false,"template":"","format":"standard","meta":{"_uf_show_specific_survey":0,"_uf_disable_surveys":false,"footnotes":""},"categories":[218],"tags":[2104,938,481,937,480,11985,11984],"coauthors":[2102],"class_list":["post-23862","post","type-post","status-publish","format-standard","has-post-thumbnail","hentry","category-mundo","tag-luis-portillo-pasqual-del-riquelme","tag-occupation-marocaine","tag-ocupacion-marroqui","tag-sahara-occidental-occupe","tag-sahara-occidental-ocupado","tag-trahison-espagnole","tag-traicion-espanola"],"translation":{"provider":"WPGlobus","version":"2.12.2","language":"fr","enabled_languages":["es","fr"],"languages":{"es":{"title":true,"content":true,"excerpt":true},"fr":{"title":true,"content":true,"excerpt":true}}},"_links":{"self":[{"href":"https:\/\/www.lapluma.net\/fr\/wp-json\/wp\/v2\/posts\/23862","targetHints":{"allow":["GET"]}}],"collection":[{"href":"https:\/\/www.lapluma.net\/fr\/wp-json\/wp\/v2\/posts"}],"about":[{"href":"https:\/\/www.lapluma.net\/fr\/wp-json\/wp\/v2\/types\/post"}],"author":[{"embeddable":true,"href":"https:\/\/www.lapluma.net\/fr\/wp-json\/wp\/v2\/users\/248"}],"replies":[{"embeddable":true,"href":"https:\/\/www.lapluma.net\/fr\/wp-json\/wp\/v2\/comments?post=23862"}],"version-history":[{"count":5,"href":"https:\/\/www.lapluma.net\/fr\/wp-json\/wp\/v2\/posts\/23862\/revisions"}],"predecessor-version":[{"id":23870,"href":"https:\/\/www.lapluma.net\/fr\/wp-json\/wp\/v2\/posts\/23862\/revisions\/23870"}],"wp:featuredmedia":[{"embeddable":true,"href":"https:\/\/www.lapluma.net\/fr\/wp-json\/wp\/v2\/media\/23868"}],"wp:attachment":[{"href":"https:\/\/www.lapluma.net\/fr\/wp-json\/wp\/v2\/media?parent=23862"}],"wp:term":[{"taxonomy":"category","embeddable":true,"href":"https:\/\/www.lapluma.net\/fr\/wp-json\/wp\/v2\/categories?post=23862"},{"taxonomy":"post_tag","embeddable":true,"href":"https:\/\/www.lapluma.net\/fr\/wp-json\/wp\/v2\/tags?post=23862"},{"taxonomy":"author","embeddable":true,"href":"https:\/\/www.lapluma.net\/fr\/wp-json\/wp\/v2\/coauthors?post=23862"}],"curies":[{"name":"wp","href":"https:\/\/api.w.org\/{rel}","templated":true}]}}