{"id":23775,"date":"2021-02-12T19:35:03","date_gmt":"2021-02-12T19:35:03","guid":{"rendered":"http:\/\/www.lapluma.net\/?p=23775"},"modified":"2021-02-13T10:36:34","modified_gmt":"2021-02-13T10:36:34","slug":"crisis-climatica-y-modelo-agroindustrial-de-deficit-energetico-el-futuro-post-fosil-esta-en-los-intersticios","status":"publish","type":"post","link":"https:\/\/www.lapluma.net\/fr\/2021\/02\/12\/crisis-climatica-y-modelo-agroindustrial-de-deficit-energetico-el-futuro-post-fosil-esta-en-los-intersticios\/","title":{"rendered":"Crisis clim\u00e1tica y modelo agroindustrial de d\u00e9ficit energ\u00e9tico: el futuro post-f\u00f3sil est\u00e1 en los intersticios"},"content":{"rendered":"<p style=\"text-align: justify;\"><span style=\"font-size: 12pt;\">De los 300.000 a\u00f1os de historia de nuestra especie en la Tierra, la mayor parte la hemos pasado vagando entre plantas y \u00e1rboles, forrajeando nuestro alimento. Hace unos 12.000 a\u00f1os, nuestros antepasados seleccionaron las especies vegetales m\u00e1s promisorias y se asentaron en sociedades agr\u00edcolas. En tiempos m\u00e1s cercanos, los a\u00f1os cincuenta del siglo XX, una sustancial proporci\u00f3n de la poblaci\u00f3n del mundo habitaba el campo; sus actividades cotidianas estaban directamente relacionadas con la producci\u00f3n y distribuci\u00f3n de alimentos. Con la gran aceleraci\u00f3n, que se da con la intensificaci\u00f3n del modelo econ\u00f3mico capitalis-ta a partir del uso de petr\u00f3leo como fuente energ\u00e9tica que posibilita su configuraci\u00f3n (Riechmann, 2017), esta realidad, relativamente estable en el tiempo, cambi\u00f3 por completo. La industrializaci\u00f3n de la producci\u00f3n de alimentos impuls\u00f3 la generaci\u00f3n de patrones de consu-mo que permitieron el nacimiento y desarrollo de una gigantesca industria subvencionada por la energ\u00eda solar acumulada en los combustibles f\u00f3siles, lo que determi-n\u00f3 una nueva proporci\u00f3n demogr\u00e1fica campo-ciudad, la desaparici\u00f3n de ecosistemas enteros que fueron re-emplazados por plantaciones, la homogeneizaci\u00f3n de nuestras dietas, la pandemia de la obesidad: una forma completamente nueva de relacionarnos con el alimento, con nuestros cuerpos, y por ende, con los entornos ecol\u00f3gicos que sostienen la vida. A partir de la extracci\u00f3n ilimitada de bienes naturales en un planeta finito, con condiciones tambi\u00e9n finitas para procesar los residuos &#8211; por ejemplo, el di\u00f3xido de carbono y otros gases de efecto invernadero que emitimos a la atm\u00f3sfera como producto de la combusti\u00f3n de las energ\u00edas f\u00f3siles &#8211; se nos impuso un modelo en el que la generaci\u00f3n de ganancias perpetuas es m\u00e1s importante que nuestra supervivencia, y la de todo aquello que le da sentido a nuestro paso por el mundo.<\/span><\/p>\n<p><img loading=\"lazy\" decoding=\"async\" class=\" wp-image-23776 aligncenter\" src=\"http:\/\/www.lapluma.net\/wp-content\/uploads\/2021\/02\/Capture-Crisis-climatica-300x224.png\" alt=\"\" width=\"508\" height=\"379\" srcset=\"https:\/\/www.lapluma.net\/wp-content\/uploads\/2021\/02\/Capture-Crisis-climatica-300x224.png 300w, https:\/\/www.lapluma.net\/wp-content\/uploads\/2021\/02\/Capture-Crisis-climatica.png 569w\" sizes=\"auto, (max-width: 508px) 100vw, 508px\" \/><\/p>\n<div id=\"ffenetremailtomailModal\" style=\"z-index: 20002; text-align: justify;\">\n<div id=\"ffenetremailtopopupModalMail\">\n<div id=\"ffenetremailtotoModalClose\"><\/div>\n<div id=\"ffenetremailtopopupQuestion\"><span style=\"font-size: 12pt;\">What do you want to do ?<\/span><\/div>\n<p><span style=\"font-size: 12pt;\"><a id=\"ffenetremailtoemailOpen\"><\/a>New mail<button id=\"ffenetremailtobuttonEmail\">Copy<\/button><textarea id=\"ffenetremailtotextArea\"><\/textarea><\/span><\/p>\n<\/div>\n<\/div>\n<div style=\"text-align: justify;\"><span style=\"font-size: 12pt;\">Seg\u00fan el \u00faltimo informe del Panel Intergubernamental de Cambio Clim\u00e1tico (IPCC por sus siglas en ingl\u00e9s), \u201cel calentamiento inducido por el ser humano alcanz\u00f3 [en 2017] aproximadamente 1\u00b0C (probablemente entre 0,8\u00b0C y 1,2\u00b0C) por encima de los niveles preindustriales [&#8230;], au-mentando 0,2 \u00b0C (probablemente entre 0,1\u00b0C y 0,3\u00b0C) por d\u00e9cada\u201d (V. Masson-Delmotte, 2018). Al ritmo actual de emisiones, para 2030, estaremos superando los 1.5\u00b0C esta-blecidos como l\u00edmite en el Acuerdo de Par\u00eds. Un valor que no ser\u00eda de ninguna manera un punto seguro: el aumento de temperatura no es un proceso lineal, por lo que es po-sible que, al superar un umbral determinado, posiblemente menos de 1.5\u00b0C, se puedan desencadenar procesos a\u00fan m\u00e1s desestabilizadores. <\/span><\/div>\n<blockquote>\n<div style=\"text-align: justify; padding-left: 40px;\"><span style=\"font-size: 12pt;\">Entre el 44% y el 57% de todas las emisiones de gases de efecto de invernadero provienen del sistema agroindustrial; all\u00ed se incluyen las emisiones por deforestaci\u00f3n, uso de agrot\u00f3xicos y fertilizantes qu\u00edmicos, procesamiento, embalaje, transporte, refrigeraci\u00f3n y desperdicio [&#8230;]<\/span><\/div>\n<\/blockquote>\n<div style=\"text-align: justify;\"><span style=\"font-size: 12pt;\">Como en el caso de la fiebre, la temperatura es el s\u00edntoma, y un factor desencadenante de la enfermedad, el sistema agroindustrial. Seg\u00fan el \u00faltimo informe \u201cPlaneta vivo\u201d de WWF, este proceso extractivo es responsable del 80% de la deforestaci\u00f3n global, del 70% del uso de agua dulce, y ocupa alrededor del 33% de la superficie terrestre total. Los datos de p\u00e9rdida de biodiversidad en Latinoam\u00e9rica son aterradores: una dis-minuci\u00f3n promedio del 94% en las poblaciones de verte-brados estudiadas, debido a la desaparici\u00f3n y degradaci\u00f3n de su h\u00e1bitat, de nuevo, impulsada por la forma en que el capitalismo fosilista produce alimentos (WWF, 2020). Entre el 44% y el 57% de todas las emisiones de gases de efecto de invernadero provienen del sistema agroin-dustrial; all\u00ed se incluyen las emisiones por deforestaci\u00f3n, uso de agrot\u00f3xicos y fertilizantes qu\u00edmicos, procesa-miento, embalaje, transporte, refrigeraci\u00f3n y desperdicio (Grain, 2011). Se trata de una cadena de explotaci\u00f3n que no produce alimentos: genera mercanc\u00edas como la soya y el ma\u00edz transg\u00e9nicos, y sobre todo, enormes afectaciones a los entornos socioecol\u00f3gicos locales y globales.<\/span><\/div>\n<div><\/div>\n<div><strong><span style=\"font-size: 14pt;\">Andr\u00e9s G\u00f3mez O. para La Pluma<\/span><\/strong><\/div>\n<div><\/div>\n<div style=\"text-align: justify;\"><strong><span style=\"font-size: 14pt;\"><a href=\"https:\/\/semillas.org.co\/apc-aa-files\/353467686e6667686b6c676668f16c6c\/2-crisis-climatica-y-modelo-de-deficit-energetico.pdf\">Seguir leyendo<\/a><\/span><\/strong><\/div>\n<div><\/div>\n<div>\n<p><strong><span style=\"font-size: 14pt;\">Publicada por <a href=\"https:\/\/www.semillas.org.co\/es\/revista\/75-76\">Revista Semillas 74\/75<\/a>, 14 de enero de 2021<\/span><\/strong><\/p>\n<p><strong><span style=\"font-size: 14pt;\">Editado por <\/span><a href=\"http:\/\/www.lapluma.net\/nosotros\/\"><span style=\"font-size: 14pt;\">Mar\u00eda Piedad Ossaba<\/span><\/a><\/strong><\/p>\n<\/div>\n","protected":false},"excerpt":{"rendered":"<p>En el primer semestre de 2019, los eventos clim\u00e1ticos extremos desplazaron a siete millones de personas en el mundo, cifra r\u00e9cord que sit\u00faa a 2019 en camino de ser uno de los a\u00f1os m\u00e1s desastrosos en casi dos d\u00e9cadas, sin contar, incluso, los efectos del hurac\u00e1n Dorian (InternalDisplacementMonitoringCentre, 2019)<\/p>\n","protected":false},"author":786,"featured_media":23790,"comment_status":"open","ping_status":"open","sticky":false,"template":"","format":"standard","meta":{"_uf_show_specific_survey":0,"_uf_disable_surveys":false,"footnotes":""},"categories":[9],"tags":[],"coauthors":[11964],"class_list":["post-23775","post","type-post","status-publish","format-standard","has-post-thumbnail","hentry","category-economia-de-la-naturaleza"],"translation":{"provider":"WPGlobus","version":"2.12.2","language":"fr","enabled_languages":["es","fr"],"languages":{"es":{"title":true,"content":true,"excerpt":true},"fr":{"title":false,"content":false,"excerpt":false}}},"_links":{"self":[{"href":"https:\/\/www.lapluma.net\/fr\/wp-json\/wp\/v2\/posts\/23775","targetHints":{"allow":["GET"]}}],"collection":[{"href":"https:\/\/www.lapluma.net\/fr\/wp-json\/wp\/v2\/posts"}],"about":[{"href":"https:\/\/www.lapluma.net\/fr\/wp-json\/wp\/v2\/types\/post"}],"author":[{"embeddable":true,"href":"https:\/\/www.lapluma.net\/fr\/wp-json\/wp\/v2\/users\/786"}],"replies":[{"embeddable":true,"href":"https:\/\/www.lapluma.net\/fr\/wp-json\/wp\/v2\/comments?post=23775"}],"version-history":[{"count":4,"href":"https:\/\/www.lapluma.net\/fr\/wp-json\/wp\/v2\/posts\/23775\/revisions"}],"predecessor-version":[{"id":23792,"href":"https:\/\/www.lapluma.net\/fr\/wp-json\/wp\/v2\/posts\/23775\/revisions\/23792"}],"wp:featuredmedia":[{"embeddable":true,"href":"https:\/\/www.lapluma.net\/fr\/wp-json\/wp\/v2\/media\/23790"}],"wp:attachment":[{"href":"https:\/\/www.lapluma.net\/fr\/wp-json\/wp\/v2\/media?parent=23775"}],"wp:term":[{"taxonomy":"category","embeddable":true,"href":"https:\/\/www.lapluma.net\/fr\/wp-json\/wp\/v2\/categories?post=23775"},{"taxonomy":"post_tag","embeddable":true,"href":"https:\/\/www.lapluma.net\/fr\/wp-json\/wp\/v2\/tags?post=23775"},{"taxonomy":"author","embeddable":true,"href":"https:\/\/www.lapluma.net\/fr\/wp-json\/wp\/v2\/coauthors?post=23775"}],"curies":[{"name":"wp","href":"https:\/\/api.w.org\/{rel}","templated":true}]}}