{"id":23604,"date":"2021-01-29T19:00:56","date_gmt":"2021-01-29T19:00:56","guid":{"rendered":"http:\/\/www.lapluma.net\/?p=23604"},"modified":"2025-08-06T00:17:55","modified_gmt":"2025-08-06T00:17:55","slug":"consecuencias-de-la-decision-de-trump-de-reconocer-la-soberania-marroqui-sobre-los-territorios-ocupados-del-sahara-occidental","status":"publish","type":"post","link":"https:\/\/www.lapluma.net\/fr\/2021\/01\/29\/consecuencias-de-la-decision-de-trump-de-reconocer-la-soberania-marroqui-sobre-los-territorios-ocupados-del-sahara-occidental\/","title":{"rendered":"Cons\u00e9quences de la d\u00e9cision de Trump de reconna\u00eetre la souverainet\u00e9 marocaine sur les territoires occup\u00e9s du Sahara occidental"},"content":{"rendered":"<h3 align=\"justify\"><b>1. Cons\u00e9quences politiques <\/b><\/h3>\n<p style=\"text-align: justify;\"><span style=\"font-size: 12pt;\">Avec la d\u00e9cision de l&rsquo;administration Trump de reconna\u00eetre la souverainet\u00e9 marocaine sur les territoires occup\u00e9s du Sahara occidental, les USA modifient radicalement leur position par rapport au conflit. Jusqu&rsquo;\u00e0 pr\u00e9sent, comme Robert B. Zoellick l&rsquo;a express\u00e9ment d\u00e9clar\u00e9 en 2004, l&rsquo;accord de libre-\u00e9change existant entre les USA et le Maroc n&rsquo;\u00e9tait pas applicable au Sahara occidental, parce que les USA ne reconnaissaient pas la souverainet\u00e9 du Maroc sur le territoire.<\/span><\/p>\n<p style=\"text-align: justify;\"><span style=\"font-size: 12pt;\">Malgr\u00e9 la gravit\u00e9 et le tumulte que cette d\u00e9cision aberrante du pr\u00e9sident usam\u00e9ricain sortant a provoqu\u00e9, ses cons\u00e9quences sont tr\u00e8s limit\u00e9es.<\/span><\/p>\n<p style=\"text-align: justify;\"><span style=\"font-size: 12pt;\">C&rsquo;est en toute logique qu&rsquo;Isra\u00ebl et le Maroc, deux \u00c9tats qui, au vu et au su du monde, m\u00e8nent l&rsquo;occupation militaire de territoires \u00e9trangers, violant sans scrupule le droit international, se sont alli\u00e9s pour d\u00e9fendre une telle position. De fait, ils sont des alli\u00e9s depuis plus de six d\u00e9cennies. Bien que le r\u00e9gime alaouite ait tent\u00e9 de le cacher, la collaboration d&rsquo;Isra\u00ebl dans la construction du mur qui divise le Sahara occidental en deux depuis les ann\u00e9es 80 du si\u00e8cle dernier et la coop\u00e9ration des services secrets des deux pays sont bien connues.<\/span><\/p>\n<p style=\"text-align: justify;\"><span style=\"font-size: 12pt;\">Le Maroc a essay\u00e9 de cacher cet \u00e9tat de fait \u00e0 son opinion publique et \u00e0 l&rsquo;opinion publique internationale, parce qu&rsquo;il a officiellement pr\u00e9tendu \u00eatre le principal d\u00e9fenseur des droits du peuple palestinien. L&rsquo;\u00e9tablissement de relations diplomatiques officielles entre ces deux \u00c9tats, \u00ab\u00a0en \u00e9change\u00a0\u00bb de la reconnaissance de la souverainet\u00e9 marocaine sur les territoires sahraouis occup\u00e9s, r\u00e9v\u00e8le le r\u00f4le r\u00e9el que la monarchie alaouite a jou\u00e9 et est pr\u00eate \u00e0 jouer dans la \u00ab\u00a0d\u00e9fense\u00a0\u00bb des droits du peuple palestinien.<\/span><\/p>\n<p style=\"text-align: justify;\"><span style=\"font-size: 12pt;\">En effet, la pr\u00e9tendue image du Maroc comme principal d\u00e9fenseur du peuple palestinien dans le monde arabe a \u00e9t\u00e9 la raison pour laquelle les mouvements de lib\u00e9ration nationale palestinien et sahraoui ne se sont pas compris et ne se sont pas unis pour faire front commun contre une violation pratiquement identique du droit international. Juridiquement, la situation du Maroc au Sahara occidental est la m\u00eame que celle d&rsquo;Isra\u00ebl dans les territoires palestiniens occup\u00e9s.<\/span><\/p>\n<p style=\"text-align: justify;\"><span style=\"font-size: 12pt;\">Curieusement, depuis des ann\u00e9es, Isra\u00ebl se plaint aupr\u00e8s de l&rsquo;Union europ\u00e9enne du traitement in\u00e9gal que celle-ci accorde aux occupations militaires isra\u00e9lienne et marocaine. Le fait est que l&rsquo;Union europ\u00e9enne fait effectivement, bien que timidement, pression sur Isra\u00ebl pour qu&rsquo;il respecte les droits de la population palestinienne. Ainsi, par exemple, Isra\u00ebl s&rsquo;est plaint que pour que les produits fabriqu\u00e9s dans les colonies de peuplement en Palestine puissent \u00eatre commercialis\u00e9s sur le territoire de l&rsquo;Union europ\u00e9enne, ils doivent \u00eatre \u00e9tiquet\u00e9s comme \u00ab\u00a0produits fabriqu\u00e9s dans une colonie isra\u00e9lienne dans les territoires palestiniens occup\u00e9s\u00a0\u00bb, alors que les produits provenant du Sahara occup\u00e9 entrent librement dans l&rsquo;Union europ\u00e9enne. Et il a raison : l&rsquo;UE ne mesure pas les violations du droit international en Palestine et au Sahara occidental selon les m\u00eames crit\u00e8res, m\u00eame si, juridiquement, ils sont identiques.<\/span><\/p>\n<p style=\"text-align: justify;\"><span style=\"font-size: 12pt;\">La d\u00e9cision du Maroc a une cons\u00e9quence claire : il ne sera d\u00e9sormais plus consid\u00e9r\u00e9 comme un \u00c9tat soutenant la cause palestinienne. Il est pr\u00e9sent\u00e9 pour ce qu\u2019il est : un \u00c9tat qui, comme les USA, soutient l&rsquo;occupation. Bien que la presse marocaine monolithique tente de l&#8217;emp\u00eacher, les r\u00e9seaux sociaux refl\u00e8tent ces jours-ci le rejet de cette d\u00e9cision par de larges secteurs de la soci\u00e9t\u00e9 marocaine. Le gouvernement marocain a tent\u00e9 de minimiser ce changement de position dans le conflit palestinien, en recourant au langage \u00e9cul\u00e9, vide de contenu, utilis\u00e9 par le gouvernement espagnol pour justifier son soutien \u00e0 l&rsquo;occupation marocaine du territoire sahraoui : \u00ab\u00a0Cet \u00c9tat (Maroc, Espagne&#8230;) soutient les efforts des Nations unies pour parvenir \u00e0 un accord politiquement viable&#8230;\u00a0\u00bb<\/span><\/p>\n<p><img loading=\"lazy\" decoding=\"async\" class=\"size-medium aligncenter\" src=\"http:\/\/www.tlaxcala-int.org\/upload\/gal_23761.jpg\" width=\"400\" height=\"320\" \/><\/p>\n<h3 align=\"justify\"><b>2. Cons\u00e9quences juridiques<\/b><\/h3>\n<p style=\"text-align: justify;\"><span style=\"font-size: 12pt;\">La d\u00e9cision de Trump n&rsquo;a aucune cons\u00e9quence juridique, pour la simple raison qu&rsquo;elle viole le droit \u00e0 l&rsquo;autod\u00e9termination du peuple sahraoui, affirm\u00e9 \u00e0 maintes reprises par les principaux organes des Nations unies : l&rsquo;Assembl\u00e9e g\u00e9n\u00e9rale, le Conseil de s\u00e9curit\u00e9 et la Cour internationale de justice. Il s&rsquo;agit d&rsquo;une norme de droit imp\u00e9ratif, de sorte que, conform\u00e9ment \u00e0 l&rsquo;article 53 de la Convention de Vienne sur le droit des trait\u00e9s de 1969, sa violation rend nul et non avenu tout accord qui la violerait. En d&rsquo;autres termes, ces accords n&rsquo;ont aucun effet juridique.<\/span><\/p>\n<p style=\"text-align: justify;\"><span style=\"font-size: 12pt;\">Sans doute, le fait que ce soient les USA qui pr\u00e9tendent que l&rsquo;annexion des territoires par la force est l\u00e9gale a un certain poids politique ; mais le pouvoir de cet \u00c9tat ne va pas jusqu&rsquo;\u00e0 rendre l\u00e9gal ce qui ne l&rsquo;est pas.<\/span><\/p>\n<p style=\"text-align: justify;\"><span style=\"font-size: 12pt;\">D&rsquo;autre part, le passage du temps n&rsquo;est pas une circonstance que le droit international prend en compte pour consolider une situation lorsqu&rsquo;elle d\u00e9coule d&rsquo;une violation grave de la Charte des Nations unies. Malgr\u00e9 la situation dramatique que vivent les Palestiniens sur leur propre terre, apr\u00e8s plus d&rsquo;un si\u00e8cle d&rsquo;occupation, l&rsquo;ONU continue de d\u00e9fendre leur droit \u00e0 l&rsquo;autod\u00e9termination et au retour des r\u00e9fugi\u00e9s. Par ailleurs, le veto d&rsquo;un membre permanent du Conseil de s\u00e9curit\u00e9 emp\u00eache le r\u00e8glement du conflit conform\u00e9ment au droit international. Mais la base juridique est tr\u00e8s claire.<\/span><\/p>\n<p style=\"text-align: justify;\"><span style=\"font-size: 12pt;\">Il convient de rappeler ce que l&rsquo;avocat g\u00e9n\u00e9ral de la Cour de justice de l&rsquo;Union europ\u00e9enne a d\u00e9clar\u00e9 en 2018 dans ses conclusions concernant la l\u00e9galit\u00e9 des accords de p\u00eache conclus par le Maroc et l&rsquo;Union europ\u00e9enne pour exploiter les ressources naturelles du peuple sahraoui : \u00ab\u00a0la n\u00e9gociation et la conclusion avec le Royaume du Maroc d&rsquo;un accord international applicable au Sahara occidental et aux eaux adjacentes constituent en soi une reconnaissance <i>de jure<\/i> de l&rsquo;int\u00e9gration\u00a0\u00bb. Pour cette raison, puisque \u00ab\u00a0l\u2019affirmation de la souverainet\u00e9 marocaine sur le Sahara occidental r\u00e9sulte d&rsquo;une violation du droit du peuple du Sahara occidental \u00e0 l&rsquo;autod\u00e9termination, l&rsquo;Union europ\u00e9enne a manqu\u00e9 \u00e0 son obligation de ne pas reconna\u00eetre la situation ill\u00e9gale r\u00e9sultant de la violation du droit du peuple du Sahara occidental \u00e0 l&rsquo;autod\u00e9termination par le Royaume du Maroc, et de ne pas fournir d&rsquo;aide ou d&rsquo;assistance pour le maintien de cette situation\u00a0\u00bb. Cet argument s&rsquo;applique <i>mutatis mutandi<\/i> \u00e0 la reconnaissance usam\u00e9ricaine de la souverainet\u00e9 marocaine sur les territoires sahraouis occup\u00e9s.<\/span><\/p>\n<p><img loading=\"lazy\" decoding=\"async\" class=\"aligncenter\" src=\"http:\/\/www.tlaxcala-int.org\/upload\/gal_24075.jpg\" width=\"547\" height=\"847\" \/><\/p>\n<p align=\"center\"><strong><a href=\"https:\/\/utopix.cc\/author\/cesar-mosquera\/\">C\u00e9sar Mosquera<\/a>, communaut\u00e9 Utopix, Venezuela<\/strong><\/p>\n<h3 align=\"justify\"><b>3. Biden osera-t-il revenir sur cette d\u00e9cision de reconna\u00eetre l&rsquo;annexion du Sahara occidental par le Maroc ? <\/b><\/h3>\n<p style=\"text-align: justify;\"><span style=\"font-size: 12pt;\">Il lui est tr\u00e8s difficile de le faire. Pour \u00eatre pr\u00e9sident des USA, le soutien du tr\u00e8s puissant lobby juif usam\u00e9ricain est indispensable. Il faut rappeler que pratiquement le seul soutien que le pr\u00e9sident Obama a apport\u00e9 au peuple palestinien est venu deux semaines seulement avant qu&rsquo;il ne quitte son poste. Ce n&rsquo;est qu&rsquo;alors qu&rsquo;il a os\u00e9 le faire. \u00c0 l&rsquo;\u00e9poque, pour la premi\u00e8re fois en relation avec le conflit palestinien, les USA se sont abstenus de voter sur une r\u00e9solution cl\u00e9 au Conseil de s\u00e9curit\u00e9. Bien que la Cour internationale de justice ait d\u00e9j\u00e0 d\u00e9clar\u00e9 avec insistance que l&rsquo;\u00e9tablissement de colonies isra\u00e9liennes dans les territoires palestiniens occup\u00e9s constituait une grave violation du droit international, l&rsquo;abstention de l&rsquo;administration Obama a permis au Conseil de s\u00e9curit\u00e9 d&rsquo;ent\u00e9riner la d\u00e9cision de la Cour de La Haye, mettant ainsi un terme \u00e0 cette question. Mais dans les ann\u00e9es pr\u00e9c\u00e9dentes de son mandat, Obama a \u00e9t\u00e9 incapable de lever le petit doigt pour d\u00e9fendre le peuple palestinien, contribuant par son silence \u00e0 l&rsquo;occupation.<\/span><\/p>\n<p style=\"text-align: justify;\"><span style=\"font-size: 12pt;\">Il faut souligner que l&rsquo;installation de colons marocains dans les territoires sahraouis occup\u00e9s constitue une grave violation de la quatri\u00e8me Convention de Gen\u00e8ve de 1949, qui stipule dans son article 49 que \u00ab\u00a0la puissance occupante ne proc\u00e9dera pas \u00e0 l&rsquo;\u00e9vacuation ou au transfert d&rsquo;une partie de sa propre population civile dans le territoire qu&rsquo;elle occupe\u00a0\u00bb. Cette situation est juridiquement identique \u00e0 celle des colonies isra\u00e9liennes dans les territoires palestiniens occup\u00e9s depuis 1967.<\/span><\/p>\n<h3 align=\"justify\"><b>4. Quel est le statut de la partie du Sahara occidental non occup\u00e9e par le Maroc ?<\/b><\/h3>\n<p style=\"text-align: justify;\"><span style=\"font-size: 12pt;\">Il est \u00e0 noter que la CJUE elle-m\u00eame a rappel\u00e9 dans son arr\u00eat de 2015 que le Sahara occidental ne se limite pas \u00e0 la partie militairement occup\u00e9e par le Maroc. La d\u00e9cision de Trump pourrait impliquer que les USA reconnaissent \u00e9galement la souverainet\u00e9 marocaine sur la partie du territoire qui \u00e9chappe \u00e0 l&rsquo;occupation militaire et qui est sous le contr\u00f4le de ses propri\u00e9taires, les Sahraouis. Dans un tel cas, la reconnaissance n&rsquo;aurait \u00e9videmment aucun effet juridique, mais elle n&rsquo;aurait pas non plus d&rsquo;effet politique, car le Maroc n&rsquo;a aucun contr\u00f4le sur elle. C&rsquo;est une question de la plus haute importance pour la RASD, qui a toujours \u00e9t\u00e9 consciente que le contr\u00f4le d&rsquo;une partie de son territoire garantit son existence en tant qu&rsquo;\u00c9tat. Aujourd&rsquo;hui, il est impensable que le Maroc utilise la force pour occuper \u00e9galement cette partie du territoire sahraoui. Au cas o\u00f9 elle serait tent\u00e9e, l&rsquo;Alg\u00e9rie a d\u00e9j\u00e0 donn\u00e9 des preuves suffisantes qu&rsquo;elle ne le permettrait pas.<\/span><\/p>\n<p style=\"text-align: justify;\"><span style=\"font-size: 18pt;\"><b>5. Quel est le statut de l&rsquo;espace a\u00e9rien et des eaux territoriales du Sahara Occidental ?<\/b><\/span><\/p>\n<p style=\"text-align: justify;\"><span style=\"font-size: 12pt;\">C&rsquo;est une autre question de grande importance, puisque l&rsquo;Espagne, en tant que puissance administrante, reste aujourd&rsquo;hui celle qui contr\u00f4le l&rsquo;espace a\u00e9rien sahraoui, depuis son centre de contr\u00f4le aux \u00eeles Canaries, par le biais de l&rsquo;ENAIRE, la Direction r\u00e9gionale de la navigation a\u00e9rienne des Canaries g\u00e8re les services de trafic a\u00e9rien dans l&rsquo;archipel des Canaries et au Sahara occidental. La d\u00e9cision usam\u00e9ricaine complique encore la situation pour l&rsquo;Espagne, puisque, comme l&rsquo;a soulign\u00e9 Jared Kushner, gendre et conseiller de Trump, l&rsquo;un des objectifs de l&rsquo;accord est de permettre aux compagnies a\u00e9riennes isra\u00e9liennes d&rsquo;utiliser l&rsquo;espace a\u00e9rien sahraoui, en \u00e9tablissant des vols directs entre le Maroc et le Sahara occup\u00e9 d&rsquo;une part, et Isra\u00ebl d&rsquo;autre part. Nous devrons attendre de voir comment l&rsquo;Espagne r\u00e9agit \u00e0 cette situation, mais pour que le Maroc puisse contr\u00f4ler l&rsquo;espace a\u00e9rien du territoire, il faudrait que l&rsquo;Organisation de l&rsquo;aviation civile internationale (OACI) reconnaisse la souverainet\u00e9 du Maroc sur le territoire, ce qu&rsquo;elle ne peut \u00e9videmment pas faire, car cela engagerait sa responsabilit\u00e9 internationale. De plus, l&rsquo;Espagne contr\u00f4le tout l&rsquo;espace a\u00e9rien du Sahara occidental : celui sous occupation marocaine, mais aussi celui sous contr\u00f4le du Front POLISARIO.<\/span><\/p>\n<p style=\"text-align: justify;\"><span style=\"font-size: 12pt;\">En outre, apr\u00e8s 45 ans depuis son d\u00e9part du territoire, et compte tenu du statut du Sahara occidental en tant que territoire non autonome, c&rsquo;est-\u00e0-dire en attendant la d\u00e9colonisation, l&rsquo;Espagne n&rsquo;a pas \u00e9t\u00e9 en mesure de d\u00e9limiter ses fronti\u00e8res maritimes avec le Maroc et le Sahara occidental, ce qu&rsquo;elle ne pourra d&rsquo;ailleurs pas faire tant que le peuple sahraoui n&rsquo;aura pas exerc\u00e9 son droit \u00e0 l&rsquo;autod\u00e9termination. La d\u00e9cision de Trump n&rsquo;affecte en rien cette situation, qui emp\u00eache quelque chose d&rsquo;aussi fondamental que l&rsquo;\u00e9tablissement de fronti\u00e8res \u00e9tatiques d\u00e9finies. \u00c0 un moment donn\u00e9, cette question doit \u00eatre r\u00e9gl\u00e9e une fois pour toutes, car elle entrave consid\u00e9rablement l&rsquo;action ext\u00e9rieure de l&rsquo;Espagne.<\/span><\/p>\n<p align=\"justify\"><span style=\"font-size: 18pt;\"><b>En guise de conclusion : le droit contre la politique<\/b><\/span><\/p>\n<p style=\"text-align: justify;\"><span style=\"font-size: 12pt;\">S&rsquo;il est vrai que, sur le plan politique, la reconnaissance par les USA de la souverainet\u00e9 marocaine sur le Sahara occidental est un facteur important dans la consolidation de l&rsquo;occupation ill\u00e9gale et de l&rsquo;annexion du territoire, sur le plan juridique, elle ne change rien. Le droit international est clairement du c\u00f4t\u00e9 du peuple sahraoui. C&rsquo;est pourquoi, loin d&rsquo;abandonner l&rsquo;activisme judiciaire qui a d\u00e9but\u00e9 en 2014, le Front POLISARIO doit pers\u00e9v\u00e9rer et multiplier ses actions. Il est clair que le principal obstacle que le Maroc doit surmonter pour consolider l&rsquo;annexion du territoire, obstacle d&rsquo;ailleurs insurmontable, est le droit.<\/span><\/p>\n<p style=\"text-align: justify;\"><span style=\"font-size: 12pt;\">Le retour \u00e0 la guerre, provoqu\u00e9 par les mille et une violations du plan de paix par le Maroc, dont la premi\u00e8re et la plus importante a \u00e9t\u00e9 son retrait du plan et le rejet du r\u00e9f\u00e9rendum d&rsquo;autod\u00e9termination, est la seule issue qui reste au peuple sahraoui. Le droit \u00e0 l&rsquo;autod\u00e9termination a \u00e9t\u00e9 cr\u00e9\u00e9 par les Nations unies afin que les peuples assujettis puissent mener \u00e0 bien leur d\u00e9colonisation. Pour atteindre cet objectif, le droit de ces peuples \u00e0 recourir \u00e0 la force arm\u00e9e a \u00e9t\u00e9 \u00e9tabli. En 1991, le peuple sahraoui a d\u00e9cid\u00e9 d&rsquo;\u00e9changer les armes contre les urnes, convaincu que ce serait la voie \u00e0 suivre pour parvenir \u00e0 la d\u00e9colonisation. Une fois que le Maroc a br\u00fbl\u00e9 les urnes, et face \u00e0 la passivit\u00e9 de la communaut\u00e9 internationale et \u00e0 la complicit\u00e9 de notre pays (l\u2019Espagne), il n&rsquo;a pas d&rsquo;autre choix que de reprendre les armes. Le droit international le soutient.<\/span><\/p>\n<p><img loading=\"lazy\" decoding=\"async\" class=\"aligncenter\" src=\"http:\/\/tlaxcala-int.org\/upload\/gal_24076.jpg\" width=\"558\" height=\"371\" \/><\/p>\n<p align=\"center\"><strong>Combattantes sahraouies \u00e0 Mehaires, 4<sup>e <\/sup>R\u00e9gion militaire de la RASD, janvier 2019<\/strong><\/p>\n<p style=\"text-align: justify;\" align=\"center\"><strong><span class=\"auteur\" style=\"font-size: 14pt;\">Juan Soroeta Liceras <\/span><\/strong><\/p>\n<p style=\"text-align: justify;\" align=\"center\"><strong><span class=\"navigation_cadre\" style=\"font-size: 14pt;\">Original: <a href=\"http:\/\/www.lapluma.net\/2021\/01\/29\/consecuencias-de-la-decision-de-trump-de-reconocer-la-soberania-marroqui-sobre-los-territorios-ocupados-del-sahara-occidental\/\">Consecuencias de la decisi\u00f3n de Trump de reconocer la soberan\u00eda marroqu\u00ed sobre los territorios ocupados del Sahara Occidental<\/a><\/span><\/strong><\/p>\n<p style=\"text-align: justify;\" align=\"center\"><strong><span style=\"font-size: 14pt;\">Traduit par <span class=\"trad\"> <a href=\"http:\/\/www.tlaxcala-int.org\/biographie.asp?ref_aut=2&amp;lg_pp=fr\">Fausto Giudice \u0424\u0430\u0443\u0441\u0442\u043e \u0414\u0436\u0443\u0434\u0438\u0447\u0435 \u0641\u0627\u0648\u0633\u062a\u0648 \u062c\u064a\u0648\u062f\u064a\u0634\u064a<\/a><\/span><\/span><\/strong><\/p>\n<p style=\"text-align: justify;\" align=\"center\"><strong><span style=\"font-size: 14pt;\">Source: <a href=\"http:\/\/www.tlaxcala-int.org\/article.asp?reference=30648\">Tlaxcala<\/a>, le 28 janvier 2021<\/span><\/strong><\/p>\n<p><a href=\"https:\/\/paypal.me\/pools\/c\/8bfPFKFYP5\"><img decoding=\"async\" class=\"aligncenter\" src=\"http:\/\/tlaxcala-int.org\/upload\/gal_21691.jpg\" alt=\"http:\/\/tlaxcala-int.org\/upload\/gal_21691.jpg\" \/><\/a><\/p>\n","protected":false},"excerpt":{"rendered":"<p>Le droit \u00e0 l&rsquo;autod\u00e9termination a \u00e9t\u00e9 cr\u00e9\u00e9 par les Nations unies afin que les peuples assujettis puissent mener \u00e0 bien leur d\u00e9colonisation.<\/p>\n","protected":false},"author":780,"featured_media":0,"comment_status":"open","ping_status":"open","sticky":false,"template":"","format":"standard","meta":{"_uf_show_specific_survey":0,"_uf_disable_surveys":false,"footnotes":""},"categories":[218],"tags":[4902,2091,8700,2095,11890,11593,938,1106,481,134,1338,17190,11592,11590,937,480],"coauthors":[11891],"class_list":["post-23604","post","type-post","status-publish","format-standard","hentry","category-mundo","tag-derecho-autodeterminacion","tag-derecho-internacional","tag-droit-autodetermination","tag-droit-international","tag-juan-soroeta-liceras","tag-maroc-usrael","tag-occupation-marocaine","tag-occupation-sioniste","tag-ocupacion-marroqui","tag-onu","tag-palestina-israel","tag-palestine-israel-2","tag-reconnaissance-trump-occupation-marocaine","tag-reconocimiento-trump-ocupacion-marroqui","tag-sahara-occidental-occupe","tag-sahara-occidental-ocupado"],"translation":{"provider":"WPGlobus","version":"2.12.2","language":"fr","enabled_languages":["es","fr"],"languages":{"es":{"title":true,"content":true,"excerpt":true},"fr":{"title":true,"content":true,"excerpt":true}}},"_links":{"self":[{"href":"https:\/\/www.lapluma.net\/fr\/wp-json\/wp\/v2\/posts\/23604","targetHints":{"allow":["GET"]}}],"collection":[{"href":"https:\/\/www.lapluma.net\/fr\/wp-json\/wp\/v2\/posts"}],"about":[{"href":"https:\/\/www.lapluma.net\/fr\/wp-json\/wp\/v2\/types\/post"}],"author":[{"embeddable":true,"href":"https:\/\/www.lapluma.net\/fr\/wp-json\/wp\/v2\/users\/780"}],"replies":[{"embeddable":true,"href":"https:\/\/www.lapluma.net\/fr\/wp-json\/wp\/v2\/comments?post=23604"}],"version-history":[{"count":8,"href":"https:\/\/www.lapluma.net\/fr\/wp-json\/wp\/v2\/posts\/23604\/revisions"}],"predecessor-version":[{"id":81336,"href":"https:\/\/www.lapluma.net\/fr\/wp-json\/wp\/v2\/posts\/23604\/revisions\/81336"}],"wp:attachment":[{"href":"https:\/\/www.lapluma.net\/fr\/wp-json\/wp\/v2\/media?parent=23604"}],"wp:term":[{"taxonomy":"category","embeddable":true,"href":"https:\/\/www.lapluma.net\/fr\/wp-json\/wp\/v2\/categories?post=23604"},{"taxonomy":"post_tag","embeddable":true,"href":"https:\/\/www.lapluma.net\/fr\/wp-json\/wp\/v2\/tags?post=23604"},{"taxonomy":"author","embeddable":true,"href":"https:\/\/www.lapluma.net\/fr\/wp-json\/wp\/v2\/coauthors?post=23604"}],"curies":[{"name":"wp","href":"https:\/\/api.w.org\/{rel}","templated":true}]}}