{"id":2291,"date":"2018-10-25T22:36:41","date_gmt":"2018-10-25T22:36:41","guid":{"rendered":"http:\/\/www.lapluma.net\/?p=2291"},"modified":"2018-10-25T22:39:39","modified_gmt":"2018-10-25T22:39:39","slug":"la-caravana-migrante-enfrenta-a-mexico-con-su-propia-imagen-y-con-eua","status":"publish","type":"post","link":"https:\/\/www.lapluma.net\/fr\/2018\/10\/25\/la-caravana-migrante-enfrenta-a-mexico-con-su-propia-imagen-y-con-eua\/","title":{"rendered":"La caravana migrante enfrenta a M\u00e9xico con su propia imagen y con EUA"},"content":{"rendered":"<p style=\"text-align: justify;\"><span style=\"font-size: 12pt;\"><img loading=\"lazy\" decoding=\"async\" class=\"alignnone size-full wp-image-2292 alignleft\" src=\"http:\/\/www.lapluma.net\/wp-content\/uploads\/2018\/10\/Capture-Azam-Ahmed_Caitlin-DickersonBis.jpg\" alt=\"\" width=\"149\" height=\"70\" \/>CIUDAD DE M\u00c9XICO \u2014 Cuando los funcionarios estadounidenses y mexicanos se preparaban para reunirse en Guatemala en julio, a Estados Unidos le preocupaba un asunto en especial.<\/span><\/p>\n<p style=\"text-align: center;\"><img loading=\"lazy\" decoding=\"async\" class=\"media-viewer-candidate aligncenter\" src=\"https:\/\/static01.nyt.com\/images\/2018\/10\/23\/world\/23mexico-policy1\/merlin_145680849_a3f55be8-4b7f-4987-bf58-e334ac9fc23b-master1050.jpg\" alt=\"\" width=\"575\" height=\"358\" data-mediaviewer-src=\"https:\/\/static01.nyt.com\/images\/2018\/10\/23\/world\/23mexico-policy1\/merlin_145680849_a3f55be8-4b7f-4987-bf58-e334ac9fc23b-superJumbo.jpg\" data-mediaviewer-caption=\"Migrantes hondure\u00f1os en las afueras de Tapachula, M\u00e9xico, se dirigen al norte en un cami\u00f3n el 22 de octubre.\" data-mediaviewer-credit=\"Pedro Pardo\/Agence France-Presse \u2014 Getty Images\" \/><strong><span style=\"font-size: 12pt;\"><span class=\"caption-text\">Migrantes hondure\u00f1os en las afueras de Tapachula, M\u00e9xico, se dirigen al norte en un cami\u00f3n el 22 de octubre.<\/span> <span class=\"credit\"> <span class=\"visually-hidden\">Credit<\/span> Pedro Pardo\/Agence France-Presse \u2014 Getty Images<\/span><\/span><\/strong><\/p>\n<p style=\"text-align: justify;\"><span style=\"font-size: 12pt;\">Una caravana de cientos de migrantes centroamericanos hab\u00eda atravesado M\u00e9xico a pie algunos meses antes para tratar de entrar a Estados Unidos. Los funcionarios estadounidenses quer\u00edan saber si M\u00e9xico estar\u00eda de acuerdo con obligar a esos migrantes a solicitar asilo en ese pa\u00eds, en vez de dejarlos entrar a Estados Unidos.<\/span><\/p>\n<p style=\"text-align: justify;\"><span style=\"font-size: 12pt;\">Los mexicanos dijeron que no.<\/span><\/p>\n<p id=\"story-continues-5\" class=\"story-body-text story-content\" style=\"text-align: justify;\" tabindex=\"-1\" data-para-count=\"182\" data-total-count=\"718\" data-intl-total-words=\"110\"><span style=\"font-size: 12pt;\">Actualmente, con muchos miles m\u00e1s en camino, el mayor desplazamiento de migrantes camino al norte en d\u00e9cadas, la presi\u00f3n para resolver el problema ha alcanzado nuevas dimensiones.<\/span><\/p>\n<p id=\"story-continues-6\" class=\"story-body-text story-content\" style=\"text-align: justify;\" tabindex=\"-1\" data-para-count=\"315\" data-total-count=\"1033\" data-intl-total-words=\"159\"><span style=\"font-size: 12pt;\">Despu\u00e9s de que aparentemente se ha descartado la propuesta hecha en julio pasado conocida como el \u201cacuerdo del tercer pa\u00eds seguro\u201d \u2014ha sido rechazada por el pr\u00f3ximo presidente mexicano\u2014, M\u00e9xico vuelve a tener su sistema migratorio en un estado de crisis y en la mira de los funcionarios estadounidenses.<\/span><\/p>\n<p id=\"story-continues-7\" class=\"story-body-text story-content\" style=\"text-align: justify;\" tabindex=\"-1\" data-para-count=\"271\" data-total-count=\"1304\" data-intl-total-words=\"205\"><span style=\"font-size: 12pt;\">Aproximadamente seis mil migrantes han entrado al pa\u00eds en los \u00faltimos d\u00edas, como parte de una nueva y mucho m\u00e1s grande caravana de personas que huyen de la violencia y la pobreza absolutas de El Salvador, Guatemala y Honduras (de donde proviene la mayor\u00eda de ellos).<\/span><\/p>\n<p tabindex=\"-1\" data-para-count=\"271\" data-total-count=\"1304\" data-intl-total-words=\"205\"><img loading=\"lazy\" decoding=\"async\" class=\"aligncenter\" src=\"http:\/\/www.tlaxcala-int.org\/upload\/gal_19122.jpg\" alt=\"\" width=\"576\" height=\"767\" \/><\/p>\n<p id=\"story-continues-8\" class=\"story-body-text story-content\" style=\"text-align: justify;\" tabindex=\"-1\" data-para-count=\"357\" data-total-count=\"1661\" data-intl-total-words=\"262\"><span style=\"font-size: 12pt;\">Para evitar su llegada a la frontera de Estados Unidos, el presidente Trump ha presionado a Honduras, Guatemala, El Salvador y M\u00e9xico para que detengan su trayecto. Pero, aunque M\u00e9xico desde hace mucho tiempo se ha doblegado a los mandatos migratorios de Estados Unidos, la gran cantidad de personas que huyen esta vez ha presentado nuevas complicaciones.<\/span><\/p>\n<p id=\"story-continues-9\" class=\"story-body-text story-content\" style=\"text-align: justify;\" tabindex=\"-1\" data-para-count=\"237\" data-total-count=\"1898\" data-intl-total-words=\"299\"><span style=\"font-size: 12pt;\">Desde 2014, cuando las autoridades mexicanas comenzaron a reprimir la migraci\u00f3n ilegal debido a la exhortaci\u00f3n del gobierno de Obama, los migrantes han estado acorralados en un amplio operativo de captura en la frontera sur de M\u00e9xico.<\/span><\/p>\n<p id=\"story-continues-10\" class=\"story-body-text story-content\" style=\"text-align: justify;\" tabindex=\"-1\" data-para-count=\"171\" data-total-count=\"2069\" data-intl-total-words=\"326\"><span style=\"font-size: 12pt;\">Se ha detenido y deportado a miles, mientras que otros miles han solicitado asilo dentro de M\u00e9xico. Esas solicitudes se han multiplicado desde que comenz\u00f3 la represi\u00f3n.<\/span><\/p>\n<p id=\"story-continues-11\" class=\"story-body-text story-content\" style=\"text-align: justify;\" tabindex=\"-1\" data-para-count=\"413\" data-total-count=\"2482\" data-intl-total-words=\"391\"><span style=\"font-size: 12pt;\">Sin embargo, la avalancha de migrantes la semana pasada ha sobrepasado el Plan de la Frontera Sur de M\u00e9xico. La mayor parte no est\u00e1 solicitando asilo, lo que pone a M\u00e9xico en una dif\u00edcil encrucijada. \u00bfDeben aprehender a miles de migrantes y crear una crisis humanitaria, sin mencionar la crisis de relaciones p\u00fablicas? \u00bfO simplemente deben acompa\u00f1arlos en su \u00e9xodo para garantizar una traves\u00eda ordenada?<\/span><\/p>\n<p style=\"text-align: center;\" tabindex=\"-1\" data-para-count=\"413\" data-total-count=\"2482\" data-intl-total-words=\"391\"><img loading=\"lazy\" decoding=\"async\" class=\"media-viewer-candidate aligncenter\" src=\"https:\/\/static01.nyt.com\/images\/2018\/10\/23\/world\/23mexico-policy-print\/merlin_145677267_aa2200c8-5419-4a1a-85ac-709f8221bcc1-master1050.jpg\" alt=\"\" width=\"575\" height=\"383\" data-mediaviewer-src=\"https:\/\/static01.nyt.com\/images\/2018\/10\/23\/world\/23mexico-policy-print\/merlin_145677267_aa2200c8-5419-4a1a-85ac-709f8221bcc1-superJumbo.jpg\" data-mediaviewer-caption=\"Migrantes en la caravana hacia Estados Unidos\" data-mediaviewer-credit=\"Johan Ord\u00f3\u00f1ez\/Agence France-Presse \u2014 Getty Images\" \/><strong><span class=\"caption-text\" style=\"font-size: 12pt;\">Migrantes en la caravana hacia Estados Unidos <\/span><span class=\"credit\"><span style=\"font-size: 12pt;\"> <span class=\"visually-hidden\">Credit<\/span> Johan Ord\u00f3\u00f1ez\/Agence France-Presse \u2014 Getty Images<\/span> <\/span><\/strong><\/p>\n<p id=\"story-continues-13\" class=\"story-body-text story-content\" style=\"text-align: justify;\" tabindex=\"-1\" data-para-count=\"61\" data-total-count=\"2543\" data-intl-total-words=\"402\"><span style=\"font-size: 12pt;\">Parece que por el momento, el gobierno ha elegido lo segundo.<\/span><\/p>\n<p id=\"story-continues-14\" class=\"story-body-text story-content\" style=\"text-align: justify;\" tabindex=\"-1\" data-para-count=\"308\" data-total-count=\"2851\" data-intl-total-words=\"454\"><span style=\"font-size: 12pt;\">M\u00e9xico ya est\u00e1 teniendo problemas para asimilar el aumento de migrantes que buscan protecci\u00f3n de los peligros que acechan en sus pa\u00edses \u2014unos 14.000 en 2017\u2014, a pesar de que el mismo M\u00e9xico dif\u00edcilmente cumple con la definici\u00f3n de un pa\u00eds seguro. El a\u00f1o pasado fue el m\u00e1s letal en dos d\u00e9cadas.<\/span><\/p>\n<p id=\"story-continues-15\" class=\"story-body-text story-content\" style=\"text-align: justify;\" tabindex=\"-1\" data-para-count=\"184\" data-total-count=\"3035\" data-intl-total-words=\"482\"><span style=\"font-size: 12pt;\">El pr\u00f3ximo presidente mexicano, Andr\u00e9s Manuel L\u00f3pez Obrador, quien tomar\u00e1 posesi\u00f3n en diciembre, ha sido un cr\u00edtico f\u00e9rreo del trato a los migrantes por parte de Estados Unidos.<\/span><\/p>\n<p id=\"story-continues-16\" class=\"story-body-text story-content\" style=\"text-align: justify;\" tabindex=\"-1\" data-para-count=\"215\" data-total-count=\"3250\" data-intl-total-words=\"512\"><span style=\"font-size: 12pt;\">En una entrevista, el futuro secretario de Relaciones Exteriores, Marcelo Ebrard, se\u00f1al\u00f3: \u201cNo estamos de acuerdo con esto, ya que ser\u00eda contraproducente y agravar\u00eda el problema. Es necesaria otra pol\u00edtica\u201d.<\/span><\/p>\n<p id=\"story-continues-17\" class=\"story-body-text story-content\" style=\"text-align: justify;\" tabindex=\"-1\" data-para-count=\"163\" data-total-count=\"3413\" data-intl-total-words=\"538\"><span style=\"font-size: 12pt;\">Esta situaci\u00f3n tambi\u00e9n plantea un reto para Trump, quien ha amenazado con recortar la ayuda al exterior y desplegar al ej\u00e9rcito para aprehender a los migrantes.<\/span><\/p>\n<p id=\"story-continues-18\" class=\"story-body-text story-content\" style=\"text-align: justify;\" tabindex=\"-1\" data-para-count=\"326\" data-total-count=\"3739\" data-intl-total-words=\"595\"><span style=\"font-size: 12pt;\">Si el ej\u00e9rcito captura a miles de migrantes, entre ellos mujeres y ni\u00f1os, podr\u00eda ser un desastre de relaciones p\u00fablicas de la misma magnitud que fue la separaci\u00f3n de padres e hijos menores de edad en la frontera. Pero si el presidente opta por no hacer esto, quiz\u00e1s aliente a que m\u00e1s migrantes viajen en grandes grupos.<\/span><\/p>\n<p id=\"story-continues-19\" class=\"story-body-text story-content\" style=\"text-align: justify;\" tabindex=\"-1\" data-para-count=\"89\" data-total-count=\"3828\" data-intl-total-words=\"610\"><span style=\"font-size: 12pt;\">Ya se est\u00e1n propagando rumores de que viene una nueva caravana de migrantes de Honduras.<\/span><\/p>\n<p id=\"story-continues-20\" class=\"story-body-text story-content\" style=\"text-align: justify;\" tabindex=\"-1\" data-para-count=\"362\" data-total-count=\"4190\" data-intl-total-words=\"666\"><span style=\"font-size: 12pt;\">\u201cSi se permite que pasen estos grandes grupos de gente, \u00bfqu\u00e9 se espera para las afluencias futuras?\u201d, dijo Maureen Meyer, de la Oficina en Washington para Asuntos Latinoamericanos, un grupo de derechos humanos. \u201c\u00bfSe convertir\u00e1 en la nueva forma de viajar? Existen muchas inc\u00f3gnitas sobre el modo en que esto se desarrollar\u00e1 en los pr\u00f3ximos d\u00edas\u201d.<\/span><\/p>\n<p id=\"story-continues-21\" class=\"story-body-text story-content\" style=\"text-align: justify;\" tabindex=\"-1\" data-para-count=\"240\" data-total-count=\"4430\" data-intl-total-words=\"706\"><span style=\"font-size: 12pt;\">La caravana se ha vuelto un asunto pol\u00edtico en Estados Unidos, en especial en v\u00edsperas de las elecciones del pr\u00f3ximo mes. Pero la divisi\u00f3n de opiniones respecto a si recibir a los migrantes o deportarlos tambi\u00e9n ha resonado en M\u00e9xico.<\/span><\/p>\n<p id=\"story-continues-22\" class=\"story-body-text story-content\" style=\"text-align: justify;\" tabindex=\"-1\" data-para-count=\"252\" data-total-count=\"4682\" data-intl-total-words=\"745\"><span style=\"font-size: 12pt;\">Mientras algunos mexicanos han ofrecido comida, agua y viajes gratuitos a quienes transitan por el pa\u00eds, otros han reaccionado violentamente por miedo a que los migrantes les quiten los empleos o aumente la actividad criminal si les permiten quedarse.<\/span><\/p>\n<p id=\"story-continues-23\" class=\"story-body-text story-content\" style=\"text-align: justify;\" tabindex=\"-1\" data-para-count=\"402\" data-total-count=\"5084\" data-intl-total-words=\"805\"><span style=\"font-size: 12pt;\">\u201cExiste una gran divisi\u00f3n social trat\u00e1ndose de este flujo migratorio, entre la aceptaci\u00f3n y el apoyo y un absoluto rechazo\u201d, coment\u00f3 Claudia Masferrer, experta en migraci\u00f3n del Colegio de M\u00e9xico, una universidad de Ciudad de M\u00e9xico. \u201cEsta caravana enfrenta a M\u00e9xico con lo que nosotros como pa\u00eds le hemos exigido a Estados Unidos en relaci\u00f3n con nuestros propios migrantes mexicanos\u201d.<\/span><\/p>\n<p id=\"story-continues-24\" class=\"story-body-text story-content\" style=\"text-align: justify;\" tabindex=\"-1\" data-para-count=\"293\" data-total-count=\"5377\" data-intl-total-words=\"853\"><span style=\"font-size: 12pt;\">La renovada atenci\u00f3n a los migrantes centroamericanos en Estados Unidos llega en un momento en el que datos del Departamento de Seguridad Nacional de Estados Unidos muestran que casi 400.000 personas fueron detenidas en la frontera en el a\u00f1o fiscal de 2018, que termin\u00f3 el 30 de septiembre.<\/span><\/p>\n<p id=\"story-continues-25\" class=\"story-body-text story-content\" style=\"text-align: justify;\" tabindex=\"-1\" data-para-count=\"381\" data-total-count=\"5758\" data-intl-total-words=\"914\"><span style=\"font-size: 12pt;\">La Patrulla Fronteriza detuvo a 16.658 personas que viajaban en grupos familiares en septiembre, una cantidad r\u00e9cord, seg\u00fan datos gubernamentales obtenidos por The New York Times. El n\u00famero de detenciones a lo largo del a\u00f1o fiscal de 2018, mientras tanto, lleg\u00f3 a las 107.212 personas, de manera que se excedi\u00f3 la cifra hist\u00f3rica anterior de 77.857, del a\u00f1o fiscal de 2016. <\/span><\/p>\n<p tabindex=\"-1\" data-para-count=\"381\" data-total-count=\"5758\" data-intl-total-words=\"914\"><img loading=\"lazy\" decoding=\"async\" class=\"aligncenter\" src=\"https:\/\/static01.nyt.com\/images\/2018\/10\/23\/world\/23mexico-policy3\/merlin_145673829_77c50c70-dfb1-4ac8-9fa7-facd82a0d293-master1050.jpg\" alt=\"\" width=\"575\" height=\"383\" \/><\/p>\n<p class=\"story-body-text story-content\" style=\"text-align: center;\" tabindex=\"-1\" data-para-count=\"381\" data-total-count=\"5758\" data-intl-total-words=\"914\"><span style=\"font-size: 12pt;\"><strong><span class=\"texte1\">Los migrantes descansan en un campamento en Tapachula. Foto Jos\u00e9 M\u00e9ndez\/EPA v\u00eda Shutterstock<\/span><\/strong><br \/>\n<\/span><\/p>\n<figure id=\"media-100000006174642\" class=\"media photo media-100000006174642 embedded layout-jumbo-horizontal ratio-tall\" role=\"group\" data-media-action=\"modal\" aria-label=\"media\"><figcaption class=\"caption\">\n<p id=\"story-continues-27\" class=\"story-body-text story-content\" style=\"text-align: justify;\" tabindex=\"-1\" data-para-count=\"324\" data-total-count=\"6082\" data-intl-total-words=\"972\"><span style=\"font-size: 12pt;\">La caravana se puede ver como un desaf\u00edo directo a la forma en la que se ha transformado el sistema de solicitud de asilo con Trump. Tanto en la pol\u00edtica como en la pr\u00e1ctica, los cambios impuestos por su gobierno han enviado un mensaje claro al mundo: como lugar de refugio, Estados Unidos est\u00e1, en gran medida, cerrado.<\/span><\/p>\n<\/figcaption><figcaption class=\"caption\">\n<p id=\"story-continues-28\" class=\"story-body-text story-content\" style=\"padding-left: 30px; text-align: justify;\" tabindex=\"-1\" data-para-count=\"316\" data-total-count=\"6398\" data-intl-total-words=\"1022\"><span style=\"font-size: 12pt;\">\u201cEste es un reflejo de lo que ocurre cuando debilitas el sistema de acceso ordenado al asilo\u201d, coment\u00f3 Michelle Bran\u00e9, directora del programa de Derechos y Justicia para Migrantes de la Comisi\u00f3n de Mujeres Refugiadas, un grupo de defensor\u00eda. \u201cProvocas un caos. Eso es lo que este gobierno ha ocasionado\u201d.<\/span><\/p>\n<p id=\"story-continues-29\" class=\"story-body-text story-content\" style=\"text-align: justify;\" tabindex=\"-1\" data-para-count=\"267\" data-total-count=\"6665\" data-intl-total-words=\"1065\"><span style=\"font-size: 12pt;\">Los cambios en la pol\u00edtica han aumentado enormemente el n\u00famero de solicitantes de asilo a los que se procesa penalmente conforme a la pol\u00edtica de tolerancia cero, y han <a href=\"https:\/\/www.nytimes.com\/es\/2018\/07\/19\/solicitar-asilo-estados-unidos-trump\/\">eliminado categor\u00edas importantes<\/a> de persecuci\u00f3n que ya no califican para el estatus de asilo.<\/span><\/p>\n<p id=\"story-continues-30\" class=\"story-body-text story-content\" style=\"text-align: justify;\" tabindex=\"-1\" data-para-count=\"352\" data-total-count=\"7017\" data-intl-total-words=\"1122\"><span style=\"font-size: 12pt;\">De acuerdo con esta pol\u00edtica de mano dura, los solicitantes de asilo que ingresen a Estados Unidos sin presentarse primero ante las oficinas de la Patrulla Fronteriza deben ser procesados de manera autom\u00e1tica. Con el presidente Barack Obama, en cambio, solo se les procesaba si se les hab\u00eda arrestado por cruzar la frontera ilegalmente en el pasado.<\/span><\/p>\n<p id=\"story-continues-31\" class=\"story-body-text story-content\" style=\"text-align: justify;\" tabindex=\"-1\" data-para-count=\"346\" data-total-count=\"7363\" data-intl-total-words=\"1178\"><span style=\"font-size: 12pt;\">Las v\u00edctimas de violencia dom\u00e9stica y, en mucho menor grado, las de violencia de pandillas, alguna vez calificaron para el asilo si pod\u00edan comprobar que las autoridades en sus pa\u00edses de origen no hab\u00edan podido o no hab\u00edan estado dispuestas a protegerlos. En junio, el fiscal general Jeff Sessions anunci\u00f3 que estos casos ya no calificaban.<\/span><\/p>\n<p id=\"story-continues-32\" class=\"story-body-text story-content\" style=\"text-align: justify;\" tabindex=\"-1\" data-para-count=\"291\" data-total-count=\"7654\" data-intl-total-words=\"1225\"><span style=\"font-size: 12pt;\">El gobierno de Trump tambi\u00e9n ha aumentado el escrutinio que se aplica durante la primera fase del proceso de solicitud de asilo, conocida como \u201centrevista de temor cre\u00edble\u201d, que determina si se permitir\u00e1 a los migrantes proceder con sus casos. Se esperan m\u00e1s cambios en este sentido.<\/span><\/p>\n<p id=\"story-continues-33\" class=\"story-body-text story-content\" style=\"text-align: justify;\" tabindex=\"-1\" data-para-count=\"521\" data-total-count=\"8175\" data-intl-total-words=\"1309\"><span style=\"font-size: 12pt;\">\u201cEl umbral extremadamente bajo para determinar que el miedo es cre\u00edble se presta para el fraude y el abuso\u201d, coment\u00f3 Michael Bars, vocero de la oficina de Servicio de Ciudadan\u00eda e Inmigraci\u00f3n de Estados Unidos, la agencia federal que eval\u00faa las solicitudes de asilo. Si bien la determinaci\u00f3n de que el miedo es cre\u00edble no equivale a otorgar el estatus de asilo, dijo, el solicitante obtiene \u201centrada libre a Estados Unidos, lo que le permite desaparecer dentro del pa\u00eds para vivir y trabajar ilegalmente\u201d.<\/span><\/p>\n<p id=\"story-continues-34\" class=\"story-body-text story-content\" style=\"text-align: justify;\" tabindex=\"-1\" data-para-count=\"186\" data-total-count=\"8361\" data-intl-total-words=\"1335\"><span style=\"font-size: 12pt;\">Los l\u00edmites impuestos recientemente a la cantidad de gente que puede acercarse a ciertos cruces fronterizos al d\u00eda, conocidos como \u201cm\u00e9trica\u201d, tambi\u00e9n han generado cierto impacto.<\/span><\/p>\n<p id=\"story-continues-35\" class=\"story-body-text story-content\" style=\"text-align: justify;\" tabindex=\"-1\" data-para-count=\"477\" data-total-count=\"8838\" data-intl-total-words=\"1401\"><span style=\"font-size: 12pt;\">Las largas filas, con gente que duerme al aire libre para intentar obtener acceso, quiz\u00e1 hayan empujado a algunos solicitantes de asilo a cruzar la frontera ilegalmente, seg\u00fan un informe del inspector general del Departamento de Seguridad Nacional. \u201cEl atraso ocasionado por estas directivas contrapuestas probablemente ocasion\u00f3 cruces fronterizos ilegales adicionales\u201d, revel\u00f3 el informe, lo cual significa posibles procesos conforme a la pol\u00edtica de tolerancia cero.<\/span><\/p>\n<p id=\"story-continues-36\" class=\"story-body-text story-content\" tabindex=\"-1\" data-para-count=\"222\" data-total-count=\"9060\" data-intl-total-words=\"1435\"><span style=\"font-size: 12pt;\">As\u00ed como el endurecimiento de las pol\u00edticas fronterizas puede haber conducido a una mayor inmigraci\u00f3n ilegal, la ret\u00f3rica de Trump de mano dura con los migrantes podr\u00eda endurecer tambi\u00e9n la postura de L\u00f3pez Obrador.<\/span><\/p>\n<p id=\"story-continues-37\" class=\"story-body-text story-content\" style=\"text-align: justify; padding-left: 30px;\" tabindex=\"-1\" data-para-count=\"432\" data-total-count=\"9492\" data-intl-total-words=\"1497\"><span style=\"font-size: 12pt;\">\u201cLas amenazas de Trump hacia M\u00e9xico dificultan m\u00e1s, hablando en t\u00e9rminos pol\u00edticos, que el nuevo gobierno se siente a hablar sobre inmigraci\u00f3n\u201d, coment\u00f3 Andrew Selee, presidente del Migration Policy Institute, un grupo de investigaci\u00f3n. \u201cDe ninguna manera iba a ser f\u00e1cil encontrar puntos de acuerdo, pero Trump est\u00e1 ocasionando que se vuelva todav\u00eda m\u00e1s dif\u00edcil para el gobierno entrante abordar este problema\u201d.<\/span><\/p>\n<\/figcaption><div class=\"image\" style=\"text-align: justify;\"><strong><span style=\"font-size: 12pt;\"><span class=\"byline\"><span class=\"byline-author\" data-byline-name=\"\" data-twitter-handle=\"\">Azam Ahmed<\/span><\/span> y <span class=\"byline\"><span class=\"byline-author\" data-byline-name=\"\" data-twitter-handle=\"\">Caitlin Dickerson<\/span><\/span><\/span><\/strong><\/div>\n<div style=\"text-align: justify;\"><\/div>\n<div class=\"image\" style=\"text-align: justify;\"><strong><span style=\"font-size: 12pt;\"><span class=\"byline\"><span class=\"byline-author\" data-byline-name=\"\" data-twitter-handle=\"\">Nota:<\/span><\/span><\/span><\/strong><\/div>\n<div style=\"text-align: justify;\"><\/div>\n<div style=\"text-align: justify;\"><span style=\"font-size: 12pt;\">Paulina Villegas colabor\u00f3 con este reportaje desde Ciudad de M\u00e9xico y Ron Nixon y Gardiner Harris, desde Washington.<\/span><\/div>\n<div><\/div>\n<div><strong><span style=\"font-size: 12pt;\">Foto portada: <em>Migrantes que usan balsas hechas a mano cruzaron el r\u00edo que separa a Guatemala de M\u00e9xico.<\/em> Alejandro Cegarra para The New York Times<\/span><\/strong><\/div>\n<div style=\"text-align: justify;\"><\/div>\n<div style=\"text-align: justify;\"><strong><span style=\"font-size: 12pt;\">Editado por <a href=\"http:\/\/www.lapluma.net\/nosotros\/editora\/\">Mar\u00eda Piedad Ossaba<\/a><\/span><\/strong><\/div>\n<div><\/div>\n<div><strong><span style=\"font-size: 12pt;\">Original: <span class=\"navigation_cadre\"><a href=\"http:\/\/www.tlaxcala-int.org\/article.asp?reference=24416\">Migrant Caravan puts Mexico back in U.S. cross hairs<\/a><\/span><\/span><\/strong><\/div>\n<div><\/div>\n<div><strong><span style=\"font-size: 12pt;\">Fuente:\u00a0 <\/span><\/strong><a href=\"https:\/\/www.nytimes.com\/2018\/10\/22\/world\/americas\/immigrant-caravan-mexico-usa.html?ref=nyt-es&amp;mcid=nyt-es&amp;subid=article\"><span style=\"font-size: 12pt;\"><strong>The New York Times<\/strong><\/span><\/a><\/div>\n<\/figure>\n<figure id=\"media-100000006174642\" class=\"media photo media-100000006174642 embedded layout-jumbo-horizontal ratio-tall\" role=\"group\" data-media-action=\"modal\" aria-label=\"media\">\n<div><\/div>\n<div><\/div>\n<div><\/div>\n<\/figure>\n<p style=\"text-align: justify;\">\n","protected":false},"excerpt":{"rendered":"<p>La renovada atenci\u00f3n a los migrantes centroamericanos en Estados Unidos llega en un momento en el que datos del Departamento de Seguridad Nacional de Estados Unidos muestran que casi 400.000 personas fueron detenidas en la frontera en el a\u00f1o fiscal de 2018, que termin\u00f3 el 30 de septiembre.<\/p>\n","protected":false},"author":120,"featured_media":0,"comment_status":"open","ping_status":"open","sticky":false,"template":"","format":"standard","meta":{"_uf_show_specific_survey":0,"_uf_disable_surveys":false,"footnotes":""},"categories":[217],"tags":[65,1117,1116],"coauthors":[1118],"class_list":["post-2291","post","type-post","status-publish","format-standard","hentry","category-abya-yala","tag-abya-yala","tag-azam-ahmed-y-caitlin-dickerson","tag-mexico-usa"],"translation":{"provider":"WPGlobus","version":"2.12.2","language":"fr","enabled_languages":["es","fr"],"languages":{"es":{"title":true,"content":true,"excerpt":true},"fr":{"title":false,"content":false,"excerpt":false}}},"_links":{"self":[{"href":"https:\/\/www.lapluma.net\/fr\/wp-json\/wp\/v2\/posts\/2291","targetHints":{"allow":["GET"]}}],"collection":[{"href":"https:\/\/www.lapluma.net\/fr\/wp-json\/wp\/v2\/posts"}],"about":[{"href":"https:\/\/www.lapluma.net\/fr\/wp-json\/wp\/v2\/types\/post"}],"author":[{"embeddable":true,"href":"https:\/\/www.lapluma.net\/fr\/wp-json\/wp\/v2\/users\/120"}],"replies":[{"embeddable":true,"href":"https:\/\/www.lapluma.net\/fr\/wp-json\/wp\/v2\/comments?post=2291"}],"version-history":[{"count":4,"href":"https:\/\/www.lapluma.net\/fr\/wp-json\/wp\/v2\/posts\/2291\/revisions"}],"predecessor-version":[{"id":2296,"href":"https:\/\/www.lapluma.net\/fr\/wp-json\/wp\/v2\/posts\/2291\/revisions\/2296"}],"wp:attachment":[{"href":"https:\/\/www.lapluma.net\/fr\/wp-json\/wp\/v2\/media?parent=2291"}],"wp:term":[{"taxonomy":"category","embeddable":true,"href":"https:\/\/www.lapluma.net\/fr\/wp-json\/wp\/v2\/categories?post=2291"},{"taxonomy":"post_tag","embeddable":true,"href":"https:\/\/www.lapluma.net\/fr\/wp-json\/wp\/v2\/tags?post=2291"},{"taxonomy":"author","embeddable":true,"href":"https:\/\/www.lapluma.net\/fr\/wp-json\/wp\/v2\/coauthors?post=2291"}],"curies":[{"name":"wp","href":"https:\/\/api.w.org\/{rel}","templated":true}]}}