{"id":2164,"date":"2018-10-23T11:26:38","date_gmt":"2018-10-23T11:26:38","guid":{"rendered":"http:\/\/www.lapluma.net\/?p=2164"},"modified":"2018-10-23T11:26:38","modified_gmt":"2018-10-23T11:26:38","slug":"tumbemos-el-muro-pronunciamiento-del-cni-cig-en-apoyo-a-la-caravana-de-migrantes","status":"publish","type":"post","link":"https:\/\/www.lapluma.net\/fr\/2018\/10\/23\/tumbemos-el-muro-pronunciamiento-del-cni-cig-en-apoyo-a-la-caravana-de-migrantes\/","title":{"rendered":"\u00a1Tumbemos el Muro! Pronunciamiento del CNI-CIG en apoyo a la Caravana de migrantes"},"content":{"rendered":"<div class=\"post-content-container\">\n<div class=\"post-content entry-content cf\" style=\"text-align: justify;\"><span style=\"font-size: 12pt;\"><img loading=\"lazy\" decoding=\"async\" class=\"alignnone size-full wp-image-2165 alignleft\" src=\"http:\/\/www.lapluma.net\/wp-content\/uploads\/2018\/10\/aut_4849Bis.jpg\" alt=\"\" width=\"66\" height=\"70\" \/>El Congreso Nacional Ind\u00edgena y el Concejo Ind\u00edgena de Gobierno, abrimos nuestro coraz\u00f3n y nuestra rabia. Llamamos a la solidaridad urgente hacia nuestros hermanos y hermanas que sufren el desplazamiento forzoso por la destrucci\u00f3n que los grandes capitales siembran en cada rinc\u00f3n del mundo, destrucci\u00f3n que se convierte en violencia, despojo y pobreza.<\/span><\/div>\n<div style=\"text-align: justify;\"><\/div>\n<div class=\"post-content entry-content cf\" style=\"text-align: justify;\"><span style=\"font-size: 12pt;\">Llamamos respetuosamente a las redes de apoyo al CIG, a la Sexta Nacional e Internacional y a las organizaciones de derechos humanos a manifestar, por todos los medios posibles, su apoyo a la caravana de nuestr@s herman@s migrantes, que acompa\u00f1emos su andar, su resistencia y rebeld\u00eda, que rompamos con ellos los cercos y los muros del poder.<\/span><\/div>\n<div style=\"text-align: justify;\"><\/div>\n<div class=\"post-content entry-content cf\" style=\"text-align: justify;\"><span style=\"font-size: 12pt;\">El camino de nuestras hermanas y hermanos trae consigo la tragedia sist\u00e9mica de nuestro mundo, el profundo da\u00f1o que el capitalismo ha causado a nuestra madre tierra y con ella a todos los pueblos. El desplazamiento, el \u00e9xodo de cientos, miles, millones comenz\u00f3 hace a\u00f1os y hoy se acuerpa y surge en forma de caravana de migrantes. Pero esto es apenas uno de los s\u00edntomas del colapso que en cada una de las lenguas en las que hablamos el Congreso Nacional Ind\u00edgena, hemos venido denunciando, el colapso desde el que estamos llamando a la organizaci\u00f3n para resistir y rebelarnos.<\/span><\/div>\n<div style=\"text-align: justify;\"><\/div>\n<div class=\"post-content entry-content cf\" style=\"text-align: justify;\"><span style=\"font-size: 12pt;\">Lo que debe detenerse no es el andar de la humanidad, sino la invasi\u00f3n del gran capital, los caminos solo los podemos abrir con y entre todas y todos.<\/span><\/div>\n<div style=\"text-align: justify;\"><\/div>\n<div class=\"post-content entry-content cf\" style=\"text-align: justify;\"><span style=\"font-size: 12pt;\"><em>Atentamente<\/em><\/span><\/div>\n<div style=\"text-align: justify;\"><\/div>\n<div class=\"post-content entry-content cf\" style=\"text-align: justify;\"><span style=\"font-size: 12pt;\"><em>Octubre de 2018<\/em><\/span><\/div>\n<div style=\"text-align: justify;\"><\/div>\n<div class=\"post-content entry-content cf\" style=\"text-align: justify;\"><span style=\"font-size: 12pt;\"><em>Por la reconstituci\u00f3n integral de nuestros pueblos<\/em><\/span><\/div>\n<div style=\"text-align: justify;\"><\/div>\n<div class=\"post-content entry-content cf\" style=\"text-align: justify;\"><span style=\"font-size: 12pt;\"><em>Nunca m\u00e1s un M\u00e9xico sin nosotros<\/em><\/span><\/div>\n<div style=\"text-align: justify;\"><\/div>\n<div class=\"post-content entry-content cf\" style=\"text-align: justify;\"><span style=\"font-size: 12pt;\"><strong>Congreso Nacional Ind\u00edgena-Concejo Ind\u00edgena de Gobierno<\/strong><\/span><\/div>\n<div style=\"text-align: justify;\"><\/div>\n<div class=\"post-content entry-content cf\">\n<p><img decoding=\"async\" class=\"transparent aligncenter\" src=\"http:\/\/www.congresonacionalindigena.org\/wp-content\/uploads\/2017\/01\/logo-CNI-To.png\" alt=\"http:\/\/www.congresonacionalindigena.org\/wp-content\/uploads\/2017\/01\/logo-CNI-To.png\" \/><\/p>\n<\/div>\n<\/div>\n<p><span style=\"font-size: 12pt;\"><strong><span class=\"auteur\">Congreso Nacional Ind\u00edgena CNI<\/span><\/strong><\/span><\/p>\n<p><strong><span style=\"font-size: 12pt;\">Fuente: <span class=\"envoi\"><a href=\"https:\/\/www.congresonacionalindigena.org\" target=\"_blank\" rel=\"noopener\">CNI-CIG<\/a><\/span><\/span><\/strong><\/p>\n<p><strong><span style=\"font-size: 12pt;\">Publicado por <a href=\"http:\/\/www.tlaxcala-int.org\/article.asp?reference=24404\">Tlaxcala<\/a>, el 23 de octubre de 2018<\/span><\/strong><\/p>\n","protected":false},"excerpt":{"rendered":"<p>Lo que debe detenerse no es el andar de la humanidad, sino la invasi\u00f3n del gran capital, los caminos solo los podemos abrir con y entre todas y todos<\/p>\n","protected":false},"author":112,"featured_media":2166,"comment_status":"open","ping_status":"open","sticky":false,"template":"","format":"standard","meta":{"_uf_show_specific_survey":0,"_uf_disable_surveys":false,"footnotes":""},"categories":[217],"tags":[1057,65,1062],"coauthors":[1061],"class_list":["post-2164","post","type-post","status-publish","format-standard","has-post-thumbnail","hentry","category-abya-yala","tag-caravana-de-migrantes","tag-abya-yala","tag-cni-cig"],"translation":{"provider":"WPGlobus","version":"2.12.2","language":"fr","enabled_languages":["es","fr"],"languages":{"es":{"title":true,"content":true,"excerpt":true},"fr":{"title":false,"content":false,"excerpt":false}}},"_links":{"self":[{"href":"https:\/\/www.lapluma.net\/fr\/wp-json\/wp\/v2\/posts\/2164","targetHints":{"allow":["GET"]}}],"collection":[{"href":"https:\/\/www.lapluma.net\/fr\/wp-json\/wp\/v2\/posts"}],"about":[{"href":"https:\/\/www.lapluma.net\/fr\/wp-json\/wp\/v2\/types\/post"}],"author":[{"embeddable":true,"href":"https:\/\/www.lapluma.net\/fr\/wp-json\/wp\/v2\/users\/112"}],"replies":[{"embeddable":true,"href":"https:\/\/www.lapluma.net\/fr\/wp-json\/wp\/v2\/comments?post=2164"}],"version-history":[{"count":2,"href":"https:\/\/www.lapluma.net\/fr\/wp-json\/wp\/v2\/posts\/2164\/revisions"}],"predecessor-version":[{"id":2168,"href":"https:\/\/www.lapluma.net\/fr\/wp-json\/wp\/v2\/posts\/2164\/revisions\/2168"}],"wp:featuredmedia":[{"embeddable":true,"href":"https:\/\/www.lapluma.net\/fr\/wp-json\/wp\/v2\/media\/2166"}],"wp:attachment":[{"href":"https:\/\/www.lapluma.net\/fr\/wp-json\/wp\/v2\/media?parent=2164"}],"wp:term":[{"taxonomy":"category","embeddable":true,"href":"https:\/\/www.lapluma.net\/fr\/wp-json\/wp\/v2\/categories?post=2164"},{"taxonomy":"post_tag","embeddable":true,"href":"https:\/\/www.lapluma.net\/fr\/wp-json\/wp\/v2\/tags?post=2164"},{"taxonomy":"author","embeddable":true,"href":"https:\/\/www.lapluma.net\/fr\/wp-json\/wp\/v2\/coauthors?post=2164"}],"curies":[{"name":"wp","href":"https:\/\/api.w.org\/{rel}","templated":true}]}}