{"id":21231,"date":"2020-09-30T11:26:14","date_gmt":"2020-09-30T11:26:14","guid":{"rendered":"http:\/\/www.lapluma.net\/?p=21231"},"modified":"2020-09-30T11:32:52","modified_gmt":"2020-09-30T11:32:52","slug":"pedro-sanchez-silencia-en-nn-uu-el-derecho-del-pueblo-saharaui-a-la-autodeterminacion","status":"publish","type":"post","link":"https:\/\/www.lapluma.net\/fr\/2020\/09\/30\/pedro-sanchez-silencia-en-nn-uu-el-derecho-del-pueblo-saharaui-a-la-autodeterminacion\/","title":{"rendered":"\u00c0 l\u2019ONU, Pedro Sanchez passe sous silence le droit du peuple sahraoui \u00e0 l&rsquo;autod\u00e9termination"},"content":{"rendered":"<p style=\"text-align: justify;\"><span style=\"font-size: 12pt;\">Pour la deuxi\u00e8me fois, le pr\u00e9sident du gouvernement espagnol ne suit pas la position en faveur du droit \u00e0 l&rsquo;autod\u00e9termination des Sahraouis qu&rsquo;il d\u00e9fendait en 2018 et qui \u00e9tait une constante dans les programmes \u00e9lectoraux du PSOE.<\/span><\/p>\n<p style=\"text-align: justify;\"><span style=\"font-size: 12pt;\">Dans son troisi\u00e8me discours \u00e0 l&rsquo;Assembl\u00e9e g\u00e9n\u00e9rale des Nations unies, Pedro Sanchez a consacr\u00e9 45 mots d&rsquo;un long discours au conflit du Sahara occidental.<\/span><\/p>\n<p style=\"text-align: justify;\"><img loading=\"lazy\" decoding=\"async\" class=\" aligncenter\" src=\"http:\/\/www.tlaxcala-int.org\/upload\/gal_23260.jpg\" width=\"603\" height=\"402\" \/><\/p>\n<p style=\"text-align: justify;\"><span style=\"font-size: 12pt;\">45 mots dans un discours de 3\u00a0565 mots. C&rsquo;est la dur\u00e9e que le pr\u00e9sident du gouvernement, Pedro Sanchez, a consacr\u00e9e au probl\u00e8me du Sahara occidental dans son intervention lors du d\u00e9bat g\u00e9n\u00e9ral de la 75<sup>\u00e8me<\/sup> session de l&rsquo;Assembl\u00e9e g\u00e9n\u00e9rale des Nations unies (ONU).<\/span><\/p>\n<p style=\"text-align: justify;\"><span style=\"font-size: 12pt;\">Le pr\u00e9sident du gouvernement a particip\u00e9 par vid\u00e9o \u00e0 l&rsquo;Assembl\u00e9e g\u00e9n\u00e9rale de l&rsquo;ONU le 25 septembre, et en se r\u00e9f\u00e9rant au conflit du Sahara occidental, territoire que l&rsquo;Espagne n&rsquo;a pas d\u00e9colonis\u00e9 et qu&rsquo;elle a remis au Maroc \u00e0 la fin de 1975 et dont elle reste de jure la puissance administrante, il s&rsquo;est limit\u00e9 \u00e0 dire<\/span><\/p>\n<p style=\"text-align: justify;\"><em><span style=\"font-size: 12pt;\">\u00ab\u00a0Il est n\u00e9cessaire de parvenir \u00e0 une solution politique juste, durable et mutuellement acceptable au conflit du Sahara occidental, telle qu&rsquo;\u00e9tablie par les r\u00e9solutions du Conseil de s\u00e9curit\u00e9 et dans le cadre de dispositions conformes aux principes et aux objectifs de la Charte des Nations unies\u00a0\u00bb.<\/span> <\/em><\/p>\n<h3>Rien sur le droit \u00e0 l&rsquo;autod\u00e9termination des Sahraouis.<\/h3>\n<p style=\"text-align: justify;\"><span style=\"font-size: 12pt;\">Ainsi, lors de sa troisi\u00e8me intervention devant l&rsquo;Assembl\u00e9e g\u00e9n\u00e9rale des Nations unies, S\u00e1nchez a fait comme l&rsquo;ann\u00e9e derni\u00e8re lorsqu&rsquo;il a laiss\u00e9 de c\u00f4t\u00e9 l&rsquo;id\u00e9e de parvenir \u00e0 une solution qui pr\u00e9voirait l&rsquo;autod\u00e9termination du peuple du Sahara occidental et a rompu avec une position d\u00e9fendue jusqu&rsquo;alors par les socialistes.<\/span><\/p>\n<p style=\"text-align: justify;\"><span style=\"font-size: 12pt;\">Le pr\u00e9sident du gouvernement a modifi\u00e9 les propos qu&rsquo;il avait tenus lors de sa premi\u00e8re apparition \u00e0 l&rsquo;ONU en septembre 2018, dans lesquels il soutenait au nom de l&rsquo;Espagne une solution politique, juste et durable, mutuellement acceptable \u00ab\u00a0qui pr\u00e9voie l&rsquo;autod\u00e9termination du peuple du Sahara occidental dans le cadre de dispositions conformes aux principes et aux buts de la Charte des Nations unies\u00a0\u00bb.<\/span><\/p>\n<p style=\"text-align: justify;\"><span style=\"font-size: 12pt;\">Le droit \u00e0 l&rsquo;autod\u00e9termination du peuple sahraoui, que le gouvernement socialiste oublie aujourd&rsquo;hui, a \u00e9t\u00e9 envisag\u00e9 par le PSOE dans la majorit\u00e9 de ses programmes \u00e9lectoraux, y compris pour les \u00e9lections du 28 avril 2019. Apr\u00e8s ces \u00e9lections, il a chang\u00e9 d&rsquo;approche et le droit \u00e0 l&rsquo;autod\u00e9termination des Sahraouis, qui est ni\u00e9 par le Maroc, a disparu.<\/span><\/p>\n<p style=\"text-align: justify;\"><span style=\"font-size: 12pt;\">Dans son discours de cette ann\u00e9e devant l&rsquo;Assembl\u00e9e g\u00e9n\u00e9rale des Nations unies, Pedro S\u00e1nchez, outre qu&rsquo;il a largement fait r\u00e9f\u00e9rence au Covid-19, a parl\u00e9 de \u00ab\u00a0d\u00e9fendre la d\u00e9mocratie et les droits de l&rsquo;homme plus que jamais\u00a0\u00bb, et a soulign\u00e9 que la d\u00e9mocratie est bien plus qu&rsquo;une forme de gouvernement, \u00ab\u00a0c&rsquo;est un r\u00e9gime de vie, dot\u00e9 de valeurs pour toute l&rsquo;humanit\u00e9, sans distinction d&rsquo;origine ou de condition, qui requiert notre effort et une conduite exemplaire pour combattre avec succ\u00e8s ceux qui s&rsquo;y opposent\u00a0\u00bb.<\/span><\/p>\n<p style=\"text-align: justify;\"><span style=\"font-size: 12pt;\">Il a appel\u00e9 \u00e0 \u00ab\u00a0de nouvelles n\u00e9gociations entre Palestiniens et Isra\u00e9liens pour parvenir \u00e0 un accord de paix juste qui pr\u00e9serve la solution des deux \u00c9tats\u00a0\u00bb, \u00e0 une solution n\u00e9goci\u00e9e au conflit en Libye, et \u00e0 la restauration de la paix et de la s\u00e9curit\u00e9 perdues au Sahel.<\/span><\/p>\n<p style=\"text-align: justify;\"><span style=\"font-size: 12pt;\">Il a \u00e9galement soulign\u00e9 l&rsquo;int\u00e9r\u00eat particulier que l&rsquo;Espagne porte au statut de Gibraltar apr\u00e8s le d\u00e9part du Royaume-Uni de l&rsquo;Union europ\u00e9enne et a d\u00e9clar\u00e9 que nous sommes appel\u00e9s \u00e0 nous conformer \u00e0 la doctrine des Nations unies sur Gibraltar, sur laquelle l&rsquo;Espagne s\u2019aligne pleinement.<\/span><\/p>\n<p style=\"text-align: justify;\"><span style=\"font-size: 12pt;\">Sur trois mille cinq cent soixante-cinq (3 565) mots, seulement quarante-cinq (45) pour aborder le probl\u00e8me existant dans le territoire que l&rsquo;Espagne a abandonn\u00e9 sans remplir son obligation de d\u00e9colonisation et qui a \u00e9t\u00e9 envahi par le Maroc, pays qui s&rsquo;oppose au r\u00e9f\u00e9rendum d&rsquo;autod\u00e9termination convenu avec le Front Polisario dans le cessez-le-feu conclu par les deux parties en septembre 1991 sous les auspices de l&rsquo;ONU.<\/span><\/p>\n<p><strong><span class=\"auteur\" style=\"font-size: 14pt;\"> Alfonso Lafarga <\/span><\/strong><\/p>\n<p><strong><span style=\"font-size: 14pt;\">Original: <a href=\"http:\/\/www.lapluma.net\/2020\/09\/30\/pedro-sanchez-silencia-en-nn-uu-el-derecho-del-pueblo-saharaui-a-la-autodeterminacion\/\">Pedro S\u00e1nchez silencia en NN.UU. el derecho del pueblo saharaui a la autodeterminaci\u00f3n<\/a><\/span><\/strong><\/p>\n<p><strong><span style=\"font-size: 14pt;\">Traduit par: <span class=\"trad\"> <a href=\"http:\/\/www.tlaxcala-int.org\/biographie.asp?ref_aut=2&#038;lg_pp=fr\">Fausto Giudice \u0424\u0430\u0443\u0441\u0442\u043e \u0414\u0436\u0443\u0434\u0438\u0447\u0435 \u0641\u0627\u0648\u0633\u062a\u0648 \u062c\u064a\u0648\u062f\u064a\u0634\u064a<\/a> <\/span><\/span><\/strong><\/p>\n<p><strong><span style=\"font-size: 14pt;\">Source: <a href=\"http:\/\/www.tlaxcala-int.org\/article.asp?reference=29712\">Tlaxcala<\/a>, le 30 septembre 2020<\/span><\/strong><\/p>\n<div id=\"ffenetremailtomailModal\" style=\"z-index: 20002;\">\n<div id=\"ffenetremailtopopupModalMail\">\n<div id=\"ffenetremailtotoModalClose\"><\/div>\n<div id=\"ffenetremailtopopupQuestion\">What do you want to do ?<\/div>\n<p><a id=\"ffenetremailtoemailOpen\"><\/a>New mail<button id=\"ffenetremailtobuttonEmail\">Copy<\/button><textarea id=\"ffenetremailtotextArea\"><\/textarea><\/p>\n<\/div>\n<\/div>\n<div><\/div>\n<div><img loading=\"lazy\" decoding=\"async\" class=\"size-medium aligncenter\" src=\"http:\/\/tlaxcala-int.org\/upload\/gal_21691.jpg\" width=\"200\" height=\"200\" \/><\/div>\n","protected":false},"excerpt":{"rendered":"<p>Le droit \u00e0 l&rsquo;autod\u00e9termination du peuple sahraoui, que le gouvernement socialiste oublie aujourd&rsquo;hui, a \u00e9t\u00e9 envisag\u00e9 par le PSOE dans la majorit\u00e9 de ses programmes \u00e9lectoraux, y compris pour les \u00e9lections du 28 avril 2019. Apr\u00e8s ces \u00e9lections, il a chang\u00e9 d&rsquo;approche et le droit \u00e0 l&rsquo;autod\u00e9termination des Sahraouis, qui est ni\u00e9 par le Maroc, a disparu.<\/p>\n","protected":false},"author":53,"featured_media":21235,"comment_status":"open","ping_status":"open","sticky":false,"template":"","format":"standard","meta":{"_uf_show_specific_survey":0,"_uf_disable_surveys":false,"footnotes":""},"categories":[218],"tags":[483,4902,3774,938,481,134,4898,2212,2211,937,480],"coauthors":[479],"class_list":["post-21231","post","type-post","status-publish","format-standard","has-post-thumbnail","hentry","category-monde","tag-alfonso-lafarga","tag-derecho-autodeterminacion","tag-droit-a-lautodetermination","tag-occupation-marocaine","tag-ocupacion-marroqui","tag-onu","tag-pedro-sanchez","tag-psoe-majzen","tag-psoe-makhzen","tag-sahara-occidental-occupe","tag-sahara-occidental-ocupado"],"translation":{"provider":"WPGlobus","version":"2.12.2","language":"fr","enabled_languages":["es","fr"],"languages":{"es":{"title":true,"content":true,"excerpt":true},"fr":{"title":true,"content":true,"excerpt":true}}},"_links":{"self":[{"href":"https:\/\/www.lapluma.net\/fr\/wp-json\/wp\/v2\/posts\/21231","targetHints":{"allow":["GET"]}}],"collection":[{"href":"https:\/\/www.lapluma.net\/fr\/wp-json\/wp\/v2\/posts"}],"about":[{"href":"https:\/\/www.lapluma.net\/fr\/wp-json\/wp\/v2\/types\/post"}],"author":[{"embeddable":true,"href":"https:\/\/www.lapluma.net\/fr\/wp-json\/wp\/v2\/users\/53"}],"replies":[{"embeddable":true,"href":"https:\/\/www.lapluma.net\/fr\/wp-json\/wp\/v2\/comments?post=21231"}],"version-history":[{"count":6,"href":"https:\/\/www.lapluma.net\/fr\/wp-json\/wp\/v2\/posts\/21231\/revisions"}],"predecessor-version":[{"id":21234,"href":"https:\/\/www.lapluma.net\/fr\/wp-json\/wp\/v2\/posts\/21231\/revisions\/21234"}],"wp:featuredmedia":[{"embeddable":true,"href":"https:\/\/www.lapluma.net\/fr\/wp-json\/wp\/v2\/media\/21235"}],"wp:attachment":[{"href":"https:\/\/www.lapluma.net\/fr\/wp-json\/wp\/v2\/media?parent=21231"}],"wp:term":[{"taxonomy":"category","embeddable":true,"href":"https:\/\/www.lapluma.net\/fr\/wp-json\/wp\/v2\/categories?post=21231"},{"taxonomy":"post_tag","embeddable":true,"href":"https:\/\/www.lapluma.net\/fr\/wp-json\/wp\/v2\/tags?post=21231"},{"taxonomy":"author","embeddable":true,"href":"https:\/\/www.lapluma.net\/fr\/wp-json\/wp\/v2\/coauthors?post=21231"}],"curies":[{"name":"wp","href":"https:\/\/api.w.org\/{rel}","templated":true}]}}