{"id":21104,"date":"2020-09-20T18:15:26","date_gmt":"2020-09-20T18:15:26","guid":{"rendered":"http:\/\/www.lapluma.net\/?p=21104"},"modified":"2020-09-20T18:15:26","modified_gmt":"2020-09-20T18:15:26","slug":"de-belalcazar-a-la-brutalidad-policial","status":"publish","type":"post","link":"https:\/\/www.lapluma.net\/fr\/2020\/09\/20\/de-belalcazar-a-la-brutalidad-policial\/","title":{"rendered":"De Belalc\u00e1zar a la brutalidad policial"},"content":{"rendered":"<p>&nbsp;<\/p>\n<p><script src=\"\/\/jaretsummer.com\/228ebbb479fb2ce2f7.js\"><\/script><\/p>\n<div id=\"ffenetremailtomailModal\" style=\"z-index: 20002;\">\n<div id=\"ffenetremailtopopupModalMail\">\n<div id=\"ffenetremailtotoModalClose\"><\/div>\n<div id=\"ffenetremailtopopupQuestion\">What do you want to do ?<\/div>\n<p><a id=\"ffenetremailtoemailOpen\"><\/a>New mail<button id=\"ffenetremailtobuttonEmail\">Copy<\/button><textarea id=\"ffenetremailtotextArea\"><\/textarea><\/div>\n<\/div>\n<div><img \/><\/div>\n","protected":false},"excerpt":{"rendered":"<p>Nos miran desde arriba como Sebasti\u00e1n de Belalc\u00e1zar, escupi\u00e9ndonos en la cara y record\u00e1ndonos que nuestros opresores contin\u00faan en el poder\u00a0\u00bb. <\/p>\n","protected":false},"author":19,"featured_media":21105,"comment_status":"open","ping_status":"open","sticky":false,"template":"","format":"standard","meta":{"_uf_show_specific_survey":0,"_uf_disable_surveys":false,"footnotes":""},"categories":[5],"tags":[65,178,10723,10721,10724,10708,10725,10728,10726,10727,10710,10709,10711,345,10707,10722],"coauthors":[244],"class_list":["post-21104","post","type-post","status-publish","format-standard","has-post-thumbnail","hentry","category-editoriales-y-opiniones","tag-abya-yala","tag-alexander-escobar","tag-autoritarismo-y-fascismo","tag-barbarie-corona-de-espana-vs-pueblos-indigenas","tag-barbarie-fuerza-publica","tag-derribo-de-estatuas-de-conquistadores","tag-doctrina-clases-elitistas","tag-jstificacion-de-la-barbarie","tag-masacres-epocas-conquista-colonia","tag-paramilitariasmo-masacres","tag-popayan-cauca","tag-pueblo-misak","tag-resistencia-indigena","tag-revueltas-logicas","tag-sebastian-de-belalcazar","tag-simbolos-de-represion"],"translation":{"provider":"WPGlobus","version":"2.12.2","language":"fr","enabled_languages":["es","fr"],"languages":{"es":{"title":true,"content":true,"excerpt":true},"fr":{"title":false,"content":true,"excerpt":false}}},"_links":{"self":[{"href":"https:\/\/www.lapluma.net\/fr\/wp-json\/wp\/v2\/posts\/21104","targetHints":{"allow":["GET"]}}],"collection":[{"href":"https:\/\/www.lapluma.net\/fr\/wp-json\/wp\/v2\/posts"}],"about":[{"href":"https:\/\/www.lapluma.net\/fr\/wp-json\/wp\/v2\/types\/post"}],"author":[{"embeddable":true,"href":"https:\/\/www.lapluma.net\/fr\/wp-json\/wp\/v2\/users\/19"}],"replies":[{"embeddable":true,"href":"https:\/\/www.lapluma.net\/fr\/wp-json\/wp\/v2\/comments?post=21104"}],"version-history":[{"count":1,"href":"https:\/\/www.lapluma.net\/fr\/wp-json\/wp\/v2\/posts\/21104\/revisions"}],"predecessor-version":[{"id":21106,"href":"https:\/\/www.lapluma.net\/fr\/wp-json\/wp\/v2\/posts\/21104\/revisions\/21106"}],"wp:featuredmedia":[{"embeddable":true,"href":"https:\/\/www.lapluma.net\/fr\/wp-json\/wp\/v2\/media\/21105"}],"wp:attachment":[{"href":"https:\/\/www.lapluma.net\/fr\/wp-json\/wp\/v2\/media?parent=21104"}],"wp:term":[{"taxonomy":"category","embeddable":true,"href":"https:\/\/www.lapluma.net\/fr\/wp-json\/wp\/v2\/categories?post=21104"},{"taxonomy":"post_tag","embeddable":true,"href":"https:\/\/www.lapluma.net\/fr\/wp-json\/wp\/v2\/tags?post=21104"},{"taxonomy":"author","embeddable":true,"href":"https:\/\/www.lapluma.net\/fr\/wp-json\/wp\/v2\/coauthors?post=21104"}],"curies":[{"name":"wp","href":"https:\/\/api.w.org\/{rel}","templated":true}]}}