{"id":20116,"date":"2020-07-18T12:29:20","date_gmt":"2020-07-18T12:29:20","guid":{"rendered":"http:\/\/www.lapluma.net\/?p=20116"},"modified":"2020-07-18T12:30:56","modified_gmt":"2020-07-18T12:30:56","slug":"la-insurreccion-de-los-patrones","status":"publish","type":"post","link":"https:\/\/www.lapluma.net\/fr\/2020\/07\/18\/la-insurreccion-de-los-patrones\/","title":{"rendered":"La insurrecci\u00f3n de los patrones"},"content":{"rendered":"<p style=\"text-align: justify;\" align=\"left\"><img loading=\"lazy\" decoding=\"async\" class=\"wp-image-8189 alignleft\" src=\"http:\/\/www.lapluma.net\/wp-content\/uploads\/2019\/04\/Roberto-Pizarro-H.jpg\" alt=\"\" width=\"132\" height=\"136\" \/><span style=\"font-size: 12pt;\">Son insaciables. Son despiadados. Son primitivos. Que una ley permita retirar un 10% de los fondos de pensi\u00f3n, propiedad de los cotizantes, da\u00f1ando as\u00ed el latrocinio perpetuo de las AFP, la banca y los patrones&#8230; merece amenazas, insultos y arrogancia. Y tiene curiosas consecuencias castrenses, como puede verse al final de la nota de Roberto Pizarro&#8230;[N de Politika]<br \/>\n<\/span><\/p>\n<p style=\"text-align: justify;\" align=\"left\"><span style=\"font-size: 12pt;\">Mucho ha dolido al gran empresariado la aprobaci\u00f3n en la C\u00e1mara de Diputados del retiro de 10% de los ahorros de los afiliados, administrados por las AFP. Su reacci\u00f3n ha traspasado las fronteras gremiales para invadir directamente \u00e1mbitos pol\u00edticos y legales.<\/span><\/p>\n<p style=\"text-align: justify;\" align=\"left\"><span style=\"font-size: 12pt;\">Entregan una furibunda declaraci\u00f3n, por cierto, en el Mercurio (13-07-2020) que cuestiona la constitucionalidad de la medida, olvid\u00e1ndose que la aprobaci\u00f3n cuenta con el quorum correspondiente de los 3\/5, seg\u00fan la actual Constituci\u00f3n. Agregan, de forma irresponsable, que el retiro del 10% pone en riesgo la estabilidad democr\u00e1tica del pa\u00eds.<\/span><\/p>\n<p align=\"left\"><img loading=\"lazy\" decoding=\"async\" class=\"size-medium aligncenter\" src=\"https:\/\/www.alainet.org\/sites\/default\/files\/styles\/imagen-principal-articulo\/public\/empresarios_corporaciones.jpg?itok=Fp3C9cZ9\" width=\"394\" height=\"550\" \/><\/p>\n<p style=\"text-align: justify;\" align=\"left\"><span style=\"font-size: 12pt;\">Van incluso m\u00e1s lejos, al hablar, como en otros tiempos, sobre la utilizaci\u00f3n de \u201cresquicios legales\u201d. En efecto, se\u00f1alan que la decisi\u00f3n de los diputados no es algo aislado, ya que, seg\u00fan los firmantes, existir\u00edan otras medidas del Parlamento que han pasado a llevar la institucionalidad (no se dice cu\u00e1les) y que han afectado las reglas del juego.<\/span><\/p>\n<p style=\"text-align: justify;\" align=\"left\"><span style=\"font-size: 12pt;\">Reglas del juego, estabilidad democr\u00e1tica, resquicios legales e inconstitucionalidad, son los t\u00e9rminos amenazantes que utiliza el gran empresariado para referirse a una decisi\u00f3n que cont\u00f3 con el apoyo de toda la oposici\u00f3n y de 13 parlamentarios de gobierno. Sorprendente ofensiva de los f\u00e1cticos que, al ver afectados sus intereses, no vacilan en patear el tablero.<\/span><\/p>\n<p style=\"text-align: justify;\" align=\"left\"><span style=\"font-size: 12pt;\">Por su parte, los ejecutivos de las AFP han procedido de manera similar, enviando cartas a sus afiliados para amedrentarlos. En ellas, AFP H\u00e1bitat, por ejemplo, se\u00f1ala que: \u201cLa votaci\u00f3n de la C\u00e1mara de Diputados, en la cual se aprob\u00f3 la idea de legislar un proyecto de reforma constitucional que permitir\u00eda a los afiliados retirar el 10% de su ahorro, solo puede ser considerada como un error hist\u00f3rico.\u201d Algo similar hicieron el resto de las AFP.<\/span><\/p>\n<p style=\"text-align: justify;\" align=\"left\"><span style=\"font-size: 12pt;\">Las amenazas del empresariado cuestionan la legalidad del comportamiento de los parlamentarios. Y, en cuanto a los argumentos t\u00e9cnicos sobre retiro del 10%, no agregan absolutamente nada a su conocida defensa dogm\u00e1tica del modelo econ\u00f3mico.<\/span><\/p>\n<p style=\"text-align: justify;\" align=\"left\"><span style=\"font-size: 12pt;\">En efecto, el bloque empresarial habla de su \u201cprofunda preocupaci\u00f3n por la estocada\u201d a las pensiones de los trabajadores y que ello afectar\u00e1 su seguridad social. Su sinceridad es cuestionable, porque nadie cree que aquellos patrones est\u00e9n interesados en el bienestar de los trabajadores. Adem\u00e1s, los bajos salarios que pagan y la inestabilidad laboral hacen imposible alcanzar una pensi\u00f3n digna al final de la vida laboral. En realidad, los fondos de las AFP no son un seguro para los ancianos.<\/span><\/p>\n<p style=\"text-align: justify;\" align=\"left\"><span style=\"font-size: 12pt;\">El segundo argumento, y aqu\u00ed s\u00ed los patrones hablan con sinceridad, es que las AFP son un pilar de la institucionalidad econ\u00f3mica, del modelo neoliberal. Los fondos depositados en las AFP son recursos de bajo costo que han servido al gran empresariado para ampliar sus negocios. Esta es la institucionalidad que cuidan los empresarios.<\/span><\/p>\n<p style=\"text-align: justify;\" align=\"left\"><span style=\"font-size: 12pt;\">Finalmente, lo que m\u00e1s preocupa al empresariado es la restituci\u00f3n del retiro del 10% y el eventual \u201cfondo colectivo\u201d, al que deber\u00e1n aportar el Estado y los empresarios. Eso les duele, porque no quieren entregar recursos al fondo ni tampoco pagar mayores impuestos y por ello argumentan que lo relevante (como siempre) es la recuperaci\u00f3n econ\u00f3mica y el empleo.<\/span><\/p>\n<p style=\"text-align: justify;\" align=\"left\"><span style=\"font-size: 12pt;\">En medio de su desesperaci\u00f3n est\u00e1n operando como un partido pol\u00edtico m\u00e1s.<\/span><\/p>\n<p style=\"text-align: justify;\" align=\"left\"><span style=\"font-size: 12pt;\">Las AFP y el gran empresariado han resultado damnificados. Les fallaron el gobierno y tambi\u00e9n los pol\u00edticos que las protegen. En medio de su desesperaci\u00f3n est\u00e1n operando como un partido pol\u00edtico m\u00e1s. La aprobaci\u00f3n del retiro del 10% cambia el sentido com\u00fan. Modifica lo intocable. Gracias al movimiento ciudadano \u201cNo m\u00e1s AFP\u201d, a las protestas de 18-O y producto de la pandemia, gran parte de los pol\u00edticos han entendido que la protecci\u00f3n de la vida es un valor superior a los negocios de las grandes empresas.<\/span><\/p>\n<figure style=\"width: 624px\" class=\"wp-caption aligncenter\"><img loading=\"lazy\" decoding=\"async\" src=\"https:\/\/www.dw.com\/image\/54206916_303.jpg\" alt=\"\" width=\"624\" height=\"351\" \/><figcaption class=\"wp-caption-text\"><a href=\"https:\/\/www.dw.com\/es\/chile-la-gente-no-quiere-m%C3%A1s-afp\/a-54208014\">Protestas en Chile contra el sistema privado de pensiones.<\/a><\/figcaption><\/figure>\n<p style=\"text-align: justify;\" align=\"left\"><span style=\"font-size: 12pt;\">No sabemos c\u00f3mo terminar\u00e1 esta historia. Est\u00e1 pendiente la votaci\u00f3n en particular en la C\u00e1mara de Diputados y luego su aprobaci\u00f3n en el Senado. Sin embargo, los poderes f\u00e1cticos ya est\u00e1n actuando para proteger el corralito que impide a los trabajadores usar sus ahorros en medio de la pandemia. Como sea, la votaci\u00f3n de la C\u00e1mara de Diputados ha debilitado la fortaleza de las AFP.<\/span><\/p>\n<p style=\"text-align: justify;\" align=\"left\"><span style=\"font-size: 12pt;\">No sabemos c\u00f3mo terminar\u00e1 esta historia. Est\u00e1 pendiente la votaci\u00f3n en particular en la C\u00e1mara de Diputados y luego su aprobaci\u00f3n en el Senado. Sin embargo, los poderes f\u00e1cticos ya est\u00e1n actuando para proteger el corralito que impide a los trabajadores usar sus ahorros en medio de la pandemia. Como sea, la votaci\u00f3n de la C\u00e1mara de Diputados ha debilitado la fortaleza de las AFP.<\/span><\/p>\n<p style=\"text-align: justify;\" align=\"left\"><span style=\"font-size: 12pt;\">La declaraci\u00f3n de los gremios patronales y las cartas de las AFP son una advertencia a la ciudadan\u00eda. Las reacciones tan desproporcionadas de los f\u00e1cticos por el 10% pueden convertirse en rebeld\u00eda a\u00fan mayor cuando se inicie el proceso constituyente y se ponga en cuesti\u00f3n el modelo econ\u00f3mico.<\/span><\/p>\n<figure style=\"width: 728px\" class=\"wp-caption aligncenter\"><img loading=\"lazy\" decoding=\"async\" src=\"https:\/\/cascade.madmimi.com\/promotion_images\/1747\/9494\/original\/acuartelamiento.jpeg?1594906990\" alt=\"\" width=\"728\" height=\"686\" \/><figcaption class=\"wp-caption-text\">Por las dudas, acuartelan a las Fuerzas Armadas<\/figcaption><\/figure>\n<h2 style=\"text-align: justify;\" align=\"left\"><strong><span style=\"font-size: 14pt;\">Roberto Pizarro H<\/span><\/strong><\/h2>\n<p><strong><span style=\"font-size: 14pt;\">Editado por <a href=\"http:\/\/www.lapluma.net\/nosotros\/editora\/\">Mar\u00eda Piedad Ossaba<\/a><\/span><\/strong><\/p>\n<p><strong><span style=\"font-size: 14pt;\">Fuente: <a href=\"https:\/\/madmimi.com\/p\/db77011?pact=31663153-159242194-4158025400-9676d901dd87277100decb12d5cc8ec7b2047cba\">Politika<\/a> , 16 de julio de 2020<\/span><\/strong><\/p>\n","protected":false},"excerpt":{"rendered":"<p>Gracias al movimiento ciudadano \u201cNo m\u00e1s AFP\u201d, a las protestas de 18-O y producto de la pandemia, gran parte de los pol\u00edticos han entendido que la protecci\u00f3n de la vida es un valor superior a los negocios de las grandes empresas.<\/p>\n","protected":false},"author":491,"featured_media":20117,"comment_status":"open","ping_status":"open","sticky":false,"template":"","format":"standard","meta":{"_uf_show_specific_survey":0,"_uf_disable_surveys":false,"footnotes":""},"categories":[217],"tags":[9930,9926,9928,4332,9929,9924,9931,9927],"coauthors":[4563],"class_list":["post-20116","post","type-post","status-publish","format-standard","has-post-thumbnail","hentry","category-abya-yala","tag-afp-banca-y-patrones","tag-chile-insurreccion-de-los-patrones","tag-institucionalidad-economica","tag-modelo-neoliberal","tag-movimiento-ciudadano-no-mas-afp","tag-retiro-de-fondos-de-pensiones","tag-roberto-pizarro-h","tag-seguridad-social"],"translation":{"provider":"WPGlobus","version":"2.12.2","language":"fr","enabled_languages":["es","fr"],"languages":{"es":{"title":true,"content":true,"excerpt":true},"fr":{"title":false,"content":false,"excerpt":false}}},"_links":{"self":[{"href":"https:\/\/www.lapluma.net\/fr\/wp-json\/wp\/v2\/posts\/20116","targetHints":{"allow":["GET"]}}],"collection":[{"href":"https:\/\/www.lapluma.net\/fr\/wp-json\/wp\/v2\/posts"}],"about":[{"href":"https:\/\/www.lapluma.net\/fr\/wp-json\/wp\/v2\/types\/post"}],"author":[{"embeddable":true,"href":"https:\/\/www.lapluma.net\/fr\/wp-json\/wp\/v2\/users\/491"}],"replies":[{"embeddable":true,"href":"https:\/\/www.lapluma.net\/fr\/wp-json\/wp\/v2\/comments?post=20116"}],"version-history":[{"count":2,"href":"https:\/\/www.lapluma.net\/fr\/wp-json\/wp\/v2\/posts\/20116\/revisions"}],"predecessor-version":[{"id":20121,"href":"https:\/\/www.lapluma.net\/fr\/wp-json\/wp\/v2\/posts\/20116\/revisions\/20121"}],"wp:featuredmedia":[{"embeddable":true,"href":"https:\/\/www.lapluma.net\/fr\/wp-json\/wp\/v2\/media\/20117"}],"wp:attachment":[{"href":"https:\/\/www.lapluma.net\/fr\/wp-json\/wp\/v2\/media?parent=20116"}],"wp:term":[{"taxonomy":"category","embeddable":true,"href":"https:\/\/www.lapluma.net\/fr\/wp-json\/wp\/v2\/categories?post=20116"},{"taxonomy":"post_tag","embeddable":true,"href":"https:\/\/www.lapluma.net\/fr\/wp-json\/wp\/v2\/tags?post=20116"},{"taxonomy":"author","embeddable":true,"href":"https:\/\/www.lapluma.net\/fr\/wp-json\/wp\/v2\/coauthors?post=20116"}],"curies":[{"name":"wp","href":"https:\/\/api.w.org\/{rel}","templated":true}]}}