{"id":20031,"date":"2020-07-15T12:24:00","date_gmt":"2020-07-15T12:24:00","guid":{"rendered":"http:\/\/www.lapluma.net\/?p=20031"},"modified":"2020-07-15T12:26:39","modified_gmt":"2020-07-15T12:26:39","slug":"covid-19-engendro-natural-o-politico","status":"publish","type":"post","link":"https:\/\/www.lapluma.net\/fr\/2020\/07\/15\/covid-19-engendro-natural-o-politico\/","title":{"rendered":"Covid-19: \u00bfengendro natural o pol\u00edtico?"},"content":{"rendered":"<p><img loading=\"lazy\" decoding=\"async\" class=\"alignleft\" src=\"http:\/\/www.tlaxcala-int.org\/upload\/aut_2996.jpg\" width=\"119\" height=\"129\" \/>Y con ello retoma fuerza la Navaja de Occam, aquel razonamiento, longevo, basado en buscar la simplificaci\u00f3n de causas o factores que expliquen un fen\u00f3meno dado.<\/p>\n<p>En primer lugar, ninguna teor\u00eda conspirativa logra dar cuenta del asentamiento\u00a0 de la plaga en pr\u00e1cticamente todas las sociedades del planeta. Por cierto, sigue habiendo un abismo en c\u00f3mo puede golpear la epidemia en sociedades con necesidades cubiertas y buena asistencia m\u00e9dica, y en sociedades diezmadas por el saqueo planetario.<\/p>\n<p><img loading=\"lazy\" decoding=\"async\" class=\" aligncenter\" src=\"http:\/\/tlaxcala-int.org\/upload\/gal_22831.jpg\" width=\"560\" height=\"345\" \/><\/p>\n<p style=\"text-align: justify;\"><span style=\"font-size: 12pt;\">En todo caso, para mantener la explicaci\u00f3n conspirativa habr\u00eda que complementarla con el juego del aprendiz de brujo, porque se han desencadenado da\u00f1os en una forma que escapa a cualquier plan inicial. Y esto se nota, particularmente, en los despliegues <a href=\"https:\/\/www.um.es\/neologismos\/index.php\/v\/neologismo\/1530\/conspiranoico-ca\">conspiranoicos<\/a> que persisten en interpretaciones cada vez m\u00e1s circulares, aliment\u00e1ndose a s\u00ed mismos, con prescindencia creciente del estado de situaci\u00f3n general, de la realidad, en suma.<\/span><\/p>\n<p style=\"text-align: justify;\"><span style=\"font-size: 12pt;\">La mera existencia de proyectos de biolog\u00eda sint\u00e9tica en v\u00edas de realizaci\u00f3n\u00a0 explica ya que no legitima todo sesgo conspirativo. Las declaraciones ingenuas de los t\u00e9cnicos de la ingenier\u00eda gen\u00e9tica en el cambio de siglo, asegur\u00e1ndonos que <i>\u2018no nos vamos a conformar con andar cortando y pegando genes; con esta t\u00e9cnica en nuestro poder, podremos finamente construir seres, quimeras <\/i>[sic] <i>especies perfectamente elegidos por nosotros\u2019<\/i>. <a title=\"\" href=\"http:\/\/www.tlaxcala-int.org\/article.asp?reference=29308#_ftn1\" name=\"_ftnref1\">[1]<\/a><\/span><\/p>\n<p style=\"text-align: justify;\"><span style=\"font-size: 12pt;\">\u2018El desarrollo de los acontecimientos\u2019, como el que acabo de rese\u00f1ar\u00a0 me lleva a pensar que el error humano, la ignorancia y otras cualidades no muy edificantes que caracterizan a los humanos, han ido tomando el rol protag\u00f3nico.<\/span><\/p>\n<p style=\"text-align: justify;\"><span style=\"font-size: 12pt;\">Pero aun desbrozando\u00a0 as\u00ed el panorama, y desechando buena parte de nuestra hip\u00f3tesis primera<a title=\"\" href=\"http:\/\/www.tlaxcala-int.org\/article.asp?reference=29308#_ftn2\" name=\"_ftnref2\">[2]<\/a> quedan varios huesos por desollar. Sigue en pie el curioso periplo de la plaga: primero en China, en una ciudad epicentro de investigaciones de ingenier\u00eda gen\u00e9tica, luego en Ir\u00e1n y en tercer t\u00e9rmino el norte italiano. Lo que no sabemos es si \u00e9sa fue trayectoria del vector pat\u00f3geno\u00a0 o si apenas fue la que lleg\u00f3 a los medios de incomunicaci\u00f3n de masas (salteando puntos geogr\u00e1ficos tratables como irrelevantes).<\/span><\/p>\n<p style=\"text-align: justify;\"><span style=\"font-size: 12pt;\">Si buscamos los rasgos dominantes de esta situaci\u00f3n que atraviesa cada vez m\u00e1s a todo el planeta, tenemos que examinar la calidad informativa; el peculiar alcance, sin precedentes,\u00a0 de las medidas y el examen de la posible relaci\u00f3n de este acontecimiento con la pol\u00edtica en general (o viceversa).<\/span><\/p>\n<p style=\"text-align: justify;\"><span style=\"font-size: 12pt;\">Pero antes de hincar el diente a tales asuntos, entiendo merece una consideraci\u00f3n la comprensible reacci\u00f3n anticonspiranoica que encarnan referentes intelectuales y medi\u00e1ticos, empe\u00f1ados en eludir toda irracionalidad.<\/span><\/p>\n<p style=\"text-align: justify;\"><span style=\"font-size: 12pt;\">Veamos en primer lugar, la nota de\u00a0 Fred Fuentes como base de an\u00e1lisis por la claridad de sus presupuestos: \u201c<a href=\"https:\/\/rebelion.org\/comprender-la-pandemia-de-teorias-de-la-conspiracion\/\">Comprender la pandemia de teor\u00edas de la conspiraci\u00f3n<\/a>\u201d.<a title=\"\" href=\"http:\/\/www.tlaxcala-int.org\/article.asp?reference=29308#_ftn3\" name=\"_ftnref3\">[3]<\/a><\/span><\/p>\n<p><img loading=\"lazy\" decoding=\"async\" class=\" aligncenter\" src=\"http:\/\/tlaxcala-int.org\/upload\/gal_22832.jpg\" width=\"593\" height=\"333\" \/><\/p>\n<p style=\"text-align: justify;\"><span style=\"font-size: 12pt;\">Queriendo evitar, comprensiblemente esta nueva, insidiosa pandemia, F. F. nos sit\u00faa en un campo pol\u00edtico sin m\u00e1cula, sin secretos, sin conjuraciones,\u00a0 que har\u00e1 la delicia de la derecha democr\u00e1tica, pero que intuyo es tan ajeno de realidad como algunas interpretaciones conspiranoicas.<\/span><\/p>\n<p style=\"text-align: justify;\"><span style=\"font-size: 12pt;\">Nos dice F. F.: \u201c<i>importantes minor\u00edas creen en teor\u00edas como la de que los atentados terroristas del 11 de septiembre fueron un \u00abtrabajo interno\u00bb\u201d <\/i>\u00a0F.F., por lo tanto, da por hecho que lo de las torres gemelas de 2001 fue un trabajo de Atta (afortunadamente identificado porque su pasaporte estaba entre los escombros), o de Bin Laden (\u00bfjusticieramente ejecutado \u00a0por EE.UU. o acallado mediante \u00a0ejecuci\u00f3n mafiosa? ).<\/span><\/p>\n<p style=\"text-align: justify;\"><span style=\"font-size: 12pt;\">Me temo que si F. F. ve el mundo as\u00ed, con Attas y Osamas protagonistas, podr\u00e1 ver y percibir la legalidad imperante, pero no la realidad tal cual es.<\/span><\/p>\n<p style=\"text-align: justify;\"><span style=\"font-size: 12pt;\">Una mirada que procura no ser c\u00e1ndida no puede dejar de preguntarse el porqu\u00e9 de las 12 o 15 horas de espect\u00e1culo continuo con las torres incendi\u00e1ndose y los aviones estrell\u00e1ndose. Si se monta un espect\u00e1culo es tarea m\u00ednima reconocer la tramoya, y a los tramoyistas. Observar, por ejemplo, la hora de los atentados, con las instalaciones todav\u00eda casi vac\u00edas, salvo personal de guardia y de servicios. \u00bfO es que los sucesivos gobiernos de EE.UU. no han llevado nunca a cabo atentados de falsa bandera? \u00a0(como el del \u00a0<i>Maine, <\/i>p. ej.).<\/span><\/p>\n<p style=\"text-align: justify;\"><span style=\"font-size: 12pt;\">Lindando con la falsa bandera: hay muchos elementos que abonan que el ataque japon\u00e9s a Pearl Harbor fue real, pero perteneciendo al viejo cap\u00edtulo de las celadas, tan habituales en las artes militares, en este caso la adecuada raz\u00f3n que los dirigentes estadounidenses estaban esperando para vencer todo escr\u00fapulo abstencionista.<\/span><\/p>\n<p style=\"text-align: justify;\"><span style=\"font-size: 12pt;\">An\u00e1logamente, hay que explicar el \u201cpensamiento\u201d de los titulares de \u201cThe Project for the New American Century\u201d redactado por la crema de la intelectualidad estadounidense ligada a su poder pol\u00edtico (una veintena de intelectuales, entre ellos los Kagan (Donald, Fred y Robert), Paul Wolfowitz, William Kristol, Thomas Donnelly, denominados a menudo \u201cneoconservadores\u201d), que\u00a0 en setiembre 2000, doce meses precisamente antes de lo acontecido con las Torres Gemelas, escribieran y firmaran el documento\u00a0 \u201cRebuilding America\u2019s Defenses\u201d, donde enfatizan la necesidad de volver a tener una disposici\u00f3n militar, armada, plena, que los \u00faltimos tiempos habr\u00edan ablandado o aquietado.<\/span><\/p>\n<p style=\"text-align: justify;\"><span style=\"font-size: 12pt;\">Los firmantes observan ese distanciamiento del estado actual de las fuerzas armadas respecto \u00a0de un \u00f3ptimo perdido, y que \u201c<i>el proceso de transformaci\u00f3n, aunque venga a trav\u00e9s de un cambio revolucionario, va a ser probablemente largo, salvo (que sobrevenga) un acontecimiento catastr\u00f3fico y catalizador como un nuevo Pearl Harbor. La pol\u00edtica interna y la orientaci\u00f3n industrial tomar\u00e1n el ritmo y el contenido transformador tanto como los requerimientos que surjan de las misiones en curso<\/i>.\u201d <a title=\"\" href=\"http:\/\/www.tlaxcala-int.org\/article.asp?reference=29308#_ftn4\" name=\"_ftnref4\">[4]<\/a> Para recuperar la mejor y mayor preparaci\u00f3n para la guerra.<\/span><\/p>\n<p style=\"text-align: justify;\"><span style=\"font-size: 12pt;\">Pero ha y muchos otros ejemplos de inducir la guerra present\u00e1ndose como v\u00edctimas: \u00bfcu\u00e1l es el papel de los <i>mistarviim<\/i> en las artes marciales israel\u00edes? Se trata de militares severamente entrenados por el ej\u00e9rcito israel\u00ed para camuflarse dentro de la sociedad palestina; la lengua, la usanza, la vestimenta y poder actuar as\u00ed, tranquilamente, <i>entre<\/i> palestinos. Sin despertar recelo: llevar una camioneta averiada a un taller de reparaci\u00f3n, conversar con el mec\u00e1nico de la nana del veh\u00edculo, concertar trabajo y plazo y retirarse amablemente. Veinte minutos despu\u00e9s, la camioneta, el taller, sus trabajadores, casas cercanas, volar\u00e1n por los aires despedazados por los explosivos dejados en la camioneta.<\/span><\/p>\n<p style=\"text-align: justify;\"><span style=\"font-size: 12pt;\">La interpretaci\u00f3n de F. F. nos lleva a un mundo fe\u00e9rico, de poderes cristalinos, que, entiendo, \u00a0nos aleja tanto de la realidad como las obstinaciones conspiranoicas.<\/span><\/p>\n<p style=\"text-align: justify;\"><span style=\"font-size: 12pt;\">Pero como lo conspiranoico parece haber entrado en crisis, luego de un auge probablemente sin precedentes en los \u00faltimos a\u00f1os, bueno es examinar alg\u00fan otro an\u00e1lisis de lo que se ha ido produciendo y expandiendo en la ola de chequeado de noticias falsas, desmantelamiento de la avalancha de desembarcos de alien\u00edgenas, destripamiento de claves reveladoras del tipo m\u00e1s diverso; esot\u00e9ricas, religiosas, medicinales\u2026<\/span><\/p>\n<p><img loading=\"lazy\" decoding=\"async\" class=\"size-medium aligncenter\" src=\"http:\/\/tlaxcala-int.org\/upload\/gal_22834.jpg\" width=\"500\" height=\"288\" \/><\/p>\n<p style=\"text-align: justify;\"><span style=\"font-size: 12pt;\">Un art\u00edculo de Kathryn Joyce<a title=\"\" href=\"http:\/\/www.tlaxcala-int.org\/article.asp?reference=29308#_ftn5\" name=\"_ftnref5\">[5]<\/a> acerca de \u201cc\u00f3mo el fil\u00e1ntropo multimillonario Gates desplaz\u00f3 a (George) Soros como el cuco mayor (\u201cEl hombre de la bolsa\u201d) de la derecha pol\u00edtica\u201d desmonta una serie de acusaciones sobre Bill Gates, contextualizando algunas de sus frases que fueron presentadas literalmente pero sin dar los fundamentos presentados por Gates, con lo cual tales dichos se convirtieron medi\u00e1ticamente en \u201cla prueba documental\u201d de su monstruosidad genocida.<\/span><\/p>\n<p style=\"text-align: justify;\"><span style=\"font-size: 12pt;\">Joyce desmonta as\u00ed diversas acusaciones contra Gates y la filantrop\u00eda, pero tiene a la vez la lucidez de advertir los vericuetos por los cuales esas acusaciones toman tanto vuelo.<\/span><\/p>\n<p style=\"text-align: justify;\"><span style=\"font-size: 12pt;\">Nos recuerda las veces en que, efectivamente , los saberes m\u00e9dicos fueron usados para menoscabo de \u201clos nadies\u201d; frenar los nacimientos mediante la esterilizaci\u00f3n de mujeres, generalmente pobres, indias, negras, que ignoran el tratamiento a que han sido sometidas (generalmente so pretexto de asistencia y control ginecol\u00f3gico). Ejemplos son los que sobran, aunque Joyce apenas d\u00e9 lo acontecido en Puerto Rico que a lo largo de la primera mitad del siglo XX las autoridades de la ocupaci\u00f3n esterilizaran alrededor de un tercio de las madres portorrique\u00f1as. Tenemos que agregar que la misma pol\u00edtica fue usada desde su ocupaci\u00f3n con el archipi\u00e9lago de las Hawai: al desembarcar los estadounidenses estimaron su poblaci\u00f3n en un mill\u00f3n de nativos; hacia el 2000, el archipi\u00e9lago consta de dos millones de habitantes; un mill\u00f3n de norteamericanos y un mill\u00f3n de nativos. \u201cMaravillosamente\u201d, la poblaci\u00f3n local se ha mantenido en el mismo n\u00famero.<\/span><\/p>\n<p style=\"text-align: justify;\"><span style=\"font-size: 12pt;\">Las autoridades \u201csanitarias\u201d estadounidenses llevaron adelante campa\u00f1as de esterilizaci\u00f3n de poblaci\u00f3n nativoamericana en Bolivia, por ejemplo, pol\u00edtica con un fuerte perfil racista, como el que tuvo lugar cuando Israel procede a la recepci\u00f3n de jud\u00edos africanos, negros \u00a0\u2212los falashas et\u00edopes\u2212, y a\u00f1os, despu\u00e9s surgir\u00e1 la pregunta de muchas mujeres de ese origen de porqu\u00e9 tan, pero tan pocos nacimientos.\u00a0 Una vez m\u00e1s, bajo la excusa de controles sanitarios y asistencia, se practicaron esterilizaciones masivas sin dar cuenta de ellas\u2026<a title=\"\" href=\"http:\/\/www.tlaxcala-int.org\/article.asp?reference=29308#_ftn6\" name=\"_ftnref6\">[6]<\/a>. Un brutal ejemplo que \u2018el racismo es m\u00e1s fuerte\u2019 que los v\u00ednculos religiosos\u2026<\/span><\/p>\n<p style=\"text-align: justify;\"><span style=\"font-size: 12pt;\">Nuestra autora recuerda incluso otros penosos episodios que dan pie a la enorme desconfianza hacia las verdades m\u00e9dicas oficiales: el experimento fr\u00edamente llevado a cabo de 1932 a 1972 (rep\u00e1rese en las fechas: desde poco antes de los experimentos de mejora racial de los nazis a mediados de los \u201930 y prolong\u00e1ndose m\u00e1s all\u00e1 de vencida la segregaci\u00f3n escolar en EE.UU. \u00a0a mediados de los \u201960) en Tuskegee,\u00a0 Alabama, EE.UU. con poblaci\u00f3n negra contagiada con s\u00edfilis y seudotratada para examinar las fases de la enfermedad sin uso de medicamentos.<\/span><\/p>\n<p style=\"text-align: justify;\"><span style=\"font-size: 12pt;\">Podr\u00edamos agregar muchos m\u00e1s ejemplos para entender las razones de la resistencia a las ayudas reales o ficticias que ofrece el mundo desarrollado a \u201clos nadies\u201d.\u00a0 Como \u00fanico ejemplo, recordemos \u201cel razonamiento\u201d de Larry Summers sobre la justeza moral de volcar los desechos contaminantes en el Tercer Mundo.<a title=\"\" href=\"http:\/\/www.tlaxcala-int.org\/article.asp?reference=29308#_ftn7\" name=\"_ftnref7\">[7]<\/a><\/span><\/p>\n<p style=\"text-align: justify;\"><span style=\"font-size: 12pt;\">En resumen, Joyce desmonta las acusaciones puntuales, apuradas, con datos mal comprendidos sobre la pol\u00edtica de Bill Gates, por ejemplo, pero a la vez advierte el sentido general, estructural, de tales impugnaciones desde los habitantes ajenos a los circuitos del poder que han sido demasiado a menudo maltratados, discriminados, usados, enga\u00f1ados.<\/span><\/p>\n<p style=\"text-align: justify;\"><span style=\"font-size: 12pt;\">Que es lo que ha dado lugar a tanta suspicacia y desconfianza. El error, empero, es formular tales rechazos sobre la base de acusaciones simplificadas, falsas.<\/span><\/p>\n<p style=\"text-align: justify;\"><span style=\"font-size: 12pt;\">Pero que las redes que controlan las <i>fake news<\/i> se alegren con \u201cpescar\u201d tales mentiras es magro consuelo cuando toda una historia de relaciones asim\u00e9tricas pone casi siempre en el mismo lugar a los explotadores y aprovechadores de un lado y a los expropiados, contaminados,\u00a0 intoxicados y malgastados del otro.<\/span><\/p>\n<p style=\"text-align: justify;\"><span style=\"font-size: 12pt;\">Volviendo a la pandemia que al menos nos gobierna desde los dispositivos gubernamentales. Hay muchos puntos inexplicados. \u00a0Y por razones an\u00e1logas a las que hemos estado examinando,\u00a0 hay razones para la desconfianza<\/span><\/p>\n<p style=\"text-align: justify;\"><span style=\"font-size: 12pt;\">\u00bfPor qu\u00e9 la informaci\u00f3n ha resultado tan mala, grosera, espectacular?<\/span><\/p>\n<p style=\"text-align: justify;\"><span style=\"font-size: 12pt;\">\u00a0Como si las \u00fanicas muertes de la humanidad \u00a0fueran a causa de \u00a0\u201cla pandemia\u201d.<\/span><\/p>\n<p style=\"text-align: justify;\"><span style=\"font-size: 12pt;\">Hasta ahora, la historia de la humanidad ha empleado muchas veces cuarentenas. Pero \u00e9sta es la primera vez que no se la aplica a enfermos o poblaci\u00f3n pasible de estar enferma, sino a toda la poblaci\u00f3n. De cada pa\u00eds, en casi todo el planeta (con muy pocas excepciones, como Suecia, Bielorrusia y con muy pocos casos, por ejemplo, Uruguay).<\/span><\/p>\n<p style=\"text-align: justify;\"><span style=\"font-size: 12pt;\">Estos rasgos que acabamos de se\u00f1alar, nos hace pensar que existe, ha existido una pol\u00edtica. No por cierto la torpe y de contragolpe de\u00a0 Donald Trump o la de Boris Johnson.<\/span><\/p>\n<p style=\"text-align: justify;\"><span style=\"font-size: 12pt;\">Pero s\u00ed sabemos que existen intensas investigaciones en algo tan temible como la biolog\u00eda sint\u00e9tica; un paso de siete leguas a partir de la ingenier\u00eda gen\u00e9tica. Por ejemplo, en noviembre de 2015 la RAI emiti\u00f3 un reportaje \u00a0televisivo, \u201cTG3 Leonardo\u201d, dando cuenta de dicha investigaci\u00f3n, precisamente en laboratorios de m\u00e1ximo nivel en Wuhan. El periodista aclaraba entonces que tales descubrimientos \u00a0solo se estaban \u00a0\u201c<i>utilizando como objeto de estudio en los laboratorios a puerta cerrad<\/i>a\u00a0\u00bb aunque cuestionaba, con buen tino, el peligro de la investigaci\u00f3n: <i>\u00ab\u00a0\u00bfVale la pena correr el riesgo, creando una amenaza tan grande, solo para poder examinarlo?\u00a0\u00bb <\/i><a title=\"\" href=\"http:\/\/www.tlaxcala-int.org\/article.asp?reference=29308#_ftn8\" name=\"_ftnref8\">[8]<\/a><\/span><\/p>\n<p><img loading=\"lazy\" decoding=\"async\" class=\" aligncenter\" src=\"http:\/\/tlaxcala-int.org\/upload\/gal_22833.jpg\" width=\"439\" height=\"633\" \/><\/p>\n<p style=\"text-align: justify;\"><span style=\"font-size: 12pt;\">Tambi\u00e9n sabemos que existe una fuerte relaci\u00f3n entre la OMS y algunos grandes laboratorios de alcance mundial. Y que, por ejemplo Bill Gates contribuye al presupuesto de la OMS mucho m\u00e1s que la mayor\u00eda de los estados (y ya sabemos, o deber\u00edamos saber, que la mayor contribuci\u00f3n es tambi\u00e9n la mayor influencia\u2026)<\/span><\/p>\n<p style=\"text-align: justify;\"><span style=\"font-size: 12pt;\">Y viviendo como vive hoy la humanidad un fuerte proceso de derechizaci\u00f3n pol\u00edtica, es decir la b\u00fasqueda de comportamientos r\u00edgidos, autoritarios, nos preguntamos si las disposiciones ante la declarada pandemia no son sino una pol\u00edtica para lograr \u201cuna nueva normalidad\u201d.<\/span><\/p>\n<p style=\"text-align: justify;\"><span style=\"font-size: 12pt;\">Todo m\u00e1s bajo control; terminar con ese caldo de actividades mentales ingobernables en que hab\u00eda devenido la internet, que tanto preocupaba a un referente del poder mundializado, Zbigniew Brzezinski.<\/span><\/p>\n<p style=\"text-align: justify;\"><span style=\"font-size: 12pt;\">Registramos que se ha desencadenado una pol\u00edtica de bloqueo de mensajes, que empieza, como siempre, sensatamente, desautorizando los m\u00e1s penosos mensajes para alien\u00edgenas, pero desliz\u00e1ndose insensiblemente al control del pensamiento y la palabra.<\/span><\/p>\n<p><img loading=\"lazy\" decoding=\"async\" class=\"size-medium aligncenter\" src=\"http:\/\/tlaxcala-int.org\/upload\/gal_22835.jpg\" width=\"550\" height=\"375\" \/><\/p>\n<p style=\"text-align: justify;\"><span style=\"font-size: 12pt;\">La pol\u00edtica ante la pandemia ha seguido, como no pod\u00eda dejar de pasar, los lineamientos que los poderes centrales\u00a0 \u2212la globocolonizaci\u00f3n, como con acierto la bautiz\u00f3 Frei Betto\u2212 \u00a0han ido pautando para el globo en que vivimos.<\/span><\/p>\n<p style=\"text-align: justify;\"><span style=\"font-size: 12pt;\">Si la globocolonizaci\u00f3n ha profundizado la agroindustria con su consiguiente contaminaci\u00f3n; la ingenier\u00eda gen\u00e9tica, rebautizada de modo m\u00e1s euf\u00f3nico como biotecnolog\u00eda se desarrolla viento en popa para mejor adue\u00f1arse de las dimensiones biol\u00f3gicas del mundo; la tecnologizaci\u00f3n ha esclavizado a la ciencia; la financierizaci\u00f3n ha hecho lo mismo con la econom\u00eda, para mejor controlar los resortes del poder en la alimentaci\u00f3n, en los recursos energ\u00e9ticos, convirtiendo a los bancos en los santuarios de este nuevo culto, si la comunicaci\u00f3n, la intercomunicaci\u00f3n est\u00e1 sagazmente bajo la influencia de una creciente masa informacional de la cual cada vez cuesta m\u00e1s calibrar, ponderar, enjuiciar; si el miedo y su manejo resulta decisivo construyendo nuestras conductas, \u00a0\u00bfpor qu\u00e9 la aparici\u00f3n de un pat\u00f3geno que en los contados casos en que se ha dimensionado no parece ser m\u00e1s mortal que algunas otras gripes (y si lo fuera, no se ha suministrado la correcta informaci\u00f3n comparativa para evaluarlo), \u00a0por qu\u00e9 ese virus iba a escapar a aquella l\u00ednea general de nuestro presente?<\/span><\/p>\n<p style=\"text-align: justify;\"><span style=\"font-size: 12pt;\">El af\u00e1n del seren\u00edsimo Fuentes de presentar un mundo-todo-legal, todo-a-la-vista es, en rigor otra falsedad. Y por ello no nos ayuda a comprender la realidad ni a combatir las m\u00faltiples, polifac\u00e9ticas injusticias.<\/span><\/p>\n<p style=\"text-align: justify;\"><span style=\"font-size: 12pt;\">Y el de Joyce desnudando las bases falsas de lo conspiranoico, al mismo tiempo nos recuerda que el mundo-tal-cual-es, con conspiraciones o sin ellas, regido por los grandes consorcios y fuerzas imperiales \u00a0no es menos s\u00f3rdido.<\/span><\/p>\n<p style=\"text-align: justify;\"><span style=\"font-size: 12pt;\">Queda en pie la conciencia cr\u00edtica irreductible.<\/span><\/p>\n<p><img loading=\"lazy\" decoding=\"async\" class=\" aligncenter\" src=\"http:\/\/tlaxcala-int.org\/upload\/gal_22836.jpg\" width=\"544\" height=\"609\" \/><\/p>\n<p style=\"text-align: justify;\" align=\"justify\"><span style=\"font-size: 12pt;\"><strong>Notas<\/strong><\/span><\/p>\n<p style=\"text-align: justify;\" align=\"justify\"><span style=\"font-size: 12pt;\"><a title=\"\" href=\"http:\/\/www.tlaxcala-int.org\/article.asp?reference=29308#_ftnref1\" name=\"_ftn1\">[1]<\/a>\u00a0 Esteban Hopp, investigador de Monsanto, en foros tem\u00e1ticos durante la implantaci\u00f3n de soja transg\u00e9nica en Argentina, a\u00f1os 1998 o 1999. A la soberbia del planteo, hay que agregarle la actitud de autocomplacencia que campeaba en sus palabras\u2026<\/span><\/p>\n<div id=\"ftn2\" style=\"text-align: justify;\">\n<p align=\"justify\"><span style=\"font-size: 12pt;\"><a title=\"\" href=\"http:\/\/www.tlaxcala-int.org\/article.asp?reference=29308#_ftnref2\" name=\"_ftn2\">[2]<\/a>\u00a0\u00a0 V\u00e9anse \u201c<a href=\"https:\/\/revistafuturos.noblogs.org\/2020\/04\/covid-19-miedo-calidad-de-vida-panico-profilaxis-extrano-bamboleo\/\">COVID-19: miedo, calidad de vida, p\u00e1nico, profilaxis\u2026 extra\u00f1o bamboleo<\/a>\u201d, 30 mar 2020, y \u201c<a href=\"https:\/\/revistafuturos.noblogs.org\/2020\/06\/conspira-virus-una-vuelta-de-tuerca-para-restaurar-la-fe-en-la-ciencia\/\">Conspira-virus, una vuelta de tuerca para restaurar la fe en la ciencia<\/a>\u201d, 4 jun 2020, ensayando un desmarque ante el cientificismo para evitar la disyuntiva consp<i>iracionismo vs. cientificismo.<\/i><\/span><\/p>\n<\/div>\n<div id=\"ftn3\" style=\"text-align: justify;\">\n<p align=\"justify\"><span style=\"font-size: 12pt;\"><a title=\"\" href=\"http:\/\/www.tlaxcala-int.org\/article.asp?reference=29308#_ftnref3\" name=\"_ftn3\">[3]<\/a>\u00a0 Publicado originalmente en <i>Green Left<\/i>, traducido por <a href=\"http:\/\/www.rebelion.org\">www.rebelion.org<\/a>, 7 jul 2020.<\/span><\/p>\n<\/div>\n<div id=\"ftn4\" style=\"text-align: justify;\">\n<p align=\"justify\"><span style=\"font-size: 12pt;\"><a title=\"\" href=\"http:\/\/www.tlaxcala-int.org\/article.asp?reference=29308#_ftnref4\" name=\"_ftn4\">[4]<\/a> Subt\u00edtulo del <i>paper<\/i> citado: \u201cStrategy, Forces and Resources For a New Century\u201d.<\/span><\/p>\n<\/div>\n<div id=\"ftn5\" style=\"text-align: justify;\">\n<p align=\"justify\"><span style=\"font-size: 12pt;\"><a title=\"\" href=\"http:\/\/www.tlaxcala-int.org\/article.asp?reference=29308#_ftnref5\" name=\"_ftn5\">[5]<\/a>\u00a0 \u201c<a href=\"https:\/\/www.typeinvestigations.org\/investigation\/2020\/05\/12\/the-long-strange-history-of-bill-gates-population-control-conspiracy-theories\/\">The Long, Strange History of Bill Gates Population Control Conspiracy Theories<\/a>\u201d, <a href=\"https:\/\/www.typeinvestigations.org\">https:\/\/www.typeinvestigations.org<\/a>, 12 mayo 2020, EE.UU.<\/span><\/p>\n<\/div>\n<div id=\"ftn6\" style=\"text-align: justify;\">\n<p align=\"justify\"><span style=\"font-size: 12pt;\"><a title=\"\" href=\"http:\/\/www.tlaxcala-int.org\/article.asp?reference=29308#_ftnref6\" name=\"_ftn6\">[6]<\/a>\u00a0 Esa pol\u00edtica alcanz\u00f3 incluso al Uruguay, un pa\u00eds muy alejado de toda \u201cexplosi\u00f3n demogr\u00e1fica\u201d, dentro de los planes estrat\u00e9gicos <i>madeinUSA<\/i> para el control de la natalidad.<\/span><\/p>\n<\/div>\n<div id=\"ftn7\" style=\"text-align: justify;\">\n<p align=\"justify\"><span style=\"font-size: 12pt;\"><a title=\"\" href=\"http:\/\/www.tlaxcala-int.org\/article.asp?reference=29308#_ftnref7\" name=\"_ftn7\">[7]<\/a>\u00a0\u00a0 Siguiendo la m\u00e1xima utilitarista que el bien es siempre el bien para el mayor n\u00famero, Summers explicaba que la basura contaminante tarda d\u00e9cadas en generar c\u00e1nceres. Que asolar\u00e1n a la poblaci\u00f3n mayor en contacto con ella. Pero dado que la poblaci\u00f3n de la periferia planetaria llega a vieja mucho menos que la de los pa\u00edses \u201cavanzados\u201d (porque mueren mucho m\u00e1s \u201cen el camino\u201d), depositar all\u00ed en \u201cesos\u201d pa\u00edses desechos contaminantes terminar\u00e1n afectando mucho menos poblaci\u00f3n; ir\u00e1n contrayendo c\u00e1nceres\u00a0 pocos, que lleguen a ancianos\u2026 tanta seudoexactitud aritm\u00e9tica resulta hasta dif\u00edcil de formular, tal es su degradaci\u00f3n \u00e9tica\u2026 Memorando del Banco Mundial para la \u00ab\u00a0Cumbre de la Tierra Eco 92\u00a0\u00bb, R\u00edo de Janeiro, 1992.<\/span><\/p>\n<\/div>\n<div id=\"ftn8\">\n<p style=\"text-align: justify;\"><span style=\"font-size: 12pt;\"><a title=\"\" href=\"http:\/\/www.tlaxcala-int.org\/article.asp?reference=29308#_ftnref8\" name=\"_ftn8\">[8]<\/a>\u00a0 <\/span><a href=\"https:\/\/www.redaccionmedica.com\/virico\/noticias\/coronavirus-el-origen-del-covid-19-esta-en-un-laboratorio-chino-en-2015.\"><span style=\"font-size: 12pt;\">https:\/\/www.redaccionmedica.com\/virico\/noticias\/coronavirus-el-origen-del-covid-19-esta-en-un-laboratorio-chino-en-201<\/span>5.<\/a><\/p>\n<\/div>\n<p><span style=\"font-size: 14pt;\"><strong><span class=\"auteur\">Luis Ernesto Sabini Fern\u00e1ndez<\/span><\/strong><\/span><\/p>\n<p><span style=\"font-size: 14pt;\"><strong>Fuente: <a href=\"http:\/\/www.tlaxcala-int.org\/article.asp?reference=29308\">Tlaxcala<\/a>, 14 de julio de 2020<\/strong><\/span><\/p>\n<p><strong><span style=\"font-size: 14pt;\">Publicado por <\/span><\/strong><span class=\"envoi\"><a href=\"https:\/\/revistafuturos.noblogs.org\/\" target=\"_blank\" rel=\"noopener noreferrer\"><strong><span style=\"font-size: 14pt;\">Revista Futuros\/Tlaxcala<\/span><\/strong><\/a><\/span><\/p>\n<p><strong><span style=\"font-size: 14pt;\">Vea en La Pluma:<\/span><\/strong><\/p>\n<h1 class=\"entry-title\"><a href=\"http:\/\/www.lapluma.net\/2020\/05\/06\/la-verdadera-historia-de-bill-gates-documental\/\"><span style=\"font-size: 18pt;\">La verdadera historia de Bill Gates [DOCUMENTAL] <\/span><\/a><\/h1>\n","protected":false},"excerpt":{"rendered":"<p>La b\u00fasqueda de factores pol\u00edticos como desencadenantes de la llamada pandemia de la Covid-19 parece haberse agotado a la luz de la expansi\u00f3n de la Covid-19 en los m\u00e1s diversos pa\u00edses con gobiernos tan dis\u00edmiles entre s\u00ed.<\/p>\n","protected":false},"author":12,"featured_media":20032,"comment_status":"open","ping_status":"open","sticky":false,"template":"","format":"standard","meta":{"_uf_show_specific_survey":0,"_uf_disable_surveys":false,"footnotes":""},"categories":[218],"tags":[8419,8531,5092,120,9881,9880],"coauthors":[215],"class_list":["post-20031","post","type-post","status-publish","format-standard","has-post-thumbnail","hentry","category-monde","tag-covid-19","tag-crisis-del-coronavirus","tag-derechos-de-los-pueblos","tag-luis-ernesto-sabini-fernandez","tag-soberanias-de-los-estados","tag-teorias-conspiranoicas"],"translation":{"provider":"WPGlobus","version":"2.12.2","language":"fr","enabled_languages":["es","fr"],"languages":{"es":{"title":true,"content":true,"excerpt":true},"fr":{"title":false,"content":false,"excerpt":false}}},"_links":{"self":[{"href":"https:\/\/www.lapluma.net\/fr\/wp-json\/wp\/v2\/posts\/20031","targetHints":{"allow":["GET"]}}],"collection":[{"href":"https:\/\/www.lapluma.net\/fr\/wp-json\/wp\/v2\/posts"}],"about":[{"href":"https:\/\/www.lapluma.net\/fr\/wp-json\/wp\/v2\/types\/post"}],"author":[{"embeddable":true,"href":"https:\/\/www.lapluma.net\/fr\/wp-json\/wp\/v2\/users\/12"}],"replies":[{"embeddable":true,"href":"https:\/\/www.lapluma.net\/fr\/wp-json\/wp\/v2\/comments?post=20031"}],"version-history":[{"count":3,"href":"https:\/\/www.lapluma.net\/fr\/wp-json\/wp\/v2\/posts\/20031\/revisions"}],"predecessor-version":[{"id":40543,"href":"https:\/\/www.lapluma.net\/fr\/wp-json\/wp\/v2\/posts\/20031\/revisions\/40543"}],"wp:featuredmedia":[{"embeddable":true,"href":"https:\/\/www.lapluma.net\/fr\/wp-json\/wp\/v2\/media\/20032"}],"wp:attachment":[{"href":"https:\/\/www.lapluma.net\/fr\/wp-json\/wp\/v2\/media?parent=20031"}],"wp:term":[{"taxonomy":"category","embeddable":true,"href":"https:\/\/www.lapluma.net\/fr\/wp-json\/wp\/v2\/categories?post=20031"},{"taxonomy":"post_tag","embeddable":true,"href":"https:\/\/www.lapluma.net\/fr\/wp-json\/wp\/v2\/tags?post=20031"},{"taxonomy":"author","embeddable":true,"href":"https:\/\/www.lapluma.net\/fr\/wp-json\/wp\/v2\/coauthors?post=20031"}],"curies":[{"name":"wp","href":"https:\/\/api.w.org\/{rel}","templated":true}]}}