{"id":1989,"date":"2018-10-20T22:11:37","date_gmt":"2018-10-20T22:11:37","guid":{"rendered":"http:\/\/www.lapluma.net\/?p=1989"},"modified":"2018-10-20T23:37:39","modified_gmt":"2018-10-20T23:37:39","slug":"tomala-la-red-indigena-que-vencio-al-imperio-de-slim-y-ahora-va-por-mas","status":"publish","type":"post","link":"https:\/\/www.lapluma.net\/fr\/2018\/10\/20\/tomala-la-red-indigena-que-vencio-al-imperio-de-slim-y-ahora-va-por-mas\/","title":{"rendered":"#T\u00f3mala: La red ind\u00edgena que venci\u00f3 al imperio de Slim y ahora va por m\u00e1s"},"content":{"rendered":"<p style=\"text-align: center;\"><strong><span style=\"font-size: 12pt;\"><br \/>\n<iframe loading=\"lazy\" src=\"https:\/\/www.youtube.com\/embed\/SWdBEUe5e_E\" width=\"560\" height=\"315\" frameborder=\"0\" allowfullscreen=\"allowfullscreen\"><\/iframe><\/span><\/strong><\/p>\n<div id=\"upload-info\" class=\"style-scope ytd-video-owner-renderer\">\n<div id=\"owner-container\" class=\"style-scope ytd-video-owner-renderer\">\n<h2 style=\"text-align: justify;\"><span style=\"font-size: 12pt;\">No todo M\u00e9xico es &lsquo;territorio Telcel&rsquo;&#8230;<\/span><\/h2>\n<p style=\"text-align: justify;\">Se trata de <strong>Telecomunicaciones Ind\u00edgenas Comunitarias AC (TIC AC)<\/strong>, la primera red ind\u00edgena de telecomunicaciones que surgi\u00f3 con el fin de llevar telefon\u00eda m\u00f3vil e internet a las comunidades rurales del pa\u00eds con precios accesibles (40 pesos mensuales, de acuerdo con informaci\u00f3n de <em>Sin Embargo<\/em>).<\/p>\n<p><img loading=\"lazy\" decoding=\"async\" class=\"alignnone wp-image-39039 aligncenter\" src=\"https:\/\/cdn.quinto-poder.mx\/wp-content\/uploads\/2018\/09\/Screenshot_239-300x203.png\" sizes=\"auto, (max-width: 353px) 100vw, 353px\" srcset=\"https:\/\/cdn.quinto-poder.mx\/wp-content\/uploads\/2018\/09\/Screenshot_239-300x203.png 300w, https:\/\/cdn.quinto-poder.mx\/wp-content\/uploads\/2018\/09\/Screenshot_239.png 526w\" alt=\"\" width=\"353\" height=\"239\" \/><\/p>\n<p style=\"text-align: justify;\"><span style=\"font-size: 12pt;\">Erick Huerta, coordinador general adjunto de Redes por la Diversidad, Equidad y Sustentabilidad AC y uno de los principales asesores jur\u00eddicos de TIC AC, revel\u00f3 al peri\u00f3dico <em>Reforma<\/em> que ahora planean expandir sus servicios para ofrecer telefon\u00eda celular e internet v\u00eda satelital.<\/span><\/p>\n<p style=\"text-align: justify;\"><span style=\"font-size: 12pt;\">Su plan es comenzar este mismo a\u00f1o en la comunidad de Metlatonoc, Guerrero.<\/span><\/p>\n<p><img loading=\"lazy\" decoding=\"async\" class=\"alignnone wp-image-39040 aligncenter\" src=\"https:\/\/cdn.quinto-poder.mx\/wp-content\/uploads\/2018\/09\/Screenshot_240-300x207.png\" sizes=\"auto, (max-width: 399px) 100vw, 399px\" srcset=\"https:\/\/cdn.quinto-poder.mx\/wp-content\/uploads\/2018\/09\/Screenshot_240-300x207.png 300w, https:\/\/cdn.quinto-poder.mx\/wp-content\/uploads\/2018\/09\/Screenshot_240.png 536w\" alt=\"\" width=\"399\" height=\"275\" \/><\/p>\n<div class=\"seedtag-gohan seedtag-adunit\">\n<div class=\"st-container\"><\/div>\n<\/div>\n<p style=\"text-align: justify;\"><strong><em><a href=\"https:\/\/quinto-poder.mx\/trendy\/ojo-las-telefonicas-le-ven-la-cara-a-sus-usuarios-pesimo-servicio\/\"><span style=\"font-size: 12pt;\">TE PUEDE INTERESAR: #Ojo: Las telef\u00f3nicas que le ven la cara a sus usuarios con su p\u00e9simo servicio<\/span><\/a><\/em><\/strong><\/p>\n<p style=\"text-align: justify;\"><span style=\"font-size: 12pt;\">Esto ser\u00e1 posible mediante la firma de un convenio con la Secretar\u00eda de Comunicaciones y Transportes que permitir\u00e1 \u201caprovechar la capacidad satelital del Estado mexicano y con esa capacidad vamos a poder llegar a comunidades donde no hab\u00eda manera de llevar internet. Vamos a llegar a trav\u00e9s de sat\u00e9lite y fortalecer la calidad de servicios actuales\u201d, cont\u00f3 Huerta.<\/span><\/p>\n<h3 style=\"text-align: justify;\"><span style=\"font-size: 12pt;\">A punto de la desaparici\u00f3n<\/span><\/h3>\n<p style=\"text-align: justify;\"><span style=\"font-size: 12pt;\">En diciembre de 2017, la red estuvo a punto de terminar cuando el Instituto Federal de Telecomunicaciones (IFT) se neg\u00f3 a exentarlos de un pago de alrededor de un mill\u00f3n de pesos por usar el espectro como concesionarios.<\/span><\/p>\n<p style=\"text-align: justify;\"><img loading=\"lazy\" decoding=\"async\" class=\"alignnone wp-image-39041 aligncenter\" src=\"https:\/\/cdn.quinto-poder.mx\/wp-content\/uploads\/2018\/09\/Screenshot_241-300x199.png\" sizes=\"auto, (max-width: 433px) 100vw, 433px\" srcset=\"https:\/\/cdn.quinto-poder.mx\/wp-content\/uploads\/2018\/09\/Screenshot_241-300x199.png 300w, https:\/\/cdn.quinto-poder.mx\/wp-content\/uploads\/2018\/09\/Screenshot_241.png 540w\" alt=\"\" width=\"433\" height=\"287\" \/><\/p>\n<p>Pero la red interpuso un amparo y el IFT reconsider\u00f3 el asunto porque al ser concesionaria ind\u00edgena y comunitaria no le tocar\u00eda pagar. Sin embargo, a\u00fan est\u00e1 pendiente la resoluci\u00f3n.<\/p>\n<p>Actualmente, la red opera en 16 comunidades base en estados como Chiapas, Veracruz, Guerrero, Puebla y Oaxaca.<\/p>\n<\/div>\n<\/div>\n<p><a class=\"yt-simple-endpoint style-scope ytd-video-owner-renderer\" href=\"https:\/\/www.youtube.com\/channel\/UCSB5uPB57ibnweL8Hjf-PLQ\" aria-label=\"Quinto PoderMex\"><img decoding=\"async\" id=\"img\" class=\"style-scope yt-img-shadow alignleft\" src=\"https:\/\/yt3.ggpht.com\/a-\/AN66SAw6Tu2tjo8b4QO--zGPqGK352N24svgxuiVtg=s48-mo-c-c0xffffffff-rj-k-no\" alt=\"\" width=\"48\" \/><\/a><\/p>\n<p><a class=\"yt-simple-endpoint style-scope yt-formatted-string\" spellcheck=\"false\" href=\"https:\/\/www.youtube.com\/channel\/UCSB5uPB57ibnweL8Hjf-PLQ\">Quinto PoderMex<\/a><\/p>\n<div id=\"upload-info\" class=\"style-scope ytd-video-owner-renderer\">\n<div id=\"owner-container\" class=\"style-scope ytd-video-owner-renderer\"><\/div>\n<\/div>\n","protected":false},"excerpt":{"rendered":"<p>Mexicanos de comunidades olvidadas se pusieron de t\u00fa a t\u00fa con Carlos Slim, lo VENCIERON y ahora van por m\u00e1s..<\/p>\n","protected":false},"author":104,"featured_media":2005,"comment_status":"open","ping_status":"open","sticky":false,"template":"","format":"standard","meta":{"_uf_show_specific_survey":0,"_uf_disable_surveys":false,"footnotes":""},"categories":[217,13],"tags":[1003,1000,1002,997,998,999,1001],"coauthors":[1004],"class_list":["post-1989","post","type-post","status-publish","format-standard","has-post-thumbnail","hentry","category-abya-yala","category-videos","tag-comunicacion-como-derecho-humano","tag-desafio-imperio-slim","tag-red-celular-movil-a-lugares-olvidados","tag-red-indigena-mexicana","tag-red-telefonia-propia","tag-telecomunicaciones-indigenas-comunitarias","tag-veracruz-puebla-guerrero-chiapas-oaxaca"],"translation":{"provider":"WPGlobus","version":"2.12.2","language":"fr","enabled_languages":["es","fr"],"languages":{"es":{"title":true,"content":true,"excerpt":true},"fr":{"title":false,"content":false,"excerpt":false}}},"_links":{"self":[{"href":"https:\/\/www.lapluma.net\/fr\/wp-json\/wp\/v2\/posts\/1989","targetHints":{"allow":["GET"]}}],"collection":[{"href":"https:\/\/www.lapluma.net\/fr\/wp-json\/wp\/v2\/posts"}],"about":[{"href":"https:\/\/www.lapluma.net\/fr\/wp-json\/wp\/v2\/types\/post"}],"author":[{"embeddable":true,"href":"https:\/\/www.lapluma.net\/fr\/wp-json\/wp\/v2\/users\/104"}],"replies":[{"embeddable":true,"href":"https:\/\/www.lapluma.net\/fr\/wp-json\/wp\/v2\/comments?post=1989"}],"version-history":[{"count":5,"href":"https:\/\/www.lapluma.net\/fr\/wp-json\/wp\/v2\/posts\/1989\/revisions"}],"predecessor-version":[{"id":2027,"href":"https:\/\/www.lapluma.net\/fr\/wp-json\/wp\/v2\/posts\/1989\/revisions\/2027"}],"wp:featuredmedia":[{"embeddable":true,"href":"https:\/\/www.lapluma.net\/fr\/wp-json\/wp\/v2\/media\/2005"}],"wp:attachment":[{"href":"https:\/\/www.lapluma.net\/fr\/wp-json\/wp\/v2\/media?parent=1989"}],"wp:term":[{"taxonomy":"category","embeddable":true,"href":"https:\/\/www.lapluma.net\/fr\/wp-json\/wp\/v2\/categories?post=1989"},{"taxonomy":"post_tag","embeddable":true,"href":"https:\/\/www.lapluma.net\/fr\/wp-json\/wp\/v2\/tags?post=1989"},{"taxonomy":"author","embeddable":true,"href":"https:\/\/www.lapluma.net\/fr\/wp-json\/wp\/v2\/coauthors?post=1989"}],"curies":[{"name":"wp","href":"https:\/\/api.w.org\/{rel}","templated":true}]}}