{"id":19714,"date":"2020-07-01T10:50:57","date_gmt":"2020-07-01T10:50:57","guid":{"rendered":"http:\/\/www.lapluma.net\/?p=19714"},"modified":"2020-07-01T11:13:58","modified_gmt":"2020-07-01T11:13:58","slug":"violadores-uniformados","status":"publish","type":"post","link":"https:\/\/www.lapluma.net\/fr\/2020\/07\/01\/violadores-uniformados\/","title":{"rendered":"Violadores uniformados"},"content":{"rendered":"<p class=\"font--secondary\" style=\"text-align: justify;\"><span style=\"font-size: 12pt;\">Hubo tiempos en que <a href=\"https:\/\/agenciadenoticias.unal.edu.co\/detalle\/article\/guahibiar-cazar-indios-considerados-seres-sin-alma.html\">matar indios no era delito<\/a>, como sucedi\u00f3 en 1968, en la masacre de Planas, en el Meta, contra abor\u00edgenes guahibos. Ni tampoco lo era hacer sangrientos safaris para cazar ind\u00edgenas. Las persecuciones a los guahibos y otras etnias se hac\u00edan por \u201cfuerzas combinadas\u201d de civiles, en general terratenientes y colonos, y la soldadesca. Como la memoria es fr\u00e1gil, valga recordar fragmentos de aquel episodio de indignidad y sevicia contra comunidades ind\u00edgenas, en una matanza que incluy\u00f3 a mayores y menores, y en la que, adem\u00e1s, hubo torturas y otras vejaciones.<\/span><\/p>\n<p><img loading=\"lazy\" decoding=\"async\" class=\" aligncenter\" src=\"https:\/\/revistas.unal.edu.co\/index.php\/maguare\/article\/viewFile\/35263\/41636\/177010\" width=\"499\" height=\"499\" \/><\/p>\n<p class=\"font--secondary\" style=\"text-align: justify;\"><span style=\"font-size: 12pt;\">Por ejemplo, al chico Luis Alberto Quintero, de 13 a\u00f1os, lo tomaron miembros del Ej\u00e9rcito colombiano. \u201cMe amarraron las manos, los pies, el pescuezo, me colgaron de un \u00e1rbol, me torturaron los test\u00edculos con electricidad\u201d. Mientras a unos los quemaron con hierros incandescentes, como se narr\u00f3 en peri\u00f3dicos de \u00e9poca, a otros los despacharon con tiros de carabina. No pas\u00f3 nada. Los ind\u00edgenas perdieron. Los que se quedaron con las tierras de ellos, con la complicidad oficial, ganaron. Y as\u00ed es la historia, se dir\u00e1. Como en los d\u00edas en que matar liberales no era pecado.<\/span><\/p>\n<p style=\"text-align: justify;\"><span style=\"font-size: 12pt;\">Este martirio de los guahibos lo recuerdo porque, con la reciente infamia cometida por soldados colombianos, los que violaron a una ni\u00f1a de 12 a\u00f1os, de la comunidad embera cham\u00ed en Santa Cecilia, Risaralda, hay una herencia de inmensos atropellos contra los ind\u00edgenas, adultos y ni\u00f1os, mujeres y hombres. El hecho en el que participaron siete militares volvi\u00f3 a abrir heridas jam\u00e1s resta\u00f1adas contra los ind\u00edgenas, que han sido desplazados, humillados, discriminados y, claro, asesinados.<\/span><\/p>\n<p><img loading=\"lazy\" decoding=\"async\" class=\" aligncenter\" src=\"http:\/\/www.tlaxcala-int.org\/upload\/gal_22754.jpg\" width=\"602\" height=\"301\" \/><\/p>\n<p class=\"font--secondary\" style=\"text-align: justify;\"><span style=\"font-size: 12pt;\">Armando Valbuena, l\u00edder ind\u00edgena, le dijo a BBC Mundo que lo de la ni\u00f1a violada no es una excepci\u00f3n. \u201cLas menores de comunidades como los embera, wayuu o afrocolombianas en las zonas rurales del pa\u00eds no solo sufren vejaciones por parte de soldados, sino tambi\u00e9n por grupos armados irregulares y de los paramilitares<b>, <\/b>que siguen creciendo\u201d. Adem\u00e1s de tales atentados, muchos miembros de los pueblos ancestrales padecen el rudo desplazamiento y otras violencias, adem\u00e1s de hambrunas.<\/span><\/p>\n<p class=\"font--secondary\" style=\"text-align: justify;\"><span style=\"font-size: 12pt;\">El detestable atropello de los militares contra la ni\u00f1a, que no es un suceso aislado, ni una manifestaci\u00f3n de lo que algunos oficiales han llamado \u201cmanzanas podridas\u201d, puso otra vez en la picota p\u00fablica al Ej\u00e9rcito nacional, que ha acumulado faltas y conductas aviesas, como los bombardeos en Caquet\u00e1 a disidencias de las Farc en los que murieron ocho menores y que desencaden\u00f3 la renuncia del Mindefensa Guillermo Botero. Las denuncias de <i>The New York Times<\/i> acerca del retorno sistem\u00e1tico de cuotas en bajas de guerrilleros (que en otros cuatrienios dispar\u00f3 enormes desafueros como los denominados \u201cfalsos positivos\u201d) y las hostilidades contra periodistas y opositores al gobierno, lo han dejado muy mal parado.<\/span><\/p>\n<p class=\"font--secondary\" style=\"text-align: justify;\"><span style=\"font-size: 12pt;\">El gobernador de un resguardo embera kat\u00edo, Juan de Dios Queragama, se\u00f1al\u00f3 que la atrocidad cometida por los soldados contra la ni\u00f1a tambi\u00e9n ha sido \u201cuna agresi\u00f3n para todo nuestro pueblo embera kat\u00edo, y un acto que defrauda la confianza que hemos depositado en ellos como representantes del Estado\u201d. El repudio ha sido general, excepto de uno que otro politiquero que m\u00e1s bien ha minimizado la espantosa afrenta contra la menor.<\/span><\/p>\n<p class=\"font--secondary\" style=\"text-align: justify;\"><span style=\"font-size: 12pt;\">El descr\u00e9dito de la institucionalidad y, en particular, del Ej\u00e9rcito, sigue creciendo. En mayo pasado otro esc\u00e1ndalo estall\u00f3 cuando se supo de actos de corrupci\u00f3n de oficiales, involucrados en la venta de armas a disidencias guerrilleras y bandas de narcotraficantes. A su vez, la credibilidad cada vez se hunde m\u00e1s en el fango del desprestigio. La aberrante violaci\u00f3n a la ni\u00f1a embera ha puesto a considerar, como lo declar\u00f3 un comunicado de la Red Colombiana de Psicolog\u00eda Comunitaria, que no es solo una responsabilidad de los autores materiales del delito, sino que \u201cel entrenamiento militar deshumanizante normaliza la brutalidad y el abuso de la fuerza p\u00fablica\u201d.<\/span><\/p>\n<p class=\"font--secondary\" style=\"text-align: justify;\"><span style=\"font-size: 12pt;\">Han vuelto los cuestionamientos en torno a la representatividad de poder de un uniformado, a las simbolizaciones, al aprovechamiento autoritario y descarado de las indumentarias (no solo uniformes militares, tambi\u00e9n sotanas, por ejemplo) para cometer delitos y no para proteger \u201cla vida, honra y bienes\u201d del ciudadano. \u00bfEn qu\u00e9 medida una investidura, una delegaci\u00f3n de autoridad, se vuelve una suerte de fortaleza aprovechable para la comisi\u00f3n de un desprop\u00f3sito o de un crimen tan ignominioso como la violaci\u00f3n de una ni\u00f1a?<\/span><\/p>\n<p class=\"font--secondary\" style=\"text-align: justify;\"><span style=\"font-size: 12pt;\">Deber\u00eda haber un terremoto de conciencias en las esferas oficiales. No puede ser que una c\u00e1fila de uniformados enarbole las banderas de la barbarie, cuando, se supone, est\u00e1 para defender la dignidad e integridad de la gente. La violencia sexual ya de por s\u00ed es una infamia, pero cuando la cometen sujetos revestidos de poder, y m\u00e1s contra una ni\u00f1a, se eleva la magnitud del desafuero y se acrecienta el grado de desconfianza en la institucionalidad. Ahora, como con los guahibo, que no se le ocurra decir a alg\u00fan desalmado que violar una menor ind\u00edgena no es delito.<\/span><\/p>\n<p><strong><span style=\"font-size: 14pt;\">Reinaldo Spitaletta para La Pluma, 30 de junio de 2020<\/span><\/strong><\/p>\n<p><strong><span style=\"font-size: 14pt;\">Editado por <\/span><a href=\"http:\/\/www.lapluma.net\/nosotros\/editora\/\"><strong><span style=\"font-size: 14pt;\">Mar\u00eda Piedad Ossaba<\/span><\/strong><\/a><\/strong><\/p>\n","protected":false},"excerpt":{"rendered":"<p>La violencia sexual ya de por s\u00ed es una infamia, pero cuando la cometen sujetos revestidos de poder, y m\u00e1s contra una ni\u00f1a, se eleva la magnitud del desafuero y se acrecienta el grado de desconfianza en la institucionalidad. <\/p>\n","protected":false},"author":20,"featured_media":19715,"comment_status":"open","ping_status":"open","sticky":false,"template":"","format":"standard","meta":{"_uf_show_specific_survey":0,"_uf_disable_surveys":false,"footnotes":""},"categories":[216,5],"tags":[65,2936,4794,9518,9649,9651,725,9519,519,9650,9652],"coauthors":[265],"class_list":["post-19714","post","type-post","status-publish","format-standard","has-post-thumbnail","hentry","category-colombia","category-editoriales-y-opiniones","tag-abya-yala","tag-crimenes-de-estado","tag-ejercito-nacional","tag-embera-chami","tag-guahibiar-cazar-indios","tag-masacre-de-planas","tag-memoria-historica","tag-militares-violadores","tag-reinaldo-spitaletta","tag-seres-sin-alma","tag-toruras-vejaciones"],"translation":{"provider":"WPGlobus","version":"2.12.2","language":"fr","enabled_languages":["es","fr"],"languages":{"es":{"title":true,"content":true,"excerpt":true},"fr":{"title":false,"content":false,"excerpt":false}}},"_links":{"self":[{"href":"https:\/\/www.lapluma.net\/fr\/wp-json\/wp\/v2\/posts\/19714","targetHints":{"allow":["GET"]}}],"collection":[{"href":"https:\/\/www.lapluma.net\/fr\/wp-json\/wp\/v2\/posts"}],"about":[{"href":"https:\/\/www.lapluma.net\/fr\/wp-json\/wp\/v2\/types\/post"}],"author":[{"embeddable":true,"href":"https:\/\/www.lapluma.net\/fr\/wp-json\/wp\/v2\/users\/20"}],"replies":[{"embeddable":true,"href":"https:\/\/www.lapluma.net\/fr\/wp-json\/wp\/v2\/comments?post=19714"}],"version-history":[{"count":3,"href":"https:\/\/www.lapluma.net\/fr\/wp-json\/wp\/v2\/posts\/19714\/revisions"}],"predecessor-version":[{"id":19717,"href":"https:\/\/www.lapluma.net\/fr\/wp-json\/wp\/v2\/posts\/19714\/revisions\/19717"}],"wp:featuredmedia":[{"embeddable":true,"href":"https:\/\/www.lapluma.net\/fr\/wp-json\/wp\/v2\/media\/19715"}],"wp:attachment":[{"href":"https:\/\/www.lapluma.net\/fr\/wp-json\/wp\/v2\/media?parent=19714"}],"wp:term":[{"taxonomy":"category","embeddable":true,"href":"https:\/\/www.lapluma.net\/fr\/wp-json\/wp\/v2\/categories?post=19714"},{"taxonomy":"post_tag","embeddable":true,"href":"https:\/\/www.lapluma.net\/fr\/wp-json\/wp\/v2\/tags?post=19714"},{"taxonomy":"author","embeddable":true,"href":"https:\/\/www.lapluma.net\/fr\/wp-json\/wp\/v2\/coauthors?post=19714"}],"curies":[{"name":"wp","href":"https:\/\/api.w.org\/{rel}","templated":true}]}}