{"id":18678,"date":"2020-05-22T14:02:55","date_gmt":"2020-05-22T14:02:55","guid":{"rendered":"http:\/\/www.lapluma.net\/?p=18678"},"modified":"2020-05-22T22:06:31","modified_gmt":"2020-05-22T22:06:31","slug":"pandemia-neoliberalismo-y-pobreza","status":"publish","type":"post","link":"https:\/\/www.lapluma.net\/fr\/2020\/05\/22\/pandemia-neoliberalismo-y-pobreza\/","title":{"rendered":"Pandemia, neoliberalismo y pobreza"},"content":{"rendered":"<div id=\"ffenetremailtomailModal\" style=\"z-index: 20002;\">\n<div id=\"ffenetremailtopopupModalMail\"><\/div>\n<\/div>\n<div>\n<p style=\"text-align: justify;\"><span style=\"font-size: 12pt;\">Ya son millares los textos que invitan a pensar en tiempos de confinamiento y pandemia. As\u00ed, tambi\u00e9n, ya son bastantes <a href=\"https:\/\/www.eldiplo.org\/251\/que-tienen-para-decir-los-intelectuales\/\" target=\"_blank\" rel=\"noopener noreferrer\">las preguntas sugerentes sobre el rol de los intelectuales<\/a>, el trabajo de la pol\u00edtica o la tarea de los Estados frente a este momento de excepci\u00f3n. Si en algo coincide el an\u00e1lisis general sobre las consecuencias del nuevo coronavirus, es que la gran mayor\u00eda de las cr\u00edticas a este tiempo presente sostienen, una vez m\u00e1s, que no hay nada nuevo bajo el sol. Es decir que, a esta altura de la vida y del capitalismo, son esperables las miles de consecuencias sobre los cuerpos, territorios y sociedades en sentido amplio. Como una profec\u00eda b\u00edblica mal le\u00edda, da la sensaci\u00f3n que vamos todos a golpearnos contra las paredes que nosotros mismos hemos levantado.<\/span><\/p>\n<h2><strong>Un modelo dist\u00f3pico: ofensiva neoliberal<\/strong><\/h2>\n<p style=\"text-align: justify;\"><span style=\"font-size: 12pt;\">Una ma\u00f1ana fr\u00eda de invierno. A\u00f1o 1995. Los periodistas siempre buscan el dato fresco, en este caso si la novedad es econ\u00f3mica, la noticia tiene m\u00e1s alcance. La revista<em> Forbes<\/em> da a conocer la novedad: las 358 personas m\u00e1s ricas del mundo juntan 1 bill\u00f3n de d\u00f3lares de fortuna acumulada<sup id=\"footnote_plugin_tooltip_6582_1\" class=\"footnote_plugin_tooltip_text\">1<\/sup>. Mientras la \u201cbuena nueva\u201d se difunde, el frio carcome la piel de algunos miles de excluidos en las grandes ciudades. Fin de la noticia, la mundializaci\u00f3n y la globalizaci\u00f3n del lujo capitalista hab\u00eda dado su mensaje cifrado al mundo: \u201ceste es el camino\u201d.<\/span><\/p>\n<p style=\"text-align: justify;\"><span style=\"font-size: 12pt;\">El paso del tiempo en este sistema-mundo quita la capacidad de asombro. Seis a\u00f1os m\u00e1s tarde esas 358 personas pasaron a ser 142 y los que pasaban fr\u00edo en las calles se multiplicaron. Para el a\u00f1o 2002 ese grupo acaudalado contaba unos 1.000.000.000.000 de d\u00f3lares atesorados en sus cuentas (algo as\u00ed como el ingreso de 3 mil millones de personas \u2013 la mitad de la poblaci\u00f3n para entonces -).<\/span><\/p>\n<p style=\"text-align: center;\"><img decoding=\"async\" class=\"aligncenter\" src=\"https:\/\/oi-files-d8-prod.s3.eu-west-2.amazonaws.com\/s3fs-public\/styles\/hero_image_small\/public\/issue_images\/aid-main.jpg?h=eb38415d&amp;itok=KkyT5ap5\" alt=\"aid-main.jpg\" \/><strong>Nuestro sistema econ\u00f3mico actual no funciona. En Ghana, Espa\u00f1a, la India, Rep\u00fablica Dominicana\u00a0o Brasil, encontramos niveles de riqueza absurdos junto con casos de pobreza extrema. Desde 2015, la poblaci\u00f3n m\u00e1s rica, que supone un 1 %, posee m\u00e1s riqueza que el resto del planeta.<\/strong><\/p>\n<p style=\"text-align: justify;\"><span style=\"font-size: 12pt;\">No conforme con eso, el avance de aquello que conocemos como <em>neoliberalismo<\/em>, pese a la gran resistencia global, ya en pleno siglo XXI suma m\u00e1s condecoraciones en su trayectoria: hoy <a href=\"https:\/\/www.oxfam.org\/es\/que-hacemos\/temas\/desigualdad-extrema-y-servicios-sociales-basicos\" target=\"_blank\" rel=\"noopener noreferrer\">el 1% m\u00e1s rico de la poblaci\u00f3n posee m\u00e1s del doble de riqueza que 6900 millones de personas<\/a>. De esas almas excluidas, casi la mitad de la humanidad \u20133.400 millones de personas \u2013 vive con menos de 5,50 d\u00f3lares al d\u00eda. Por a\u00f1o, 100 millones de personas en todo el mundo se hunden en la pobreza. Adem\u00e1s, seg\u00fan <em>Oxfam International<\/em>, en la actualidad hay 258 millones de ni\u00f1as y ni\u00f1os sin escolarizar y a escala planetaria, la brecha salarial entre hombres y mujeres es del 24%. Los hombres poseen un 50% m\u00e1s de riqueza que las mujeres y, solo por si fuera poco, <a href=\"https:\/\/www.oxfam.org\/es\/que-hacemos\/temas\/agua-y-servicios-de-saneamiento\" target=\"_blank\" rel=\"noopener noreferrer\">2.200 millones de personas no tienen acceso a agua potable en sus hogares<\/a>.<\/span><\/p>\n<figure style=\"width: 575px\" class=\"wp-caption aligncenter\"><img loading=\"lazy\" decoding=\"async\" id=\"image-preview-18703\" src=\"http:\/\/www.lapluma.net\/wp-admin\/admin-ajax.php?action=imgedit-preview&amp;_ajax_nonce=3dcb7294a8&amp;postid=18703&amp;rand=68224\" alt=\"\" width=\"575\" height=\"382\" \/><figcaption class=\"wp-caption-text\">\u201cBa\u00f1o de realidad\u201d, abril 27. Fotograf\u00eda de La Garganta Poderosa<\/figcaption><\/figure>\n<p><span style=\"font-size: 12pt;\">El secreto a voces de la mundializaci\u00f3n\/globalizaci\u00f3n (tal como lo denomina Toussaint) no es otro que el sutil \u2013 y violento \u2013 desalojo de<em> unos <\/em>para el bienestar de <em>otros<\/em>. Desde los a\u00f1os 70 del siglo pasado el acelerado movimiento de capitales ha dado forma a la existencia de grandes \u201coligopolios\u201d que se han hecho carne en poderosas multinacionales que acaparan ganancias, mano de obra y beneficios fiscales. Este panorama es bien conocido en los pa\u00edses del Tercer Mundo, primero por la instalaci\u00f3n de esas multinacionales, y en segundo lugar por el desmantelamiento del aparato estatal, tal como se conoci\u00f3 en periodos de posguerra.<\/span><\/p>\n<p style=\"text-align: justify;\"><span style=\"font-size: 12pt;\">La crisis de ese viejo Tercer Mundo, ha sido la obra maestra de los organismos multilaterales como el Fondo Monetario Internacional (FMI), el Banco Mundial (BM) y una infinidad de firmas privadas a lo largo y ancho del planeta. Sumado a eso, los planes de ajuste estructural se erigieron en la forma de domesticar a los pa\u00edses que antes, supieron fortalecer sus l\u00f3gicas industriales en el mercado interno.<\/span><\/p>\n<h2><strong>Las pandemias del sur global<\/strong><\/h2>\n<p style=\"text-align: justify;\"><span style=\"font-size: 12pt;\">Durante los a\u00f1os &rsquo;90 del siglo pasado, en Am\u00e9rica Latina, se concret\u00f3 con m\u00e1s <em>glamour<\/em> el cuadro de despojo inaugurado por las dictaduras militares-eclesiales-civiles de los a\u00f1os 60 y 70. La apertura econ\u00f3mica unilateral, la disoluci\u00f3n de mecanismos de intervenci\u00f3n estatal y su desdibujamiento ideol\u00f3gico, la afamada privatizaci\u00f3n de empresas de servicios p\u00fablicos esenciales y el abandono de la salud y la educaci\u00f3n p\u00fablica, entre otras cosas, han sido la causa putativa de las miserias actuales.<\/span><\/p>\n<p><img loading=\"lazy\" decoding=\"async\" class=\"shrinkToFit aligncenter\" src=\"https:\/\/www.farmlandgrab.org\/uploads\/images\/photos\/14421\/original_Mucha-tierra-en-pocas-manos.jpg?1585866432\" alt=\"https:\/\/www.farmlandgrab.org\/uploads\/images\/photos\/14421\/original_Mucha-tierra-en-pocas-manos.jpg?1585866432\" width=\"621\" height=\"414\" \/><\/p>\n<p class=\"post-title\" style=\"text-align: center;\"><strong>Cono Sur de Am\u00e9rica Latina: Mucha tierra en pocas manos<\/strong><\/p>\n<p style=\"text-align: justify;\"><span style=\"font-size: 12pt;\">Abroquelada a la crisis de endeudamiento externo, se forj\u00f3 una din\u00e1mica fatal para el sur global (Am\u00e9rica Latina, Asia, \u00c1frica): la degradaci\u00f3n de los t\u00e9rminos de intercambio y la desigual condici\u00f3n comercial han hecho que, por ejemplo, Am\u00e9rica Latina disminuya proporcionalmente sus ingresos exportables, mientras sus extractivismo, <a href=\"https:\/\/rebelion.org\/mucha-tierra-en-pocas-manos-2\/\" target=\"_blank\" rel=\"noopener noreferrer\">de mucha tierra en pocas manos<\/a>, se vuelven m\u00e1s despiadados.<\/span><\/p>\n<p style=\"text-align: justify;\"><span style=\"font-size: 12pt;\">En este contexto, la novedad del COVID-19, parece ser una ratificaci\u00f3n m\u00e1s del piso de desigualdad infernal en la que la ofensiva neoliberal nos ha dejado. Salud privatizada, hospitales derruidos y estatalidad profundamente amorfas. El Estado aqu\u00ed ya no es ni siquiera el garante del capital en las prosas liberales aut\u00f3ctonas, ac\u00e1 en el sur los Estados son gerenciados por los bur\u00f3cratas de aquellos oligopolios perennes.<\/span><\/p>\n<p><img decoding=\"async\" class=\"aligncenter\" src=\"https:\/\/www.alainet.org\/sites\/default\/files\/styles\/articulo-ampliada-movil\/public\/alimentacion_agro.jpg?itok=0ApUhDx7\" alt=\"https:\/\/www.alainet.org\/sites\/default\/files\/styles\/articulo-ampliada-movil\/public\/alimentacion_agro.jpg?itok=0ApUhDx7\" \/><\/p>\n<p style=\"text-align: center;\"><strong>Es tiempo de replantear el sistema agroalimentario<br \/>\n<\/strong><\/p>\n<p style=\"text-align: justify;\"><span style=\"font-size: 12pt;\">En ese contexto, lejos de reivindicar la nostalgia del capitalismo de bienestar, es preciso una articulaci\u00f3n popular planificada que permite rearmarnos social, pol\u00edtica y econ\u00f3micamente, en especial a los pa\u00edses del sur que llevamos a\u00f1os padeciendo la pandemia neoliberal. Hoy parece un poco m\u00e1s claro que es un imperativo <a href=\"https:\/\/www.infonews.com\/covid-19\/es-tiempo-replantear-el-sistema-agroalimentario-argentino-n338330\" target=\"_blank\" rel=\"noopener noreferrer\">replantear el sistema agroalimentario<\/a> y evitar que las salidas de coyuntura sean el <a href=\"https:\/\/www.infobae.com\/opinion\/2020\/04\/26\/un-plan-marshall-criollo-poblar-y-crear-trabajo\" target=\"_blank\" rel=\"noopener noreferrer\">narcoterrorismo, fanatismos religiosos, salvajismo masivo y mesianismos violentos que har\u00e1n insoportable la convivencia social<\/a>. Para muchos de nuestros pa\u00edses que venimos de un giro a la derecha sostenido, se trata de una tarea nada f\u00e1cil que urgente debe comenzar.<\/span><\/p>\n<div class=\"reading-position-indicator-end\" style=\"text-align: justify;\"><span style=\"font-size: 12pt;\"><strong>Notas<\/strong><\/span><\/div>\n<div class=\"footnote_container_prepare\">\n<p><span style=\"font-size: 12pt;\">Toussaint, Eric (2004) La bolsa o la vida. Las finanzas contra los pueblos. Buenos Aires: CLACSO (p. 59).<\/span><\/p>\n<p><strong><span style=\"font-size: 14pt;\">Oscar Soto para La Pluma, 22 de mayo de 2020<\/span><\/strong><\/p>\n<p><strong><span style=\"font-size: 14pt;\">Editado por <\/span><a href=\"http:\/\/www.lapluma.net\/nosotros\/editora\/\"><strong><span style=\"font-size: 14pt;\">Mar\u00eda Piedad Ossaba<\/span><\/strong><\/a><\/strong><\/p>\n<p><strong><span style=\"font-size: 14pt;\">Publicado por\u00a0 <a href=\"https:\/\/iberoamericasocial.com\/pandemia-neoliberalismo-y-pobreza\/\">Iberoamerica social<\/a><\/span><\/strong><\/p>\n<\/div>\n<\/div>\n","protected":false},"excerpt":{"rendered":"<p>La novedad del COVID-19, parece ser una ratificaci\u00f3n m\u00e1s del piso de desigualdad infernal en la que la ofensiva neoliberal nos ha dejado.<\/p>\n","protected":false},"author":61,"featured_media":18680,"comment_status":"open","ping_status":"open","sticky":false,"template":"","format":"standard","meta":{"_uf_show_specific_survey":0,"_uf_disable_surveys":false,"footnotes":""},"categories":[5,218],"tags":[9091,2279,9089,2145,546,9088,9090,1206,9092,9087],"coauthors":[538],"class_list":["post-18678","post","type-post","status-publish","format-standard","has-post-thumbnail","hentry","category-editoriales-y-opiniones","category-monde","tag-cuerpos-territorios-y-sociedades","tag-luchas-y-resistencias","tag-modelo-distopico","tag-ofensiva-neoliberal","tag-oscar-soto","tag-pandemia_neoliberalismo-pobreza","tag-pandemias-sur-global","tag-pensamiento-politico","tag-rol-de-los-intelectuales","tag-salud-sociedad-violencias"],"translation":{"provider":"WPGlobus","version":"2.12.2","language":"fr","enabled_languages":["es","fr"],"languages":{"es":{"title":true,"content":true,"excerpt":true},"fr":{"title":false,"content":false,"excerpt":false}}},"_links":{"self":[{"href":"https:\/\/www.lapluma.net\/fr\/wp-json\/wp\/v2\/posts\/18678","targetHints":{"allow":["GET"]}}],"collection":[{"href":"https:\/\/www.lapluma.net\/fr\/wp-json\/wp\/v2\/posts"}],"about":[{"href":"https:\/\/www.lapluma.net\/fr\/wp-json\/wp\/v2\/types\/post"}],"author":[{"embeddable":true,"href":"https:\/\/www.lapluma.net\/fr\/wp-json\/wp\/v2\/users\/61"}],"replies":[{"embeddable":true,"href":"https:\/\/www.lapluma.net\/fr\/wp-json\/wp\/v2\/comments?post=18678"}],"version-history":[{"count":5,"href":"https:\/\/www.lapluma.net\/fr\/wp-json\/wp\/v2\/posts\/18678\/revisions"}],"predecessor-version":[{"id":18702,"href":"https:\/\/www.lapluma.net\/fr\/wp-json\/wp\/v2\/posts\/18678\/revisions\/18702"}],"wp:featuredmedia":[{"embeddable":true,"href":"https:\/\/www.lapluma.net\/fr\/wp-json\/wp\/v2\/media\/18680"}],"wp:attachment":[{"href":"https:\/\/www.lapluma.net\/fr\/wp-json\/wp\/v2\/media?parent=18678"}],"wp:term":[{"taxonomy":"category","embeddable":true,"href":"https:\/\/www.lapluma.net\/fr\/wp-json\/wp\/v2\/categories?post=18678"},{"taxonomy":"post_tag","embeddable":true,"href":"https:\/\/www.lapluma.net\/fr\/wp-json\/wp\/v2\/tags?post=18678"},{"taxonomy":"author","embeddable":true,"href":"https:\/\/www.lapluma.net\/fr\/wp-json\/wp\/v2\/coauthors?post=18678"}],"curies":[{"name":"wp","href":"https:\/\/api.w.org\/{rel}","templated":true}]}}