{"id":18329,"date":"2020-05-06T21:52:54","date_gmt":"2020-05-06T21:52:54","guid":{"rendered":"http:\/\/www.lapluma.net\/?p=18329"},"modified":"2020-05-06T22:14:46","modified_gmt":"2020-05-06T22:14:46","slug":"reescribiendo-la-historia-cuando-los-espias-escriben-poesia","status":"publish","type":"post","link":"https:\/\/www.lapluma.net\/fr\/2020\/05\/06\/reescribiendo-la-historia-cuando-los-espias-escriben-poesia\/","title":{"rendered":"Quand les espions font de la fiction ou <br><i> Comment on r\u00e9\u00e9crit l&rsquo;histoire<\/i>"},"content":{"rendered":"<p style=\"text-align: justify;\"><span style=\"font-size: 12pt;\"><strong><em><img loading=\"lazy\" decoding=\"async\" class=\"alignleft\" src=\"http:\/\/www.tlaxcala-int.org\/upload\/aut_7225.jpg\" width=\"139\" height=\"129\" border=\"0\" \/><\/em><\/strong>Le Welt am Sonntag [\u00e9dition dominicale du quotidien die Welt, appartenant au groupe Springer] a publi\u00e9 le 16 f\u00e9vrier un article intitul\u00e9 \u00ab Quand Moscou poussait \u00e0 l&rsquo;unit\u00e9 [allemande] \u00bb. Selon cet article, d\u00e8s d\u00e9cembre 1989, un espion du BND, le Service f\u00e9d\u00e9ral du renseignement ext\u00e9rieur a inform\u00e9 d&rsquo;une r\u00e9union secr\u00e8te que Hans Modrow (le pr\u00e9sident du Conseil des ministres de la RDA de l&rsquo;\u00e9poque) et moi-m\u00eame avons eue avec Valentin Faline* le 24 novembre 1989 \u00e0 l&rsquo;ambassade sovi\u00e9tique \u00e0 Berlin <em>[le \u00ab\u00a0rapport\u00a0\u00bb indique par erreur le 17 novembre comme date de la rencontre, NdT<\/em>]. D&rsquo;apr\u00e8s l&rsquo;article, j&rsquo;ai cru comprendre que des historiens renomm\u00e9s qualifient le rapport des services de renseignement de \u00ab\u00a0document d&rsquo;histoire contemporaine tr\u00e8s int\u00e9ressant\u00a0\u00bb.<\/span><\/p>\n<p style=\"text-align: justify;\"><span style=\"font-size: 12pt;\">Cependant, en tant que t\u00e9moin direct, je dois dire que ce document est loin de la r\u00e9alit\u00e9. Il contient des l\u00e9gendes et des prises de d\u00e9sirs pour la r\u00e9alit\u00e9, plus de la fiction que de la v\u00e9rit\u00e9.<\/span><\/p>\n<p style=\"text-align: justify;\"><span style=\"font-size: 12pt;\">Si l&rsquo;espion a vraiment exist\u00e9, alors le BND est tomb\u00e9 dans le panneau d&rsquo;un imposteur conteur d\u2019histoires. Je l\u2019affirme non seulement \u00e0 partir de mon propre souvenir, mais aussi par une comparaison directe du fichier BND publi\u00e9 avec le proc\u00e8s-verbal de 47 pages de la r\u00e9union. L&rsquo;original est en ma possession. Pour autant que je sache, il n&rsquo;a jamais \u00e9t\u00e9 reproduit et n&rsquo;a \u00e9t\u00e9 lu par moi que comme information secr\u00e8te lors d&rsquo;une r\u00e9union du Bureau politique (du SED).<\/span><\/p>\n<p style=\"text-align: justify;\"><span style=\"font-size: 12pt;\">Ce qui a vraiment \u00e9t\u00e9 discut\u00e9 \u00e0 l&rsquo;\u00e9poque \u00e0 l&rsquo;ambassade sovi\u00e9tique et ce qui se trouve dans le pr\u00e9tendu dossier du BND sont diam\u00e9tralement oppos\u00e9s. Moscou n&rsquo;a nullement pouss\u00e9 les dirigeants de la RDA vers l&rsquo;unit\u00e9. En tout cas pas \u00e0 l\u2019automne 1989. Au contraire\u00a0: ce que Gorbatchev m&rsquo;avait dit le 1<sup>er<\/sup> novembre 1989 lors de notre rencontre \u00e0 Moscou \u00e9tait officiellement toujours valable : \u00ab\u00a0L&rsquo;unit\u00e9 allemande n&rsquo;est pas \u00e0 l&rsquo;ordre du jour\u00a0\u00bb. Cela serait valable aussi longtemps que l&rsquo;OTAN et le Trait\u00e9 de Varsovie existeraient. \u00ab\u00a0Aucune personne normale ne pourrait imaginer l&rsquo;unit\u00e9 allemande\u00a0\u00bb, m&rsquo;avait dit le secr\u00e9taire g\u00e9n\u00e9ral du PCUS, \u00ab\u00a0tant que ces deux blocs militaires existeront\u00a0\u00bb \u00ab\u00a0Kohl\u00a0\u00bb, avait dit Gorbatchev, \u00ab\u00a0avait mis\u00e9 sur le cheval du nationalism\u00a0\u00bb. Il faudrait s&rsquo;y opposer.<\/span><\/p>\n<h3>Le mot qui f\u00e2che\u00a0: \u00ab\u00a0r\u00e9unification\u00a0\u00bb<\/h3>\n<p style=\"text-align: justify;\"><span style=\"font-size: 12pt;\">Le sujet principal de la conversation avec Faline n&rsquo;\u00e9tait pas l&rsquo;unit\u00e9 allemande, mais la situation int\u00e9rieure de la RDA et la mani\u00e8re de la stabiliser. \u00ab\u00a0Une chose doit \u00eatre absolument claire\u00a0\u00bb, a d\u00e9clar\u00e9 M. Falin : \u00ab\u00a0Les questions de modification de la constitution de la RDA, les r\u00e9formes en RDA, la loi \u00e9lectorale, la date des \u00e9lections, l&rsquo;admission de nouveaux partis, ne peuvent pas faire l&rsquo;objet de n\u00e9gociations avec la RFA, quelle que soit la pression qu&rsquo;elle exerce\u00a0\u00bb. Il a exig\u00e9 des dirigeants de la RDA qu\u2019ils s&rsquo;opposent aux tentatives de chantage de l&rsquo;Ouest. Selon l&rsquo;\u00e9missaire de Gorbatchev, la ligne de Kohl \u00e9tait en contradiction avec le trait\u00e9 fondamental entre les deux \u00c9tats allemands. \u00c0 l&rsquo;\u00e9poque, Moscou &#8211; comme moi &#8211; estimait encore que la RDA continuerait d&rsquo;exister en tant qu&rsquo;\u00c9tat souverain.<\/span><\/p>\n<p style=\"text-align: justify;\"><span style=\"font-size: 12pt;\">Le principal dirigeant de la politique allemande de Moscou a inform\u00e9 que le Chancelier Kohl avait admis, lors de conversations internes, que la RFA n&rsquo;\u00e9tait pas du tout pr\u00e9par\u00e9e \u00e0 l&rsquo;unit\u00e9 allemande. Au contraire, dit-il, il y avait \u00ab\u00a0une comp\u00e9tition entre la CDU et le SPD pour obtenir les faveurs de la RDA\u00a0\u00bb. Le point de vue pr\u00e9valent \u00e0 Bonn, a-t-il dit, \u00e9tait\u00a0: celui qui remportera cette faveur \u00ab\u00a0gagnera \u00e9galement les prochaines \u00e9lections f\u00e9d\u00e9rales\u00a0\u00bb. La CDU essayait d&rsquo;atteindre cet objectif en augmentant la pression sur la RDA, tandis que le SPD \u00e9tait enclin \u00e0 trouver un consensus avec la RDA. Selon Faline, la t\u00e2che des dirigeants de la RDA devrait donc \u00eatre de veiller \u00e0 ce que \u00ab\u00a0ce ne soit pas la CDU qui r\u00e9colte les fruits de ce qui se passe actuellement en RDA lors des \u00e9lections f\u00e9d\u00e9rales de d\u00e9cembre 1990, ce que Kohl esp\u00e8re\u00a0\u00bb.<\/span><\/p>\n<p style=\"text-align: justify;\"><span style=\"font-size: 12pt;\">Dans le cadre de la discussion sur la constitution de la RDA, Faline a d\u00e9clar\u00e9 que \u00ab\u00a0la question la plus difficile et la plus fatidique est de savoir comment traiter le sujet de la r\u00e9unification\u00a0\u00bb. Il ne fallait pas laisser ce sujet \u00e0 l&rsquo;adversaire. Le secr\u00e9taire g\u00e9n\u00e9ral de la CDU, Volker R\u00fche, \u00e9tait d\u00e9j\u00e0 en train de projeter la tactique \u00e9lectorale de la CDU, a-t-il d\u00e9clar\u00e9. Verbatim : \u00ab\u00a0R\u00fche voudrait \u00eatre le secr\u00e9taire g\u00e9n\u00e9ral qui souffle la trompette nationaliste\u00a0\u00bb.<\/span><\/p>\n<p style=\"text-align: justify;\"><span style=\"font-size: 12pt;\">Faline, en revanche, conseillait de poser la question de savoir qui avait divis\u00e9 l&rsquo;Allemagne. Il a d\u00e9clar\u00e9 que ceux qui, en R\u00e9publique f\u00e9d\u00e9rale, appelaient le plus fortement \u00e0 l&rsquo;unit\u00e9 avaient, par le pass\u00e9, torpill\u00e9 \u00e0 plusieurs reprises des chemins viables vers l&rsquo;unit\u00e9 allemande. En ce qui concernait la conf\u00e9d\u00e9ration, il a d\u00e9clar\u00e9 que les propositions ant\u00e9rieures de la RDA devraient \u00eatre utilis\u00e9es pour montrer \u00ab\u00a0qu&rsquo;il n&rsquo;y a plus de conditions pr\u00e9alables objectives pour cela aujourd&rsquo;hui. La Conf\u00e9d\u00e9ration avait deux conditions de base : 1. une politique de d\u00e9fense commune. 2. une politique \u00e9trang\u00e8re commune\u00a0\u00bb. On devrait demander \u00e0 Bonn si c&rsquo;est vraiment ce qu&rsquo;ils veulent, l\u00e0-bas.<\/span><\/p>\n<ol style=\"text-align: justify;\">\n<li><span style=\"font-size: 12pt;\"><span class=\"texte1\">M. Falin a conseill\u00e9 <\/span>d&rsquo;\u00e9viter de mani\u00e8re g\u00e9n\u00e9rale le terme \u00ab r\u00e9unification \u00bb (Wiedervereinigung). Le cas \u00e9ch\u00e9ant, on devrait choisir le terme \u00ab n\u00e9o-unification \u00bb (Neuvereinigung). Le SPD \u00e9tait aussi de cet avis. Il s&rsquo;agissait de chercher des moyens pour deux \u00c9tats allemands souverains de trouver un terrain d&rsquo;entente. Le mot \u00ab r\u00e9unification \u00bb \u00e9voquait le souvenir du mot \u00ab Anschluss \u00bb (annexion). Si la RFA \u00e9tait pr\u00eate \u00e0 se racheter pour sa culpabilit\u00e9 dans la division de l&rsquo;Allemagne et les fardeaux qui en avaient d\u00e9coul\u00e9 pour la RDA, on pourrait se rapprocher. La RDA devrait faire face de mani\u00e8re offensive \u00e0 la demande occidentale de r\u00e9unification. Si la RDA devait \u00eatre mise au pied du mur, elle pourrait toujours dire qu&rsquo;elle est en faveur d&rsquo;une Allemagne unifi\u00e9e, neutre, d\u00e9mocratique et sans armes d&rsquo;agression. Cela mobiliserait imm\u00e9diatement les gouvernements de toutes les capitales occidentales. La RDA devait indiquer sans ambigu\u00eft\u00e9 qu&rsquo;elle n&rsquo;\u00e9tait pas pr\u00eate \u00e0 abandonner sa position antifasciste.<\/span><\/li>\n<li><\/li>\n<li style=\"text-align: center;\"><img decoding=\"async\" class=\"aligncenter\" src=\"http:\/\/www.tlaxcala-int.org\/upload\/gal_22466.jpg\" alt=\"http:\/\/www.tlaxcala-int.org\/upload\/gal_22466.jpg\" \/><strong><span class=\"texte1\">Gorbatchev intervient au congr\u00e8s de 1986 du SED; derri\u00e8re lui, Egon Krenz \u00e9coute<\/span><\/strong><\/li>\n<\/ol>\n<h3><strong> Le nouveau cours de Gorbatchev<\/strong><\/h3>\n<p style=\"text-align: justify;\"><span style=\"font-size: 12pt;\">Hans Modrow et moi avons relev\u00e9 beaucoup de contradictions et d&rsquo;illusions dans la bouche de l&rsquo;ancien ambassadeur sovi\u00e9tique \u00e0 Bonn, mais pas ce que le rapport du BND cit\u00e9 dans le WamS veut nous faire croire.<\/span><\/p>\n<p style=\"text-align: justify;\"><span style=\"font-size: 12pt;\">Il est tout \u00e0 fait ridicule de pr\u00e9tendre que Markus Wolf a organis\u00e9 l&rsquo;ex\u00e9cution technique et a \u00e9t\u00e9 charg\u00e9 de la r\u00e9gie g\u00e9n\u00e9rale. Le chef des renseignements de la RDA \u00e9tait un particulier sans fonction depuis 1986 et n&rsquo;avait \u00e0 l&rsquo;\u00e9poque aucune influence sur la direction politique de la RDA. Il ne pouvait d&rsquo;ailleurs rien savoir de cette rencontre, car il s&rsquo;agissait d&rsquo;un accord confidentiel entre l&rsquo;ambassadeur sovi\u00e9tique Kotchemassov et moi-m\u00eame, qui avait \u00e9t\u00e9 conclu en fin de soir\u00e9e le 10 novembre dans la r\u00e9sidence officielle de l&rsquo;ambassadeur.<\/span><\/p>\n<p style=\"text-align: justify;\"><span style=\"font-size: 12pt;\">Le matin du 10 novembre, des critiques \u00e9taient initialement venues de Moscou, selon lesquelles l&rsquo;ouverture de la fronti\u00e8re avait viol\u00e9 l&rsquo;accord des quatre puissances sur Berlin. La RDA n\u2019\u00e9tait m\u00eame pas habilit\u00e9e \u00e0 ouvrir la fronti\u00e8re \u00e0 Berlin. Il me tenait \u00e0 c\u0153ur de dissiper ce malentendu. J&rsquo;ai demand\u00e9 \u00e0 Kotchemassov de sugg\u00e9rer \u00e0 Gorbatchev d&rsquo;envoyer \u00e0 Berlin une personne de confiance avec laquelle je pourrais discuter de toutes les questions soulev\u00e9es par l&rsquo;ouverture de la fronti\u00e8re. L&rsquo;ambassadeur a t\u00e9l\u00e9phon\u00e9 \u00e0 Gorbatchev. Il a d\u00e9cid\u00e9 d&rsquo;envoyer Faline, le chef du d\u00e9partement international du Comit\u00e9 central. Le rendez-vous a \u00e9t\u00e9 organis\u00e9 \u00e0 court terme entre Faline et moi-m\u00eame. Au d\u00e9but, j&rsquo;\u00e9tais le seul \u00e0 \u00eatre au courant. Apr\u00e8s sa nomination \u00e0 la t\u00eate du gouvernement de la RDA, j&rsquo;ai \u00e9galement invit\u00e9 Hans Modrow \u00e0 participer \u00e0 la r\u00e9union. En bref : premi\u00e8rement, l&rsquo;initiative de l&rsquo;\u00e9change d&rsquo;id\u00e9es n&rsquo;est pas venue de Moscou, et deuxi\u00e8mement, ni Wolf ni aucun autre tiers n&rsquo;y a particip\u00e9. C&rsquo;\u00e9tait une r\u00e9union secr\u00e8te, mais pas une r\u00e9union de services secrets.<\/span><\/p>\n<p style=\"text-align: justify;\"><span style=\"font-size: 12pt;\">En ce qui concerne le commentaire de l&rsquo;article de WamS selon lequel Nikolai Portugalov [journaliste, officier du KGB, bras droit de Faline] se trouvait \u00e0 la Chancellerie f\u00e9d\u00e9rale le 21 novembre 1989, trois jours avant notre rencontre avec Faline, et qu&rsquo;il y a rencontr\u00e9 le conseiller du Chancelier Horst Teltschik : apr\u00e8s la chute du mur de Berlin, Faline m&rsquo;a de nouveau dit que cette visite n&rsquo;avait pas \u00e9t\u00e9 convenue ni avec lui ni avec Gorbatchev. Cela me semble cr\u00e9dible, car Gorbatchev a vivement critiqu\u00e9 le programme en dix points qu&rsquo;Helmut Kohl avait pr\u00e9sent\u00e9 au Bundestag le 28 novembre.<\/span><\/p>\n<p style=\"text-align: justify;\"><span style=\"font-size: 12pt;\">Cela ne m\u2019a pas non plus \u00e9chapp\u00e9 \u00e0 l&rsquo;\u00e9poque que le Kremlin parlait d\u00e9sormais \u00e0 plusieurs voix. Par exemple, le 10 novembre, je ne savais pas qui donnait le la \u00e0 Moscou, Gorbatchev ou le KGB, le ministre des Affaires \u00e9trang\u00e8res ou le ministre de la D\u00e9fense, l&rsquo;appareil du Comit\u00e9 central ou Alexandre Iakovlev [secr\u00e9taire du BP du CC du PCUS, \u00e9minence grise de Gorbatchev] ?<\/span><\/p>\n<p style=\"text-align: justify;\"><span style=\"font-size: 12pt;\">Gorbatchev a chang\u00e9 de cap vers l&rsquo;unit\u00e9 allemande d\u00e9but d\u00e9cembre, seulement apr\u00e8s sa rencontre avec le pr\u00e9sident Bush \u00e0 Malte. Plus tard, Faline a d\u2019ailleurs pris ses distances vis-\u00e0-vis de Gorbatchev : \u00ab\u00a0Nous avons tout n\u00e9goci\u00e9 par-dessus la t\u00eate de la RDA, nous avons trahi ce pays\u00a0\u00bb. C&rsquo;est exactement le contraire de ce que lui reproche le pr\u00e9tendu agent du BND, \u00e0 savoir qu&rsquo;il a \u00ab\u00a0pouss\u00e9 la RDA \u00e0 l&rsquo;unit\u00e9\u00a0\u00bb d\u00e8s novembre 1989.<\/span><\/p>\n<p><img decoding=\"async\" class=\"aligncenter\" src=\"http:\/\/www.tlaxcala-int.org\/upload\/gal_22467.jpg\" alt=\"http:\/\/www.tlaxcala-int.org\/upload\/gal_22467.jpg\" \/><\/p>\n<p style=\"text-align: center;\"><strong>Egon Krenz en novembre 1989 et aujourd&rsquo;hui, \u00e0 82 ans<\/strong><\/p>\n<p style=\"text-align: justify;\"><strong><span style=\"font-size: 12pt;\">NdT<\/span><\/strong><\/p>\n<p style=\"text-align: justify;\"><span style=\"font-size: 12pt;\"><strong><img loading=\"lazy\" decoding=\"async\" class=\"alignright\" src=\"http:\/\/deduhova.ru\/statesman\/wp-content\/uploads\/2018\/02\/innet000.jpg\" alt=\"http:\/\/deduhova.ru\/statesman\/wp-content\/uploads\/2018\/02\/innet000.jpg\" width=\"289\" height=\"362\" \/>Valentin Mikha\u00eflovitch \u00a0Faline<\/strong> (1926-2018)\u00a0: diplomate russe, expert de l\u2019Allemagne, membre de la commission de contr\u00f4le sovi\u00e9tique en RDA en 1950-1951, conseiller de plusieurs dirigeants sovi\u00e9tiques, de Khrouchtchev et Gromyko \u00e0 Gorbatchev, il fut ambassadeur en RFA de 1971 \u00e0 1978, apr\u00e8s avoir contribu\u00e9 \u00e0 l\u2019\u00e9laboration du Trait\u00e9 de Moscou de 1970 visant \u00e0 normaliser les relations entre la RFA et l\u2019URSS. En 1983, il entra en conflit avec Andropov et quitta ses fonctions aupr\u00e8s du Comit\u00e9 central du PCUS apr\u00e8s avoir re\u00e7u un refus \u00e0 sa proposition de r\u00e9pondre positivement \u00e0 une revendication du syndicat Solidarnosc en Pologne de constituer une commission ind\u00e9pendante d\u2019historiens sur le massacre de Katyn (l\u2019ex\u00e9cution de 4\u00a0400 prisonniers polonais, principalement des officiers, par le NKVD sur ordre de Staline, ni\u00e9e par les dirigeants sovi\u00e9tiques jusqu\u2019en 1990). Il fut ensuite chroniqueur aux Izvestia et chercheur aupr\u00e8s d\u2019un institut ouest-allemand. Valentin Falin avait commenc\u00e9 \u00e0 apprendre l\u2019allemand \u00e0 cinq ans et demi. La mort de 27 membres de sa famille durant le si\u00e8ge de Leningrad le convainquit qu\u2019il devait \u00ab\u00a0ma\u00eetriser non seulement la langue de l\u2019ennemi\u00a0\u00bb mais essayer de tout savoir sur les Allemands\u00a0: \u00ab\u00a0Qu&rsquo;est-ce qui d\u00e9finit plus pr\u00e9cis\u00e9ment la nature de ce peuple &#8211; l&rsquo;esprit \u00e9lev\u00e9 ou la botte \u00e0 clous ?\u00a0\u00bb Il accompagna Gorbatchev durant la perestro\u00efka et tenta en vain de le convaincre de ne pas abandonner la direction de la RDA \u00e0 son sort mais de tenter d\u2019obtenir une \u00ab\u00a0r\u00e9unification allemande\u00a0\u00bb avec une solution \u00ab\u00a0\u00e0 la fran\u00e7aise\u00a0\u00bb, excluant une adh\u00e9sion \u00e0 l\u2019OTAN. Gorbatchev, Helmut Kohl et l\u2019histoire en d\u00e9cid\u00e8rent autrement, optant pour un \u00ab\u00a0Anschluss\u00a0\u00bb pur et simple.<\/span><\/p>\n<p><strong><span class=\"auteur\" style=\"font-size: 14pt;\"> Egon Krenz <\/span><\/strong><\/p>\n<p><strong><span class=\"navigation_cadre\" style=\"font-size: 14pt;\">Original: <a href=\"http:\/\/www.tlaxcala-int.org\/article.asp?reference=28861\">Wenn Spione dichten<\/a><\/span><\/strong><\/p>\n<p><strong><span class=\"navigation_cadre\" style=\"font-size: 14pt;\">Traduit par <span class=\"trad\"><a href=\"http:\/\/www.tlaxcala-int.org\/biographie.asp?ref_aut=2&amp;lg_pp=fr\">Fausto Giudice \u0424\u0430\u0443\u0441\u0442\u043e \u0414\u0436\u0443\u0434\u0438\u0447\u0435 \u0641\u0627\u0648\u0633\u062a\u0648 \u062c\u064a\u0648\u062f\u064a\u0634\u064a<\/a><\/span><br \/>\n<\/span><\/strong><\/p>\n<p><strong><span class=\"navigation_cadre\"><span style=\"font-size: 14pt;\">Traductions disponibles : <a href=\"http:\/\/www.lapluma.net\/2020\/05\/06\/reescribiendo-la-historia-cuando-los-espias-escriben-poesia\/\">Espa\u00f1ol<\/a>\u00a0<\/span> <\/span><\/strong><\/p>\n<p><img decoding=\"async\" class=\"aligncenter\" src=\"http:\/\/tlaxcala-int.org\/upload\/gal_21691.jpg\" \/><\/p>\n<div id=\"ffenetremailtomailModal\" style=\"z-index: 20002;\">\n<div id=\"ffenetremailtopopupModalMail\">\n<div id=\"ffenetremailtotoModalClose\"><\/div>\n<div id=\"ffenetremailtopopupQuestion\">What do you want to do ?<\/div>\n<p><a id=\"ffenetremailtoemailOpen\"><\/a>New mail<button id=\"ffenetremailtobuttonEmail\">Copy<\/button><textarea id=\"ffenetremailtotextArea\"><\/textarea><\/div>\n<\/div>\n<div>\n","protected":false},"excerpt":{"rendered":"<p>Cependant, en tant que t\u00e9moin direct, je dois dire que ce document est loin de la r\u00e9alit\u00e9. Il contient des l\u00e9gendes et des prises de d\u00e9sirs pour la r\u00e9alit\u00e9, plus de la fiction que de la v\u00e9rit\u00e9.<\/p>\n","protected":false},"author":625,"featured_media":18330,"comment_status":"open","ping_status":"open","sticky":false,"template":"","format":"standard","meta":{"_uf_show_specific_survey":0,"_uf_disable_surveys":false,"footnotes":""},"categories":[218],"tags":[8946,8945,8948,8944,8947,8943,4999],"coauthors":[8942],"class_list":["post-18329","post","type-post","status-publish","format-standard","has-post-thumbnail","hentry","category-monde","tag-egon-krenz","tag-gorbachov-kohl-krenz","tag-histoire-allemande","tag-historia-alemana","tag-rda","tag-rda-union-sovietica","tag-urss"],"translation":{"provider":"WPGlobus","version":"2.12.2","language":"fr","enabled_languages":["es","fr"],"languages":{"es":{"title":true,"content":true,"excerpt":true},"fr":{"title":true,"content":true,"excerpt":true}}},"_links":{"self":[{"href":"https:\/\/www.lapluma.net\/fr\/wp-json\/wp\/v2\/posts\/18329","targetHints":{"allow":["GET"]}}],"collection":[{"href":"https:\/\/www.lapluma.net\/fr\/wp-json\/wp\/v2\/posts"}],"about":[{"href":"https:\/\/www.lapluma.net\/fr\/wp-json\/wp\/v2\/types\/post"}],"author":[{"embeddable":true,"href":"https:\/\/www.lapluma.net\/fr\/wp-json\/wp\/v2\/users\/625"}],"replies":[{"embeddable":true,"href":"https:\/\/www.lapluma.net\/fr\/wp-json\/wp\/v2\/comments?post=18329"}],"version-history":[{"count":6,"href":"https:\/\/www.lapluma.net\/fr\/wp-json\/wp\/v2\/posts\/18329\/revisions"}],"predecessor-version":[{"id":18334,"href":"https:\/\/www.lapluma.net\/fr\/wp-json\/wp\/v2\/posts\/18329\/revisions\/18334"}],"wp:featuredmedia":[{"embeddable":true,"href":"https:\/\/www.lapluma.net\/fr\/wp-json\/wp\/v2\/media\/18330"}],"wp:attachment":[{"href":"https:\/\/www.lapluma.net\/fr\/wp-json\/wp\/v2\/media?parent=18329"}],"wp:term":[{"taxonomy":"category","embeddable":true,"href":"https:\/\/www.lapluma.net\/fr\/wp-json\/wp\/v2\/categories?post=18329"},{"taxonomy":"post_tag","embeddable":true,"href":"https:\/\/www.lapluma.net\/fr\/wp-json\/wp\/v2\/tags?post=18329"},{"taxonomy":"author","embeddable":true,"href":"https:\/\/www.lapluma.net\/fr\/wp-json\/wp\/v2\/coauthors?post=18329"}],"curies":[{"name":"wp","href":"https:\/\/api.w.org\/{rel}","templated":true}]}}