{"id":18088,"date":"2020-04-23T09:31:42","date_gmt":"2020-04-23T09:31:42","guid":{"rendered":"http:\/\/www.lapluma.net\/?p=18088"},"modified":"2020-04-23T09:38:52","modified_gmt":"2020-04-23T09:38:52","slug":"coronavirus-el-confinamiento-no-suprime-la-presencia-de-la-calle-la-reinventa","status":"publish","type":"post","link":"https:\/\/www.lapluma.net\/fr\/2020\/04\/23\/coronavirus-el-confinamiento-no-suprime-la-presencia-de-la-calle-la-reinventa\/","title":{"rendered":"Coronavirus : le confinement n\u2019abolit pas la pr\u00e9sence de la rue, il la r\u00e9invente"},"content":{"rendered":"<p style=\"text-align: justify;\"><span style=\"font-size: 12pt;\"><img loading=\"lazy\" decoding=\"async\" class=\"alignleft\" src=\"http:\/\/tlaxcala-int.org\/upload\/aut_7067.jpg\" width=\"125\" height=\"125\" border=\"0\" \/>Contester le danger du coronavirus rel\u00e8ve \u00e0 coup s\u00fbr de l\u2019absurdit\u00e9. En revanche, n\u2019est-il pas tout aussi absurde qu\u2019une perturbation du cours habituel des maladies fasse l\u2019objet d\u2019une pareille exploitation \u00e9motionnelle et rameute cette incomp\u00e9tence arrogante qui bouta jadis hors de France le nuage de Tchernobyl\u00a0? Certes, nous savons avec quelle facilit\u00e9 le spectre de l\u2019apocalypse sort de sa boite pour s\u2019emparer du premier cataclysme venu, rafistoler l\u2019imagerie du d\u00e9luge universel et enfoncer le soc de la culpabilit\u00e9 dans le sol st\u00e9rile de Sodome et Gomorrhe.\u00a0[<a title=\"Cet articles est issu d\u2019un recueil de textes et d\u2019entretiens \u00e0 para\u00eetre aux\u00a0(...)\" href=\"https:\/\/lundi.am\/Coronavirus-Raoul-Vaneigem#nb2-1\"><b>1<\/b><\/a><b>]<\/b><\/span><\/p>\n<p><b><img loading=\"lazy\" decoding=\"async\" class=\"aligncenter\" src=\"http:\/\/tlaxcala-int.org\/upload\/graphistes\/g_3571.jpg\" alt=\"\" width=\"500\" height=\"500\" \/><\/b><\/p>\n<p style=\"text-align: justify;\"><span style=\"font-size: 12pt;\">La mal\u00e9diction divine secondait utilement le pouvoir. Du moins jusqu\u2019au tremblement de terre de Lisbonne en 1755, lorsque le marquis de Pombal, ami de Voltaire, tire parti du s\u00e9isme pour massacrer les j\u00e9suites, reconstruire la ville selon ses conceptions et liquider all\u00e8grement ses rivaux politiques \u00e0 coups de proc\u00e8s \u00ab\u00a0proto-staliniens.\u00a0\u00bb On ne fera pas l\u2019injure \u00e0 Pombal, si odieux qu\u2019il soit, de comparer son coup d\u2019\u00e9clat dictatorial aux mis\u00e9rables mesures que le totalitarisme d\u00e9mocratique applique mondialement \u00e0 l\u2019\u00e9pid\u00e9mie de coronavirus.<\/span><\/p>\n<p style=\"text-align: justify;\"><span style=\"font-size: 12pt;\">Quel cynisme que d\u2019imputer \u00e0 la propagation du fl\u00e9au la d\u00e9plorable insuffisance des moyens m\u00e9dicaux mis en \u0153uvre\u00a0! Cela fait des d\u00e9cennies que le bien public est mis \u00e0 mal, que le secteur hospitalier fait les frais d\u2019une politique qui favorise les int\u00e9r\u00eats financiers au d\u00e9triment de la sant\u00e9 des citoyens. Il y a toujours plus d\u2019argent pour les banques et de moins en moins de lits et de soignants pour les h\u00f4pitaux. Quelles pitreries dissimulera plus longtemps que cette <i>gestion catastrophique du catastrophisme <\/i>est inh\u00e9rente au capitalisme financier mondialement dominant, et aujourd\u2019hui mondialement combattu au nom de la vie, de la plan\u00e8te et des esp\u00e8ces \u00e0 sauver.<\/span><\/p>\n<p style=\"text-align: justify;\"><span style=\"font-size: 12pt;\">Sans verser dans cette resuc\u00e9e de la punition divine qu\u2019est l\u2019id\u00e9e d\u2019une Nature se d\u00e9barrassant de l\u2019Homme comme d\u2019une vermine importune et nuisible, il n\u2019est pas inutile de rappeler que pendant des mill\u00e9naires, l\u2019exploitation de la nature humaine et de la nature terrestre a impos\u00e9 le dogme de l\u2019anti-physis, de l\u2019anti-nature. Le livre d\u2019Eric Postaire, <i>Les \u00e9pid\u00e9mies du XXIe<\/i> <i>si\u00e8cle<\/i>, paru en 1997, confirme les effets d\u00e9sastreux de la d\u00e9naturation persistante, que je d\u00e9nonce depuis des d\u00e9cennies. Evoquant le drame de la \u00ab\u00a0vache folle\u00a0\u00bb (pr\u00e9vu par Rudolf Steiner d\u00e8s 1920), l\u2019auteur rappelle qu\u2019en plus d\u2019\u00eatre d\u00e9sarm\u00e9s face \u00e0 certaines maladies nous prenons conscience que le progr\u00e8s scientifique lui-m\u00eame peut en provoquer. Dans son plaidoyer en faveur d\u2019une approche responsable des \u00e9pid\u00e9mies et de leur traitement, il incrimine ce que le pr\u00e9facier, Claude Gudin, appelle la \u2019 philosophie du tiroir caisse \u2019. Il pose la question\u00a0: \u00ab\u00a0A subordonner la sant\u00e9 de la population aux lois du profit, jusqu\u2019\u00e0 transformer des animaux herbivores en carnivores, ne risquons-nous pas de provoquer des catastrophes fatales pour la Nature et l\u2019Humanit\u00e9\u00a0?\u00a0\u00bb Les gouvernants, on le sait, ont d\u00e9j\u00e0 r\u00e9pondu par un OUI unanime. Quelle importance puisque le NON des int\u00e9r\u00eats financiers continue de triompher cyniquement\u00a0?<\/span><\/p>\n<p style=\"text-align: justify;\"><span style=\"font-size: 12pt;\">Fallait-il le coronavirus pour d\u00e9montrer aux plus born\u00e9s que la d\u00e9naturation pour raison de rentabilit\u00e9 a des cons\u00e9quences d\u00e9sastreuses sur la sant\u00e9 universelle &#8211; celle que g\u00e8re sans d\u00e9semparer une Organisation mondiale dont les pr\u00e9cieuses statistiques pallient la disparition des h\u00f4pitaux publics\u00a0? Il existe une corr\u00e9lation \u00e9vidente entre le coronavirus et l\u2019effondrement du capitalisme mondial. Dans le m\u00eame temps, il appara\u00eet non moins \u00e9videmment que ce qui recouvre et submerge l\u2019\u00e9pid\u00e9mie du coronavirus, c\u2019est une peste \u00e9motionnelle, une peur hyst\u00e9rique, une panique qui tout \u00e0 la fois dissimule les carences de traitement et perp\u00e9tue le mal en affolant le patient. Lors des grandes \u00e9pid\u00e9mies de peste du pass\u00e9, les populations faisaient p\u00e9nitence et clamaient leur coulpe en se flagellant. Les managers de la d\u00e9shumanisation mondiale n\u2019ont-ils pas int\u00e9r\u00eat \u00e0 persuader les peuples qu\u2019il n\u2019y a pas d\u2019issue au sort mis\u00e9rable qui leur est fait\u00a0? Qu\u2019il ne leur reste que la flagellation de la servitude volontaire\u00a0? La formidable machine m\u00e9diatique ne fait que ressasser le vieux mensonge du d\u00e9cret c\u00e9leste, imp\u00e9n\u00e9trable, in\u00e9luctable o\u00f9 l\u2019argent fou a supplant\u00e9 les Dieux sanguinaires et capricieux du pass\u00e9.<\/span><\/p>\n<p style=\"text-align: justify;\"><span style=\"font-size: 12pt;\">Le d\u00e9cha\u00eenements de la barbarie polici\u00e8re contre les manifestants pacifiques a amplement montr\u00e9 que la loi militaire est la seule chose qui fonctionnait efficacement. Elle confine aujourd\u2019hui femmes, hommes et enfants en quarantaine. Dehors, le cercueil, dedans la t\u00e9l\u00e9vision, la fen\u00eatre ouverte sur un monde ferm\u00e9\u00a0! C\u2019est une mise en condition capable d\u2019aggraver le malaise existentiel en misant sur les \u00e9motions \u00e9corch\u00e9es par l\u2019angoisse, en exacerbant l\u2019aveuglement de la col\u00e8re impuissante.<\/span><\/p>\n<p style=\"text-align: justify;\"><span style=\"font-size: 12pt;\">Mais m\u00eame le mensonge c\u00e8de \u00e0 l\u2019effondrement g\u00e9n\u00e9ral. La cr\u00e9tinisation \u00e9tatique et populiste a atteint ses limites. Elle ne peut nier qu\u2019une exp\u00e9rience est en cours. La d\u00e9sob\u00e9issance civile se propage et r\u00eave de soci\u00e9t\u00e9s radicalement nouvelles parce que radicalement humaines. La solidarit\u00e9 lib\u00e8re de leur peau de mouton individualiste des individus qui ne craignent plus de penser par eux-m\u00eames.<\/span><\/p>\n<p style=\"text-align: justify;\"><span style=\"font-size: 12pt;\">Le coronavirus est devenu le r\u00e9v\u00e9lateur de la faillite de l\u2019\u00c9tat. Voil\u00e0 au moins un sujet de r\u00e9flexion pour les victimes du confinement forc\u00e9. Lors de la parution de mes <i>Modestes propositions aux gr\u00e9vistes,<\/i> des amis m\u2019ont remontr\u00e9 la difficult\u00e9 de recourir au refus collectif, que je sugg\u00e9rais, d\u2019acquitter les imp\u00f4ts, taxes, pr\u00e9l\u00e8vements fiscaux. Or, voil\u00e0 que la faillite av\u00e9r\u00e9e de l\u2019\u00c9tat-escroc atteste un d\u00e9labrement \u00e9conomique et social qui rend absolument insolvables les petites et moyennes entreprises, le commerce local, les revenus modestes, les agriculteurs familiaux et jusqu\u2019aux professions dites lib\u00e9rales. L\u2019effondrement du L\u00e9viathan a r\u00e9ussi \u00e0 convaincre plus rapidement que nos r\u00e9solutions de l\u2019abattre.<\/span><\/p>\n<p style=\"text-align: justify;\"><span style=\"font-size: 12pt;\">Le coronavirus a fait mieux encore. L\u2019arr\u00eat des nuisances productivistes a diminu\u00e9 la pollution mondiale, il \u00e9pargne une mort programm\u00e9e \u00e0 des millions de personnes, la nature respire, les dauphins reviennent batifoler en Sardaigne, les canaux de Venise purifi\u00e9s du tourisme de masse retrouvent une eau claire, la bourse s\u2019effondre. l\u2019Espagne se r\u00e9sout \u00e0 nationaliser les h\u00f4pitaux priv\u00e9s, comme si elle red\u00e9couvrait la s\u00e9curit\u00e9 sociale, comme si l\u2019\u00c9tat se souvenait de l\u2019Etat-providence qu\u2019il a d\u00e9truit.<\/span><\/p>\n<p style=\"text-align: justify;\"><span style=\"font-size: 12pt;\">Rien n\u2019est acquis, tout commence. L\u2019utopie marche encore \u00e0 quatre pattes. Abandonnons \u00e0 leur inanit\u00e9 c\u00e9leste les milliards de bank-notes et d\u2019id\u00e9es creuses qui tournent en rond au-dessus de nos t\u00eates. L\u2019important, c\u2019est de \u00ab\u00a0faire nos affaires nous-m\u00eames\u00a0\u00bb en laissant la bulle affairiste se d\u00e9faire et imploser. Gardons-nous de manquer d\u2019audace et de confiance en nous\u00a0!<\/span><\/p>\n<p style=\"text-align: justify;\"><span style=\"font-size: 12pt;\">Notre pr\u00e9sent n\u2019est pas le confinement que la survie nous impose, il est l\u2019ouverture \u00e0 tous les possibles. C\u2019est sous l\u2019effet de la panique que l\u2019Etat oligarchique est contraint d\u2019adopter des mesures qu\u2019hier encore il d\u00e9cr\u00e9tait impossibles. C\u2019est \u00e0 l\u2019appel de la vie et de la terre \u00e0 restaurer que nous voulons r\u00e9pondre. La quarantaine est propice \u00e0 la r\u00e9flexion. Le confinement n\u2019abolit pas la pr\u00e9sence de la rue, il la r\u00e9invente. Laissez-moi penser, <i>cum grano salis<\/i> , que<i> <\/i>l\u2019insurrection de la vie quotidienne a des vertus th\u00e9rapeutiques insoup\u00e7onn\u00e9es.<\/span><\/p>\n<p><strong><span style=\"font-size: 12pt;\">Note<\/span><\/strong><\/p>\n<p style=\"text-align: justify;\" align=\"justify\"><span style=\"font-size: 12pt;\">[<a title=\"Notes 2-1\" href=\"https:\/\/lundi.am\/Coronavirus-Raoul-Vaneigem#nh2-1\">1<\/a>]\u00a0Cet article est issu d\u2019un recueil de textes et d\u2019entretiens \u00e0 para\u00eetre aux <a href=\"http:\/\/editionsgrevis.com\">\u00e9ditions Grevis<\/a> et qui s\u2019intitulera <i>L\u2019insurrection de la vie quotidienne<\/i>. Sa publication \u00e9tait pr\u00e9vue pour mi-avril mais au vu de la situation actuelle, elle se retrouve repouss\u00e9e. Vous pouvez consulter le site de l\u2019\u00e9diteur pour vous tenir au courant.<\/span><\/p>\n<p align=\"justify\"><strong><span class=\"auteur\" style=\"font-size: 14pt;\">Raoul Vaneigem <\/span><\/strong><\/p>\n<p align=\"justify\"><strong><span class=\"navigation_cadre\" style=\"font-size: 14pt;\">Traductions disponibles : <a href=\"http:\/\/www.lapluma.net\/2020\/04\/23\/coronavirus-el-confinamiento-no-suprime-la-presencia-de-la-calle-la-reinventa\/\">Espa\u00f1ol<\/a>\u00a0 <a href=\"http:\/\/tlaxcala-int.org\/article.asp?reference=28739\">Italiano<\/a>\u00a0 <a href=\"http:\/\/tlaxcala-int.org\/article.asp?reference=28740\">\u0395\u03bb\u03bb\u03b7\u03bd\u03b9\u03ba\u03ac<\/a>\u00a0 <a href=\"http:\/\/tlaxcala-int.org\/article.asp?reference=28741\">English<\/a>\u00a0 <\/span><\/strong><\/p>\n<p align=\"justify\"><strong><span style=\"font-size: 14pt;\">Source: <a href=\"http:\/\/tlaxcala-int.org\/article.asp?reference=28737\">Tlaxcala<\/a>, le 22 avril 2020<\/span><\/strong><\/p>\n<p align=\"justify\"><strong><span style=\"font-size: 14pt;\">Publi\u00e9 par<a href=\"https:\/\/lundi.am\/Coronavirus-Raoul-Vaneigem\"><span class=\"envoi\"> LundiMatin<\/p>\n","protected":false},"excerpt":{"rendered":"<p>Notre pr\u00e9sent n\u2019est pas le confinement que la survie nous impose, il est l\u2019ouverture \u00e0 tous les possibles. C\u2019est sous l\u2019effet de la panique que l\u2019Etat oligarchique est contraint d\u2019adopter des mesures qu\u2019hier encore il d\u00e9cr\u00e9tait impossibles.<\/p>\n","protected":false},"author":610,"featured_media":18033,"comment_status":"open","ping_status":"open","sticky":false,"template":"","format":"standard","meta":{"_uf_show_specific_survey":0,"_uf_disable_surveys":false,"footnotes":""},"categories":[5],"tags":[8437,8804,8807,8484,8726,8533,8531,8805,352,345],"coauthors":[8806],"class_list":["post-18088","post","type-post","status-publish","format-standard","has-post-thumbnail","hentry","category-editoriales-y-opiniones","tag-capitalovirus","tag-confinamiento","tag-confinement","tag-coronavirus-capitalisme","tag-coronavirus-capitalismo","tag-crise-du-coronavirus","tag-crisis-del-coronavirus","tag-raoul-vaneigem","tag-revoltes-logiques","tag-revueltas-logicas"],"translation":{"provider":"WPGlobus","version":"2.12.2","language":"fr","enabled_languages":["es","fr"],"languages":{"es":{"title":true,"content":true,"excerpt":true},"fr":{"title":true,"content":true,"excerpt":true}}},"_links":{"self":[{"href":"https:\/\/www.lapluma.net\/fr\/wp-json\/wp\/v2\/posts\/18088","targetHints":{"allow":["GET"]}}],"collection":[{"href":"https:\/\/www.lapluma.net\/fr\/wp-json\/wp\/v2\/posts"}],"about":[{"href":"https:\/\/www.lapluma.net\/fr\/wp-json\/wp\/v2\/types\/post"}],"author":[{"embeddable":true,"href":"https:\/\/www.lapluma.net\/fr\/wp-json\/wp\/v2\/users\/610"}],"replies":[{"embeddable":true,"href":"https:\/\/www.lapluma.net\/fr\/wp-json\/wp\/v2\/comments?post=18088"}],"version-history":[{"count":5,"href":"https:\/\/www.lapluma.net\/fr\/wp-json\/wp\/v2\/posts\/18088\/revisions"}],"predecessor-version":[{"id":18092,"href":"https:\/\/www.lapluma.net\/fr\/wp-json\/wp\/v2\/posts\/18088\/revisions\/18092"}],"wp:featuredmedia":[{"embeddable":true,"href":"https:\/\/www.lapluma.net\/fr\/wp-json\/wp\/v2\/media\/18033"}],"wp:attachment":[{"href":"https:\/\/www.lapluma.net\/fr\/wp-json\/wp\/v2\/media?parent=18088"}],"wp:term":[{"taxonomy":"category","embeddable":true,"href":"https:\/\/www.lapluma.net\/fr\/wp-json\/wp\/v2\/categories?post=18088"},{"taxonomy":"post_tag","embeddable":true,"href":"https:\/\/www.lapluma.net\/fr\/wp-json\/wp\/v2\/tags?post=18088"},{"taxonomy":"author","embeddable":true,"href":"https:\/\/www.lapluma.net\/fr\/wp-json\/wp\/v2\/coauthors?post=18088"}],"curies":[{"name":"wp","href":"https:\/\/api.w.org\/{rel}","templated":true}]}}