{"id":18020,"date":"2020-04-19T16:47:44","date_gmt":"2020-04-19T16:47:44","guid":{"rendered":"http:\/\/www.lapluma.net\/?p=18020"},"modified":"2020-04-20T09:49:39","modified_gmt":"2020-04-20T09:49:39","slug":"18020","status":"publish","type":"post","link":"https:\/\/www.lapluma.net\/fr\/2020\/04\/19\/18020\/","title":{"rendered":"Diez curiosidades en tiempos de coronavirus"},"content":{"rendered":"<p class=\"western\" style=\"text-align: justify;\"><img loading=\"lazy\" decoding=\"async\" class=\"alignleft\" src=\"http:\/\/www.lapluma.net\/wp-content\/uploads\/2018\/10\/Sergio-Rodriguez-GelfensteinBis.jpg\" width=\"104\" height=\"107\" \/><span style=\"font-size: 12pt;\">El enfrentamiento a la pandemia de coronavirus ha generando actuaciones curiosas de ciertos personajes. Vale la pena rescatar algunas de ellas porque permite entender mejor la posici\u00f3n de cada actor en la lucha contra el virus:<\/span><\/p>\n<p style=\"text-align: justify;\"><span style=\"font-size: 12pt;\"><strong>1.<\/strong> China ha enviado ayuda humanitaria a Am\u00e9rica Latina. Algunos de los pa\u00edses adonde ha llegado la cooperaci\u00f3n china ha sido Venezuela que recibi\u00f3 una comisi\u00f3n de ocho especialistas chinos para sumar esfuerzos ante la crisis del coronavirus. El equipo estaba compuesto por m\u00e9dicos y cient\u00edficos con experiencia en el tratamiento del virus durante su pico m\u00e1s alto en el pa\u00eds asi\u00e1tico. Junto a ellos, llegaron 22 toneladas de equipos m\u00e9dicos, entre ellas 500.000 pruebas r\u00e1pidas, ventiladores, trajes de protecci\u00f3n, lentes, mascarillas y guantes. Antes de esta \u00faltima ayuda, ya hab\u00edan llegado 55 toneladas de material m\u00e9dico y se esperan m\u00e1s.<\/span><\/p>\n<p><img decoding=\"async\" class=\"aligncenter\" src=\"http:\/\/tlaxcala-int.org\/upload\/gal_22329.jpg\" alt=\"http:\/\/tlaxcala-int.org\/upload\/gal_22329.jpg\" \/><\/p>\n<p>&nbsp;<\/p>\n<p style=\"text-align: justify;\"><span style=\"font-size: 12pt;\">Bolivia, recibi\u00f3 una donaci\u00f3n de insumos m\u00e9dicos de la compa\u00f1\u00eda china Alibaba consistente en 100.000 tapabocas, 20.000 kits de reactivos para pruebas virales y cinco respiradores.<\/span><\/p>\n<p style=\"text-align: justify;\"><span style=\"font-size: 12pt;\">Argentina recibi\u00f3 2.500 test de pruebas diagn\u00f3sticas, 5.000 trajes de protecci\u00f3n, 66.000 mascarillas, 2.000 guantes y 53 term\u00f3metros digitales. Se espera la llegada de otros 50.000 kits de reactivos y 10 respiradores. La fundaci\u00f3n Alibaba tambi\u00e9n enviar\u00e1 m\u00e1s de 50.000 kits, por lo que Argentina podr\u00eda tener m\u00e1s de 150.000 kits de pruebas gracias a la ayuda pactada con el gigante asi\u00e1tico.<\/span><\/p>\n<p style=\"text-align: justify;\"><span style=\"font-size: 12pt;\">Cuba, tambi\u00e9n recibi\u00f3 un donativo de mascarillas, ventiladores y pruebas para la detecci\u00f3n del coronavirus de parte de Alibaba. Sin embargo, el bloqueo que mantiene Estados Unidos sobre la isla frustr\u00f3 en primera instancia la llegada del material m\u00e9dico al pa\u00eds, obligando a m\u00e9todos y rutas alternativas que encarecieron el env\u00edo.<\/span><\/p>\n<p style=\"text-align: justify;\"><span style=\"font-size: 12pt;\">As\u00ed mismo, la ayuda anunciada por Jack Ma, fundador de Alibaba, incluye dos millones de mascarillas, 400.000 pruebas r\u00e1pidas y 104 ventiladores a otros 24 pa\u00edses de Latinoam\u00e9rica y el Caribe, entre ellos, Brasil, Chile, Ecuador, Rep\u00fablica Dominicana y Per\u00fa.<\/span><\/p>\n<p style=\"text-align: justify;\"><span style=\"font-size: 12pt;\">De la misma manera, un cargamento con 11 toneladas de material m\u00e9dico lleg\u00f3 a M\u00e9xico, procedente de China. En lo que fue el segundo vuelo para apoyar a M\u00e9xico en la atenci\u00f3n de la pandemia, arribaron 1,9 millones de cubrebocas y 820.000 mascarillas quir\u00fargicas. El canciller mexicano Marcelo Ebrard anunci\u00f3 que est\u00e1n previstos 20 vuelos en total con suministros para combatir la COVID-19, con una frecuencia de entre dos y cuatro viajes a la semana.<\/span><\/p>\n<p style=\"text-align: justify;\"><span style=\"font-size: 12pt;\">Por su parte, en el contexto de la lucha contra el coronavirus, Estados Unidos envi\u00f3 a la regi\u00f3n un grupo de destructores, 10 guardacostas, barcazas de desembarco, un avi\u00f3n de reconocimiento Awacs, un avi\u00f3n de apoyo y gesti\u00f3n de batalla E-8 Joint Stars, helic\u00f3pteros basificados en destructores y en los guardacostas, aviones de vigilancia P-8, una brigada del ej\u00e9rcito, un n\u00famero indeterminado de marinos guardacostas, soldados de infanter\u00eda, as\u00ed como miembros del cuerpo de Marines y de la Fuerza A\u00e9rea. y una fuerza de operaciones especiales no determinada con el objetivo de realizar un bloque naval que impida el libre comercio de Venezuela y la llegada de insumos m\u00e9dicos y alimentos.<\/span><\/p>\n<figure style=\"width: 648px\" class=\"wp-caption aligncenter\"><img loading=\"lazy\" decoding=\"async\" src=\"https:\/\/media-es.almayadeen.tv\/archive\/image\/2020\/4\/17\/875e1913-3fd9-402f-ac54-dbe7c1d7d43c.jpg?width=730\" alt=\"https:\/\/media-es.almayadeen.tv\/archive\/image\/2020\/4\/17\/875e1913-3fd9-402f-ac54-dbe7c1d7d43c.jpg?width=730\" width=\"648\" height=\"432\" \/><figcaption class=\"wp-caption-text\"><strong>Teodoro Ribera Neumann<\/strong><\/figcaption><\/figure>\n<p style=\"text-align: justify;\"><span style=\"font-size: 12pt;\"><strong>2.<\/strong> Teodoro Ribera Neumann, a quien sus amigos conocen como Teo, es un tipo tan sucio y maloliente que sus compa\u00f1eros del Liceo Alem\u00e1n de Temuco, en el sur de Chile, en vez de Teo, le dec\u00edan Peo Ribera. Resulta que Peo Ribera quien es el canciller de Sebasti\u00e1n Pi\u00f1era dijo en una entrevista que estaba muy preocupado por el \u00ab\u00a0desastre\u00a0\u00bb que el coronavirus estaba causando en Venezuela. Veamos las cifras:<\/span><\/p>\n<p style=\"text-align: justify;\"><span style=\"font-size: 12pt;\"><strong>Chile<\/strong>: Poblaci\u00f3n. 18.050.000 habitantes, 25\u00b0 lugar en el mundo por cantidad de<\/span><br \/>\n<span style=\"font-size: 12pt;\">contaminados.<\/span><br \/>\n<span style=\"font-size: 12pt;\">Casos Totales: 7.917<\/span><br \/>\n<span style=\"font-size: 12pt;\">Muertos: 92<\/span><br \/>\n<span style=\"font-size: 12pt;\">Recuperados: 2.646<\/span><br \/>\n<span style=\"font-size: 12pt;\">Casos por mill\u00f3n de habitantes: 439<\/span><br \/>\n<span style=\"font-size: 12pt;\">Casos activos: 5.179<\/span><br \/>\n<span style=\"font-size: 12pt;\">Tasa de recuperaci\u00f3n: 33,42%<\/span><br \/>\n<span style=\"font-size: 12pt;\">Cantidad de tests por cada mill\u00f3n de habitantes: 4.228<\/span><\/p>\n<p style=\"text-align: justify;\"><span style=\"font-size: 12pt;\"><strong>Venezuela<\/strong>: Poblaci\u00f3n. 31.980.000 habitantes, 119\u00b0 lugar en el mundo por<\/span><br \/>\n<span style=\"font-size: 12pt;\">cantidad de contaminados<\/span><br \/>\n<span style=\"font-size: 12pt;\">Casos Totales: 197<\/span><br \/>\n<span style=\"font-size: 12pt;\">Muertos: 9<\/span><br \/>\n<span style=\"font-size: 12pt;\">Recuperados: 111<\/span><br \/>\n<span style=\"font-size: 12pt;\">Casos por mill\u00f3n de habitantes: 7<\/span><br \/>\n<span style=\"font-size: 12pt;\">Casos activos: 77 (todos hospitalizados aunque la mayor\u00eda son leves)<\/span><br \/>\n<span style=\"font-size: 12pt;\">Tasa de recuperaci\u00f3n: 56,35%.<\/span><br \/>\n<span style=\"font-size: 12pt;\">Cantidad de tests por cada mill\u00f3n de habitantes: 6.873<\/span><\/p>\n<p style=\"text-align: justify;\"><span style=\"font-size: 12pt;\"><strong>Algo huele mal, se\u00f1or Peo Ribera y no es precisamente Venezuela.<\/strong><\/span><\/p>\n<p style=\"text-align: justify;\"><span style=\"font-size: 12pt;\"><strong>3. <\/strong>Desde el a\u00f1o 2017 se inici\u00f3 una campa\u00f1a medi\u00e1tica internacional para decir que millones de personas estaban huyendo de Venezuela por la crisis econ\u00f3mica que ha creado el bloqueo y las sanciones de Estados Unidos y Europa. Ahora, miles de venezolanos provenientes de Ecuador, Per\u00fa y Colombia se agolpan en la frontera para regresar al pa\u00eds. Si la situaci\u00f3n es tan cr\u00edtica como dicen, \u00bfporque lo est\u00e1n haciendo, si en los para\u00edsos a donde se fueron, fluyen r\u00edos de leche y miel? Las autoridades locales de Colombia, de buena fe est\u00e1n ayudando a su repatriaci\u00f3n, pero me pregunt\u00f3, si Venezuela es un infierno como dicen, su buena fe, \u00bfno los estar\u00eda haciendo part\u00edcipes de un genocidio al cooperar para conducir a los migrantes a la muerte?<\/span><\/p>\n<p style=\"text-align: justify;\"><span style=\"font-size: 12pt;\">La alcaldesa de Bogot\u00e1 ha dicho que: \u00ab\u00a0No podemos pagarles el arriendo (alquiler), no se lo estamos pagando a los colombianos, menos a los venezolanos. Ya les pagamos la comida, el nacimiento, el jard\u00edn, la escuela, con los impuestos de los bogotanos. Llevamos tres a\u00f1os pagando eso\u00a0\u00bb. Por el contrario en Venezuela no se tiene conocimiento que los m\u00e1s de 4 millones de colombianos que viven en el pa\u00eds y que tienen las mismos derechos sociales consagrados en la Constituci\u00f3n Nacional para los venezolanos, est\u00e9n regresando a Colombia\u2026por algo ser\u00e1.<\/span><\/p>\n<p><img decoding=\"async\" class=\"aligncenter\" src=\"http:\/\/www.tlaxcala-int.org\/upload\/gal_22208.jpg\" alt=\"http:\/\/www.tlaxcala-int.org\/upload\/gal_22208.jpg\" \/><\/p>\n<p style=\"text-align: justify;\"><span style=\"font-size: 12pt;\"><strong>4.<\/strong> En Brasil el presidente Bolsonaro dijo que el coronavirus es una simple \u00ab\u00a0gripecita\u00a0\u00bb\u00a0 y llam\u00f3 a rechazar las medidas de aislamiento y control establecidos por los gobiernos locales. Dijo que estaba \u00ab\u00a0preocupado (por el virus), pero siempre al lado del pueblo\u00a0\u00bb, y agreg\u00f3 con euforia no contenida que: \u00ab\u00a0Muchos ya contrajeron esto [el virus] a pesar de los cuidados que se toman, esto va a pasar m\u00e1s tarde o m\u00e1s temprano, los metros llenos, los estadios llenos, el carnaval fue incre\u00edble. Con toda seguridad hay inter\u00e9s econ\u00f3mico para que se llegue a esta histeria\u00a0\u00bb. Brasil ha llegado a 25.262 contaminados y 1.532 muertos. El ministro de salud, Luiz Henrique Mandetta que fue miembro de las fuerzas armadas ha llamado a respetar la cuarentena y el distanciamiento social. Bolsonaro tom\u00f3 la decisi\u00f3n de destituirlo. Hasta ahora no ha podido, pero sigue insistiendo. Los militares se opusieron. \u00bfQui\u00e9n manda en Brasil?<\/span><\/p>\n<figure style=\"width: 730px\" class=\"wp-caption aligncenter\"><img loading=\"lazy\" decoding=\"async\" src=\"https:\/\/media-es.almayadeen.tv\/archive\/image\/2020\/4\/17\/55508a0c-d0af-4cad-89cc-3fd0f050f293.jpg?width=730\" alt=\"https:\/\/media-es.almayadeen.tv\/archive\/image\/2020\/4\/17\/55508a0c-d0af-4cad-89cc-3fd0f050f293.jpg?width=730\" width=\"730\" height=\"398\" \/><figcaption class=\"wp-caption-text\"><strong>Guayaquil, Ecuador. Foto REUTERS \/ Vicente Gaibor del Pino<\/strong><\/figcaption><\/figure>\n<p style=\"text-align: justify;\"><span style=\"font-size: 12pt;\"><strong>5.<\/strong> En Ecuador, hay 7.603 casos de coronavirus, 458 por mill\u00f3n de habitantes \u00a0y 369 muertos aunque\u00a0 \u00ab\u00a0el ministro de Salud, Juan Carlos Zevallos, present\u00f3 un informe en el cual destac\u00f3 que \u00a0existe un n\u00famero adicional de 384 fallecidos probables por el pat\u00f3geno a nivel nacional\u201d. Como es habitual en un presidente con grandes limitaciones mentales, que huye siempre que hay un conflicto, el gobierno de Ecuador, tom\u00f3 dr\u00e1sticas medidas\u2026 en materia econ\u00f3mica. Ecuador es, sino el \u00fanico, uno de los pocos pa\u00edses del mundo, donde los cad\u00e1veres quedan botados en las calles y son incinerados sin ser identificados. La genialidad del gobierno ha hecho que ante la cantidad de fallecidos se haya abocado a donar urnas de cart\u00f3n para depositar los cad\u00e1veres putrefactos.<\/span><\/p>\n<figure style=\"width: 730px\" class=\"wp-caption aligncenter\"><img loading=\"lazy\" decoding=\"async\" src=\"https:\/\/media-es.almayadeen.tv\/archive\/image\/2020\/4\/17\/1e885bf6-3c4f-4fd9-af8e-a29d2b2c3c81.jpg?width=730\" alt=\"https:\/\/media-es.almayadeen.tv\/archive\/image\/2020\/4\/17\/1e885bf6-3c4f-4fd9-af8e-a29d2b2c3c81.jpg?width=730\" width=\"730\" height=\"411\" \/><figcaption class=\"wp-caption-text\"><strong>Iv\u00e1n Duque, presidente de Colombia <\/strong><\/figcaption><\/figure>\n<p style=\"text-align: justify;\"><span style=\"font-size: 12pt;\"><strong>6.<\/strong> No es ninguna novedad que el presidente de Colombia sea un inepto. Lo ha demostrado con creces, pero negarse a coordinar acciones con el pa\u00eds con el que tiene la mayor cantidad de kil\u00f3metros de frontera, mientras si lo hace con los otros, es criminal. Despu\u00e9s de \u00ab\u00a0hacerse de rogar\u00a0\u00bb por las autoridades internacionales de salud, lo tuvo que aceptar a rega\u00f1adientes cuando se hizo evidente que estaba perdiendo el control sanitario de la frontera, porque el Estado colombiano perdi\u00f3 hace tiempo otro tipo de controles en manos de bandas paramilitares y narcotraficantes que a\u00fapa y protege como han informado con profusi\u00f3n ONG e investigadores independientes que no reciben recursos del gobierno colombiano y pueden mantener su autonom\u00eda.<\/span><\/p>\n<figure style=\"width: 730px\" class=\"wp-caption aligncenter\"><img loading=\"lazy\" decoding=\"async\" src=\"https:\/\/media-es.almayadeen.tv\/archive\/image\/2020\/4\/17\/d4babcf3-3377-43c4-962f-07f82294b985.jpg?width=730\" alt=\"https:\/\/media-es.almayadeen.tv\/archive\/image\/2020\/4\/17\/d4babcf3-3377-43c4-962f-07f82294b985.jpg?width=730\" width=\"730\" height=\"411\" \/><figcaption class=\"wp-caption-text\"><strong>Misiones m\u00e9dicas<\/strong><\/figcaption><\/figure>\n<p style=\"text-align: justify;\"><span style=\"font-size: 12pt;\"><strong>7.<\/strong> Cuba es un peque\u00f1o pa\u00eds de 11 millones y medio de habitantes, bloqueado desde hace 60 a\u00f1os por la mayor potencia del mundo, lo cual ha evitado una mayor expansi\u00f3n y desarrollo del potencial cient\u00edfico y tecnol\u00f3gico de un pueblo educado y culto con altos niveles profesionales y poseedores de un conocimiento irrefutable en el escenario internacional. A pesar de ello, Cuba mantiene misiones m\u00e9dicas permanentes en m\u00e1s de 60 pa\u00edses y en la coyuntura ha enviado brigadas de salud a 31 naciones para colaborar a enfrentar el coronavirus. \u00bfSe imaginan cu\u00e1nto m\u00e1s podr\u00eda hacer la heroica isla caribe\u00f1a, si se suprimiera el bloqueo y se dejara de aplicar las injustas sanciones genocidas a la que est\u00e1 sometida?<\/span><\/p>\n<figure style=\"width: 730px\" class=\"wp-caption aligncenter\"><img loading=\"lazy\" decoding=\"async\" src=\"https:\/\/media-es.almayadeen.tv\/archive\/image\/2020\/4\/17\/ea967613-32e1-444a-ad46-7ba7132cc1bc.jpg?width=730\" alt=\"https:\/\/media-es.almayadeen.tv\/archive\/image\/2020\/4\/17\/ea967613-32e1-444a-ad46-7ba7132cc1bc.jpg?width=730\" width=\"730\" height=\"411\" \/><figcaption class=\"wp-caption-text\"><strong>Papa Franciso<\/strong><\/figcaption><\/figure>\n<p style=\"text-align: justify;\"><span style=\"font-size: 12pt;\"><strong>8.<\/strong> El domingo de pascua el Papa Francisco pidi\u00f3. \u00ab\u00a0\u2026fin de las guerras, la suspensi\u00f3n del comercio de armas y la condonaci\u00f3n de la deuda a los pa\u00edses pobres afectados por el coronavirus\u00a0\u00bb. La Conferencia Episcopal de Venezuela pidi\u00f3 que el gobierno autorizara a hacer procesiones en medio del coronavirus y la cuarentena. Algo anda mal en la casa del se\u00f1or.<\/span><\/p>\n<p><img loading=\"lazy\" decoding=\"async\" class=\"shrinkToFit aligncenter\" src=\"http:\/\/www.tlaxcala-int.org\/upload\/gal_22040.jpg\" alt=\"http:\/\/www.tlaxcala-int.org\/upload\/gal_22040.jpg\" width=\"445\" height=\"604\" \/><\/p>\n<p style=\"text-align: justify;\"><span style=\"font-size: 12pt;\"><strong>9.<\/strong> En su calidad de accionista del laboratorio franc\u00e9s Sanofi, el 19 de marzo, el presidente Donald Trump anunci\u00f3 que la hidroxicloroquina que produce tal laboratorio pod\u00eda ser alternativa para la pandemia, y dijo que \u201c<strong>hab\u00eda presionado a la Administraci\u00f3n de Drogas y Alimentos de su pa\u00eds para eliminar las barreras para que los pacientes reciban terapias para el coronavirus\u201d<\/strong>. Sin embargo, la OMS ha dicho que <strong>\u201cno hay pruebas de que sea un tratamiento efectivo en este momento. Recomendamos que la terap\u00e9utica se pruebe bajo ensayos cl\u00ednicos aprobados \u00e9ticamente, para demostrar eficacia y seguridad\u00a0\u00bb<\/strong>.\u00a0<\/span><\/p>\n<p style=\"text-align: justify;\"><span style=\"font-size: 12pt;\">Antes, Trump le hab\u00eda \u00ab\u00a0vendido\u00a0\u00bb la idea al presidente Bolsonaro durante su visita a Washington donde alrededor de 20 miembros de su comitiva incluyendo varios ministros se contaminaron con coronavirus. Como muestra de sumisi\u00f3n a Estados Unidos, Bolsonaro recomend\u00f3 el uso del medicamento en su pa\u00eds. Hasta ahora 11 brasile\u00f1os han muerto por causa de la estupidez de dos presidentes que juegan con la vida de los ciudadanos. El uso del medicamento ha sido prohibido.<\/span><\/p>\n<figure style=\"width: 700px\" class=\"wp-caption aligncenter\"><img loading=\"lazy\" decoding=\"async\" src=\"http:\/\/tlaxcala-int.org\/upload\/gal_22330.jpg\" alt=\"http:\/\/tlaxcala-int.org\/upload\/gal_22330.jpg\" width=\"700\" height=\"328\" \/><figcaption class=\"wp-caption-text\"><strong>Sebasti\u00e1n Pi\u00f1era<\/strong><\/figcaption><\/figure>\n<div class=\" ow-container\" style=\"text-align: justify;\" data-delay=\"\" data-widgetid=\"00000000-0000-0000-0000-000000000000\" data-widgetorder=\"1\" data-widgetkey=\"post-details\" data-cacheduration=\"\" data-loadtype=\"sync\" data-refreshinterval=\"\">\n<article class=\"post-details read\">\n<div class=\"single-blog-wrapper\">\n<div class=\"p-content\">\n<p><span style=\"font-size: 12pt;\"><strong>10.<\/strong> El presidente de Chile Sebasti\u00e1n Pi\u00f1era tiene serias preocupaciones humanitarias por la expansi\u00f3n del coronavirus en su pa\u00eds. Por eso tom\u00f3 la decisi\u00f3n de sacar de las c\u00e1rceles \u00ab\u00a0cinco estrellas\u00a0\u00bb donde guardan prisi\u00f3n a una serie de genocidas, asesinos, torturadores, jefes de comandos de desaparici\u00f3n forzada y violadores que pertenecieron a las fuerzas armadas de Pinochet que son las suyas y que hoy siguiendo esas tradiciones han seguido haciendo lo mismo desde el 18 de octubre cuando se produjo el levantamiento popular en Chile. Ninguno de los presos pol\u00edticos que han sido detenidos por protestar por la extrema exclusi\u00f3n de la mayor\u00eda del pa\u00eds, luchadores sociales que no han asesinado a nadie, no han violado a nadie, no han desaparecido a nadie, no han torturado a nadie, han sido sujetos de la compasi\u00f3n de Pi\u00f1era. Vaya democracia y vaya estado de derecho el de Chile.<\/span><\/p>\n<\/div>\n<\/div>\n<\/article>\n<div class=\"story-appendix\">\n<div class=\"post_disclaimer\"><strong><span style=\"font-size: 14pt;\">Sergio Rodriguez Gelfenstein para La Pluma, 16 de abril de 2020<\/span><\/strong><\/div>\n<div><strong><span style=\"font-size: 14pt;\">\u00a0<\/span><\/strong><\/div>\n<div class=\"post_disclaimer\">\n<p><strong><span style=\"font-size: 14pt;\">Editado por <\/span><a href=\"http:\/\/www.lapluma.net\/nosotros\/editora\/\"><strong><span style=\"font-size: 14pt;\">Mar\u00eda Piedad Ossaba<\/span><\/strong><\/a><\/strong><\/p>\n<\/div>\n<\/div>\n<\/div>\n","protected":false},"excerpt":{"rendered":"<p>La Conferencia Episcopal de Venezuela pidi\u00f3 que el gobierno autorizara a hacer procesiones en medio del coronavirus y la cuarentena. Algo anda mal en la casa del se\u00f1or.<\/p>\n","protected":false},"author":9,"featured_media":18021,"comment_status":"open","ping_status":"open","sticky":false,"template":"","format":"standard","meta":{"_uf_show_specific_survey":0,"_uf_disable_surveys":false,"footnotes":""},"categories":[5],"tags":[8767,8760,8531,429,8768,39],"coauthors":[266],"class_list":["post-18020","post","type-post","status-publish","format-standard","has-post-thumbnail","hentry","category-editoriales-y-opiniones","tag-ayuda-humanitaria-cubana-y-china","tag-china-abya-yala","tag-crisis-del-coronavirus","tag-falsimedia","tag-fundacion-alibaba","tag-sergio-rodriguez-gelfenstein"],"translation":{"provider":"WPGlobus","version":"2.12.2","language":"fr","enabled_languages":["es","fr"],"languages":{"es":{"title":true,"content":true,"excerpt":true},"fr":{"title":false,"content":false,"excerpt":false}}},"_links":{"self":[{"href":"https:\/\/www.lapluma.net\/fr\/wp-json\/wp\/v2\/posts\/18020","targetHints":{"allow":["GET"]}}],"collection":[{"href":"https:\/\/www.lapluma.net\/fr\/wp-json\/wp\/v2\/posts"}],"about":[{"href":"https:\/\/www.lapluma.net\/fr\/wp-json\/wp\/v2\/types\/post"}],"author":[{"embeddable":true,"href":"https:\/\/www.lapluma.net\/fr\/wp-json\/wp\/v2\/users\/9"}],"replies":[{"embeddable":true,"href":"https:\/\/www.lapluma.net\/fr\/wp-json\/wp\/v2\/comments?post=18020"}],"version-history":[{"count":5,"href":"https:\/\/www.lapluma.net\/fr\/wp-json\/wp\/v2\/posts\/18020\/revisions"}],"predecessor-version":[{"id":18030,"href":"https:\/\/www.lapluma.net\/fr\/wp-json\/wp\/v2\/posts\/18020\/revisions\/18030"}],"wp:featuredmedia":[{"embeddable":true,"href":"https:\/\/www.lapluma.net\/fr\/wp-json\/wp\/v2\/media\/18021"}],"wp:attachment":[{"href":"https:\/\/www.lapluma.net\/fr\/wp-json\/wp\/v2\/media?parent=18020"}],"wp:term":[{"taxonomy":"category","embeddable":true,"href":"https:\/\/www.lapluma.net\/fr\/wp-json\/wp\/v2\/categories?post=18020"},{"taxonomy":"post_tag","embeddable":true,"href":"https:\/\/www.lapluma.net\/fr\/wp-json\/wp\/v2\/tags?post=18020"},{"taxonomy":"author","embeddable":true,"href":"https:\/\/www.lapluma.net\/fr\/wp-json\/wp\/v2\/coauthors?post=18020"}],"curies":[{"name":"wp","href":"https:\/\/api.w.org\/{rel}","templated":true}]}}