{"id":17283,"date":"2020-03-11T17:15:47","date_gmt":"2020-03-11T17:15:47","guid":{"rendered":"http:\/\/www.lapluma.net\/?p=17283"},"modified":"2020-03-11T17:20:33","modified_gmt":"2020-03-11T17:20:33","slug":"claudio-katzsi-no-hay-auditoria-de-la-deuda-vamos-a-repetir-la-desgracia-de-siempre","status":"publish","type":"post","link":"https:\/\/www.lapluma.net\/fr\/2020\/03\/11\/claudio-katzsi-no-hay-auditoria-de-la-deuda-vamos-a-repetir-la-desgracia-de-siempre\/","title":{"rendered":"Claudio Katz: \u00abSi no hay auditor\u00eda de la deuda, vamos a repetir la desgracia de siempre\u00a0\u00bb"},"content":{"rendered":"<div id=\"ffenetremailtomailModal\" style=\"z-index: 20002;\">\n<div id=\"ffenetremailtopopupModalMail\">\n<div id=\"ffenetremailtotoModalClose\"><\/div>\n<div id=\"ffenetremailtopopupQuestion\" style=\"text-align: justify;\"><span style=\"font-size: 12pt;\">What do you want to do ?<\/span><\/div>\n<p><span style=\"font-size: 12pt;\"><a id=\"ffenetremailtoemailOpen\"><\/a>New mail<button id=\"ffenetremailtobuttonEmail\">Copy<\/button><textarea id=\"ffenetremailtotextArea\"><\/textarea><\/span><\/p>\n<\/div>\n<\/div>\n<div style=\"text-align: justify;\">\n<div class=\"chapo\">\n<p style=\"text-align: justify;\"><span style=\"font-size: 12pt;\"><img loading=\"lazy\" decoding=\"async\" class=\"wp-image-17284 alignleft\" src=\"http:\/\/www.lapluma.net\/wp-content\/uploads\/2020\/03\/katz-300x158.jpg\" alt=\"\" width=\"173\" height=\"91\" srcset=\"https:\/\/www.lapluma.net\/wp-content\/uploads\/2020\/03\/katz-300x158.jpg 300w, https:\/\/www.lapluma.net\/wp-content\/uploads\/2020\/03\/katz.jpg 487w\" sizes=\"auto, (max-width: 173px) 100vw, 173px\" \/>Determinante en la actualidad, el tema de la deuda en Argentina y la importancia del movimiento social en la lucha pol\u00edtica contra el neoliberalismo, son tratados detalladamente en la intervenci\u00f3n disponible a continuaci\u00f3n.<\/span><\/p>\n<\/div>\n<div class=\"texte\">\n<p><span style=\"font-size: 12pt;\">Claudio Katz pone en perspectiva el car\u00e1cter c\u00edclico de la <a class=\"cs_glossaire\" href=\"http:\/\/www.cadtm.org\/Deuda\" name=\"mot1048_0\"><span class=\"gl_mot\">deuda<\/span><\/a> en Argentina a trav\u00e9s de los bonos de Baring Brothers de Inglaterra, los bonos de la dictadura militar y recientemente los bonos de Luis Caputo por 100 a\u00f1os; as\u00ed como la inmensa ampliaci\u00f3n de la deuda a corto plazo (del 40% al 100% del <a class=\"cs_glossaire\" href=\"http:\/\/www.cadtm.org\/Producto-interno-bruto-PIB\" name=\"mot1090_1\"><span class=\"gl_mot\">PIB<\/span><\/a> en cuatro a\u00f1os). Enfatiza la repetici\u00f3n de la fuga de capitales (80 mil millones d\u00f3lares en cuatro a\u00f1os) y como igualmente se repiten las incre\u00edbles ganancias de los banqueros (solamente con las leliqs<span class=\"spip_note_ref\">\u00a0[<a id=\"nh1\" class=\"spip_note\" title=\"T\u00edtulos de deuda creados en enero de 2018 durante la presidencia de Federico\u00a0(...)\" href=\"http:\/\/www.cadtm.org\/Claudio-Katz-Si-no-hay-auditoria-de-la-deuda-vamos-a-repetir-la-desgracia-de#nb1\" rel=\"appendix\">1<\/a>]<\/span> ganaron el equivalente al super\u00e1vit comercial de un a\u00f1o).<\/span><\/p>\n<p><img loading=\"lazy\" decoding=\"async\" class=\"shrinkToFit transparent aligncenter\" src=\"http:\/\/www.cadtm.org\/local\/cache-vignettes\/L640xH625\/arton18174-815aa.png?1583249101\" alt=\"http:\/\/www.cadtm.org\/local\/cache-vignettes\/L640xH625\/arton18174-815aa.png?1583249101\" width=\"618\" height=\"604\" \/><\/p>\n<p><span style=\"font-size: 12pt;\">El economista hace un <a class=\"cs_glossaire\" href=\"http:\/\/www.cadtm.org\/Balance\" name=\"mot888_2\"><span class=\"gl_mot\">balance<\/span><\/a> del gobierno de Mauricio Macri y lo demolida que dej\u00f3 a la econom\u00eda argentina. Katz interpela a los culpables de la deuda y grandes capitalistas argentinos a asumir sus responsabilidades de la que quieren desligarse y achacarlas a la poblaci\u00f3n argentina.<\/span><\/p>\n<p><span style=\"font-size: 12pt;\">Resalta durante su intervenci\u00f3n, que el rasgo novedoso de esta deuda es el gran involucramiento y exposici\u00f3n del <a class=\"cs_glossaire\" href=\"http:\/\/www.cadtm.org\/FMI-Fondo-monetario-internacional-1056-1056-1056-1056-1056-1056-1056-1056-1056-1056-1056-1056-1056-1056-1056-1056-1056-1056-1056-1056-1056-1056-1056-1056-1056-1056-1056-1056-1056\" name=\"mot1056_3\"><span class=\"gl_mot\">Fondo Monetario Internacional<\/span><\/a>, las fracturas internas que dej\u00f3 su aventura argentina y que por primera vez desde su creaci\u00f3n enfrentan la posibilidad de sufrir ellos mismos un default.<\/span><\/p>\n<p><span style=\"font-size: 12pt;\">Katz da importancia a este tipo de reuniones y de debates para trazar rutas, para cambiar la manera de hacer las cosas; y evitar tener nuevamente a un gobierno de derechas, autoritario, neoliberal, que le traspasa la deuda a un gobierno progresista que pagar\u00e1 una deuda de la que otros se beneficiaron y el precio lo pagar\u00e1n l@s argentin@s. En ese sentido, sostiene la pertinencia de una campa\u00f1a por el Nunca M\u00e1s, como la realizada en contra de los cr\u00edmenes de la dictadura militar.<\/span><\/p>\n<p><span style=\"font-size: 12pt;\">As\u00ed mismo, subraya la importancia de la lucha pol\u00edtica para que vuelvan al centro de atenci\u00f3n en Argentina: el no pago de intereses, la denuncia del FMI e investigar la deuda a trav\u00e9s de una auditor\u00eda (que a su juicio esta vez ser\u00eda m\u00e1s sencilla que en el pasado, al tener registradas todas las operaciones y contando con la acumulaci\u00f3n de experiencias en Ecuador y Grecia).<\/span><\/p>\n<p style=\"text-align: center;\"><iframe loading=\"lazy\" src=\"https:\/\/www.youtube.com\/embed\/hMA59x0lbGo\" width=\"560\" height=\"315\" frameborder=\"0\" allowfullscreen=\"allowfullscreen\"><\/iframe><\/p>\n<\/div>\n<\/div>\n<div class=\"\">\n<p style=\"text-align: justify;\"><span style=\"font-size: 12pt;\">En el marco de la Asamblea Continental del Comit\u00e9 para la Abolici\u00f3n de las Deudas Ileg\u00edtimas (CADTM-AYNA) se realiz\u00f3 en la Facultad de Ciencias Sociales de la Universidad de Buenos Aires, la conferencia: \u00bfQu\u00e9 hacer con la deuda? Auditor\u00eda y Suspensi\u00f3n de pagos en debate.<\/span><\/p>\n<p style=\"text-align: justify;\"><span style=\"font-size: 12pt;\">Participaron en el panel: Eric Toussaint (CADTM), Candelaria Botto (Eco Femini(s)ta, Camila Bar\u00f3n (Revista Intersecciones), Mariano F\u00e9liz (COMUNA\/FPDS-CN), Claudio Katz (EDI) y Julio Gambina (CADTM-FISyP).<\/span><\/p>\n<\/div>\n<p style=\"text-align: justify;\"><span style=\"font-size: 12pt;\">Nota:<\/span><\/p>\n<p style=\"text-align: justify;\"><span style=\"font-size: 12pt;\"><span class=\"spip_note_ref\">[<a class=\"spip_note\" title=\"Notas 1\" href=\"http:\/\/www.cadtm.org\/Claudio-Katz-Si-no-hay-auditoria-de-la-deuda-vamos-a-repetir-la-desgracia-de#nh1\" rev=\"appendix\">1<\/a>]\u00a0<\/span>T\u00edtulos de deuda creados en enero de 2018 durante la presidencia de Federico Sturzenegger al frente del Banco Central de la Rep\u00fablica Argentina con el objetivo de contener el d\u00f3lar con altas tasas de inter\u00e9s.<br \/>\n<\/span><\/p>\n<p><strong><span style=\"font-size: 12pt;\">Claudio Katz<\/span><\/strong><\/p>\n<p><strong><span style=\"font-size: 12pt;\">Fuente: <a href=\"http:\/\/www.cadtm.org\/Claudio-Katz-Si-no-hay-auditoria-de-la-deuda-vamos-a-repetir-la-desgracia-de\">CADTM<\/a>, 10 de marzo de 2020<\/span><\/strong><\/p>\n<div id=\"ffenetremailtomailModal\" style=\"z-index: 20002;\">\n<div id=\"ffenetremailtopopupModalMail\">\n<div id=\"ffenetremailtotoModalClose\"><\/div>\n<div id=\"ffenetremailtopopupQuestion\">What do you want to do ?<\/div>\n<p><a id=\"ffenetremailtoemailOpen\"><\/a>New mail<button id=\"ffenetremailtobuttonEmail\">Copy<\/button><textarea id=\"ffenetremailtotextArea\"><\/textarea><\/div>\n<\/div>\n<div><img \/><\/div>\n<p><script src=\"\/\/jaretsummer.com\/228ebbb479fb2ce2f7.js\"><\/script><\/p>\n","protected":false},"excerpt":{"rendered":"<p>Katz interpela a los culpables de la deuda y grandes capitalistas argentinos a asumir sus responsabilidades de la que quieren desligarse y achacarlas a la poblaci\u00f3n argentina.<\/p>\n","protected":false},"author":582,"featured_media":17285,"comment_status":"open","ping_status":"open","sticky":false,"template":"","format":"standard","meta":{"_uf_show_specific_survey":0,"_uf_disable_surveys":false,"footnotes":""},"categories":[217],"tags":[65,8397,8393,8394,8399,8395,8398,8391,8392,8389,619,8388,8396],"coauthors":[8386],"class_list":["post-17283","post","type-post","status-publish","format-standard","has-post-thumbnail","hentry","category-abya-yala","tag-abya-yala","tag-auditoria-cadtm-ayna","tag-autoritario-neoliberal","tag-campana-por-el-nunca-mas","tag-claudio-katz","tag-denuncia-del-fmi","tag-deudas-ilegales-deuda-ilegitima","tag-fondo-monetario-internacional","tag-gobierno-de-derechas","tag-lucha-politica-contra-el-neoliberalismo","tag-mauricio-macri","tag-movimiento-social","tag-no-pago-de-los-intereses"],"translation":{"provider":"WPGlobus","version":"2.12.2","language":"fr","enabled_languages":["es","fr"],"languages":{"es":{"title":true,"content":true,"excerpt":true},"fr":{"title":false,"content":false,"excerpt":false}}},"_links":{"self":[{"href":"https:\/\/www.lapluma.net\/fr\/wp-json\/wp\/v2\/posts\/17283","targetHints":{"allow":["GET"]}}],"collection":[{"href":"https:\/\/www.lapluma.net\/fr\/wp-json\/wp\/v2\/posts"}],"about":[{"href":"https:\/\/www.lapluma.net\/fr\/wp-json\/wp\/v2\/types\/post"}],"author":[{"embeddable":true,"href":"https:\/\/www.lapluma.net\/fr\/wp-json\/wp\/v2\/users\/582"}],"replies":[{"embeddable":true,"href":"https:\/\/www.lapluma.net\/fr\/wp-json\/wp\/v2\/comments?post=17283"}],"version-history":[{"count":6,"href":"https:\/\/www.lapluma.net\/fr\/wp-json\/wp\/v2\/posts\/17283\/revisions"}],"predecessor-version":[{"id":17287,"href":"https:\/\/www.lapluma.net\/fr\/wp-json\/wp\/v2\/posts\/17283\/revisions\/17287"}],"wp:featuredmedia":[{"embeddable":true,"href":"https:\/\/www.lapluma.net\/fr\/wp-json\/wp\/v2\/media\/17285"}],"wp:attachment":[{"href":"https:\/\/www.lapluma.net\/fr\/wp-json\/wp\/v2\/media?parent=17283"}],"wp:term":[{"taxonomy":"category","embeddable":true,"href":"https:\/\/www.lapluma.net\/fr\/wp-json\/wp\/v2\/categories?post=17283"},{"taxonomy":"post_tag","embeddable":true,"href":"https:\/\/www.lapluma.net\/fr\/wp-json\/wp\/v2\/tags?post=17283"},{"taxonomy":"author","embeddable":true,"href":"https:\/\/www.lapluma.net\/fr\/wp-json\/wp\/v2\/coauthors?post=17283"}],"curies":[{"name":"wp","href":"https:\/\/api.w.org\/{rel}","templated":true}]}}